{"id":211349,"date":"2023-03-29T18:19:31","date_gmt":"2023-03-29T21:19:31","guid":{"rendered":"https:\/\/www.manaus.am.gov.br\/semcom\/perfil-epidemiologico-da-esporotricose-e-apresentado-para-o-cms-manaus\/"},"modified":"2023-03-29T18:19:33","modified_gmt":"2023-03-29T21:19:33","slug":"perfil-epidemiologico-da-esporotricose-e-apresentado-para-o-cms-manaus","status":"publish","type":"post","link":"https:\/\/www.manaus.am.gov.br\/semcom\/perfil-epidemiologico-da-esporotricose-e-apresentado-para-o-cms-manaus\/","title":{"rendered":"<strong>Perfil epidemiol\u00f3gico da esporotricose \u00e9 apresentado para o CMS\/Manaus<\/strong>"},"content":{"rendered":"\n<p>O Conselho Municipal de Sa\u00fade (CMS\/Manaus) promoveu, na manh\u00e3 desta quarta-feira, 29\/3, no audit\u00f3rio do Complexo de Sa\u00fade Oeste, no bairro da Paz, a 3\u00aa Assembleia Geral Ordin\u00e1ria do ano de 2023, reunindo representantes dos segmentos de gestores, trabalhadores e usu\u00e1rios do Sistema \u00danico de Sa\u00fade (SUS).<\/p>\n\n\n\n<p>Durante a reuni\u00e3o, houve uma apresenta\u00e7\u00e3o com o tema \u201cCen\u00e1rio Epidemiol\u00f3gico e A\u00e7\u00f5es de Enfrentamento \u00e0 Esporotricose desenvolvidas no \u00e2mbito do munic\u00edpio de Manaus entre 2020 a 2023\u201d, solicitada pelos conselheiros junto \u00e0 Secretaria Municipal de Sa\u00fade (Semsa).<\/p>\n\n\n\n<p>De acordo com o m\u00e9dico veterin\u00e1rio e vice-presidente do CMS\/Manaus, conselheiro Jorge Carneiro, a solicita\u00e7\u00e3o foi em decorr\u00eancia de informa\u00e7\u00f5es sobre o aumento do n\u00famero de casos de esporotricose humana e animal em Manaus.<\/p>\n\n\n\n<p>\u201cO F\u00f3rum sobre esporotricose realizado na semana passada confirmou esse aumento de casos. E pela composi\u00e7\u00e3o do CMS\/Manaus, com lideran\u00e7as comunit\u00e1rias e formadores de opini\u00e3o, \u00e9 importante trazer a discuss\u00e3o para esse espa\u00e7o na Assembleia Ordin\u00e1ria. Assim, \u00e9 poss\u00edvel esclarecer sobre a esporotricose para os conselheiros e, a partir da\u00ed, trabalhar inclusive a quest\u00e3o de Educa\u00e7\u00e3o em Sa\u00fade, com os conselheiros levando a informa\u00e7\u00e3o correta para a popula\u00e7\u00e3o\u201d, afirmou Jorge Carneiro.<\/p>\n\n\n\n<p>A apresenta\u00e7\u00e3o abordando a esporotricose foi realizada pela gerente de Vigil\u00e2ncia Epidemiol\u00f3gica da Semsa, Cl\u00e1udia Rolim, que explicou sobre o hist\u00f3rico da doen\u00e7a; a organiza\u00e7\u00e3o da rede de atendimento para o diagn\u00f3stico, a notifica\u00e7\u00e3o e a\u00e7\u00f5es de Aten\u00e7\u00e3o e Vigil\u00e2ncia; e sobre o perfil epidemiol\u00f3gico da esporotricose humana e animal.<\/p>\n\n\n\n<p>\u201cEsse \u00e9 um momento importante para apresentar aos conselheiros todas as a\u00e7\u00f5es de enfrentamento que a Prefeitura de Manaus tem realizado, assim como informar sobre o cen\u00e1rio epidemiol\u00f3gico. O surto da doen\u00e7a teve in\u00edcio no final de 2020, com casos registrados no bairro da Gl\u00f3ria, na zona Oeste, mas hoje h\u00e1 registro de casos de esporotricose humana em 60% dos bairros de Manaus e casos de esporotricose animal em 70% dos bairros\u201d, informou Cl\u00e1udia.<\/p>\n\n\n\n<p>A Semsa preparou oito Unidades de sa\u00fade para realiza\u00e7\u00e3o do atendimento dos casos de esporotricose humana, oferece atendimento com m\u00e9dico veterin\u00e1rio no Centro de Controle de Zoonoses (CCZ) e disponibiliza medicamento para o tratamento. Os exames para confirma\u00e7\u00e3o do diagn\u00f3stico s\u00e3o feitos via Laborat\u00f3rio Central (Lacen\/Amazonas), com coleta de material para o exame realizado pelos Laborat\u00f3rios Distritais da Prefeitura de Manaus.<\/p>\n\n\n\n<p>No ano de 2022, o CCZ registrou 535 casos confirmados de esporotricose animal em Manaus. Este ano, de janeiro a fevereiro, o n\u00famero chegou a 108. Em rela\u00e7\u00e3o \u00e0 esporotricose humana, desde 2021 foram notificados 360 casos da doen\u00e7a, sendo 241 no ano passado, e 37 casos entre janeiro e fevereiro deste ano.<\/p>\n\n\n\n<p>A esporotricose \u00e9 uma zoonose que pode afetar pessoas e animais, especialmente gatos, causada por fungos&nbsp;do g\u00eanero Sporothrix, e os sintomas mais comuns em animais s\u00e3o feridas profundas na pele (\u00falceras), que n\u00e3o cicatrizam e se espalham rapidamente. Os sintomas iniciais em humanos s\u00e3o les\u00f5es similares a uma picada de inseto.<\/p>\n\n\n\n<p>O fungo da esporotricose pode ser transmitido aos animais e pessoas pelo contato com materiais contaminados, como casca de \u00e1rvores, palha, farpas, espinhos ou terra. Em contato direto, o animal contaminado transmite a doen\u00e7a por meio de arranh\u00f5es, mordidas ou contato com a pele lesionada. A doen\u00e7a tem tratamento e, na maioria dos casos humanos e em animais, pode ser feito com a administra\u00e7\u00e3o de antif\u00fangico, que deve ser receitado por m\u00e9dico ou veterin\u00e1rio.<\/p>\n\n\n\n<p>&#8212; &#8212; &#8212;<\/p>\n\n\n\n<p><strong>Texto \u2013&nbsp;<\/strong>Euriv\u00e2nia Gal\u00facio \/Semsa<\/p>\n\n\n\n<p><strong>Foto &#8211; <\/strong>Divulga\u00e7\u00e3o \/ Arquivo Semsa<\/p>\n","protected":false},"excerpt":{"rendered":"","protected":false},"author":39,"featured_media":211350,"comment_status":"closed","ping_status":"closed","sticky":false,"template":"","format":"standard","meta":{"footnotes":""},"categories":[2009],"tags":[2024,2472,2795,2796,162],"acf":[],"yoast_head":"<!-- This site is optimized with the Yoast SEO plugin v23.0 - https:\/\/yoast.com\/wordpress\/plugins\/seo\/ -->\n<title>Perfil epidemiol\u00f3gico da esporotricose \u00e9 apresentado para o CMS\/Manaus<\/title>\n<meta name=\"robots\" content=\"index, follow, max-snippet:-1, max-image-preview:large, max-video-preview:-1\" \/>\n<link rel=\"canonical\" href=\"https:\/\/www.manaus.am.gov.br\/semcom\/perfil-epidemiologico-da-esporotricose-e-apresentado-para-o-cms-manaus\/\" \/>\n<meta property=\"og:locale\" content=\"pt_BR\" \/>\n<meta property=\"og:type\" content=\"article\" \/>\n<meta property=\"og:title\" content=\"Perfil epidemiol\u00f3gico da esporotricose \u00e9 apresentado para o CMS\/Manaus\" \/>\n<meta property=\"og:url\" content=\"https:\/\/www.manaus.am.gov.br\/semcom\/perfil-epidemiologico-da-esporotricose-e-apresentado-para-o-cms-manaus\/\" \/>\n<meta property=\"og:site_name\" content=\"SEMCOM\" \/>\n<meta property=\"article:published_time\" content=\"2023-03-29T21:19:31+00:00\" \/>\n<meta property=\"article:modified_time\" content=\"2023-03-29T21:19:33+00:00\" \/>\n<meta property=\"og:image\" content=\"https:\/\/www.manaus.am.gov.br\/semcom\/wp-content\/uploads\/sites\/5\/2023\/03\/50706724868_b19f0bdae8_k.jpg\" \/>\n\t<meta property=\"og:image:width\" content=\"2048\" \/>\n\t<meta property=\"og:image:height\" content=\"1365\" \/>\n\t<meta property=\"og:image:type\" content=\"image\/jpeg\" \/>\n<meta name=\"author\" content=\"Bruna Greco\" \/>\n<meta name=\"twitter:card\" content=\"summary_large_image\" \/>\n<meta name=\"twitter:label1\" content=\"Written by\" \/>\n\t<meta name=\"twitter:data1\" content=\"Bruna Greco\" \/>\n\t<meta name=\"twitter:label2\" content=\"Est. reading time\" \/>\n\t<meta name=\"twitter:data2\" content=\"4 minutos\" \/>\n<script type=\"application\/ld+json\" class=\"yoast-schema-graph\">{\"@context\":\"https:\/\/schema.org\",\"@graph\":[{\"@type\":\"WebPage\",\"@id\":\"https:\/\/www.manaus.am.gov.br\/semcom\/perfil-epidemiologico-da-esporotricose-e-apresentado-para-o-cms-manaus\/\",\"url\":\"https:\/\/www.manaus.am.gov.br\/semcom\/perfil-epidemiologico-da-esporotricose-e-apresentado-para-o-cms-manaus\/\",\"name\":\"Perfil epidemiol\u00f3gico da esporotricose \u00e9 apresentado para o CMS\/Manaus\",\"isPartOf\":{\"@id\":\"https:\/\/www.manaus.am.gov.br\/semcom\/#website\"},\"primaryImageOfPage\":{\"@id\":\"https:\/\/www.manaus.am.gov.br\/semcom\/perfil-epidemiologico-da-esporotricose-e-apresentado-para-o-cms-manaus\/#primaryimage\"},\"image\":{\"@id\":\"https:\/\/www.manaus.am.gov.br\/semcom\/perfil-epidemiologico-da-esporotricose-e-apresentado-para-o-cms-manaus\/#primaryimage\"},\"thumbnailUrl\":\"https:\/\/www.manaus.am.gov.br\/semcom\/wp-content\/uploads\/sites\/5\/2023\/03\/50706724868_b19f0bdae8_k.jpg\",\"datePublished\":\"2023-03-29T21:19:31+00:00\",\"dateModified\":\"2023-03-29T21:19:33+00:00\",\"author\":{\"@id\":\"https:\/\/www.manaus.am.gov.br\/semcom\/#\/schema\/person\/05d223aea2bf115f9883a6ff3683d81b\"},\"inLanguage\":\"pt-BR\",\"potentialAction\":[{\"@type\":\"ReadAction\",\"target\":[\"https:\/\/www.manaus.am.gov.br\/semcom\/perfil-epidemiologico-da-esporotricose-e-apresentado-para-o-cms-manaus\/\"]}]},{\"@type\":\"ImageObject\",\"inLanguage\":\"pt-BR\",\"@id\":\"https:\/\/www.manaus.am.gov.br\/semcom\/perfil-epidemiologico-da-esporotricose-e-apresentado-para-o-cms-manaus\/#primaryimage\",\"url\":\"https:\/\/www.manaus.am.gov.br\/semcom\/wp-content\/uploads\/sites\/5\/2023\/03\/50706724868_b19f0bdae8_k.jpg\",\"contentUrl\":\"https:\/\/www.manaus.am.gov.br\/semcom\/wp-content\/uploads\/sites\/5\/2023\/03\/50706724868_b19f0bdae8_k.jpg\",\"width\":2048,\"height\":1365},{\"@type\":\"WebSite\",\"@id\":\"https:\/\/www.manaus.am.gov.br\/semcom\/#website\",\"url\":\"https:\/\/www.manaus.am.gov.br\/semcom\/\",\"name\":\"SEMCOM\",\"description\":\"Secretaria Municipal de Comunica\u00e7\u00e3o\",\"potentialAction\":[{\"@type\":\"SearchAction\",\"target\":{\"@type\":\"EntryPoint\",\"urlTemplate\":\"https:\/\/www.manaus.am.gov.br\/semcom\/?s={search_term_string}\"},\"query-input\":\"required name=search_term_string\"}],\"inLanguage\":\"pt-BR\"},{\"@type\":\"Person\",\"@id\":\"https:\/\/www.manaus.am.gov.br\/semcom\/#\/schema\/person\/05d223aea2bf115f9883a6ff3683d81b\",\"name\":\"Bruna Greco\",\"image\":{\"@type\":\"ImageObject\",\"inLanguage\":\"pt-BR\",\"@id\":\"https:\/\/www.manaus.am.gov.br\/semcom\/#\/schema\/person\/image\/\",\"url\":\"https:\/\/secure.gravatar.com\/avatar\/9c877d1a6adc2a055330e5c09a8653ce?s=96&d=mm&r=g\",\"contentUrl\":\"https:\/\/secure.gravatar.com\/avatar\/9c877d1a6adc2a055330e5c09a8653ce?s=96&d=mm&r=g\",\"caption\":\"Bruna Greco\"}}]}<\/script>\n<!-- \/ Yoast SEO plugin. -->","yoast_head_json":{"title":"Perfil epidemiol\u00f3gico da esporotricose \u00e9 apresentado para o CMS\/Manaus","robots":{"index":"index","follow":"follow","max-snippet":"max-snippet:-1","max-image-preview":"max-image-preview:large","max-video-preview":"max-video-preview:-1"},"canonical":"https:\/\/www.manaus.am.gov.br\/semcom\/perfil-epidemiologico-da-esporotricose-e-apresentado-para-o-cms-manaus\/","og_locale":"pt_BR","og_type":"article","og_title":"Perfil epidemiol\u00f3gico da esporotricose \u00e9 apresentado para o CMS\/Manaus","og_url":"https:\/\/www.manaus.am.gov.br\/semcom\/perfil-epidemiologico-da-esporotricose-e-apresentado-para-o-cms-manaus\/","og_site_name":"SEMCOM","article_published_time":"2023-03-29T21:19:31+00:00","article_modified_time":"2023-03-29T21:19:33+00:00","og_image":[{"width":2048,"height":1365,"url":"https:\/\/www.manaus.am.gov.br\/semcom\/wp-content\/uploads\/sites\/5\/2023\/03\/50706724868_b19f0bdae8_k.jpg","type":"image\/jpeg"}],"author":"Bruna Greco","twitter_card":"summary_large_image","twitter_misc":{"Written by":"Bruna Greco","Est. reading time":"4 minutos"},"schema":{"@context":"https:\/\/schema.org","@graph":[{"@type":"WebPage","@id":"https:\/\/www.manaus.am.gov.br\/semcom\/perfil-epidemiologico-da-esporotricose-e-apresentado-para-o-cms-manaus\/","url":"https:\/\/www.manaus.am.gov.br\/semcom\/perfil-epidemiologico-da-esporotricose-e-apresentado-para-o-cms-manaus\/","name":"Perfil epidemiol\u00f3gico da esporotricose \u00e9 apresentado para o CMS\/Manaus","isPartOf":{"@id":"https:\/\/www.manaus.am.gov.br\/semcom\/#website"},"primaryImageOfPage":{"@id":"https:\/\/www.manaus.am.gov.br\/semcom\/perfil-epidemiologico-da-esporotricose-e-apresentado-para-o-cms-manaus\/#primaryimage"},"image":{"@id":"https:\/\/www.manaus.am.gov.br\/semcom\/perfil-epidemiologico-da-esporotricose-e-apresentado-para-o-cms-manaus\/#primaryimage"},"thumbnailUrl":"https:\/\/www.manaus.am.gov.br\/semcom\/wp-content\/uploads\/sites\/5\/2023\/03\/50706724868_b19f0bdae8_k.jpg","datePublished":"2023-03-29T21:19:31+00:00","dateModified":"2023-03-29T21:19:33+00:00","author":{"@id":"https:\/\/www.manaus.am.gov.br\/semcom\/#\/schema\/person\/05d223aea2bf115f9883a6ff3683d81b"},"inLanguage":"pt-BR","potentialAction":[{"@type":"ReadAction","target":["https:\/\/www.manaus.am.gov.br\/semcom\/perfil-epidemiologico-da-esporotricose-e-apresentado-para-o-cms-manaus\/"]}]},{"@type":"ImageObject","inLanguage":"pt-BR","@id":"https:\/\/www.manaus.am.gov.br\/semcom\/perfil-epidemiologico-da-esporotricose-e-apresentado-para-o-cms-manaus\/#primaryimage","url":"https:\/\/www.manaus.am.gov.br\/semcom\/wp-content\/uploads\/sites\/5\/2023\/03\/50706724868_b19f0bdae8_k.jpg","contentUrl":"https:\/\/www.manaus.am.gov.br\/semcom\/wp-content\/uploads\/sites\/5\/2023\/03\/50706724868_b19f0bdae8_k.jpg","width":2048,"height":1365},{"@type":"WebSite","@id":"https:\/\/www.manaus.am.gov.br\/semcom\/#website","url":"https:\/\/www.manaus.am.gov.br\/semcom\/","name":"SEMCOM","description":"Secretaria Municipal de Comunica\u00e7\u00e3o","potentialAction":[{"@type":"SearchAction","target":{"@type":"EntryPoint","urlTemplate":"https:\/\/www.manaus.am.gov.br\/semcom\/?s={search_term_string}"},"query-input":"required name=search_term_string"}],"inLanguage":"pt-BR"},{"@type":"Person","@id":"https:\/\/www.manaus.am.gov.br\/semcom\/#\/schema\/person\/05d223aea2bf115f9883a6ff3683d81b","name":"Bruna Greco","image":{"@type":"ImageObject","inLanguage":"pt-BR","@id":"https:\/\/www.manaus.am.gov.br\/semcom\/#\/schema\/person\/image\/","url":"https:\/\/secure.gravatar.com\/avatar\/9c877d1a6adc2a055330e5c09a8653ce?s=96&d=mm&r=g","contentUrl":"https:\/\/secure.gravatar.com\/avatar\/9c877d1a6adc2a055330e5c09a8653ce?s=96&d=mm&r=g","caption":"Bruna Greco"}}]}},"_links":{"self":[{"href":"https:\/\/www.manaus.am.gov.br\/semcom\/wp-json\/wp\/v2\/posts\/211349"}],"collection":[{"href":"https:\/\/www.manaus.am.gov.br\/semcom\/wp-json\/wp\/v2\/posts"}],"about":[{"href":"https:\/\/www.manaus.am.gov.br\/semcom\/wp-json\/wp\/v2\/types\/post"}],"author":[{"embeddable":true,"href":"https:\/\/www.manaus.am.gov.br\/semcom\/wp-json\/wp\/v2\/users\/39"}],"replies":[{"embeddable":true,"href":"https:\/\/www.manaus.am.gov.br\/semcom\/wp-json\/wp\/v2\/comments?post=211349"}],"version-history":[{"count":0,"href":"https:\/\/www.manaus.am.gov.br\/semcom\/wp-json\/wp\/v2\/posts\/211349\/revisions"}],"wp:featuredmedia":[{"embeddable":true,"href":"https:\/\/www.manaus.am.gov.br\/semcom\/wp-json\/wp\/v2\/media\/211350"}],"wp:attachment":[{"href":"https:\/\/www.manaus.am.gov.br\/semcom\/wp-json\/wp\/v2\/media?parent=211349"}],"wp:term":[{"taxonomy":"category","embeddable":true,"href":"https:\/\/www.manaus.am.gov.br\/semcom\/wp-json\/wp\/v2\/categories?post=211349"},{"taxonomy":"post_tag","embeddable":true,"href":"https:\/\/www.manaus.am.gov.br\/semcom\/wp-json\/wp\/v2\/tags?post=211349"}],"curies":[{"name":"wp","href":"https:\/\/api.w.org\/{rel}","templated":true}]}}