{"id":211191,"date":"2023-03-27T17:17:42","date_gmt":"2023-03-27T20:17:42","guid":{"rendered":"https:\/\/www.manaus.am.gov.br\/semcom\/prefeitura-de-manaus-participa-de-audiencia-publica-para-debater-populacao-em-situacao-de-rua\/"},"modified":"2023-03-27T17:17:44","modified_gmt":"2023-03-27T20:17:44","slug":"prefeitura-de-manaus-participa-de-audiencia-publica-para-debater-populacao-em-situacao-de-rua","status":"publish","type":"post","link":"https:\/\/www.manaus.am.gov.br\/semcom\/prefeitura-de-manaus-participa-de-audiencia-publica-para-debater-populacao-em-situacao-de-rua\/","title":{"rendered":"<strong>Prefeitura de Manaus participa de audi\u00eancia p\u00fablica para debater popula\u00e7\u00e3o em situa\u00e7\u00e3o de rua<\/strong>\u00a0"},"content":{"rendered":"\n<p>A Prefeitura de Manaus, por meio da Secretaria Municipal do Trabalho, Empreendedorismo e Inova\u00e7\u00e3o (Semtepi), participou nesta segunda-feira, 27\/3, da Audi\u00eancia P\u00fablica promovida pela Defensoria P\u00fablica do Estado do Amazonas (DPE), para discutir pol\u00edticas p\u00fablicas para pessoas em situa\u00e7\u00e3o de rua na capital. A reuni\u00e3o foi realizada na sede do \u00f3rg\u00e3o, localizada na avenida Andr\u00e9 Ara\u00fajo, no bairro Aleixo, zona Centro-Sul.<\/p>\n\n\n\n<p>No primeiro dia da audi\u00eancia, foram apresentadas defesas por representantes de \u00f3rg\u00e3os p\u00fablicos, movimentos sociais e entidades da sociedade civil, em prol da implementa\u00e7\u00e3o de medidas para atenuar as condi\u00e7\u00f5es degradantes enfrentadas por pessoas em situa\u00e7\u00e3o de rua. O titular da Semtepi, Radyr J\u00fanior, apresentou as a\u00e7\u00f5es do executivo municipal, no \u00e2mbito do trabalho e empreendedorismo, para atender a demanda da popula\u00e7\u00e3o na ponta.<\/p>\n\n\n\n<p>\u201cA Semtepi se coloca \u00e0 disposi\u00e7\u00e3o de institui\u00e7\u00f5es sem fins lucrativos, que queiram apresentar projetos e buscar recursos, para fazer qualifica\u00e7\u00e3o profissional para essas pessoas que est\u00e3o em situa\u00e7\u00e3o de rua. De forma mais assertiva, podemos determinar quais cursos ser\u00e3o necess\u00e1rios para que essas pessoas possam ser qualificadas e inseridas no mercado de trabalho\u201d, afirmou Radyr.<\/p>\n\n\n\n<p>Presidida por representantes da Defensoria P\u00fablica do Amazonas, a reuni\u00e3o levantou debates sobre constru\u00e7\u00e3o de abrigos e resid\u00eancias para o p\u00fablico, al\u00e9m de espa\u00e7os para alimenta\u00e7\u00e3o e oportunidades de emprego. As institui\u00e7\u00f5es presentes na audi\u00eancia ter\u00e3o cerca de 30 dias para apresentar projetos acerca da tem\u00e1tica.<\/p>\n\n\n\n<p>&#8212; &#8212; &#8212;<\/p>\n\n\n\n<p><strong>Texto e foto \u2013 <\/strong>Luiza Maria \/ Semtepi<\/p>\n","protected":false},"excerpt":{"rendered":"","protected":false},"author":39,"featured_media":211192,"comment_status":"closed","ping_status":"closed","sticky":false,"template":"","format":"standard","meta":{"footnotes":""},"categories":[2690],"tags":[2691,2692,785,2693,22],"acf":[],"yoast_head":"<!-- This site is optimized with the Yoast SEO plugin v23.0 - https:\/\/yoast.com\/wordpress\/plugins\/seo\/ -->\n<title>Prefeitura de Manaus participa de audi\u00eancia p\u00fablica para debater popula\u00e7\u00e3o em situa\u00e7\u00e3o de rua<\/title>\n<meta name=\"robots\" content=\"index, follow, max-snippet:-1, max-image-preview:large, max-video-preview:-1\" \/>\n<link rel=\"canonical\" href=\"https:\/\/www.manaus.am.gov.br\/semcom\/prefeitura-de-manaus-participa-de-audiencia-publica-para-debater-populacao-em-situacao-de-rua\/\" \/>\n<meta property=\"og:locale\" content=\"pt_BR\" \/>\n<meta property=\"og:type\" content=\"article\" \/>\n<meta property=\"og:title\" content=\"Prefeitura de Manaus participa de audi\u00eancia p\u00fablica para debater popula\u00e7\u00e3o em situa\u00e7\u00e3o de rua\" \/>\n<meta property=\"og:url\" content=\"https:\/\/www.manaus.am.gov.br\/semcom\/prefeitura-de-manaus-participa-de-audiencia-publica-para-debater-populacao-em-situacao-de-rua\/\" \/>\n<meta property=\"og:site_name\" content=\"SEMCOM\" \/>\n<meta property=\"article:published_time\" content=\"2023-03-27T20:17:42+00:00\" \/>\n<meta property=\"article:modified_time\" content=\"2023-03-27T20:17:44+00:00\" \/>\n<meta property=\"og:image\" content=\"https:\/\/www.manaus.am.gov.br\/semcom\/wp-content\/uploads\/sites\/5\/2023\/03\/Audiencia-Publica-1.jpeg\" \/>\n\t<meta property=\"og:image:width\" content=\"1600\" \/>\n\t<meta property=\"og:image:height\" content=\"1200\" \/>\n\t<meta property=\"og:image:type\" content=\"image\/jpeg\" \/>\n<meta name=\"author\" content=\"Bruna Greco\" \/>\n<meta name=\"twitter:card\" content=\"summary_large_image\" \/>\n<meta name=\"twitter:label1\" content=\"Written by\" \/>\n\t<meta name=\"twitter:data1\" content=\"Bruna Greco\" \/>\n\t<meta name=\"twitter:label2\" content=\"Est. reading time\" \/>\n\t<meta name=\"twitter:data2\" content=\"2 minutos\" \/>\n<script type=\"application\/ld+json\" class=\"yoast-schema-graph\">{\"@context\":\"https:\/\/schema.org\",\"@graph\":[{\"@type\":\"WebPage\",\"@id\":\"https:\/\/www.manaus.am.gov.br\/semcom\/prefeitura-de-manaus-participa-de-audiencia-publica-para-debater-populacao-em-situacao-de-rua\/\",\"url\":\"https:\/\/www.manaus.am.gov.br\/semcom\/prefeitura-de-manaus-participa-de-audiencia-publica-para-debater-populacao-em-situacao-de-rua\/\",\"name\":\"Prefeitura de Manaus participa de audi\u00eancia p\u00fablica para debater popula\u00e7\u00e3o em situa\u00e7\u00e3o de rua\",\"isPartOf\":{\"@id\":\"https:\/\/www.manaus.am.gov.br\/semcom\/#website\"},\"primaryImageOfPage\":{\"@id\":\"https:\/\/www.manaus.am.gov.br\/semcom\/prefeitura-de-manaus-participa-de-audiencia-publica-para-debater-populacao-em-situacao-de-rua\/#primaryimage\"},\"image\":{\"@id\":\"https:\/\/www.manaus.am.gov.br\/semcom\/prefeitura-de-manaus-participa-de-audiencia-publica-para-debater-populacao-em-situacao-de-rua\/#primaryimage\"},\"thumbnailUrl\":\"https:\/\/www.manaus.am.gov.br\/semcom\/wp-content\/uploads\/sites\/5\/2023\/03\/Audiencia-Publica-1.jpeg\",\"datePublished\":\"2023-03-27T20:17:42+00:00\",\"dateModified\":\"2023-03-27T20:17:44+00:00\",\"author\":{\"@id\":\"https:\/\/www.manaus.am.gov.br\/semcom\/#\/schema\/person\/05d223aea2bf115f9883a6ff3683d81b\"},\"inLanguage\":\"pt-BR\",\"potentialAction\":[{\"@type\":\"ReadAction\",\"target\":[\"https:\/\/www.manaus.am.gov.br\/semcom\/prefeitura-de-manaus-participa-de-audiencia-publica-para-debater-populacao-em-situacao-de-rua\/\"]}]},{\"@type\":\"ImageObject\",\"inLanguage\":\"pt-BR\",\"@id\":\"https:\/\/www.manaus.am.gov.br\/semcom\/prefeitura-de-manaus-participa-de-audiencia-publica-para-debater-populacao-em-situacao-de-rua\/#primaryimage\",\"url\":\"https:\/\/www.manaus.am.gov.br\/semcom\/wp-content\/uploads\/sites\/5\/2023\/03\/Audiencia-Publica-1.jpeg\",\"contentUrl\":\"https:\/\/www.manaus.am.gov.br\/semcom\/wp-content\/uploads\/sites\/5\/2023\/03\/Audiencia-Publica-1.jpeg\",\"width\":1600,\"height\":1200},{\"@type\":\"WebSite\",\"@id\":\"https:\/\/www.manaus.am.gov.br\/semcom\/#website\",\"url\":\"https:\/\/www.manaus.am.gov.br\/semcom\/\",\"name\":\"SEMCOM\",\"description\":\"Secretaria Municipal de Comunica\u00e7\u00e3o\",\"potentialAction\":[{\"@type\":\"SearchAction\",\"target\":{\"@type\":\"EntryPoint\",\"urlTemplate\":\"https:\/\/www.manaus.am.gov.br\/semcom\/?s={search_term_string}\"},\"query-input\":\"required name=search_term_string\"}],\"inLanguage\":\"pt-BR\"},{\"@type\":\"Person\",\"@id\":\"https:\/\/www.manaus.am.gov.br\/semcom\/#\/schema\/person\/05d223aea2bf115f9883a6ff3683d81b\",\"name\":\"Bruna Greco\",\"image\":{\"@type\":\"ImageObject\",\"inLanguage\":\"pt-BR\",\"@id\":\"https:\/\/www.manaus.am.gov.br\/semcom\/#\/schema\/person\/image\/\",\"url\":\"https:\/\/secure.gravatar.com\/avatar\/9c877d1a6adc2a055330e5c09a8653ce?s=96&d=mm&r=g\",\"contentUrl\":\"https:\/\/secure.gravatar.com\/avatar\/9c877d1a6adc2a055330e5c09a8653ce?s=96&d=mm&r=g\",\"caption\":\"Bruna Greco\"}}]}<\/script>\n<!-- \/ Yoast SEO plugin. -->","yoast_head_json":{"title":"Prefeitura de Manaus participa de audi\u00eancia p\u00fablica para debater popula\u00e7\u00e3o em situa\u00e7\u00e3o de rua","robots":{"index":"index","follow":"follow","max-snippet":"max-snippet:-1","max-image-preview":"max-image-preview:large","max-video-preview":"max-video-preview:-1"},"canonical":"https:\/\/www.manaus.am.gov.br\/semcom\/prefeitura-de-manaus-participa-de-audiencia-publica-para-debater-populacao-em-situacao-de-rua\/","og_locale":"pt_BR","og_type":"article","og_title":"Prefeitura de Manaus participa de audi\u00eancia p\u00fablica para debater popula\u00e7\u00e3o em situa\u00e7\u00e3o de rua","og_url":"https:\/\/www.manaus.am.gov.br\/semcom\/prefeitura-de-manaus-participa-de-audiencia-publica-para-debater-populacao-em-situacao-de-rua\/","og_site_name":"SEMCOM","article_published_time":"2023-03-27T20:17:42+00:00","article_modified_time":"2023-03-27T20:17:44+00:00","og_image":[{"width":1600,"height":1200,"url":"https:\/\/www.manaus.am.gov.br\/semcom\/wp-content\/uploads\/sites\/5\/2023\/03\/Audiencia-Publica-1.jpeg","type":"image\/jpeg"}],"author":"Bruna Greco","twitter_card":"summary_large_image","twitter_misc":{"Written by":"Bruna Greco","Est. reading time":"2 minutos"},"schema":{"@context":"https:\/\/schema.org","@graph":[{"@type":"WebPage","@id":"https:\/\/www.manaus.am.gov.br\/semcom\/prefeitura-de-manaus-participa-de-audiencia-publica-para-debater-populacao-em-situacao-de-rua\/","url":"https:\/\/www.manaus.am.gov.br\/semcom\/prefeitura-de-manaus-participa-de-audiencia-publica-para-debater-populacao-em-situacao-de-rua\/","name":"Prefeitura de Manaus participa de audi\u00eancia p\u00fablica para debater popula\u00e7\u00e3o em situa\u00e7\u00e3o de rua","isPartOf":{"@id":"https:\/\/www.manaus.am.gov.br\/semcom\/#website"},"primaryImageOfPage":{"@id":"https:\/\/www.manaus.am.gov.br\/semcom\/prefeitura-de-manaus-participa-de-audiencia-publica-para-debater-populacao-em-situacao-de-rua\/#primaryimage"},"image":{"@id":"https:\/\/www.manaus.am.gov.br\/semcom\/prefeitura-de-manaus-participa-de-audiencia-publica-para-debater-populacao-em-situacao-de-rua\/#primaryimage"},"thumbnailUrl":"https:\/\/www.manaus.am.gov.br\/semcom\/wp-content\/uploads\/sites\/5\/2023\/03\/Audiencia-Publica-1.jpeg","datePublished":"2023-03-27T20:17:42+00:00","dateModified":"2023-03-27T20:17:44+00:00","author":{"@id":"https:\/\/www.manaus.am.gov.br\/semcom\/#\/schema\/person\/05d223aea2bf115f9883a6ff3683d81b"},"inLanguage":"pt-BR","potentialAction":[{"@type":"ReadAction","target":["https:\/\/www.manaus.am.gov.br\/semcom\/prefeitura-de-manaus-participa-de-audiencia-publica-para-debater-populacao-em-situacao-de-rua\/"]}]},{"@type":"ImageObject","inLanguage":"pt-BR","@id":"https:\/\/www.manaus.am.gov.br\/semcom\/prefeitura-de-manaus-participa-de-audiencia-publica-para-debater-populacao-em-situacao-de-rua\/#primaryimage","url":"https:\/\/www.manaus.am.gov.br\/semcom\/wp-content\/uploads\/sites\/5\/2023\/03\/Audiencia-Publica-1.jpeg","contentUrl":"https:\/\/www.manaus.am.gov.br\/semcom\/wp-content\/uploads\/sites\/5\/2023\/03\/Audiencia-Publica-1.jpeg","width":1600,"height":1200},{"@type":"WebSite","@id":"https:\/\/www.manaus.am.gov.br\/semcom\/#website","url":"https:\/\/www.manaus.am.gov.br\/semcom\/","name":"SEMCOM","description":"Secretaria Municipal de Comunica\u00e7\u00e3o","potentialAction":[{"@type":"SearchAction","target":{"@type":"EntryPoint","urlTemplate":"https:\/\/www.manaus.am.gov.br\/semcom\/?s={search_term_string}"},"query-input":"required name=search_term_string"}],"inLanguage":"pt-BR"},{"@type":"Person","@id":"https:\/\/www.manaus.am.gov.br\/semcom\/#\/schema\/person\/05d223aea2bf115f9883a6ff3683d81b","name":"Bruna Greco","image":{"@type":"ImageObject","inLanguage":"pt-BR","@id":"https:\/\/www.manaus.am.gov.br\/semcom\/#\/schema\/person\/image\/","url":"https:\/\/secure.gravatar.com\/avatar\/9c877d1a6adc2a055330e5c09a8653ce?s=96&d=mm&r=g","contentUrl":"https:\/\/secure.gravatar.com\/avatar\/9c877d1a6adc2a055330e5c09a8653ce?s=96&d=mm&r=g","caption":"Bruna Greco"}}]}},"_links":{"self":[{"href":"https:\/\/www.manaus.am.gov.br\/semcom\/wp-json\/wp\/v2\/posts\/211191"}],"collection":[{"href":"https:\/\/www.manaus.am.gov.br\/semcom\/wp-json\/wp\/v2\/posts"}],"about":[{"href":"https:\/\/www.manaus.am.gov.br\/semcom\/wp-json\/wp\/v2\/types\/post"}],"author":[{"embeddable":true,"href":"https:\/\/www.manaus.am.gov.br\/semcom\/wp-json\/wp\/v2\/users\/39"}],"replies":[{"embeddable":true,"href":"https:\/\/www.manaus.am.gov.br\/semcom\/wp-json\/wp\/v2\/comments?post=211191"}],"version-history":[{"count":0,"href":"https:\/\/www.manaus.am.gov.br\/semcom\/wp-json\/wp\/v2\/posts\/211191\/revisions"}],"wp:featuredmedia":[{"embeddable":true,"href":"https:\/\/www.manaus.am.gov.br\/semcom\/wp-json\/wp\/v2\/media\/211192"}],"wp:attachment":[{"href":"https:\/\/www.manaus.am.gov.br\/semcom\/wp-json\/wp\/v2\/media?parent=211191"}],"wp:term":[{"taxonomy":"category","embeddable":true,"href":"https:\/\/www.manaus.am.gov.br\/semcom\/wp-json\/wp\/v2\/categories?post=211191"},{"taxonomy":"post_tag","embeddable":true,"href":"https:\/\/www.manaus.am.gov.br\/semcom\/wp-json\/wp\/v2\/tags?post=211191"}],"curies":[{"name":"wp","href":"https:\/\/api.w.org\/{rel}","templated":true}]}}