{"id":211162,"date":"2023-03-26T17:38:23","date_gmt":"2023-03-26T20:38:23","guid":{"rendered":"https:\/\/www.manaus.am.gov.br\/semcom\/prefeitura-de-manaus-inicia-campanha-de-doacao-para-atender-vitimas-das-fortes-chuvas-do-ultimo-sabado\/"},"modified":"2023-03-26T19:13:12","modified_gmt":"2023-03-26T22:13:12","slug":"prefeitura-de-manaus-inicia-campanha-de-doacao-para-atender-vitimas-das-fortes-chuvas-do-ultimo-sabado","status":"publish","type":"post","link":"https:\/\/www.manaus.am.gov.br\/semcom\/prefeitura-de-manaus-inicia-campanha-de-doacao-para-atender-vitimas-das-fortes-chuvas-do-ultimo-sabado\/","title":{"rendered":"<strong>Prefeitura de Manaus inicia campanha de doa\u00e7\u00e3o para atender v\u00edtimas das fortes chuvas do \u00faltimo s\u00e1bado<\/strong>"},"content":{"rendered":"\n<p>A&nbsp;<a href=\"https:\/\/www.manaus.am.gov.br\/noticias\/solidariedade\/prefeitura-de-manaus-inicia-campanha-de-doacao-para-atender-vitimas-das-fortes-chuvas-do-ultimo-sabado\/\" target=\"_blank\" rel=\"noreferrer noopener\">Prefeitura de Manaus<\/a>, por meio da Secretaria Municipal da Mulher, Assist\u00eancia Social e Cidadania (Semasc) e do Fundo Manaus Solid\u00e1ria (FMS), anunciou neste domingo, 26\/3, o in\u00edcio de uma campanha de doa\u00e7\u00e3o para ajudar as fam\u00edlias v\u00edtimas das fortes chuvas que atingiram a cidade no \u00faltimo s\u00e1bado, 25\/3.<\/p>\n\n\n\n<p>Centenas de fam\u00edlias foram afetadas pelas chuvas, que causaram alagamentos e desabamentos em v\u00e1rios bairros da cidade. A campanha tem como objetivo arrecadar alimentos n\u00e3o perec\u00edveis, roupas, cal\u00e7ados, colch\u00f5es, roupas de cama, produtos de limpeza, produtos de higiene pessoal, entre outros, para ajudar essas fam\u00edlias.<\/p>\n\n\n\n<p>\u201cN\u00f3s estamos atuando em v\u00e1rios bairros da cidade de Manaus. As fortes chuvas t\u00eam castigado muito a popula\u00e7\u00e3o, principalmente a mais vulner\u00e1vel, por isso, contamos com a solidariedade e a ajuda m\u00fatua nesse momento dif\u00edcil. A campanha de doa\u00e7\u00e3o \u00e9 uma oportunidade para que todos possam contribuir com um pouco para ajudar aqueles que est\u00e3o passando por dificuldades\u201d, destacou o secret\u00e1rio da Semasc, Eduardo Lucas.<\/p>\n\n\n\n<p>As doa\u00e7\u00f5es podem ser entregues na sede da Semasc, no setor SOS Funeral, localizado na avenida Ayr\u00e3o, no Centro (pr\u00f3ximo ao viaduto do Boulevard), zona Sul. As doa\u00e7\u00f5es tamb\u00e9m podem ser entregues no Dep\u00f3sito do Fundo Manaus Solid\u00e1ria, na avenida Compensa, n\u00ba 770, bairro Vila da Prata, zona Oeste.<\/p>\n\n\n\n<p><strong>Telefone dos respons\u00e1veis:<\/strong> 98842-3017<\/p>\n\n\n\n<p><strong>Elias:<\/strong> 99239-2980<\/p>\n\n\n\n<p><strong>Raimundo:<\/strong> 99224-2587<\/p>\n\n\n\n<p>A Prefeitura de Manaus n\u00e3o est\u00e1 arrecadando valores em dinheiro.<\/p>\n\n\n\n<p><\/p>\n\n\n\n<p>&#8212; &#8212; &#8212;<\/p>\n\n\n\n<p><strong>Texto &#8211;<\/strong> Leonardo Fierro \/ Semasc&nbsp;<\/p>\n\n\n\n<p><strong>Foto &#8211;<\/strong> Divulga\u00e7\u00e3o \/ Arquivo Semcom <\/p>\n","protected":false},"excerpt":{"rendered":"","protected":false},"author":39,"featured_media":211163,"comment_status":"closed","ping_status":"closed","sticky":false,"template":"","format":"standard","meta":{"footnotes":""},"categories":[834],"tags":[2667,2121,2668,153,2669,2670],"acf":[],"yoast_head":"<!-- This site is optimized with the Yoast SEO plugin v23.0 - https:\/\/yoast.com\/wordpress\/plugins\/seo\/ -->\n<title>Prefeitura de Manaus inicia campanha de doa\u00e7\u00e3o para atender v\u00edtimas das fortes chuvas do \u00faltimo s\u00e1bado<\/title>\n<meta name=\"description\" content=\"A campanha tem como objetivo arrecadar alimentos n\u00e3o perec\u00edveis, roupas, cal\u00e7ados, colch\u00f5es, roupas de cama, produtos de limpeza, produtos de higiene pessoal, entre outros, para ajudar essas fam\u00edlias.\" \/>\n<meta name=\"robots\" content=\"index, follow, max-snippet:-1, max-image-preview:large, max-video-preview:-1\" \/>\n<link rel=\"canonical\" href=\"https:\/\/www.manaus.am.gov.br\/semcom\/prefeitura-de-manaus-inicia-campanha-de-doacao-para-atender-vitimas-das-fortes-chuvas-do-ultimo-sabado\/\" \/>\n<meta property=\"og:locale\" content=\"pt_BR\" \/>\n<meta property=\"og:type\" content=\"article\" \/>\n<meta property=\"og:title\" content=\"Prefeitura de Manaus inicia campanha de doa\u00e7\u00e3o para atender v\u00edtimas das fortes chuvas do \u00faltimo s\u00e1bado\" \/>\n<meta property=\"og:description\" content=\"A campanha tem como objetivo arrecadar alimentos n\u00e3o perec\u00edveis, roupas, cal\u00e7ados, colch\u00f5es, roupas de cama, produtos de limpeza, produtos de higiene pessoal, entre outros, para ajudar essas fam\u00edlias.\" \/>\n<meta property=\"og:url\" content=\"https:\/\/www.manaus.am.gov.br\/semcom\/prefeitura-de-manaus-inicia-campanha-de-doacao-para-atender-vitimas-das-fortes-chuvas-do-ultimo-sabado\/\" \/>\n<meta property=\"og:site_name\" content=\"SEMCOM\" \/>\n<meta property=\"article:published_time\" content=\"2023-03-26T20:38:23+00:00\" \/>\n<meta property=\"article:modified_time\" content=\"2023-03-26T22:13:12+00:00\" \/>\n<meta property=\"og:image\" content=\"https:\/\/www.manaus.am.gov.br\/semcom\/wp-content\/uploads\/sites\/5\/2023\/03\/Campanha-de-doacao-1.jpg\" \/>\n\t<meta property=\"og:image:width\" content=\"2048\" \/>\n\t<meta property=\"og:image:height\" content=\"1365\" \/>\n\t<meta property=\"og:image:type\" content=\"image\/jpeg\" \/>\n<meta name=\"author\" content=\"Bruna Greco\" \/>\n<meta name=\"twitter:card\" content=\"summary_large_image\" \/>\n<meta name=\"twitter:label1\" content=\"Written by\" \/>\n\t<meta name=\"twitter:data1\" content=\"Bruna Greco\" \/>\n\t<meta name=\"twitter:label2\" content=\"Est. reading time\" \/>\n\t<meta name=\"twitter:data2\" content=\"2 minutos\" \/>\n<script type=\"application\/ld+json\" class=\"yoast-schema-graph\">{\"@context\":\"https:\/\/schema.org\",\"@graph\":[{\"@type\":\"WebPage\",\"@id\":\"https:\/\/www.manaus.am.gov.br\/semcom\/prefeitura-de-manaus-inicia-campanha-de-doacao-para-atender-vitimas-das-fortes-chuvas-do-ultimo-sabado\/\",\"url\":\"https:\/\/www.manaus.am.gov.br\/semcom\/prefeitura-de-manaus-inicia-campanha-de-doacao-para-atender-vitimas-das-fortes-chuvas-do-ultimo-sabado\/\",\"name\":\"Prefeitura de Manaus inicia campanha de doa\u00e7\u00e3o para atender v\u00edtimas das fortes chuvas do \u00faltimo s\u00e1bado\",\"isPartOf\":{\"@id\":\"https:\/\/www.manaus.am.gov.br\/semcom\/#website\"},\"primaryImageOfPage\":{\"@id\":\"https:\/\/www.manaus.am.gov.br\/semcom\/prefeitura-de-manaus-inicia-campanha-de-doacao-para-atender-vitimas-das-fortes-chuvas-do-ultimo-sabado\/#primaryimage\"},\"image\":{\"@id\":\"https:\/\/www.manaus.am.gov.br\/semcom\/prefeitura-de-manaus-inicia-campanha-de-doacao-para-atender-vitimas-das-fortes-chuvas-do-ultimo-sabado\/#primaryimage\"},\"thumbnailUrl\":\"https:\/\/www.manaus.am.gov.br\/semcom\/wp-content\/uploads\/sites\/5\/2023\/03\/Campanha-de-doacao-1.jpg\",\"datePublished\":\"2023-03-26T20:38:23+00:00\",\"dateModified\":\"2023-03-26T22:13:12+00:00\",\"author\":{\"@id\":\"https:\/\/www.manaus.am.gov.br\/semcom\/#\/schema\/person\/05d223aea2bf115f9883a6ff3683d81b\"},\"description\":\"A campanha tem como objetivo arrecadar alimentos n\u00e3o perec\u00edveis, roupas, cal\u00e7ados, colch\u00f5es, roupas de cama, produtos de limpeza, produtos de higiene pessoal, entre outros, para ajudar essas fam\u00edlias.\",\"inLanguage\":\"pt-BR\",\"potentialAction\":[{\"@type\":\"ReadAction\",\"target\":[\"https:\/\/www.manaus.am.gov.br\/semcom\/prefeitura-de-manaus-inicia-campanha-de-doacao-para-atender-vitimas-das-fortes-chuvas-do-ultimo-sabado\/\"]}]},{\"@type\":\"ImageObject\",\"inLanguage\":\"pt-BR\",\"@id\":\"https:\/\/www.manaus.am.gov.br\/semcom\/prefeitura-de-manaus-inicia-campanha-de-doacao-para-atender-vitimas-das-fortes-chuvas-do-ultimo-sabado\/#primaryimage\",\"url\":\"https:\/\/www.manaus.am.gov.br\/semcom\/wp-content\/uploads\/sites\/5\/2023\/03\/Campanha-de-doacao-1.jpg\",\"contentUrl\":\"https:\/\/www.manaus.am.gov.br\/semcom\/wp-content\/uploads\/sites\/5\/2023\/03\/Campanha-de-doacao-1.jpg\",\"width\":2048,\"height\":1365},{\"@type\":\"WebSite\",\"@id\":\"https:\/\/www.manaus.am.gov.br\/semcom\/#website\",\"url\":\"https:\/\/www.manaus.am.gov.br\/semcom\/\",\"name\":\"SEMCOM\",\"description\":\"Secretaria Municipal de Comunica\u00e7\u00e3o\",\"potentialAction\":[{\"@type\":\"SearchAction\",\"target\":{\"@type\":\"EntryPoint\",\"urlTemplate\":\"https:\/\/www.manaus.am.gov.br\/semcom\/?s={search_term_string}\"},\"query-input\":\"required name=search_term_string\"}],\"inLanguage\":\"pt-BR\"},{\"@type\":\"Person\",\"@id\":\"https:\/\/www.manaus.am.gov.br\/semcom\/#\/schema\/person\/05d223aea2bf115f9883a6ff3683d81b\",\"name\":\"Bruna Greco\",\"image\":{\"@type\":\"ImageObject\",\"inLanguage\":\"pt-BR\",\"@id\":\"https:\/\/www.manaus.am.gov.br\/semcom\/#\/schema\/person\/image\/\",\"url\":\"https:\/\/secure.gravatar.com\/avatar\/9c877d1a6adc2a055330e5c09a8653ce?s=96&d=mm&r=g\",\"contentUrl\":\"https:\/\/secure.gravatar.com\/avatar\/9c877d1a6adc2a055330e5c09a8653ce?s=96&d=mm&r=g\",\"caption\":\"Bruna Greco\"}}]}<\/script>\n<!-- \/ Yoast SEO plugin. -->","yoast_head_json":{"title":"Prefeitura de Manaus inicia campanha de doa\u00e7\u00e3o para atender v\u00edtimas das fortes chuvas do \u00faltimo s\u00e1bado","description":"A campanha tem como objetivo arrecadar alimentos n\u00e3o perec\u00edveis, roupas, cal\u00e7ados, colch\u00f5es, roupas de cama, produtos de limpeza, produtos de higiene pessoal, entre outros, para ajudar essas fam\u00edlias.","robots":{"index":"index","follow":"follow","max-snippet":"max-snippet:-1","max-image-preview":"max-image-preview:large","max-video-preview":"max-video-preview:-1"},"canonical":"https:\/\/www.manaus.am.gov.br\/semcom\/prefeitura-de-manaus-inicia-campanha-de-doacao-para-atender-vitimas-das-fortes-chuvas-do-ultimo-sabado\/","og_locale":"pt_BR","og_type":"article","og_title":"Prefeitura de Manaus inicia campanha de doa\u00e7\u00e3o para atender v\u00edtimas das fortes chuvas do \u00faltimo s\u00e1bado","og_description":"A campanha tem como objetivo arrecadar alimentos n\u00e3o perec\u00edveis, roupas, cal\u00e7ados, colch\u00f5es, roupas de cama, produtos de limpeza, produtos de higiene pessoal, entre outros, para ajudar essas fam\u00edlias.","og_url":"https:\/\/www.manaus.am.gov.br\/semcom\/prefeitura-de-manaus-inicia-campanha-de-doacao-para-atender-vitimas-das-fortes-chuvas-do-ultimo-sabado\/","og_site_name":"SEMCOM","article_published_time":"2023-03-26T20:38:23+00:00","article_modified_time":"2023-03-26T22:13:12+00:00","og_image":[{"width":2048,"height":1365,"url":"https:\/\/www.manaus.am.gov.br\/semcom\/wp-content\/uploads\/sites\/5\/2023\/03\/Campanha-de-doacao-1.jpg","type":"image\/jpeg"}],"author":"Bruna Greco","twitter_card":"summary_large_image","twitter_misc":{"Written by":"Bruna Greco","Est. reading time":"2 minutos"},"schema":{"@context":"https:\/\/schema.org","@graph":[{"@type":"WebPage","@id":"https:\/\/www.manaus.am.gov.br\/semcom\/prefeitura-de-manaus-inicia-campanha-de-doacao-para-atender-vitimas-das-fortes-chuvas-do-ultimo-sabado\/","url":"https:\/\/www.manaus.am.gov.br\/semcom\/prefeitura-de-manaus-inicia-campanha-de-doacao-para-atender-vitimas-das-fortes-chuvas-do-ultimo-sabado\/","name":"Prefeitura de Manaus inicia campanha de doa\u00e7\u00e3o para atender v\u00edtimas das fortes chuvas do \u00faltimo s\u00e1bado","isPartOf":{"@id":"https:\/\/www.manaus.am.gov.br\/semcom\/#website"},"primaryImageOfPage":{"@id":"https:\/\/www.manaus.am.gov.br\/semcom\/prefeitura-de-manaus-inicia-campanha-de-doacao-para-atender-vitimas-das-fortes-chuvas-do-ultimo-sabado\/#primaryimage"},"image":{"@id":"https:\/\/www.manaus.am.gov.br\/semcom\/prefeitura-de-manaus-inicia-campanha-de-doacao-para-atender-vitimas-das-fortes-chuvas-do-ultimo-sabado\/#primaryimage"},"thumbnailUrl":"https:\/\/www.manaus.am.gov.br\/semcom\/wp-content\/uploads\/sites\/5\/2023\/03\/Campanha-de-doacao-1.jpg","datePublished":"2023-03-26T20:38:23+00:00","dateModified":"2023-03-26T22:13:12+00:00","author":{"@id":"https:\/\/www.manaus.am.gov.br\/semcom\/#\/schema\/person\/05d223aea2bf115f9883a6ff3683d81b"},"description":"A campanha tem como objetivo arrecadar alimentos n\u00e3o perec\u00edveis, roupas, cal\u00e7ados, colch\u00f5es, roupas de cama, produtos de limpeza, produtos de higiene pessoal, entre outros, para ajudar essas fam\u00edlias.","inLanguage":"pt-BR","potentialAction":[{"@type":"ReadAction","target":["https:\/\/www.manaus.am.gov.br\/semcom\/prefeitura-de-manaus-inicia-campanha-de-doacao-para-atender-vitimas-das-fortes-chuvas-do-ultimo-sabado\/"]}]},{"@type":"ImageObject","inLanguage":"pt-BR","@id":"https:\/\/www.manaus.am.gov.br\/semcom\/prefeitura-de-manaus-inicia-campanha-de-doacao-para-atender-vitimas-das-fortes-chuvas-do-ultimo-sabado\/#primaryimage","url":"https:\/\/www.manaus.am.gov.br\/semcom\/wp-content\/uploads\/sites\/5\/2023\/03\/Campanha-de-doacao-1.jpg","contentUrl":"https:\/\/www.manaus.am.gov.br\/semcom\/wp-content\/uploads\/sites\/5\/2023\/03\/Campanha-de-doacao-1.jpg","width":2048,"height":1365},{"@type":"WebSite","@id":"https:\/\/www.manaus.am.gov.br\/semcom\/#website","url":"https:\/\/www.manaus.am.gov.br\/semcom\/","name":"SEMCOM","description":"Secretaria Municipal de Comunica\u00e7\u00e3o","potentialAction":[{"@type":"SearchAction","target":{"@type":"EntryPoint","urlTemplate":"https:\/\/www.manaus.am.gov.br\/semcom\/?s={search_term_string}"},"query-input":"required name=search_term_string"}],"inLanguage":"pt-BR"},{"@type":"Person","@id":"https:\/\/www.manaus.am.gov.br\/semcom\/#\/schema\/person\/05d223aea2bf115f9883a6ff3683d81b","name":"Bruna Greco","image":{"@type":"ImageObject","inLanguage":"pt-BR","@id":"https:\/\/www.manaus.am.gov.br\/semcom\/#\/schema\/person\/image\/","url":"https:\/\/secure.gravatar.com\/avatar\/9c877d1a6adc2a055330e5c09a8653ce?s=96&d=mm&r=g","contentUrl":"https:\/\/secure.gravatar.com\/avatar\/9c877d1a6adc2a055330e5c09a8653ce?s=96&d=mm&r=g","caption":"Bruna Greco"}}]}},"_links":{"self":[{"href":"https:\/\/www.manaus.am.gov.br\/semcom\/wp-json\/wp\/v2\/posts\/211162"}],"collection":[{"href":"https:\/\/www.manaus.am.gov.br\/semcom\/wp-json\/wp\/v2\/posts"}],"about":[{"href":"https:\/\/www.manaus.am.gov.br\/semcom\/wp-json\/wp\/v2\/types\/post"}],"author":[{"embeddable":true,"href":"https:\/\/www.manaus.am.gov.br\/semcom\/wp-json\/wp\/v2\/users\/39"}],"replies":[{"embeddable":true,"href":"https:\/\/www.manaus.am.gov.br\/semcom\/wp-json\/wp\/v2\/comments?post=211162"}],"version-history":[{"count":1,"href":"https:\/\/www.manaus.am.gov.br\/semcom\/wp-json\/wp\/v2\/posts\/211162\/revisions"}],"predecessor-version":[{"id":211166,"href":"https:\/\/www.manaus.am.gov.br\/semcom\/wp-json\/wp\/v2\/posts\/211162\/revisions\/211166"}],"wp:featuredmedia":[{"embeddable":true,"href":"https:\/\/www.manaus.am.gov.br\/semcom\/wp-json\/wp\/v2\/media\/211163"}],"wp:attachment":[{"href":"https:\/\/www.manaus.am.gov.br\/semcom\/wp-json\/wp\/v2\/media?parent=211162"}],"wp:term":[{"taxonomy":"category","embeddable":true,"href":"https:\/\/www.manaus.am.gov.br\/semcom\/wp-json\/wp\/v2\/categories?post=211162"},{"taxonomy":"post_tag","embeddable":true,"href":"https:\/\/www.manaus.am.gov.br\/semcom\/wp-json\/wp\/v2\/tags?post=211162"}],"curies":[{"name":"wp","href":"https:\/\/api.w.org\/{rel}","templated":true}]}}