{"id":211156,"date":"2023-03-26T16:54:23","date_gmt":"2023-03-26T19:54:23","guid":{"rendered":"https:\/\/www.manaus.am.gov.br\/semcom\/prefeitura-de-manaus-anuncia-reconstrucao-de-escada-na-comunidade-da-sharp\/"},"modified":"2023-03-26T16:54:25","modified_gmt":"2023-03-26T19:54:25","slug":"prefeitura-de-manaus-anuncia-reconstrucao-de-escada-na-comunidade-da-sharp","status":"publish","type":"post","link":"https:\/\/www.manaus.am.gov.br\/semcom\/prefeitura-de-manaus-anuncia-reconstrucao-de-escada-na-comunidade-da-sharp\/","title":{"rendered":"<strong>Prefeitura de Manaus anuncia reconstru\u00e7\u00e3o de escada na comunidade da Sharp<\/strong>"},"content":{"rendered":"\n<p>Ap\u00f3s as fortes chuvas do s\u00e1bado, 25\/3, a Prefeitura de Manaus, por meio da Secretaria Municipal de Infraestrutura (Seminf), atua nas \u00e1reas de criticidade com uma for\u00e7a-tarefa, desde as primeiras horas deste domingo, 26. O prefeito David Almeida, acompanhado do secret\u00e1rio de Obras, Renato Junior, vistoria a comunidade da Sharp, no bairro Armando Mendes, zona Leste, onde uma escada desabou.<\/p>\n\n\n\n<p>\u201cVamos reconstruir a escada para que a trafegabilidade seja retomada nesse local. \u00c9 uma necessidade dos moradores. Estamos desde cedo fazendo a ronda na cidade\u201d, assegura o prefeito.<\/p>\n\n\n\n<p>\u201cEssa \u00e1rea est\u00e1 mapeada pelo governo do Estado, pois \u00e9 de ger\u00eancia dele. Por isso, as casas ser\u00e3o retiradas por meio do Programa Social e Ambiental dos Igarap\u00e9s de Manaus (Prosamim+), que, inclusive, j\u00e1 cadastrou essas fam\u00edlias. Neste momento, estamos com toda a equipe da Seminf no local. A reconstru\u00e7\u00e3o da escada \u00e9 uma medida paliativa. D\u00e1 para ver que a quantidade de lixo \u00e9 enorme, mas, at\u00e9 o m\u00eas de maio ou junho, as casas ir\u00e3o ser retiradas para o Prosamim entrar\u201d, complementa.&nbsp;<\/p>\n\n\n\n<p>A Prefeitura de Manaus atua com o apoio das secretarias municipais de Infraestrutura (Seminf), Seguran\u00e7a P\u00fablica e Defesa Social (Semseg), Mulher, Assist\u00eancia Social e Cidadania (Semasc) e Limpeza Urbana (Semulsp), para solucionar os problemas acarretados pelo grande volume das fortes chuvas. As equipes de plant\u00e3o prestam assist\u00eancia \u00e0s fam\u00edlias afetadas desde as primeiras horas do s\u00e1bado.<\/p>\n\n\n\n<p>A pasta de Infraestrutura percorre as ruas, mapeando as \u00e1reas afetadas e intensificando os servi\u00e7os de recupera\u00e7\u00e3o de drenagem profunda, de prepara\u00e7\u00e3o base e sub-base, al\u00e9m da reconstru\u00e7\u00e3o de pontes e escadas em madeiras. As eros\u00f5es seguem sob vigil\u00e2ncia da secretaria.&nbsp;<\/p>\n\n\n\n<p>\u201cAs equipes de engenharia atuam nas ruas desde as 6 horas da manh\u00e3. Estamos aqui na comunidade da Sharp, no bairro Armando Mendes, onde as escadas e pontes de madeiras foram afetadas pelas fortes chuvas. O prefeito David Almeida determinou que hoje mesmo seja refeita a escada de acesso\u201d, afirma o secret\u00e1rio de Obras, Renato Junior.&nbsp;<\/p>\n\n\n\n<p>O secret\u00e1rio refor\u00e7a, ainda, que a prefeitura atua para devolver o acesso e a trafegabilidade para a popula\u00e7\u00e3o.&nbsp;<\/p>\n\n\n\n<p>\u201cEssa \u00e9 uma \u00e1rea muito afetada pelas chuvas que, com o grande excesso de lixo, causa alagamentos na \u00e1rea. N\u00f3s estamos aqui para garantir a retomada da trafegabilidade segura para os moradores, pois eles&nbsp;precisam se deslocar para as escolas, feiras e mercados\u201d, salienta Renato Junior.<\/p>\n\n\n\n<p>\u201cAqui \u00e9 uma \u00e1rea de ocupa\u00e7\u00e3o irregular, mas todos os moradores est\u00e3o cadastrados no programa para serem encaminhamos para o Prosamim, com o objetivo de sanar esse problema e realocar a popula\u00e7\u00e3o com seguran\u00e7a\u201d, complementa.&nbsp;<\/p>\n\n\n\n<p>&#8212; &#8212; &#8212;<\/p>\n\n\n\n<p><strong>Texto &#8211;<\/strong>&nbsp;Rayana Coutinho \/ Seminf&nbsp;<\/p>\n\n\n\n<p><strong>Foto &#8211;\u00a0<\/strong>M\u00e1rcio Melo \/ Seminf\u00a0<\/p>\n","protected":false},"excerpt":{"rendered":"","protected":false},"author":39,"featured_media":211157,"comment_status":"closed","ping_status":"closed","sticky":false,"template":"","format":"standard","meta":{"footnotes":""},"categories":[45],"tags":[661,893,2625,172,484,709,2662,2021],"acf":[],"yoast_head":"<!-- This site is optimized with the Yoast SEO plugin v23.0 - https:\/\/yoast.com\/wordpress\/plugins\/seo\/ -->\n<title>Prefeitura de Manaus anuncia reconstru\u00e7\u00e3o de escada na comunidade da Sharp<\/title>\n<meta name=\"description\" content=\"Ap\u00f3s as fortes chuvas do s\u00e1bado, 25\/3, a Prefeitura de Manaus, por meio da Secretaria Municipal de Infraestrutura (Seminf), atua nas \u00e1reas de criticidade com uma for\u00e7a-tarefa, desde as primeiras horas deste domingo, 26.\" \/>\n<meta name=\"robots\" content=\"index, follow, max-snippet:-1, max-image-preview:large, max-video-preview:-1\" \/>\n<link rel=\"canonical\" href=\"https:\/\/www.manaus.am.gov.br\/semcom\/prefeitura-de-manaus-anuncia-reconstrucao-de-escada-na-comunidade-da-sharp\/\" \/>\n<meta property=\"og:locale\" content=\"pt_BR\" \/>\n<meta property=\"og:type\" content=\"article\" \/>\n<meta property=\"og:title\" content=\"Prefeitura de Manaus anuncia reconstru\u00e7\u00e3o de escada na comunidade da Sharp\" \/>\n<meta property=\"og:description\" content=\"Ap\u00f3s as fortes chuvas do s\u00e1bado, 25\/3, a Prefeitura de Manaus, por meio da Secretaria Municipal de Infraestrutura (Seminf), atua nas \u00e1reas de criticidade com uma for\u00e7a-tarefa, desde as primeiras horas deste domingo, 26.\" \/>\n<meta property=\"og:url\" content=\"https:\/\/www.manaus.am.gov.br\/semcom\/prefeitura-de-manaus-anuncia-reconstrucao-de-escada-na-comunidade-da-sharp\/\" \/>\n<meta property=\"og:site_name\" content=\"SEMCOM\" \/>\n<meta property=\"article:published_time\" content=\"2023-03-26T19:54:23+00:00\" \/>\n<meta property=\"article:modified_time\" content=\"2023-03-26T19:54:25+00:00\" \/>\n<meta property=\"og:image\" content=\"https:\/\/www.manaus.am.gov.br\/semcom\/wp-content\/uploads\/sites\/5\/2023\/03\/WhatsApp-Image-2023-03-26-at-15.41.041.jpeg\" \/>\n\t<meta property=\"og:image:width\" content=\"1500\" \/>\n\t<meta property=\"og:image:height\" content=\"1000\" \/>\n\t<meta property=\"og:image:type\" content=\"image\/jpeg\" \/>\n<meta name=\"author\" content=\"Bruna Greco\" \/>\n<meta name=\"twitter:card\" content=\"summary_large_image\" \/>\n<meta name=\"twitter:label1\" content=\"Written by\" \/>\n\t<meta name=\"twitter:data1\" content=\"Bruna Greco\" \/>\n\t<meta name=\"twitter:label2\" content=\"Est. reading time\" \/>\n\t<meta name=\"twitter:data2\" content=\"3 minutos\" \/>\n<script type=\"application\/ld+json\" class=\"yoast-schema-graph\">{\"@context\":\"https:\/\/schema.org\",\"@graph\":[{\"@type\":\"WebPage\",\"@id\":\"https:\/\/www.manaus.am.gov.br\/semcom\/prefeitura-de-manaus-anuncia-reconstrucao-de-escada-na-comunidade-da-sharp\/\",\"url\":\"https:\/\/www.manaus.am.gov.br\/semcom\/prefeitura-de-manaus-anuncia-reconstrucao-de-escada-na-comunidade-da-sharp\/\",\"name\":\"Prefeitura de Manaus anuncia reconstru\u00e7\u00e3o de escada na comunidade da Sharp\",\"isPartOf\":{\"@id\":\"https:\/\/www.manaus.am.gov.br\/semcom\/#website\"},\"primaryImageOfPage\":{\"@id\":\"https:\/\/www.manaus.am.gov.br\/semcom\/prefeitura-de-manaus-anuncia-reconstrucao-de-escada-na-comunidade-da-sharp\/#primaryimage\"},\"image\":{\"@id\":\"https:\/\/www.manaus.am.gov.br\/semcom\/prefeitura-de-manaus-anuncia-reconstrucao-de-escada-na-comunidade-da-sharp\/#primaryimage\"},\"thumbnailUrl\":\"https:\/\/www.manaus.am.gov.br\/semcom\/wp-content\/uploads\/sites\/5\/2023\/03\/WhatsApp-Image-2023-03-26-at-15.41.041.jpeg\",\"datePublished\":\"2023-03-26T19:54:23+00:00\",\"dateModified\":\"2023-03-26T19:54:25+00:00\",\"author\":{\"@id\":\"https:\/\/www.manaus.am.gov.br\/semcom\/#\/schema\/person\/05d223aea2bf115f9883a6ff3683d81b\"},\"description\":\"Ap\u00f3s as fortes chuvas do s\u00e1bado, 25\/3, a Prefeitura de Manaus, por meio da Secretaria Municipal de Infraestrutura (Seminf), atua nas \u00e1reas de criticidade com uma for\u00e7a-tarefa, desde as primeiras horas deste domingo, 26.\",\"inLanguage\":\"pt-BR\",\"potentialAction\":[{\"@type\":\"ReadAction\",\"target\":[\"https:\/\/www.manaus.am.gov.br\/semcom\/prefeitura-de-manaus-anuncia-reconstrucao-de-escada-na-comunidade-da-sharp\/\"]}]},{\"@type\":\"ImageObject\",\"inLanguage\":\"pt-BR\",\"@id\":\"https:\/\/www.manaus.am.gov.br\/semcom\/prefeitura-de-manaus-anuncia-reconstrucao-de-escada-na-comunidade-da-sharp\/#primaryimage\",\"url\":\"https:\/\/www.manaus.am.gov.br\/semcom\/wp-content\/uploads\/sites\/5\/2023\/03\/WhatsApp-Image-2023-03-26-at-15.41.041.jpeg\",\"contentUrl\":\"https:\/\/www.manaus.am.gov.br\/semcom\/wp-content\/uploads\/sites\/5\/2023\/03\/WhatsApp-Image-2023-03-26-at-15.41.041.jpeg\",\"width\":1500,\"height\":1000},{\"@type\":\"WebSite\",\"@id\":\"https:\/\/www.manaus.am.gov.br\/semcom\/#website\",\"url\":\"https:\/\/www.manaus.am.gov.br\/semcom\/\",\"name\":\"SEMCOM\",\"description\":\"Secretaria Municipal de Comunica\u00e7\u00e3o\",\"potentialAction\":[{\"@type\":\"SearchAction\",\"target\":{\"@type\":\"EntryPoint\",\"urlTemplate\":\"https:\/\/www.manaus.am.gov.br\/semcom\/?s={search_term_string}\"},\"query-input\":\"required name=search_term_string\"}],\"inLanguage\":\"pt-BR\"},{\"@type\":\"Person\",\"@id\":\"https:\/\/www.manaus.am.gov.br\/semcom\/#\/schema\/person\/05d223aea2bf115f9883a6ff3683d81b\",\"name\":\"Bruna Greco\",\"image\":{\"@type\":\"ImageObject\",\"inLanguage\":\"pt-BR\",\"@id\":\"https:\/\/www.manaus.am.gov.br\/semcom\/#\/schema\/person\/image\/\",\"url\":\"https:\/\/secure.gravatar.com\/avatar\/9c877d1a6adc2a055330e5c09a8653ce?s=96&d=mm&r=g\",\"contentUrl\":\"https:\/\/secure.gravatar.com\/avatar\/9c877d1a6adc2a055330e5c09a8653ce?s=96&d=mm&r=g\",\"caption\":\"Bruna Greco\"}}]}<\/script>\n<!-- \/ Yoast SEO plugin. -->","yoast_head_json":{"title":"Prefeitura de Manaus anuncia reconstru\u00e7\u00e3o de escada na comunidade da Sharp","description":"Ap\u00f3s as fortes chuvas do s\u00e1bado, 25\/3, a Prefeitura de Manaus, por meio da Secretaria Municipal de Infraestrutura (Seminf), atua nas \u00e1reas de criticidade com uma for\u00e7a-tarefa, desde as primeiras horas deste domingo, 26.","robots":{"index":"index","follow":"follow","max-snippet":"max-snippet:-1","max-image-preview":"max-image-preview:large","max-video-preview":"max-video-preview:-1"},"canonical":"https:\/\/www.manaus.am.gov.br\/semcom\/prefeitura-de-manaus-anuncia-reconstrucao-de-escada-na-comunidade-da-sharp\/","og_locale":"pt_BR","og_type":"article","og_title":"Prefeitura de Manaus anuncia reconstru\u00e7\u00e3o de escada na comunidade da Sharp","og_description":"Ap\u00f3s as fortes chuvas do s\u00e1bado, 25\/3, a Prefeitura de Manaus, por meio da Secretaria Municipal de Infraestrutura (Seminf), atua nas \u00e1reas de criticidade com uma for\u00e7a-tarefa, desde as primeiras horas deste domingo, 26.","og_url":"https:\/\/www.manaus.am.gov.br\/semcom\/prefeitura-de-manaus-anuncia-reconstrucao-de-escada-na-comunidade-da-sharp\/","og_site_name":"SEMCOM","article_published_time":"2023-03-26T19:54:23+00:00","article_modified_time":"2023-03-26T19:54:25+00:00","og_image":[{"width":1500,"height":1000,"url":"https:\/\/www.manaus.am.gov.br\/semcom\/wp-content\/uploads\/sites\/5\/2023\/03\/WhatsApp-Image-2023-03-26-at-15.41.041.jpeg","type":"image\/jpeg"}],"author":"Bruna Greco","twitter_card":"summary_large_image","twitter_misc":{"Written by":"Bruna Greco","Est. reading time":"3 minutos"},"schema":{"@context":"https:\/\/schema.org","@graph":[{"@type":"WebPage","@id":"https:\/\/www.manaus.am.gov.br\/semcom\/prefeitura-de-manaus-anuncia-reconstrucao-de-escada-na-comunidade-da-sharp\/","url":"https:\/\/www.manaus.am.gov.br\/semcom\/prefeitura-de-manaus-anuncia-reconstrucao-de-escada-na-comunidade-da-sharp\/","name":"Prefeitura de Manaus anuncia reconstru\u00e7\u00e3o de escada na comunidade da Sharp","isPartOf":{"@id":"https:\/\/www.manaus.am.gov.br\/semcom\/#website"},"primaryImageOfPage":{"@id":"https:\/\/www.manaus.am.gov.br\/semcom\/prefeitura-de-manaus-anuncia-reconstrucao-de-escada-na-comunidade-da-sharp\/#primaryimage"},"image":{"@id":"https:\/\/www.manaus.am.gov.br\/semcom\/prefeitura-de-manaus-anuncia-reconstrucao-de-escada-na-comunidade-da-sharp\/#primaryimage"},"thumbnailUrl":"https:\/\/www.manaus.am.gov.br\/semcom\/wp-content\/uploads\/sites\/5\/2023\/03\/WhatsApp-Image-2023-03-26-at-15.41.041.jpeg","datePublished":"2023-03-26T19:54:23+00:00","dateModified":"2023-03-26T19:54:25+00:00","author":{"@id":"https:\/\/www.manaus.am.gov.br\/semcom\/#\/schema\/person\/05d223aea2bf115f9883a6ff3683d81b"},"description":"Ap\u00f3s as fortes chuvas do s\u00e1bado, 25\/3, a Prefeitura de Manaus, por meio da Secretaria Municipal de Infraestrutura (Seminf), atua nas \u00e1reas de criticidade com uma for\u00e7a-tarefa, desde as primeiras horas deste domingo, 26.","inLanguage":"pt-BR","potentialAction":[{"@type":"ReadAction","target":["https:\/\/www.manaus.am.gov.br\/semcom\/prefeitura-de-manaus-anuncia-reconstrucao-de-escada-na-comunidade-da-sharp\/"]}]},{"@type":"ImageObject","inLanguage":"pt-BR","@id":"https:\/\/www.manaus.am.gov.br\/semcom\/prefeitura-de-manaus-anuncia-reconstrucao-de-escada-na-comunidade-da-sharp\/#primaryimage","url":"https:\/\/www.manaus.am.gov.br\/semcom\/wp-content\/uploads\/sites\/5\/2023\/03\/WhatsApp-Image-2023-03-26-at-15.41.041.jpeg","contentUrl":"https:\/\/www.manaus.am.gov.br\/semcom\/wp-content\/uploads\/sites\/5\/2023\/03\/WhatsApp-Image-2023-03-26-at-15.41.041.jpeg","width":1500,"height":1000},{"@type":"WebSite","@id":"https:\/\/www.manaus.am.gov.br\/semcom\/#website","url":"https:\/\/www.manaus.am.gov.br\/semcom\/","name":"SEMCOM","description":"Secretaria Municipal de Comunica\u00e7\u00e3o","potentialAction":[{"@type":"SearchAction","target":{"@type":"EntryPoint","urlTemplate":"https:\/\/www.manaus.am.gov.br\/semcom\/?s={search_term_string}"},"query-input":"required name=search_term_string"}],"inLanguage":"pt-BR"},{"@type":"Person","@id":"https:\/\/www.manaus.am.gov.br\/semcom\/#\/schema\/person\/05d223aea2bf115f9883a6ff3683d81b","name":"Bruna Greco","image":{"@type":"ImageObject","inLanguage":"pt-BR","@id":"https:\/\/www.manaus.am.gov.br\/semcom\/#\/schema\/person\/image\/","url":"https:\/\/secure.gravatar.com\/avatar\/9c877d1a6adc2a055330e5c09a8653ce?s=96&d=mm&r=g","contentUrl":"https:\/\/secure.gravatar.com\/avatar\/9c877d1a6adc2a055330e5c09a8653ce?s=96&d=mm&r=g","caption":"Bruna Greco"}}]}},"_links":{"self":[{"href":"https:\/\/www.manaus.am.gov.br\/semcom\/wp-json\/wp\/v2\/posts\/211156"}],"collection":[{"href":"https:\/\/www.manaus.am.gov.br\/semcom\/wp-json\/wp\/v2\/posts"}],"about":[{"href":"https:\/\/www.manaus.am.gov.br\/semcom\/wp-json\/wp\/v2\/types\/post"}],"author":[{"embeddable":true,"href":"https:\/\/www.manaus.am.gov.br\/semcom\/wp-json\/wp\/v2\/users\/39"}],"replies":[{"embeddable":true,"href":"https:\/\/www.manaus.am.gov.br\/semcom\/wp-json\/wp\/v2\/comments?post=211156"}],"version-history":[{"count":0,"href":"https:\/\/www.manaus.am.gov.br\/semcom\/wp-json\/wp\/v2\/posts\/211156\/revisions"}],"wp:featuredmedia":[{"embeddable":true,"href":"https:\/\/www.manaus.am.gov.br\/semcom\/wp-json\/wp\/v2\/media\/211157"}],"wp:attachment":[{"href":"https:\/\/www.manaus.am.gov.br\/semcom\/wp-json\/wp\/v2\/media?parent=211156"}],"wp:term":[{"taxonomy":"category","embeddable":true,"href":"https:\/\/www.manaus.am.gov.br\/semcom\/wp-json\/wp\/v2\/categories?post=211156"},{"taxonomy":"post_tag","embeddable":true,"href":"https:\/\/www.manaus.am.gov.br\/semcom\/wp-json\/wp\/v2\/tags?post=211156"}],"curies":[{"name":"wp","href":"https:\/\/api.w.org\/{rel}","templated":true}]}}