{"id":211137,"date":"2023-03-25T21:10:25","date_gmt":"2023-03-26T00:10:25","guid":{"rendered":"https:\/\/www.manaus.am.gov.br\/semcom\/prefeitura-realiza-manaus-mais-cidada-com-atendimento-do-sine-manaus\/"},"modified":"2023-03-25T21:10:26","modified_gmt":"2023-03-26T00:10:26","slug":"prefeitura-realiza-manaus-mais-cidada-com-atendimento-do-sine-manaus","status":"publish","type":"post","link":"https:\/\/www.manaus.am.gov.br\/semcom\/prefeitura-realiza-manaus-mais-cidada-com-atendimento-do-sine-manaus\/","title":{"rendered":"<strong>Prefeitura realiza \u2018Manaus mais Cidad\u00e3\u2019 com atendimento do Sine Manaus<\/strong>"},"content":{"rendered":"\n<p>A Prefeitura de Manaus, por meio da Secretaria Municipal do Trabalho, Empreendedorismo e Inova\u00e7\u00e3o (Semtepi), realizou no s\u00e1bado, 25\/3, o programa \u201cManaus mais Cidad\u00e3\u201d, na escola municipal Frei M\u00e1rio Monacelli de Grello, localizada no bairro Col\u00f4nia Ant\u00f4nio Aleixo, zona Leste da cidade. Entre os servi\u00e7os oferecidos, foram ofertadas vagas de emprego no Sine Manaus e orienta\u00e7\u00e3o para emiss\u00e3o da carteira de trabalho digital.<\/p>\n\n\n\n<p>.&nbsp;<\/p>\n\n\n\n<p>Coordenado pela Secretaria Municipal da Mulher, Assist\u00eancia Social e Cidadania (Semasc), o \u201cManaus mais Cidad\u00e3\u201d trouxe uma nova din\u00e2mica para este ano, buscando oferecer servi\u00e7os de todas as secretarias municipais e de entidades parceiras, disponibilizando para o cidad\u00e3o um atendimento integrado.<\/p>\n\n\n\n<p>A Semtepi j\u00e1 possui um programa itinerante, com a proposta de estabelecer uma rela\u00e7\u00e3o de proximidade entre a prefeitura e as comunidades, levando todos os servi\u00e7os disponibilizadas pela secretaria para perto da popula\u00e7\u00e3o que mais precisa e mora distante do centro urbano.<\/p>\n\n\n\n<p>Para o secret\u00e1rio da Semtepi, Radyr J\u00fanior, \u00e9 fundamental fortalecer os la\u00e7os com a popula\u00e7\u00e3o. \u201cDesde o in\u00edcio da nossa gest\u00e3o, temos oferecido uma variedade grande de servi\u00e7os para a popula\u00e7\u00e3o. Neste ano, a nossa miss\u00e3o \u00e9 expandir esse atendimento e alcan\u00e7ar o maior n\u00famero de pessoas poss\u00edvel, multiplicando nossas a\u00e7\u00f5es e fazendo com que as pessoas recebam na sua comunidade vagas de emprego, qualifica\u00e7\u00e3o profissional e cursos de inova\u00e7\u00e3o. \u00c9 nosso desejo estar a cada dia mais perto do manauara e atend\u00ea-lo nas suas necessidades\u201c, afirmou J\u00fanior.<\/p>\n\n\n\n<p>Para a dona de casa Ingrid Moreira, 35 anos, essa \u00e9 uma \u00f3tima oportunidade de ter acesso aos servi\u00e7os: \u201cPor estarmos em um bairro mais isolado, temos muita dificuldade em resolver o que a gente precisa, ent\u00e3o trazer o Sine Manaus e todas essas categorias de servi\u00e7o para perto da gente ajuda demais a nossa comunidade, principalmente os jovens\u201d, salientou, acrescentando que essa foi a melhor a\u00e7\u00e3o social que o bairro j\u00e1 recebeu.<\/p>\n\n\n\n<p>Apesar da forte chuva que predominou durante toda a manh\u00e3 do evento, o Sine Manaus atendeu 134 pessoas, realizando cadastros e encaminhando para vagas de emprego, al\u00e9m de orientar quanto a emiss\u00e3o da carteira de trabalho digital.<\/p>\n\n\n\n<p>&#8212; &#8212; &#8212;<\/p>\n\n\n\n<p><strong>Texto &#8211;<\/strong>&nbsp;D\u00e9bora Dourado \/ Semtepi<\/p>\n\n\n\n<p><strong>Foto &#8211;<\/strong>&nbsp;Rita Ben\u00edcio \/ Semtepi<\/p>\n","protected":false},"excerpt":{"rendered":"","protected":false},"author":24,"featured_media":211138,"comment_status":"closed","ping_status":"closed","sticky":false,"template":"","format":"standard","meta":{"footnotes":""},"categories":[931],"tags":[1532,2505,77,2518,25,23,667],"acf":[],"yoast_head":"<!-- This site is optimized with the Yoast SEO plugin v23.0 - https:\/\/yoast.com\/wordpress\/plugins\/seo\/ -->\n<title>Prefeitura realiza \u2018Manaus mais Cidad\u00e3\u2019 com atendimento do Sine Manaus<\/title>\n<meta name=\"description\" content=\"A Prefeitura de Manaus, por meio da Secretaria Municipal do Trabalho, Empreendedorismo e Inova\u00e7\u00e3o (Semtepi), realizou no s\u00e1bado, 25\/3, o programa \u201cManaus mais Cidad\u00e3\u201d, na escola municipal Frei M\u00e1rio Monacelli de Grello, localizada no bairro Col\u00f4nia Ant\u00f4nio Aleixo, zona Leste da cidade.\" \/>\n<meta name=\"robots\" content=\"index, follow, max-snippet:-1, max-image-preview:large, max-video-preview:-1\" \/>\n<link rel=\"canonical\" href=\"https:\/\/www.manaus.am.gov.br\/semcom\/prefeitura-realiza-manaus-mais-cidada-com-atendimento-do-sine-manaus\/\" \/>\n<meta property=\"og:locale\" content=\"pt_BR\" \/>\n<meta property=\"og:type\" content=\"article\" \/>\n<meta property=\"og:title\" content=\"Prefeitura realiza \u2018Manaus mais Cidad\u00e3\u2019 com atendimento do Sine Manaus\" \/>\n<meta property=\"og:description\" content=\"A Prefeitura de Manaus, por meio da Secretaria Municipal do Trabalho, Empreendedorismo e Inova\u00e7\u00e3o (Semtepi), realizou no s\u00e1bado, 25\/3, o programa \u201cManaus mais Cidad\u00e3\u201d, na escola municipal Frei M\u00e1rio Monacelli de Grello, localizada no bairro Col\u00f4nia Ant\u00f4nio Aleixo, zona Leste da cidade.\" \/>\n<meta property=\"og:url\" content=\"https:\/\/www.manaus.am.gov.br\/semcom\/prefeitura-realiza-manaus-mais-cidada-com-atendimento-do-sine-manaus\/\" \/>\n<meta property=\"og:site_name\" content=\"SEMCOM\" \/>\n<meta property=\"article:published_time\" content=\"2023-03-26T00:10:25+00:00\" \/>\n<meta property=\"article:modified_time\" content=\"2023-03-26T00:10:26+00:00\" \/>\n<meta property=\"og:image\" content=\"https:\/\/www.manaus.am.gov.br\/semcom\/wp-content\/uploads\/sites\/5\/2023\/03\/Semtepi-2-scaled.jpeg\" \/>\n\t<meta property=\"og:image:width\" content=\"2560\" \/>\n\t<meta property=\"og:image:height\" content=\"1440\" \/>\n\t<meta property=\"og:image:type\" content=\"image\/jpeg\" \/>\n<meta name=\"author\" content=\"Cl\u00e1udia Barbosa\" \/>\n<meta name=\"twitter:card\" content=\"summary_large_image\" \/>\n<meta name=\"twitter:label1\" content=\"Written by\" \/>\n\t<meta name=\"twitter:data1\" content=\"Cl\u00e1udia Barbosa\" \/>\n\t<meta name=\"twitter:label2\" content=\"Est. reading time\" \/>\n\t<meta name=\"twitter:data2\" content=\"2 minutos\" \/>\n<script type=\"application\/ld+json\" class=\"yoast-schema-graph\">{\"@context\":\"https:\/\/schema.org\",\"@graph\":[{\"@type\":\"WebPage\",\"@id\":\"https:\/\/www.manaus.am.gov.br\/semcom\/prefeitura-realiza-manaus-mais-cidada-com-atendimento-do-sine-manaus\/\",\"url\":\"https:\/\/www.manaus.am.gov.br\/semcom\/prefeitura-realiza-manaus-mais-cidada-com-atendimento-do-sine-manaus\/\",\"name\":\"Prefeitura realiza \u2018Manaus mais Cidad\u00e3\u2019 com atendimento do Sine Manaus\",\"isPartOf\":{\"@id\":\"https:\/\/www.manaus.am.gov.br\/semcom\/#website\"},\"primaryImageOfPage\":{\"@id\":\"https:\/\/www.manaus.am.gov.br\/semcom\/prefeitura-realiza-manaus-mais-cidada-com-atendimento-do-sine-manaus\/#primaryimage\"},\"image\":{\"@id\":\"https:\/\/www.manaus.am.gov.br\/semcom\/prefeitura-realiza-manaus-mais-cidada-com-atendimento-do-sine-manaus\/#primaryimage\"},\"thumbnailUrl\":\"https:\/\/www.manaus.am.gov.br\/semcom\/wp-content\/uploads\/sites\/5\/2023\/03\/Semtepi-2-scaled.jpeg\",\"datePublished\":\"2023-03-26T00:10:25+00:00\",\"dateModified\":\"2023-03-26T00:10:26+00:00\",\"author\":{\"@id\":\"https:\/\/www.manaus.am.gov.br\/semcom\/#\/schema\/person\/d0a166b5031154c33c77794ddc9a827e\"},\"description\":\"A Prefeitura de Manaus, por meio da Secretaria Municipal do Trabalho, Empreendedorismo e Inova\u00e7\u00e3o (Semtepi), realizou no s\u00e1bado, 25\/3, o programa \u201cManaus mais Cidad\u00e3\u201d, na escola municipal Frei M\u00e1rio Monacelli de Grello, localizada no bairro Col\u00f4nia Ant\u00f4nio Aleixo, zona Leste da cidade.\",\"inLanguage\":\"pt-BR\",\"potentialAction\":[{\"@type\":\"ReadAction\",\"target\":[\"https:\/\/www.manaus.am.gov.br\/semcom\/prefeitura-realiza-manaus-mais-cidada-com-atendimento-do-sine-manaus\/\"]}]},{\"@type\":\"ImageObject\",\"inLanguage\":\"pt-BR\",\"@id\":\"https:\/\/www.manaus.am.gov.br\/semcom\/prefeitura-realiza-manaus-mais-cidada-com-atendimento-do-sine-manaus\/#primaryimage\",\"url\":\"https:\/\/www.manaus.am.gov.br\/semcom\/wp-content\/uploads\/sites\/5\/2023\/03\/Semtepi-2-scaled.jpeg\",\"contentUrl\":\"https:\/\/www.manaus.am.gov.br\/semcom\/wp-content\/uploads\/sites\/5\/2023\/03\/Semtepi-2-scaled.jpeg\",\"width\":2560,\"height\":1440},{\"@type\":\"WebSite\",\"@id\":\"https:\/\/www.manaus.am.gov.br\/semcom\/#website\",\"url\":\"https:\/\/www.manaus.am.gov.br\/semcom\/\",\"name\":\"SEMCOM\",\"description\":\"Secretaria Municipal de Comunica\u00e7\u00e3o\",\"potentialAction\":[{\"@type\":\"SearchAction\",\"target\":{\"@type\":\"EntryPoint\",\"urlTemplate\":\"https:\/\/www.manaus.am.gov.br\/semcom\/?s={search_term_string}\"},\"query-input\":\"required name=search_term_string\"}],\"inLanguage\":\"pt-BR\"},{\"@type\":\"Person\",\"@id\":\"https:\/\/www.manaus.am.gov.br\/semcom\/#\/schema\/person\/d0a166b5031154c33c77794ddc9a827e\",\"name\":\"Cl\u00e1udia Barbosa\",\"image\":{\"@type\":\"ImageObject\",\"inLanguage\":\"pt-BR\",\"@id\":\"https:\/\/www.manaus.am.gov.br\/semcom\/#\/schema\/person\/image\/\",\"url\":\"https:\/\/secure.gravatar.com\/avatar\/42958a1cf007f1a00534009218c72590?s=96&d=mm&r=g\",\"contentUrl\":\"https:\/\/secure.gravatar.com\/avatar\/42958a1cf007f1a00534009218c72590?s=96&d=mm&r=g\",\"caption\":\"Cl\u00e1udia Barbosa\"}}]}<\/script>\n<!-- \/ Yoast SEO plugin. -->","yoast_head_json":{"title":"Prefeitura realiza \u2018Manaus mais Cidad\u00e3\u2019 com atendimento do Sine Manaus","description":"A Prefeitura de Manaus, por meio da Secretaria Municipal do Trabalho, Empreendedorismo e Inova\u00e7\u00e3o (Semtepi), realizou no s\u00e1bado, 25\/3, o programa \u201cManaus mais Cidad\u00e3\u201d, na escola municipal Frei M\u00e1rio Monacelli de Grello, localizada no bairro Col\u00f4nia Ant\u00f4nio Aleixo, zona Leste da cidade.","robots":{"index":"index","follow":"follow","max-snippet":"max-snippet:-1","max-image-preview":"max-image-preview:large","max-video-preview":"max-video-preview:-1"},"canonical":"https:\/\/www.manaus.am.gov.br\/semcom\/prefeitura-realiza-manaus-mais-cidada-com-atendimento-do-sine-manaus\/","og_locale":"pt_BR","og_type":"article","og_title":"Prefeitura realiza \u2018Manaus mais Cidad\u00e3\u2019 com atendimento do Sine Manaus","og_description":"A Prefeitura de Manaus, por meio da Secretaria Municipal do Trabalho, Empreendedorismo e Inova\u00e7\u00e3o (Semtepi), realizou no s\u00e1bado, 25\/3, o programa \u201cManaus mais Cidad\u00e3\u201d, na escola municipal Frei M\u00e1rio Monacelli de Grello, localizada no bairro Col\u00f4nia Ant\u00f4nio Aleixo, zona Leste da cidade.","og_url":"https:\/\/www.manaus.am.gov.br\/semcom\/prefeitura-realiza-manaus-mais-cidada-com-atendimento-do-sine-manaus\/","og_site_name":"SEMCOM","article_published_time":"2023-03-26T00:10:25+00:00","article_modified_time":"2023-03-26T00:10:26+00:00","og_image":[{"width":2560,"height":1440,"url":"https:\/\/www.manaus.am.gov.br\/semcom\/wp-content\/uploads\/sites\/5\/2023\/03\/Semtepi-2-scaled.jpeg","type":"image\/jpeg"}],"author":"Cl\u00e1udia Barbosa","twitter_card":"summary_large_image","twitter_misc":{"Written by":"Cl\u00e1udia Barbosa","Est. reading time":"2 minutos"},"schema":{"@context":"https:\/\/schema.org","@graph":[{"@type":"WebPage","@id":"https:\/\/www.manaus.am.gov.br\/semcom\/prefeitura-realiza-manaus-mais-cidada-com-atendimento-do-sine-manaus\/","url":"https:\/\/www.manaus.am.gov.br\/semcom\/prefeitura-realiza-manaus-mais-cidada-com-atendimento-do-sine-manaus\/","name":"Prefeitura realiza \u2018Manaus mais Cidad\u00e3\u2019 com atendimento do Sine Manaus","isPartOf":{"@id":"https:\/\/www.manaus.am.gov.br\/semcom\/#website"},"primaryImageOfPage":{"@id":"https:\/\/www.manaus.am.gov.br\/semcom\/prefeitura-realiza-manaus-mais-cidada-com-atendimento-do-sine-manaus\/#primaryimage"},"image":{"@id":"https:\/\/www.manaus.am.gov.br\/semcom\/prefeitura-realiza-manaus-mais-cidada-com-atendimento-do-sine-manaus\/#primaryimage"},"thumbnailUrl":"https:\/\/www.manaus.am.gov.br\/semcom\/wp-content\/uploads\/sites\/5\/2023\/03\/Semtepi-2-scaled.jpeg","datePublished":"2023-03-26T00:10:25+00:00","dateModified":"2023-03-26T00:10:26+00:00","author":{"@id":"https:\/\/www.manaus.am.gov.br\/semcom\/#\/schema\/person\/d0a166b5031154c33c77794ddc9a827e"},"description":"A Prefeitura de Manaus, por meio da Secretaria Municipal do Trabalho, Empreendedorismo e Inova\u00e7\u00e3o (Semtepi), realizou no s\u00e1bado, 25\/3, o programa \u201cManaus mais Cidad\u00e3\u201d, na escola municipal Frei M\u00e1rio Monacelli de Grello, localizada no bairro Col\u00f4nia Ant\u00f4nio Aleixo, zona Leste da cidade.","inLanguage":"pt-BR","potentialAction":[{"@type":"ReadAction","target":["https:\/\/www.manaus.am.gov.br\/semcom\/prefeitura-realiza-manaus-mais-cidada-com-atendimento-do-sine-manaus\/"]}]},{"@type":"ImageObject","inLanguage":"pt-BR","@id":"https:\/\/www.manaus.am.gov.br\/semcom\/prefeitura-realiza-manaus-mais-cidada-com-atendimento-do-sine-manaus\/#primaryimage","url":"https:\/\/www.manaus.am.gov.br\/semcom\/wp-content\/uploads\/sites\/5\/2023\/03\/Semtepi-2-scaled.jpeg","contentUrl":"https:\/\/www.manaus.am.gov.br\/semcom\/wp-content\/uploads\/sites\/5\/2023\/03\/Semtepi-2-scaled.jpeg","width":2560,"height":1440},{"@type":"WebSite","@id":"https:\/\/www.manaus.am.gov.br\/semcom\/#website","url":"https:\/\/www.manaus.am.gov.br\/semcom\/","name":"SEMCOM","description":"Secretaria Municipal de Comunica\u00e7\u00e3o","potentialAction":[{"@type":"SearchAction","target":{"@type":"EntryPoint","urlTemplate":"https:\/\/www.manaus.am.gov.br\/semcom\/?s={search_term_string}"},"query-input":"required name=search_term_string"}],"inLanguage":"pt-BR"},{"@type":"Person","@id":"https:\/\/www.manaus.am.gov.br\/semcom\/#\/schema\/person\/d0a166b5031154c33c77794ddc9a827e","name":"Cl\u00e1udia Barbosa","image":{"@type":"ImageObject","inLanguage":"pt-BR","@id":"https:\/\/www.manaus.am.gov.br\/semcom\/#\/schema\/person\/image\/","url":"https:\/\/secure.gravatar.com\/avatar\/42958a1cf007f1a00534009218c72590?s=96&d=mm&r=g","contentUrl":"https:\/\/secure.gravatar.com\/avatar\/42958a1cf007f1a00534009218c72590?s=96&d=mm&r=g","caption":"Cl\u00e1udia Barbosa"}}]}},"_links":{"self":[{"href":"https:\/\/www.manaus.am.gov.br\/semcom\/wp-json\/wp\/v2\/posts\/211137"}],"collection":[{"href":"https:\/\/www.manaus.am.gov.br\/semcom\/wp-json\/wp\/v2\/posts"}],"about":[{"href":"https:\/\/www.manaus.am.gov.br\/semcom\/wp-json\/wp\/v2\/types\/post"}],"author":[{"embeddable":true,"href":"https:\/\/www.manaus.am.gov.br\/semcom\/wp-json\/wp\/v2\/users\/24"}],"replies":[{"embeddable":true,"href":"https:\/\/www.manaus.am.gov.br\/semcom\/wp-json\/wp\/v2\/comments?post=211137"}],"version-history":[{"count":0,"href":"https:\/\/www.manaus.am.gov.br\/semcom\/wp-json\/wp\/v2\/posts\/211137\/revisions"}],"wp:featuredmedia":[{"embeddable":true,"href":"https:\/\/www.manaus.am.gov.br\/semcom\/wp-json\/wp\/v2\/media\/211138"}],"wp:attachment":[{"href":"https:\/\/www.manaus.am.gov.br\/semcom\/wp-json\/wp\/v2\/media?parent=211137"}],"wp:term":[{"taxonomy":"category","embeddable":true,"href":"https:\/\/www.manaus.am.gov.br\/semcom\/wp-json\/wp\/v2\/categories?post=211137"},{"taxonomy":"post_tag","embeddable":true,"href":"https:\/\/www.manaus.am.gov.br\/semcom\/wp-json\/wp\/v2\/tags?post=211137"}],"curies":[{"name":"wp","href":"https:\/\/api.w.org\/{rel}","templated":true}]}}