{"id":211126,"date":"2023-03-25T16:24:11","date_gmt":"2023-03-25T19:24:11","guid":{"rendered":"https:\/\/www.manaus.am.gov.br\/semcom\/obra-da-prefeitura-avanca-na-torquato-tapajos-e-chega-a-65-dos-servicos-concluidos\/"},"modified":"2023-03-25T16:24:12","modified_gmt":"2023-03-25T19:24:12","slug":"obra-da-prefeitura-avanca-na-torquato-tapajos-e-chega-a-65-dos-servicos-concluidos","status":"publish","type":"post","link":"https:\/\/www.manaus.am.gov.br\/semcom\/obra-da-prefeitura-avanca-na-torquato-tapajos-e-chega-a-65-dos-servicos-concluidos\/","title":{"rendered":"<strong>Obra da prefeitura avan\u00e7a na Torquato Tapaj\u00f3s e chega a 65% dos servi\u00e7os conclu\u00eddos<\/strong>"},"content":{"rendered":"\n<p>A obra de conten\u00e7\u00e3o na avenida Torquato Tapaj\u00f3s avan\u00e7a neste s\u00e1bado, 25\/3, e chega a 65% de execu\u00e7\u00e3o. A Prefeitura de Manaus, por meio da Secretaria Municipal de Infraestrutura (Seminf), conclui a implanta\u00e7\u00e3o de 105 metros das sacas de rip-rap na margem esquerda no igarap\u00e9 dos Franceses, em trecho da avenida Torquato Tapaj\u00f3s, adjacente \u00e0 avenida Senador Raimundo Parente, bairro Flores, zona Centro-Sul.<\/p>\n\n\n\n<p>Agora as equipes trabalham na implanta\u00e7\u00e3o de 115 metros de conten\u00e7\u00e3o na margem direita. \u201cOs servi\u00e7os d\u00e3o um salto maior. Os trabalhadores enchem o rip-rap com cimento e areia para fazer o outro lado da margem do igarap\u00e9 dos Franceses. O intuito \u00e9 deixar esse leito mais seguro para o tr\u00e1fego, de modo que o desbarrancamento n\u00e3o volte a ocorrer\u201d, explica o secret\u00e1rio de Obras, Renato Junior.<\/p>\n\n\n\n<p>\u201cO nosso trabalho n\u00e3o para. Estamos dia e noite atuantes pelas ruas de Manaus. O prefeito David Almeida determinou que as obras nesse trecho da Torquato sejam aceleradas. A din\u00e2mica, rapidez e compromisso com o povo s\u00e3o caracter\u00edsticas dessa gest\u00e3o\u201d, complementa Renato.&nbsp;<\/p>\n\n\n\n<p>Paralelamente, com outra frente de obras, as equipes finalizaram a implanta\u00e7\u00e3o de 240 metros do gabi\u00e3o, popularmente conhecido por \u201cgaiolas\u201d, e trabalham em outros 20 metros. Os servi\u00e7os s\u00e3o executados com o aux\u00edlio de uma p\u00e1 carregadeira, ca\u00e7amba e uma retroescavadeira.&nbsp;<\/p>\n\n\n\n<p>&#8212; &#8212; &#8212;<\/p>\n\n\n\n<p><strong>Texto &#8211;&nbsp;<\/strong>Rayana Coutinho \/ Seminf&nbsp;<\/p>\n\n\n\n<p><strong>Fotos &#8211;&nbsp;<\/strong>Rayner Souza \/ Seminf&nbsp;<\/p>\n","protected":false},"excerpt":{"rendered":"","protected":false},"author":24,"featured_media":211127,"comment_status":"closed","ping_status":"closed","sticky":false,"template":"","format":"standard","meta":{"footnotes":""},"categories":[127],"tags":[2032,1317,1716,1355,35,2392,635,77,439,32,2629],"acf":[],"yoast_head":"<!-- This site is optimized with the Yoast SEO plugin v23.0 - https:\/\/yoast.com\/wordpress\/plugins\/seo\/ -->\n<title>Obra da prefeitura avan\u00e7a na Torquato Tapaj\u00f3s e chega a 65% dos servi\u00e7os conclu\u00eddos<\/title>\n<meta name=\"description\" content=\"A obra de conten\u00e7\u00e3o na avenida Torquato Tapaj\u00f3s avan\u00e7a neste s\u00e1bado, 25\/3, e chega a 65% de execu\u00e7\u00e3o.\" \/>\n<meta name=\"robots\" content=\"index, follow, max-snippet:-1, max-image-preview:large, max-video-preview:-1\" \/>\n<link rel=\"canonical\" href=\"https:\/\/www.manaus.am.gov.br\/semcom\/obra-da-prefeitura-avanca-na-torquato-tapajos-e-chega-a-65-dos-servicos-concluidos\/\" \/>\n<meta property=\"og:locale\" content=\"pt_BR\" \/>\n<meta property=\"og:type\" content=\"article\" \/>\n<meta property=\"og:title\" content=\"Obra da prefeitura avan\u00e7a na Torquato Tapaj\u00f3s e chega a 65% dos servi\u00e7os conclu\u00eddos\" \/>\n<meta property=\"og:description\" content=\"A obra de conten\u00e7\u00e3o na avenida Torquato Tapaj\u00f3s avan\u00e7a neste s\u00e1bado, 25\/3, e chega a 65% de execu\u00e7\u00e3o.\" \/>\n<meta property=\"og:url\" content=\"https:\/\/www.manaus.am.gov.br\/semcom\/obra-da-prefeitura-avanca-na-torquato-tapajos-e-chega-a-65-dos-servicos-concluidos\/\" \/>\n<meta property=\"og:site_name\" content=\"SEMCOM\" \/>\n<meta property=\"article:published_time\" content=\"2023-03-25T19:24:11+00:00\" \/>\n<meta property=\"article:modified_time\" content=\"2023-03-25T19:24:12+00:00\" \/>\n<meta property=\"og:image\" content=\"https:\/\/www.manaus.am.gov.br\/semcom\/wp-content\/uploads\/sites\/5\/2023\/03\/Obra-da-prefeitura-avanca-na-Torquato-Tapajos-e-chega-a-65-dos-servicos-concluidos-3.jpeg\" \/>\n\t<meta property=\"og:image:width\" content=\"1600\" \/>\n\t<meta property=\"og:image:height\" content=\"900\" \/>\n\t<meta property=\"og:image:type\" content=\"image\/jpeg\" \/>\n<meta name=\"author\" content=\"Cl\u00e1udia Barbosa\" \/>\n<meta name=\"twitter:card\" content=\"summary_large_image\" \/>\n<meta name=\"twitter:label1\" content=\"Written by\" \/>\n\t<meta name=\"twitter:data1\" content=\"Cl\u00e1udia Barbosa\" \/>\n\t<meta name=\"twitter:label2\" content=\"Est. reading time\" \/>\n\t<meta name=\"twitter:data2\" content=\"2 minutos\" \/>\n<script type=\"application\/ld+json\" class=\"yoast-schema-graph\">{\"@context\":\"https:\/\/schema.org\",\"@graph\":[{\"@type\":\"WebPage\",\"@id\":\"https:\/\/www.manaus.am.gov.br\/semcom\/obra-da-prefeitura-avanca-na-torquato-tapajos-e-chega-a-65-dos-servicos-concluidos\/\",\"url\":\"https:\/\/www.manaus.am.gov.br\/semcom\/obra-da-prefeitura-avanca-na-torquato-tapajos-e-chega-a-65-dos-servicos-concluidos\/\",\"name\":\"Obra da prefeitura avan\u00e7a na Torquato Tapaj\u00f3s e chega a 65% dos servi\u00e7os conclu\u00eddos\",\"isPartOf\":{\"@id\":\"https:\/\/www.manaus.am.gov.br\/semcom\/#website\"},\"primaryImageOfPage\":{\"@id\":\"https:\/\/www.manaus.am.gov.br\/semcom\/obra-da-prefeitura-avanca-na-torquato-tapajos-e-chega-a-65-dos-servicos-concluidos\/#primaryimage\"},\"image\":{\"@id\":\"https:\/\/www.manaus.am.gov.br\/semcom\/obra-da-prefeitura-avanca-na-torquato-tapajos-e-chega-a-65-dos-servicos-concluidos\/#primaryimage\"},\"thumbnailUrl\":\"https:\/\/www.manaus.am.gov.br\/semcom\/wp-content\/uploads\/sites\/5\/2023\/03\/Obra-da-prefeitura-avanca-na-Torquato-Tapajos-e-chega-a-65-dos-servicos-concluidos-3.jpeg\",\"datePublished\":\"2023-03-25T19:24:11+00:00\",\"dateModified\":\"2023-03-25T19:24:12+00:00\",\"author\":{\"@id\":\"https:\/\/www.manaus.am.gov.br\/semcom\/#\/schema\/person\/d0a166b5031154c33c77794ddc9a827e\"},\"description\":\"A obra de conten\u00e7\u00e3o na avenida Torquato Tapaj\u00f3s avan\u00e7a neste s\u00e1bado, 25\/3, e chega a 65% de execu\u00e7\u00e3o.\",\"inLanguage\":\"pt-BR\",\"potentialAction\":[{\"@type\":\"ReadAction\",\"target\":[\"https:\/\/www.manaus.am.gov.br\/semcom\/obra-da-prefeitura-avanca-na-torquato-tapajos-e-chega-a-65-dos-servicos-concluidos\/\"]}]},{\"@type\":\"ImageObject\",\"inLanguage\":\"pt-BR\",\"@id\":\"https:\/\/www.manaus.am.gov.br\/semcom\/obra-da-prefeitura-avanca-na-torquato-tapajos-e-chega-a-65-dos-servicos-concluidos\/#primaryimage\",\"url\":\"https:\/\/www.manaus.am.gov.br\/semcom\/wp-content\/uploads\/sites\/5\/2023\/03\/Obra-da-prefeitura-avanca-na-Torquato-Tapajos-e-chega-a-65-dos-servicos-concluidos-3.jpeg\",\"contentUrl\":\"https:\/\/www.manaus.am.gov.br\/semcom\/wp-content\/uploads\/sites\/5\/2023\/03\/Obra-da-prefeitura-avanca-na-Torquato-Tapajos-e-chega-a-65-dos-servicos-concluidos-3.jpeg\",\"width\":1600,\"height\":900},{\"@type\":\"WebSite\",\"@id\":\"https:\/\/www.manaus.am.gov.br\/semcom\/#website\",\"url\":\"https:\/\/www.manaus.am.gov.br\/semcom\/\",\"name\":\"SEMCOM\",\"description\":\"Secretaria Municipal de Comunica\u00e7\u00e3o\",\"potentialAction\":[{\"@type\":\"SearchAction\",\"target\":{\"@type\":\"EntryPoint\",\"urlTemplate\":\"https:\/\/www.manaus.am.gov.br\/semcom\/?s={search_term_string}\"},\"query-input\":\"required name=search_term_string\"}],\"inLanguage\":\"pt-BR\"},{\"@type\":\"Person\",\"@id\":\"https:\/\/www.manaus.am.gov.br\/semcom\/#\/schema\/person\/d0a166b5031154c33c77794ddc9a827e\",\"name\":\"Cl\u00e1udia Barbosa\",\"image\":{\"@type\":\"ImageObject\",\"inLanguage\":\"pt-BR\",\"@id\":\"https:\/\/www.manaus.am.gov.br\/semcom\/#\/schema\/person\/image\/\",\"url\":\"https:\/\/secure.gravatar.com\/avatar\/42958a1cf007f1a00534009218c72590?s=96&d=mm&r=g\",\"contentUrl\":\"https:\/\/secure.gravatar.com\/avatar\/42958a1cf007f1a00534009218c72590?s=96&d=mm&r=g\",\"caption\":\"Cl\u00e1udia Barbosa\"}}]}<\/script>\n<!-- \/ Yoast SEO plugin. -->","yoast_head_json":{"title":"Obra da prefeitura avan\u00e7a na Torquato Tapaj\u00f3s e chega a 65% dos servi\u00e7os conclu\u00eddos","description":"A obra de conten\u00e7\u00e3o na avenida Torquato Tapaj\u00f3s avan\u00e7a neste s\u00e1bado, 25\/3, e chega a 65% de execu\u00e7\u00e3o.","robots":{"index":"index","follow":"follow","max-snippet":"max-snippet:-1","max-image-preview":"max-image-preview:large","max-video-preview":"max-video-preview:-1"},"canonical":"https:\/\/www.manaus.am.gov.br\/semcom\/obra-da-prefeitura-avanca-na-torquato-tapajos-e-chega-a-65-dos-servicos-concluidos\/","og_locale":"pt_BR","og_type":"article","og_title":"Obra da prefeitura avan\u00e7a na Torquato Tapaj\u00f3s e chega a 65% dos servi\u00e7os conclu\u00eddos","og_description":"A obra de conten\u00e7\u00e3o na avenida Torquato Tapaj\u00f3s avan\u00e7a neste s\u00e1bado, 25\/3, e chega a 65% de execu\u00e7\u00e3o.","og_url":"https:\/\/www.manaus.am.gov.br\/semcom\/obra-da-prefeitura-avanca-na-torquato-tapajos-e-chega-a-65-dos-servicos-concluidos\/","og_site_name":"SEMCOM","article_published_time":"2023-03-25T19:24:11+00:00","article_modified_time":"2023-03-25T19:24:12+00:00","og_image":[{"width":1600,"height":900,"url":"https:\/\/www.manaus.am.gov.br\/semcom\/wp-content\/uploads\/sites\/5\/2023\/03\/Obra-da-prefeitura-avanca-na-Torquato-Tapajos-e-chega-a-65-dos-servicos-concluidos-3.jpeg","type":"image\/jpeg"}],"author":"Cl\u00e1udia Barbosa","twitter_card":"summary_large_image","twitter_misc":{"Written by":"Cl\u00e1udia Barbosa","Est. reading time":"2 minutos"},"schema":{"@context":"https:\/\/schema.org","@graph":[{"@type":"WebPage","@id":"https:\/\/www.manaus.am.gov.br\/semcom\/obra-da-prefeitura-avanca-na-torquato-tapajos-e-chega-a-65-dos-servicos-concluidos\/","url":"https:\/\/www.manaus.am.gov.br\/semcom\/obra-da-prefeitura-avanca-na-torquato-tapajos-e-chega-a-65-dos-servicos-concluidos\/","name":"Obra da prefeitura avan\u00e7a na Torquato Tapaj\u00f3s e chega a 65% dos servi\u00e7os conclu\u00eddos","isPartOf":{"@id":"https:\/\/www.manaus.am.gov.br\/semcom\/#website"},"primaryImageOfPage":{"@id":"https:\/\/www.manaus.am.gov.br\/semcom\/obra-da-prefeitura-avanca-na-torquato-tapajos-e-chega-a-65-dos-servicos-concluidos\/#primaryimage"},"image":{"@id":"https:\/\/www.manaus.am.gov.br\/semcom\/obra-da-prefeitura-avanca-na-torquato-tapajos-e-chega-a-65-dos-servicos-concluidos\/#primaryimage"},"thumbnailUrl":"https:\/\/www.manaus.am.gov.br\/semcom\/wp-content\/uploads\/sites\/5\/2023\/03\/Obra-da-prefeitura-avanca-na-Torquato-Tapajos-e-chega-a-65-dos-servicos-concluidos-3.jpeg","datePublished":"2023-03-25T19:24:11+00:00","dateModified":"2023-03-25T19:24:12+00:00","author":{"@id":"https:\/\/www.manaus.am.gov.br\/semcom\/#\/schema\/person\/d0a166b5031154c33c77794ddc9a827e"},"description":"A obra de conten\u00e7\u00e3o na avenida Torquato Tapaj\u00f3s avan\u00e7a neste s\u00e1bado, 25\/3, e chega a 65% de execu\u00e7\u00e3o.","inLanguage":"pt-BR","potentialAction":[{"@type":"ReadAction","target":["https:\/\/www.manaus.am.gov.br\/semcom\/obra-da-prefeitura-avanca-na-torquato-tapajos-e-chega-a-65-dos-servicos-concluidos\/"]}]},{"@type":"ImageObject","inLanguage":"pt-BR","@id":"https:\/\/www.manaus.am.gov.br\/semcom\/obra-da-prefeitura-avanca-na-torquato-tapajos-e-chega-a-65-dos-servicos-concluidos\/#primaryimage","url":"https:\/\/www.manaus.am.gov.br\/semcom\/wp-content\/uploads\/sites\/5\/2023\/03\/Obra-da-prefeitura-avanca-na-Torquato-Tapajos-e-chega-a-65-dos-servicos-concluidos-3.jpeg","contentUrl":"https:\/\/www.manaus.am.gov.br\/semcom\/wp-content\/uploads\/sites\/5\/2023\/03\/Obra-da-prefeitura-avanca-na-Torquato-Tapajos-e-chega-a-65-dos-servicos-concluidos-3.jpeg","width":1600,"height":900},{"@type":"WebSite","@id":"https:\/\/www.manaus.am.gov.br\/semcom\/#website","url":"https:\/\/www.manaus.am.gov.br\/semcom\/","name":"SEMCOM","description":"Secretaria Municipal de Comunica\u00e7\u00e3o","potentialAction":[{"@type":"SearchAction","target":{"@type":"EntryPoint","urlTemplate":"https:\/\/www.manaus.am.gov.br\/semcom\/?s={search_term_string}"},"query-input":"required name=search_term_string"}],"inLanguage":"pt-BR"},{"@type":"Person","@id":"https:\/\/www.manaus.am.gov.br\/semcom\/#\/schema\/person\/d0a166b5031154c33c77794ddc9a827e","name":"Cl\u00e1udia Barbosa","image":{"@type":"ImageObject","inLanguage":"pt-BR","@id":"https:\/\/www.manaus.am.gov.br\/semcom\/#\/schema\/person\/image\/","url":"https:\/\/secure.gravatar.com\/avatar\/42958a1cf007f1a00534009218c72590?s=96&d=mm&r=g","contentUrl":"https:\/\/secure.gravatar.com\/avatar\/42958a1cf007f1a00534009218c72590?s=96&d=mm&r=g","caption":"Cl\u00e1udia Barbosa"}}]}},"_links":{"self":[{"href":"https:\/\/www.manaus.am.gov.br\/semcom\/wp-json\/wp\/v2\/posts\/211126"}],"collection":[{"href":"https:\/\/www.manaus.am.gov.br\/semcom\/wp-json\/wp\/v2\/posts"}],"about":[{"href":"https:\/\/www.manaus.am.gov.br\/semcom\/wp-json\/wp\/v2\/types\/post"}],"author":[{"embeddable":true,"href":"https:\/\/www.manaus.am.gov.br\/semcom\/wp-json\/wp\/v2\/users\/24"}],"replies":[{"embeddable":true,"href":"https:\/\/www.manaus.am.gov.br\/semcom\/wp-json\/wp\/v2\/comments?post=211126"}],"version-history":[{"count":0,"href":"https:\/\/www.manaus.am.gov.br\/semcom\/wp-json\/wp\/v2\/posts\/211126\/revisions"}],"wp:featuredmedia":[{"embeddable":true,"href":"https:\/\/www.manaus.am.gov.br\/semcom\/wp-json\/wp\/v2\/media\/211127"}],"wp:attachment":[{"href":"https:\/\/www.manaus.am.gov.br\/semcom\/wp-json\/wp\/v2\/media?parent=211126"}],"wp:term":[{"taxonomy":"category","embeddable":true,"href":"https:\/\/www.manaus.am.gov.br\/semcom\/wp-json\/wp\/v2\/categories?post=211126"},{"taxonomy":"post_tag","embeddable":true,"href":"https:\/\/www.manaus.am.gov.br\/semcom\/wp-json\/wp\/v2\/tags?post=211126"}],"curies":[{"name":"wp","href":"https:\/\/api.w.org\/{rel}","templated":true}]}}