{"id":211002,"date":"2022-10-27T15:15:00","date_gmt":"2022-10-27T18:15:00","guid":{"rendered":"https:\/\/www.manaus.am.gov.br\/semcom\/prefeito-david-almeida-e-vice-prefeito-marcos-rotta-desmentem-dossie-ilegal-vazado\/"},"modified":"2023-03-23T17:18:49","modified_gmt":"2023-03-23T20:18:49","slug":"prefeito-david-almeida-e-vice-prefeito-marcos-rotta-desmentem-dossie-ilegal-vazado","status":"publish","type":"post","link":"https:\/\/www.manaus.am.gov.br\/semcom\/prefeito-david-almeida-e-vice-prefeito-marcos-rotta-desmentem-dossie-ilegal-vazado\/","title":{"rendered":"Prefeito David Almeida e vice-prefeito Marcos Rotta desmentem dossi\u00ea ilegal vazado"},"content":{"rendered":"\n<p>O prefeito de Manaus, David Almeida, e o vice-prefeito Marcos Rotta, realizaram, na manh\u00e3 desta quinta-feira, 27\/10, uma coletiva de imprensa onde desmentiram as acusa\u00e7\u00f5es divulgadas em um dossi\u00ea ilegal vazado da Secretaria Executiva Adjunta de Intelig\u00eancia (Seai), \u00f3rg\u00e3o vinculado \u00e0 Secretaria de Estado de Seguran\u00e7a P\u00fablica do Amazonas (Sispeam) e divulgado em ve\u00edculos de comunica\u00e7\u00e3o nacional.<\/p>\n\n\n\n<p>\u201cIsso aqui \u00e9 a indigna\u00e7\u00e3o do inocente que est\u00e1 sendo atacado. J\u00e1 chega disso! Esse dossi\u00ea n\u00e3o tem base legal nenhuma, n\u00e3o tem nenhum sentido, tanto que desde 2021 est\u00e1 l\u00e1 no Minist\u00e9rio P\u00fablico (MP-AM) e n\u00e3o gerou inqu\u00e9rito nenhum, nenhuma a\u00e7\u00e3o. Isso \u00e9 s\u00f3 para constranger a poucos dias da elei\u00e7\u00e3o. Foram encontradas mais de 30 inconsist\u00eancias nesse relat\u00f3rio. E repito aqui, sou s\u00edndico desta cidade, sou aquele que a popula\u00e7\u00e3o escolheu e uma acusa\u00e7\u00e3o falsa dessa n\u00e3o vai macular o trabalho que tenho feito junto com o Marcos Rotta\u201d, enfatizou Almeida.<\/p>\n\n\n\n<p>Produzido em 4 de novembro de 2020, o suposto dossi\u00ea foi encaminhado ao MP-AM em 8 de julho de 2021. Poucos dias depois, o ent\u00e3o secret\u00e1rio da Seai e outros servidores foram presos na opera\u00e7\u00e3o \u201cGarimpo Urbano\u201d.<\/p>\n\n\n\n<p>Contendo 62 p\u00e1ginas, o dossi\u00ea ilegal aponta os nomes do prefeito e do vice-prefeito em poucas mais de duas linhas de texto. Os supostos \u00e1udios foram solicitados pela defesa do prefeito de Manaus e apresentados a todos os presentes no audit\u00f3rio da sede da prefeitura, no bairro Compensa, zona Oeste, onde foi poss\u00edvel comprovar que a conversa n\u00e3o possui as vozes de David Almeida e muito menos de Marcos Rotta.<\/p>\n\n\n\n<p>Durante a coletiva, o prefeito de Manaus afirmou que ir\u00e1 tomar as medidas cab\u00edveis contra os autores do dossi\u00ea, quem vazou do Minist\u00e9rio P\u00fablico o documento e quem publicou a fake news.<\/p>\n\n\n\n<p>\u201cA poucos dias das elei\u00e7\u00f5es do segundo turno, Marcos Rotta e eu estamos sendo v\u00edtimas de uma conversa de criminosos, um dossi\u00ea feito por criminosos e, de forma criminosa, vazado. Comete crime quem fez o dossi\u00ea, quem divulgou, quem compartilhou a informa\u00e7\u00e3o do dossi\u00ea, quem publicou a informa\u00e7\u00e3o, quem comentou e ofendeu o prefeito e o vice-prefeito. N\u00f3s temos mais de 700 pessoas que ser\u00e3o processadas. Chega de gracinha. Vamos processar a todos. Quebra de sigilo funcional \u00e9 crime\u201d, afirmou o prefeito.<\/p>\n\n\n\n<p>O vice-prefeito de Manaus, Marcos Rotta, fez quest\u00e3o de classificar como maldosa e covarde a atua\u00e7\u00e3o da pessoa que produziu o dossi\u00ea ilegal, principalmente pelo fato de ele n\u00e3o ter sido sequer assinado, e ainda salientou que essa \u00e9 a gest\u00e3o municipal que mais trabalhou e vem mudando a realidade da capital amazonense, fato que incomoda opositores.<\/p>\n\n\n\n<p>\u201cPoder\u00edamos estar nas ruas levando melhorias e benfeitorias \u00e0 popula\u00e7\u00e3o de Manaus, como temos feito todos os dias, mas a gente tem que vir se defender de algo que n\u00e3o tem p\u00e9 e nem cabe\u00e7a,&nbsp;de algu\u00e9m que \u00e9 inconsistente, de algo que n\u00e3o leva sequer a assinatura,&nbsp;porque o covarde que produziu esse dossi\u00ea, nem ele acreditou nesse monte de baboseiras, que ele nem teve coragem de assinar. Al\u00e9m de promover uma maldade, ele \u00e9 covarde por n\u00e3o assinar esse dossi\u00ea fantasioso. Ao fim desta gest\u00e3o, eu n\u00e3o tenho d\u00favida que ser\u00e1 a gest\u00e3o mais exitosa da hist\u00f3ria de Manaus. Isso faz com que muita gente se incomode, principalmente por ver uma gest\u00e3o trabalhadora\u201d, destacou Rotta.<\/p>\n\n\n\n<p>O titular da Secretaria Municipal de Seguran\u00e7a P\u00fablica e Defesa Social (Semseg), delegado S\u00e9rgio Fontes, informou que j\u00e1 foi solicitado \u00e0 Secretaria de Estado de Seguran\u00e7a P\u00fablica do Amazonas (SSP-AM) que um inqu\u00e9rito seja aberto para determinar o respons\u00e1vel pelo vazamento do dossi\u00ea ilegal e que uma lista de inconsist\u00eancia presente no documento est\u00e1 sendo entregue aos advogados do prefeito David Almeida.<\/p>\n\n\n\n<p>\u201cN\u00f3s obtivemos esse documento h\u00e1 pouco tempo e ainda estamos analisando. Esse dossi\u00ea n\u00e3o tem n\u00famero, n\u00e3o tem assinatura, n\u00e3o tem autoriza\u00e7\u00e3o judicial para quebra de sigilo. Enfim, s\u00e3o tantas inconsist\u00eancias que cansaria a todos s\u00f3 de listar. Elas est\u00e3o sendo listadas para que os advogados do prefeito busquem uma repara\u00e7\u00e3o civil, uma repara\u00e7\u00e3o criminal, que a gente busque apurar quem cometeu crime na elabora\u00e7\u00e3o do relat\u00f3rio e no vazamento a pouco dias das elei\u00e7\u00f5es. Isso certamente a Secretaria de Seguran\u00e7a vai apurar\u201d, disse Fontes.<\/p>\n\n\n\n<p>A Procuradoria Geral do Munic\u00edpio (PGM), por meio do procurador-geral Ivson Co\u00ealho, informa que j\u00e1 solicitou do MP-AM e da SSP-AM, que sejam tomadas as medidas cab\u00edveis para que se descubra o autor do dossi\u00ea e tamb\u00e9m quem vazou o documento ilegal. \u201cUm documento ap\u00f3crifo que n\u00e3o tem assinatura de ningu\u00e9m que n\u00e3o faz qualquer alus\u00e3o a qualquer procedimento pr\u00e9vio investigat\u00f3rio. Ent\u00e3o, j\u00e1 solicitamos aos \u00f3rg\u00e3os que fa\u00e7am apura\u00e7\u00e3o para buscar o servidor, que possivelmente tenha cometido a ilegalidade de vazar esse documento, para buscar a justeza do comportamento do prefeito\u201d, explicou Ivson Co\u00ealho.<\/p>\n\n\n\n<hr class=\"wp-block-separator has-alpha-channel-opacity\"\/>\n\n\n\n<p><strong>Texto \u2013<\/strong>&nbsp;Thiago Fernando \/ Semcom<br><strong>Fotos \u2013<\/strong>&nbsp;Dhyeizo Lemos e Jo\u00e3o Viana \/ Semcom<br><strong>Dispon\u00edveis em \u2013&nbsp;<\/strong><a href=\"https:\/\/flic.kr\/s\/aHBqjAcQGn\">https:\/\/flic.kr\/s\/aHBqjAcQGn<\/a><\/p>\n","protected":false},"excerpt":{"rendered":"","protected":false},"author":27,"featured_media":211003,"comment_status":"closed","ping_status":"closed","sticky":false,"template":"","format":"standard","meta":{"footnotes":""},"categories":[139],"tags":[],"acf":[],"yoast_head":"<!-- This site is optimized with the Yoast SEO plugin v23.0 - https:\/\/yoast.com\/wordpress\/plugins\/seo\/ -->\n<title>Prefeito David Almeida e vice-prefeito Marcos Rotta desmentem dossi\u00ea ilegal vazado - SEMCOM<\/title>\n<meta name=\"robots\" content=\"index, follow, max-snippet:-1, max-image-preview:large, max-video-preview:-1\" \/>\n<link rel=\"canonical\" href=\"https:\/\/www.manaus.am.gov.br\/semcom\/prefeito-david-almeida-e-vice-prefeito-marcos-rotta-desmentem-dossie-ilegal-vazado\/\" \/>\n<meta property=\"og:locale\" content=\"pt_BR\" \/>\n<meta property=\"og:type\" content=\"article\" \/>\n<meta property=\"og:title\" content=\"Prefeito David Almeida e vice-prefeito Marcos Rotta desmentem dossi\u00ea ilegal vazado - SEMCOM\" \/>\n<meta property=\"og:url\" content=\"https:\/\/www.manaus.am.gov.br\/semcom\/prefeito-david-almeida-e-vice-prefeito-marcos-rotta-desmentem-dossie-ilegal-vazado\/\" \/>\n<meta property=\"og:site_name\" content=\"SEMCOM\" \/>\n<meta property=\"article:published_time\" content=\"2022-10-27T18:15:00+00:00\" \/>\n<meta property=\"article:modified_time\" content=\"2023-03-23T20:18:49+00:00\" \/>\n<meta property=\"og:image\" content=\"https:\/\/www.manaus.am.gov.br\/semcom\/wp-content\/uploads\/sites\/5\/2023\/03\/Prefeito-David-Almeida-e-vice-prefeito-Marcos-Rotta-desmentem-dossie-ilegal-vazado.jpg\" \/>\n\t<meta property=\"og:image:width\" content=\"720\" \/>\n\t<meta property=\"og:image:height\" content=\"407\" \/>\n\t<meta property=\"og:image:type\" content=\"image\/jpeg\" \/>\n<meta name=\"author\" content=\"Imarketing Digital\" \/>\n<meta name=\"twitter:card\" content=\"summary_large_image\" \/>\n<meta name=\"twitter:label1\" content=\"Written by\" \/>\n\t<meta name=\"twitter:data1\" content=\"Imarketing Digital\" \/>\n\t<meta name=\"twitter:label2\" content=\"Est. reading time\" \/>\n\t<meta name=\"twitter:data2\" content=\"5 minutos\" \/>\n<script type=\"application\/ld+json\" class=\"yoast-schema-graph\">{\"@context\":\"https:\/\/schema.org\",\"@graph\":[{\"@type\":\"WebPage\",\"@id\":\"https:\/\/www.manaus.am.gov.br\/semcom\/prefeito-david-almeida-e-vice-prefeito-marcos-rotta-desmentem-dossie-ilegal-vazado\/\",\"url\":\"https:\/\/www.manaus.am.gov.br\/semcom\/prefeito-david-almeida-e-vice-prefeito-marcos-rotta-desmentem-dossie-ilegal-vazado\/\",\"name\":\"Prefeito David Almeida e vice-prefeito Marcos Rotta desmentem dossi\u00ea ilegal vazado - SEMCOM\",\"isPartOf\":{\"@id\":\"https:\/\/www.manaus.am.gov.br\/semcom\/#website\"},\"primaryImageOfPage\":{\"@id\":\"https:\/\/www.manaus.am.gov.br\/semcom\/prefeito-david-almeida-e-vice-prefeito-marcos-rotta-desmentem-dossie-ilegal-vazado\/#primaryimage\"},\"image\":{\"@id\":\"https:\/\/www.manaus.am.gov.br\/semcom\/prefeito-david-almeida-e-vice-prefeito-marcos-rotta-desmentem-dossie-ilegal-vazado\/#primaryimage\"},\"thumbnailUrl\":\"https:\/\/www.manaus.am.gov.br\/semcom\/wp-content\/uploads\/sites\/5\/2023\/03\/Prefeito-David-Almeida-e-vice-prefeito-Marcos-Rotta-desmentem-dossie-ilegal-vazado.jpg\",\"datePublished\":\"2022-10-27T18:15:00+00:00\",\"dateModified\":\"2023-03-23T20:18:49+00:00\",\"author\":{\"@id\":\"https:\/\/www.manaus.am.gov.br\/semcom\/#\/schema\/person\/79525a47ac5902f50493820d995728ee\"},\"inLanguage\":\"pt-BR\",\"potentialAction\":[{\"@type\":\"ReadAction\",\"target\":[\"https:\/\/www.manaus.am.gov.br\/semcom\/prefeito-david-almeida-e-vice-prefeito-marcos-rotta-desmentem-dossie-ilegal-vazado\/\"]}]},{\"@type\":\"ImageObject\",\"inLanguage\":\"pt-BR\",\"@id\":\"https:\/\/www.manaus.am.gov.br\/semcom\/prefeito-david-almeida-e-vice-prefeito-marcos-rotta-desmentem-dossie-ilegal-vazado\/#primaryimage\",\"url\":\"https:\/\/www.manaus.am.gov.br\/semcom\/wp-content\/uploads\/sites\/5\/2023\/03\/Prefeito-David-Almeida-e-vice-prefeito-Marcos-Rotta-desmentem-dossie-ilegal-vazado.jpg\",\"contentUrl\":\"https:\/\/www.manaus.am.gov.br\/semcom\/wp-content\/uploads\/sites\/5\/2023\/03\/Prefeito-David-Almeida-e-vice-prefeito-Marcos-Rotta-desmentem-dossie-ilegal-vazado.jpg\",\"width\":720,\"height\":407,\"caption\":\"Prefeito David Almeida e vice-prefeito Marcos Rotta desmentem dossi\u00ea ilegal vazado\"},{\"@type\":\"WebSite\",\"@id\":\"https:\/\/www.manaus.am.gov.br\/semcom\/#website\",\"url\":\"https:\/\/www.manaus.am.gov.br\/semcom\/\",\"name\":\"SEMCOM\",\"description\":\"Secretaria Municipal de Comunica\u00e7\u00e3o\",\"potentialAction\":[{\"@type\":\"SearchAction\",\"target\":{\"@type\":\"EntryPoint\",\"urlTemplate\":\"https:\/\/www.manaus.am.gov.br\/semcom\/?s={search_term_string}\"},\"query-input\":\"required name=search_term_string\"}],\"inLanguage\":\"pt-BR\"},{\"@type\":\"Person\",\"@id\":\"https:\/\/www.manaus.am.gov.br\/semcom\/#\/schema\/person\/79525a47ac5902f50493820d995728ee\",\"name\":\"Imarketing Digital\",\"image\":{\"@type\":\"ImageObject\",\"inLanguage\":\"pt-BR\",\"@id\":\"https:\/\/www.manaus.am.gov.br\/semcom\/#\/schema\/person\/image\/\",\"url\":\"https:\/\/secure.gravatar.com\/avatar\/03432d3c57b756ed9760f7019c815a3a?s=96&d=mm&r=g\",\"contentUrl\":\"https:\/\/secure.gravatar.com\/avatar\/03432d3c57b756ed9760f7019c815a3a?s=96&d=mm&r=g\",\"caption\":\"Imarketing Digital\"}}]}<\/script>\n<!-- \/ Yoast SEO plugin. -->","yoast_head_json":{"title":"Prefeito David Almeida e vice-prefeito Marcos Rotta desmentem dossi\u00ea ilegal vazado - SEMCOM","robots":{"index":"index","follow":"follow","max-snippet":"max-snippet:-1","max-image-preview":"max-image-preview:large","max-video-preview":"max-video-preview:-1"},"canonical":"https:\/\/www.manaus.am.gov.br\/semcom\/prefeito-david-almeida-e-vice-prefeito-marcos-rotta-desmentem-dossie-ilegal-vazado\/","og_locale":"pt_BR","og_type":"article","og_title":"Prefeito David Almeida e vice-prefeito Marcos Rotta desmentem dossi\u00ea ilegal vazado - SEMCOM","og_url":"https:\/\/www.manaus.am.gov.br\/semcom\/prefeito-david-almeida-e-vice-prefeito-marcos-rotta-desmentem-dossie-ilegal-vazado\/","og_site_name":"SEMCOM","article_published_time":"2022-10-27T18:15:00+00:00","article_modified_time":"2023-03-23T20:18:49+00:00","og_image":[{"width":720,"height":407,"url":"https:\/\/www.manaus.am.gov.br\/semcom\/wp-content\/uploads\/sites\/5\/2023\/03\/Prefeito-David-Almeida-e-vice-prefeito-Marcos-Rotta-desmentem-dossie-ilegal-vazado.jpg","type":"image\/jpeg"}],"author":"Imarketing Digital","twitter_card":"summary_large_image","twitter_misc":{"Written by":"Imarketing Digital","Est. reading time":"5 minutos"},"schema":{"@context":"https:\/\/schema.org","@graph":[{"@type":"WebPage","@id":"https:\/\/www.manaus.am.gov.br\/semcom\/prefeito-david-almeida-e-vice-prefeito-marcos-rotta-desmentem-dossie-ilegal-vazado\/","url":"https:\/\/www.manaus.am.gov.br\/semcom\/prefeito-david-almeida-e-vice-prefeito-marcos-rotta-desmentem-dossie-ilegal-vazado\/","name":"Prefeito David Almeida e vice-prefeito Marcos Rotta desmentem dossi\u00ea ilegal vazado - SEMCOM","isPartOf":{"@id":"https:\/\/www.manaus.am.gov.br\/semcom\/#website"},"primaryImageOfPage":{"@id":"https:\/\/www.manaus.am.gov.br\/semcom\/prefeito-david-almeida-e-vice-prefeito-marcos-rotta-desmentem-dossie-ilegal-vazado\/#primaryimage"},"image":{"@id":"https:\/\/www.manaus.am.gov.br\/semcom\/prefeito-david-almeida-e-vice-prefeito-marcos-rotta-desmentem-dossie-ilegal-vazado\/#primaryimage"},"thumbnailUrl":"https:\/\/www.manaus.am.gov.br\/semcom\/wp-content\/uploads\/sites\/5\/2023\/03\/Prefeito-David-Almeida-e-vice-prefeito-Marcos-Rotta-desmentem-dossie-ilegal-vazado.jpg","datePublished":"2022-10-27T18:15:00+00:00","dateModified":"2023-03-23T20:18:49+00:00","author":{"@id":"https:\/\/www.manaus.am.gov.br\/semcom\/#\/schema\/person\/79525a47ac5902f50493820d995728ee"},"inLanguage":"pt-BR","potentialAction":[{"@type":"ReadAction","target":["https:\/\/www.manaus.am.gov.br\/semcom\/prefeito-david-almeida-e-vice-prefeito-marcos-rotta-desmentem-dossie-ilegal-vazado\/"]}]},{"@type":"ImageObject","inLanguage":"pt-BR","@id":"https:\/\/www.manaus.am.gov.br\/semcom\/prefeito-david-almeida-e-vice-prefeito-marcos-rotta-desmentem-dossie-ilegal-vazado\/#primaryimage","url":"https:\/\/www.manaus.am.gov.br\/semcom\/wp-content\/uploads\/sites\/5\/2023\/03\/Prefeito-David-Almeida-e-vice-prefeito-Marcos-Rotta-desmentem-dossie-ilegal-vazado.jpg","contentUrl":"https:\/\/www.manaus.am.gov.br\/semcom\/wp-content\/uploads\/sites\/5\/2023\/03\/Prefeito-David-Almeida-e-vice-prefeito-Marcos-Rotta-desmentem-dossie-ilegal-vazado.jpg","width":720,"height":407,"caption":"Prefeito David Almeida e vice-prefeito Marcos Rotta desmentem dossi\u00ea ilegal vazado"},{"@type":"WebSite","@id":"https:\/\/www.manaus.am.gov.br\/semcom\/#website","url":"https:\/\/www.manaus.am.gov.br\/semcom\/","name":"SEMCOM","description":"Secretaria Municipal de Comunica\u00e7\u00e3o","potentialAction":[{"@type":"SearchAction","target":{"@type":"EntryPoint","urlTemplate":"https:\/\/www.manaus.am.gov.br\/semcom\/?s={search_term_string}"},"query-input":"required name=search_term_string"}],"inLanguage":"pt-BR"},{"@type":"Person","@id":"https:\/\/www.manaus.am.gov.br\/semcom\/#\/schema\/person\/79525a47ac5902f50493820d995728ee","name":"Imarketing Digital","image":{"@type":"ImageObject","inLanguage":"pt-BR","@id":"https:\/\/www.manaus.am.gov.br\/semcom\/#\/schema\/person\/image\/","url":"https:\/\/secure.gravatar.com\/avatar\/03432d3c57b756ed9760f7019c815a3a?s=96&d=mm&r=g","contentUrl":"https:\/\/secure.gravatar.com\/avatar\/03432d3c57b756ed9760f7019c815a3a?s=96&d=mm&r=g","caption":"Imarketing Digital"}}]}},"_links":{"self":[{"href":"https:\/\/www.manaus.am.gov.br\/semcom\/wp-json\/wp\/v2\/posts\/211002"}],"collection":[{"href":"https:\/\/www.manaus.am.gov.br\/semcom\/wp-json\/wp\/v2\/posts"}],"about":[{"href":"https:\/\/www.manaus.am.gov.br\/semcom\/wp-json\/wp\/v2\/types\/post"}],"author":[{"embeddable":true,"href":"https:\/\/www.manaus.am.gov.br\/semcom\/wp-json\/wp\/v2\/users\/27"}],"replies":[{"embeddable":true,"href":"https:\/\/www.manaus.am.gov.br\/semcom\/wp-json\/wp\/v2\/comments?post=211002"}],"version-history":[{"count":0,"href":"https:\/\/www.manaus.am.gov.br\/semcom\/wp-json\/wp\/v2\/posts\/211002\/revisions"}],"wp:featuredmedia":[{"embeddable":true,"href":"https:\/\/www.manaus.am.gov.br\/semcom\/wp-json\/wp\/v2\/media\/211003"}],"wp:attachment":[{"href":"https:\/\/www.manaus.am.gov.br\/semcom\/wp-json\/wp\/v2\/media?parent=211002"}],"wp:term":[{"taxonomy":"category","embeddable":true,"href":"https:\/\/www.manaus.am.gov.br\/semcom\/wp-json\/wp\/v2\/categories?post=211002"},{"taxonomy":"post_tag","embeddable":true,"href":"https:\/\/www.manaus.am.gov.br\/semcom\/wp-json\/wp\/v2\/tags?post=211002"}],"curies":[{"name":"wp","href":"https:\/\/api.w.org\/{rel}","templated":true}]}}