{"id":210997,"date":"2022-02-28T14:05:58","date_gmt":"2022-02-28T17:05:58","guid":{"rendered":"https:\/\/www.manaus.am.gov.br\/semcom\/semed-desmente-fake-news-sobre-desativacao-de-escola-sem-aviso-previo\/"},"modified":"2023-03-23T17:14:38","modified_gmt":"2023-03-23T20:14:38","slug":"semed-desmente-fake-news-sobre-desativacao-de-escola-sem-aviso-previo","status":"publish","type":"post","link":"https:\/\/www.manaus.am.gov.br\/semcom\/semed-desmente-fake-news-sobre-desativacao-de-escola-sem-aviso-previo\/","title":{"rendered":"Semed desmente fake news sobre desativa\u00e7\u00e3o de escola sem aviso pr\u00e9vio"},"content":{"rendered":"\n<p>A Prefeitura de Manaus, por meio da Secretaria Municipal de Educa\u00e7\u00e3o (Semed), comunica que n\u00e3o procede a informa\u00e7\u00e3o divulgada nesta segunda-feira, 28\/2, de que funcion\u00e1rios e pais n\u00e3o foram consultados sobre a desativa\u00e7\u00e3o da escola municipal Marechal C\u00e2ndido Rondon, no bairro Tarum\u00e3, zona Oeste, e transfer\u00eancia dos alunos para a escola municipal Santa Rosa 2, tamb\u00e9m no Tarum\u00e3.<\/p>\n\n\n\n<p>A Divis\u00e3o Distrital Zonal (DDZ) Oeste reuniu os funcion\u00e1rios da escola e os pais dos estudantes na sexta-feira, 25\/2, para tratar da desativa\u00e7\u00e3o da unidade, que n\u00e3o tinha mais condi\u00e7\u00f5es estruturais. A Semed vai disponibilizar transporte gratuito todos os dias para que os alunos tenham aulas presenciais, sem preju\u00edzos pedag\u00f3gicos, e a engenharia est\u00e1 em busca de outro local para a constru\u00e7\u00e3o de um novo pr\u00e9dio para receber a demanda da escola Marechal C\u00e2ndido Rondon.<\/p>\n\n\n\n<p>Al\u00e9m da escola Santa Rosa 2, os estudantes tamb\u00e9m ser\u00e3o encaminhados para outras unidades pr\u00f3ximas, como as escolas municipais Prof\u00aa Ana Cristina e Prof\u00aa Dalvina Silva de Oliveira.<\/p>\n\n\n\n<p>&nbsp;<\/p>\n","protected":false},"excerpt":{"rendered":"","protected":false},"author":24,"featured_media":210998,"comment_status":"closed","ping_status":"closed","sticky":false,"template":"","format":"standard","meta":{"footnotes":""},"categories":[139,59],"tags":[1799,2526,2527,2528,2529,2530,140,62,2531],"acf":[],"yoast_head":"<!-- This site is optimized with the Yoast SEO plugin v23.0 - https:\/\/yoast.com\/wordpress\/plugins\/seo\/ -->\n<title>Semed desmente fake news sobre desativa\u00e7\u00e3o de escola sem aviso pr\u00e9vio - SEMCOM<\/title>\n<meta name=\"robots\" content=\"index, follow, max-snippet:-1, max-image-preview:large, max-video-preview:-1\" \/>\n<link rel=\"canonical\" href=\"https:\/\/www.manaus.am.gov.br\/semcom\/semed-desmente-fake-news-sobre-desativacao-de-escola-sem-aviso-previo\/\" \/>\n<meta property=\"og:locale\" content=\"pt_BR\" \/>\n<meta property=\"og:type\" content=\"article\" \/>\n<meta property=\"og:title\" content=\"Semed desmente fake news sobre desativa\u00e7\u00e3o de escola sem aviso pr\u00e9vio - SEMCOM\" \/>\n<meta property=\"og:url\" content=\"https:\/\/www.manaus.am.gov.br\/semcom\/semed-desmente-fake-news-sobre-desativacao-de-escola-sem-aviso-previo\/\" \/>\n<meta property=\"og:site_name\" content=\"SEMCOM\" \/>\n<meta property=\"article:published_time\" content=\"2022-02-28T17:05:58+00:00\" \/>\n<meta property=\"article:modified_time\" content=\"2023-03-23T20:14:38+00:00\" \/>\n<meta property=\"og:image\" content=\"https:\/\/www.manaus.am.gov.br\/semcom\/wp-content\/uploads\/sites\/5\/2023\/03\/Nota-720x407-1.png\" \/>\n\t<meta property=\"og:image:width\" content=\"720\" \/>\n\t<meta property=\"og:image:height\" content=\"407\" \/>\n\t<meta property=\"og:image:type\" content=\"image\/png\" \/>\n<meta name=\"author\" content=\"Cl\u00e1udia Barbosa\" \/>\n<meta name=\"twitter:card\" content=\"summary_large_image\" \/>\n<meta name=\"twitter:label1\" content=\"Written by\" \/>\n\t<meta name=\"twitter:data1\" content=\"Cl\u00e1udia Barbosa\" \/>\n\t<meta name=\"twitter:label2\" content=\"Est. reading time\" \/>\n\t<meta name=\"twitter:data2\" content=\"1 minuto\" \/>\n<script type=\"application\/ld+json\" class=\"yoast-schema-graph\">{\"@context\":\"https:\/\/schema.org\",\"@graph\":[{\"@type\":\"WebPage\",\"@id\":\"https:\/\/www.manaus.am.gov.br\/semcom\/semed-desmente-fake-news-sobre-desativacao-de-escola-sem-aviso-previo\/\",\"url\":\"https:\/\/www.manaus.am.gov.br\/semcom\/semed-desmente-fake-news-sobre-desativacao-de-escola-sem-aviso-previo\/\",\"name\":\"Semed desmente fake news sobre desativa\u00e7\u00e3o de escola sem aviso pr\u00e9vio - SEMCOM\",\"isPartOf\":{\"@id\":\"https:\/\/www.manaus.am.gov.br\/semcom\/#website\"},\"primaryImageOfPage\":{\"@id\":\"https:\/\/www.manaus.am.gov.br\/semcom\/semed-desmente-fake-news-sobre-desativacao-de-escola-sem-aviso-previo\/#primaryimage\"},\"image\":{\"@id\":\"https:\/\/www.manaus.am.gov.br\/semcom\/semed-desmente-fake-news-sobre-desativacao-de-escola-sem-aviso-previo\/#primaryimage\"},\"thumbnailUrl\":\"https:\/\/www.manaus.am.gov.br\/semcom\/wp-content\/uploads\/sites\/5\/2023\/03\/Nota-720x407-1.png\",\"datePublished\":\"2022-02-28T17:05:58+00:00\",\"dateModified\":\"2023-03-23T20:14:38+00:00\",\"author\":{\"@id\":\"https:\/\/www.manaus.am.gov.br\/semcom\/#\/schema\/person\/d0a166b5031154c33c77794ddc9a827e\"},\"inLanguage\":\"pt-BR\",\"potentialAction\":[{\"@type\":\"ReadAction\",\"target\":[\"https:\/\/www.manaus.am.gov.br\/semcom\/semed-desmente-fake-news-sobre-desativacao-de-escola-sem-aviso-previo\/\"]}]},{\"@type\":\"ImageObject\",\"inLanguage\":\"pt-BR\",\"@id\":\"https:\/\/www.manaus.am.gov.br\/semcom\/semed-desmente-fake-news-sobre-desativacao-de-escola-sem-aviso-previo\/#primaryimage\",\"url\":\"https:\/\/www.manaus.am.gov.br\/semcom\/wp-content\/uploads\/sites\/5\/2023\/03\/Nota-720x407-1.png\",\"contentUrl\":\"https:\/\/www.manaus.am.gov.br\/semcom\/wp-content\/uploads\/sites\/5\/2023\/03\/Nota-720x407-1.png\",\"width\":720,\"height\":407,\"caption\":\"Nota\"},{\"@type\":\"WebSite\",\"@id\":\"https:\/\/www.manaus.am.gov.br\/semcom\/#website\",\"url\":\"https:\/\/www.manaus.am.gov.br\/semcom\/\",\"name\":\"SEMCOM\",\"description\":\"Secretaria Municipal de Comunica\u00e7\u00e3o\",\"potentialAction\":[{\"@type\":\"SearchAction\",\"target\":{\"@type\":\"EntryPoint\",\"urlTemplate\":\"https:\/\/www.manaus.am.gov.br\/semcom\/?s={search_term_string}\"},\"query-input\":\"required name=search_term_string\"}],\"inLanguage\":\"pt-BR\"},{\"@type\":\"Person\",\"@id\":\"https:\/\/www.manaus.am.gov.br\/semcom\/#\/schema\/person\/d0a166b5031154c33c77794ddc9a827e\",\"name\":\"Cl\u00e1udia Barbosa\",\"image\":{\"@type\":\"ImageObject\",\"inLanguage\":\"pt-BR\",\"@id\":\"https:\/\/www.manaus.am.gov.br\/semcom\/#\/schema\/person\/image\/\",\"url\":\"https:\/\/secure.gravatar.com\/avatar\/42958a1cf007f1a00534009218c72590?s=96&d=mm&r=g\",\"contentUrl\":\"https:\/\/secure.gravatar.com\/avatar\/42958a1cf007f1a00534009218c72590?s=96&d=mm&r=g\",\"caption\":\"Cl\u00e1udia Barbosa\"}}]}<\/script>\n<!-- \/ Yoast SEO plugin. -->","yoast_head_json":{"title":"Semed desmente fake news sobre desativa\u00e7\u00e3o de escola sem aviso pr\u00e9vio - SEMCOM","robots":{"index":"index","follow":"follow","max-snippet":"max-snippet:-1","max-image-preview":"max-image-preview:large","max-video-preview":"max-video-preview:-1"},"canonical":"https:\/\/www.manaus.am.gov.br\/semcom\/semed-desmente-fake-news-sobre-desativacao-de-escola-sem-aviso-previo\/","og_locale":"pt_BR","og_type":"article","og_title":"Semed desmente fake news sobre desativa\u00e7\u00e3o de escola sem aviso pr\u00e9vio - SEMCOM","og_url":"https:\/\/www.manaus.am.gov.br\/semcom\/semed-desmente-fake-news-sobre-desativacao-de-escola-sem-aviso-previo\/","og_site_name":"SEMCOM","article_published_time":"2022-02-28T17:05:58+00:00","article_modified_time":"2023-03-23T20:14:38+00:00","og_image":[{"width":720,"height":407,"url":"https:\/\/www.manaus.am.gov.br\/semcom\/wp-content\/uploads\/sites\/5\/2023\/03\/Nota-720x407-1.png","type":"image\/png"}],"author":"Cl\u00e1udia Barbosa","twitter_card":"summary_large_image","twitter_misc":{"Written by":"Cl\u00e1udia Barbosa","Est. reading time":"1 minuto"},"schema":{"@context":"https:\/\/schema.org","@graph":[{"@type":"WebPage","@id":"https:\/\/www.manaus.am.gov.br\/semcom\/semed-desmente-fake-news-sobre-desativacao-de-escola-sem-aviso-previo\/","url":"https:\/\/www.manaus.am.gov.br\/semcom\/semed-desmente-fake-news-sobre-desativacao-de-escola-sem-aviso-previo\/","name":"Semed desmente fake news sobre desativa\u00e7\u00e3o de escola sem aviso pr\u00e9vio - SEMCOM","isPartOf":{"@id":"https:\/\/www.manaus.am.gov.br\/semcom\/#website"},"primaryImageOfPage":{"@id":"https:\/\/www.manaus.am.gov.br\/semcom\/semed-desmente-fake-news-sobre-desativacao-de-escola-sem-aviso-previo\/#primaryimage"},"image":{"@id":"https:\/\/www.manaus.am.gov.br\/semcom\/semed-desmente-fake-news-sobre-desativacao-de-escola-sem-aviso-previo\/#primaryimage"},"thumbnailUrl":"https:\/\/www.manaus.am.gov.br\/semcom\/wp-content\/uploads\/sites\/5\/2023\/03\/Nota-720x407-1.png","datePublished":"2022-02-28T17:05:58+00:00","dateModified":"2023-03-23T20:14:38+00:00","author":{"@id":"https:\/\/www.manaus.am.gov.br\/semcom\/#\/schema\/person\/d0a166b5031154c33c77794ddc9a827e"},"inLanguage":"pt-BR","potentialAction":[{"@type":"ReadAction","target":["https:\/\/www.manaus.am.gov.br\/semcom\/semed-desmente-fake-news-sobre-desativacao-de-escola-sem-aviso-previo\/"]}]},{"@type":"ImageObject","inLanguage":"pt-BR","@id":"https:\/\/www.manaus.am.gov.br\/semcom\/semed-desmente-fake-news-sobre-desativacao-de-escola-sem-aviso-previo\/#primaryimage","url":"https:\/\/www.manaus.am.gov.br\/semcom\/wp-content\/uploads\/sites\/5\/2023\/03\/Nota-720x407-1.png","contentUrl":"https:\/\/www.manaus.am.gov.br\/semcom\/wp-content\/uploads\/sites\/5\/2023\/03\/Nota-720x407-1.png","width":720,"height":407,"caption":"Nota"},{"@type":"WebSite","@id":"https:\/\/www.manaus.am.gov.br\/semcom\/#website","url":"https:\/\/www.manaus.am.gov.br\/semcom\/","name":"SEMCOM","description":"Secretaria Municipal de Comunica\u00e7\u00e3o","potentialAction":[{"@type":"SearchAction","target":{"@type":"EntryPoint","urlTemplate":"https:\/\/www.manaus.am.gov.br\/semcom\/?s={search_term_string}"},"query-input":"required name=search_term_string"}],"inLanguage":"pt-BR"},{"@type":"Person","@id":"https:\/\/www.manaus.am.gov.br\/semcom\/#\/schema\/person\/d0a166b5031154c33c77794ddc9a827e","name":"Cl\u00e1udia Barbosa","image":{"@type":"ImageObject","inLanguage":"pt-BR","@id":"https:\/\/www.manaus.am.gov.br\/semcom\/#\/schema\/person\/image\/","url":"https:\/\/secure.gravatar.com\/avatar\/42958a1cf007f1a00534009218c72590?s=96&d=mm&r=g","contentUrl":"https:\/\/secure.gravatar.com\/avatar\/42958a1cf007f1a00534009218c72590?s=96&d=mm&r=g","caption":"Cl\u00e1udia Barbosa"}}]}},"_links":{"self":[{"href":"https:\/\/www.manaus.am.gov.br\/semcom\/wp-json\/wp\/v2\/posts\/210997"}],"collection":[{"href":"https:\/\/www.manaus.am.gov.br\/semcom\/wp-json\/wp\/v2\/posts"}],"about":[{"href":"https:\/\/www.manaus.am.gov.br\/semcom\/wp-json\/wp\/v2\/types\/post"}],"author":[{"embeddable":true,"href":"https:\/\/www.manaus.am.gov.br\/semcom\/wp-json\/wp\/v2\/users\/24"}],"replies":[{"embeddable":true,"href":"https:\/\/www.manaus.am.gov.br\/semcom\/wp-json\/wp\/v2\/comments?post=210997"}],"version-history":[{"count":1,"href":"https:\/\/www.manaus.am.gov.br\/semcom\/wp-json\/wp\/v2\/posts\/210997\/revisions"}],"predecessor-version":[{"id":210999,"href":"https:\/\/www.manaus.am.gov.br\/semcom\/wp-json\/wp\/v2\/posts\/210997\/revisions\/210999"}],"wp:featuredmedia":[{"embeddable":true,"href":"https:\/\/www.manaus.am.gov.br\/semcom\/wp-json\/wp\/v2\/media\/210998"}],"wp:attachment":[{"href":"https:\/\/www.manaus.am.gov.br\/semcom\/wp-json\/wp\/v2\/media?parent=210997"}],"wp:term":[{"taxonomy":"category","embeddable":true,"href":"https:\/\/www.manaus.am.gov.br\/semcom\/wp-json\/wp\/v2\/categories?post=210997"},{"taxonomy":"post_tag","embeddable":true,"href":"https:\/\/www.manaus.am.gov.br\/semcom\/wp-json\/wp\/v2\/tags?post=210997"}],"curies":[{"name":"wp","href":"https:\/\/api.w.org\/{rel}","templated":true}]}}