{"id":210816,"date":"2023-03-20T17:33:07","date_gmt":"2023-03-20T20:33:07","guid":{"rendered":"https:\/\/www.manaus.am.gov.br\/semcom\/manaus-investimento-saneamento\/"},"modified":"2023-03-20T17:33:08","modified_gmt":"2023-03-20T20:33:08","slug":"manaus-investimento-saneamento","status":"publish","type":"post","link":"https:\/\/www.manaus.am.gov.br\/semcom\/manaus-investimento-saneamento\/","title":{"rendered":"<strong>Manaus \u00e9 a capital com maior volume de investimentos em saneamento do Norte do Pa\u00eds<\/strong>"},"content":{"rendered":"\n<p>Manaus \u00e9 a capital do Norte do Pa\u00eds que mais promoveu investimentos no \u00e2mbito do saneamento b\u00e1sico. A informa\u00e7\u00e3o foi confirmada pelo Instituto Trata Brasil, por meio da pesquisa \u2018Ranking do Saneamento 2023\u2019, divulgada nesta segunda-feira, 20\/3. De acordo com a Ag\u00eancia Reguladora de Servi\u00e7os P\u00fablicos Delegados do Munic\u00edpio de Manaus (Ageman), o cen\u00e1rio \u00e9 resultante de um investimento de quase R$ 1 bilh\u00e3o em a\u00e7\u00f5es de melhoria e expans\u00e3o dos servi\u00e7os de abastecimento de \u00e1gua e esgotamento sanit\u00e1rio, assegurados por meio da concess\u00e3o p\u00fablica firmada com a empresa \u00c1guas de Manaus.<\/p>\n\n\n\n<p>\u201cSomos a capital da Amaz\u00f4nia e nossos esfor\u00e7os est\u00e3o dando resultados expressivos. Estamos trabalhando e levando \u00e1gua tratada para \u00e1reas que historicamente n\u00e3o eram atendidas porque simplesmente n\u00e3o se dava aten\u00e7\u00e3o \u00e0s \u00e1reas vulner\u00e1veis da nossa cidade, mas isso tem mudado na gest\u00e3o do prefeito David Almeida. Agora as fam\u00edlias que moram nas localidades afastadas est\u00e3o tendo a oportunidade de receber a\u00e7\u00f5es de saneamento b\u00e1sico na porta de casa\u201d, destacou o diretor-presidente da Ageman, Elson Andrade.<\/p>\n\n\n\n<p>Atualmente, o servi\u00e7o de \u00e1gua encontra-se universalizado na capital e a cobertura de esgoto avan\u00e7ou 40%, estando hoje em 26,22%, representando 630 mil pessoas beneficiadas com os servi\u00e7os de coleta e tratamento de esgoto.<\/p>\n\n\n\n<p>O cen\u00e1rio, segundo destacou o estudo do instituto, possibilitou que a cidade de Manaus obtivesse um avan\u00e7o de 15 posi\u00e7\u00f5es no Ranking do Saneamento, saindo da coloca\u00e7\u00e3o 98 para 83. \u201cAvan\u00e7ar quinze posi\u00e7\u00f5es no ranking do saneamento em cinco anos \u00e9 um feito significativo para Manaus. \u00c9 importante ver esse movimento na maior capital do Norte. Manaus investiu e encontrou uma solu\u00e7\u00e3o para levar os servi\u00e7os de \u00e1gua e de esgoto at\u00e9 \u00e1reas de becos, palafitas, que pode ser replicada por qualquer cidade do Pa\u00eds\u201d, afirmou a presidente-executiva do Instituto Trata Brasil, Luana Siewert Pretto.<\/p>\n\n\n\n<p>Com o abastecimento de \u00e1gua consolidado, a previs\u00e3o \u00e9 que o servi\u00e7o de esgotamento sanit\u00e1rio tamb\u00e9m seja universalizado nos pr\u00f3ximos anos, conforme prev\u00ea o Marco Legal do Saneamento B\u00e1sico, e com isso, o benef\u00edcio do esgotamento alcan\u00e7ar\u00e1 aproximadamente 2 milh\u00f5es de habitantes.<\/p>\n\n\n\n<p>Seguindo a determina\u00e7\u00e3o do prefeito de Manaus, David Almeida, a concession\u00e1ria \u00c1guas de Manaus intensificou os servi\u00e7os de abastecimento de \u00e1gua e esgotamento sanit\u00e1rio para as \u00e1reas vulner\u00e1veis da cidade, tendo sido atendidas somente nos \u00faltimos dois anos, 43 \u00e1reas entre comunidades e becos, beneficiando mais de 119 mil usu\u00e1rios, os quais passaram a receber \u00e1gua tratada em casa todos os dias.<\/p>\n\n\n\n<p>Todas as a\u00e7\u00f5es de melhoria e expans\u00e3o dos servi\u00e7os s\u00e3o devidamente acompanhadas pelo \u00f3rg\u00e3o regulador que ao longo de seus cinco anos de atua\u00e7\u00e3o promoveu mais de 4,2 mil vistorias no \u00e2mbito do saneamento b\u00e1sico.<\/p>\n\n\n\n<p>A melhoria dos servi\u00e7os de saneamento b\u00e1sico em Manaus tem ampliado substancialmente a qualidade de vida dos usu\u00e1rios. De acordo com a Funda\u00e7\u00e3o de Vigil\u00e2ncia em Sa\u00fade do Amazonas (FVS-AM), a capital amazonense apresentou redu\u00e7\u00e3o de mais de 30% dos casos de doen\u00e7as diarreicas nas \u00e1reas beneficiadas.<\/p>\n\n\n\n<p>\u201cTodo esse avan\u00e7o s\u00f3 foi poss\u00edvel por meio de uma regula\u00e7\u00e3o forte e atuante como tem sido o trabalho da nossa ag\u00eancia reguladora que tem acompanhado o cumprimento das metas da empresa e cobrado os investimentos planejados\u201d, disse Andrade.<\/p>\n\n\n\n<p>De acordo com o diretor-presidente da \u00c1guas de Manaus, Diego Dal Magro, a concession\u00e1ria vai continuar expandindo e melhorando seus servi\u00e7os de forma a acompanhar o crescimento vegetativo da capital, n\u00e3o minimizando esfor\u00e7os para atender as popula\u00e7\u00f5es de \u00e1reas vulner\u00e1veis.<\/p>\n\n\n\n<p>\u201cAs popula\u00e7\u00f5es de \u00e1reas vulner\u00e1veis passaram a ter acesso \u00e0 \u00e1gua tratada pela primeira vez nos \u00faltimos anos, por meio de a\u00e7\u00f5es de relacionamento e dos investimentos que realizamos. Nossas equipes trouxeram servi\u00e7os de saneamento b\u00e1sico para essa parcela da popula\u00e7\u00e3o. E seguimos acompanhando o crescimento vegetativo da cidade, cumprindo nosso plano de investimentos. \u00c9 um trabalho cont\u00ednuo\u201d, afirmou Dal Magro.<\/p>\n\n\n\n<p><strong>Tarifa 10<\/strong><\/p>\n\n\n\n<p>Como parte da pol\u00edtica de aten\u00e7\u00e3o \u00e0s \u00e1reas vulner\u00e1veis, a Prefeitura de Manaus, em parceria com a concession\u00e1ria \u00c1guas de Manaus, lan\u00e7a nesta quarta-feira, 22\/3, uma nova op\u00e7\u00e3o para o consumidor em situa\u00e7\u00e3o de vulnerabilidade social. O projeto \u201cTarifa 10\u201d estabelecer\u00e1 a cobran\u00e7a fixa de R$ 10, sem nenhuma cobran\u00e7a adicional, para 28 mil fam\u00edlias em situa\u00e7\u00e3o de extrema pobreza, j\u00e1 contempladas pelo projeto \u201cTarifa Manauara\u201d.<\/p>\n\n\n\n<p>A cria\u00e7\u00e3o do programa pioneiro no Pa\u00eds conta com o trabalho conjunto da Secretaria Municipal da Mulher, Assist\u00eancia Social e Cidadania (Semasc), Ag\u00eancia Reguladora dos Servi\u00e7os P\u00fablicos Delegados do Munic\u00edpio (Ageman) e a Unidade Gestora de Projetos Municipais de Abastecimento de \u00c1gua e Esgotamento Sanit\u00e1rio (UGPM-\u00c1gua).<\/p>\n\n\n\n<p>&#8212; &#8212; &#8212;<\/p>\n\n\n\n<p><strong>Texto<\/strong> \u2013 Tereza Te\u00f3filo \/ Ageman<\/p>\n\n\n\n<p><strong>Fotos<\/strong> \u2013 Arquivo \/ Semcom<\/p>\n","protected":false},"excerpt":{"rendered":"","protected":false},"author":25,"featured_media":210817,"comment_status":"closed","ping_status":"closed","sticky":false,"template":"","format":"standard","meta":{"footnotes":""},"categories":[2371],"tags":[215,2372,2373,221],"acf":[],"yoast_head":"<!-- This site is optimized with the Yoast SEO plugin v23.0 - https:\/\/yoast.com\/wordpress\/plugins\/seo\/ -->\n<title>Manaus \u00e9 a capital com maior volume de investimentos em saneamento do Norte<\/title>\n<meta name=\"description\" content=\"Manaus \u00e9 a capital do Norte do Pa\u00eds que mais promoveu investimentos no \u00e2mbito do saneamento b\u00e1sico.\" \/>\n<meta name=\"robots\" content=\"index, follow, max-snippet:-1, max-image-preview:large, max-video-preview:-1\" \/>\n<link rel=\"canonical\" href=\"https:\/\/www.manaus.am.gov.br\/semcom\/manaus-investimento-saneamento\/\" \/>\n<meta property=\"og:locale\" content=\"pt_BR\" \/>\n<meta property=\"og:type\" content=\"article\" \/>\n<meta property=\"og:title\" content=\"Manaus \u00e9 a capital com maior volume de investimentos em saneamento do Norte\" \/>\n<meta property=\"og:description\" content=\"Manaus \u00e9 a capital do Norte do Pa\u00eds que mais promoveu investimentos no \u00e2mbito do saneamento b\u00e1sico.\" \/>\n<meta property=\"og:url\" content=\"https:\/\/www.manaus.am.gov.br\/semcom\/manaus-investimento-saneamento\/\" \/>\n<meta property=\"og:site_name\" content=\"SEMCOM\" \/>\n<meta property=\"article:published_time\" content=\"2023-03-20T20:33:07+00:00\" \/>\n<meta property=\"article:modified_time\" content=\"2023-03-20T20:33:08+00:00\" \/>\n<meta property=\"og:image\" content=\"https:\/\/www.manaus.am.gov.br\/semcom\/wp-content\/uploads\/sites\/5\/2023\/03\/51343815823_10e0ee87f2_c.jpg\" \/>\n\t<meta property=\"og:image:width\" content=\"800\" \/>\n\t<meta property=\"og:image:height\" content=\"601\" \/>\n\t<meta property=\"og:image:type\" content=\"image\/jpeg\" \/>\n<meta name=\"author\" content=\"Maur\u00edcio Freire\" \/>\n<meta name=\"twitter:card\" content=\"summary_large_image\" \/>\n<meta name=\"twitter:label1\" content=\"Written by\" \/>\n\t<meta name=\"twitter:data1\" content=\"Maur\u00edcio Freire\" \/>\n\t<meta name=\"twitter:label2\" content=\"Est. reading time\" \/>\n\t<meta name=\"twitter:data2\" content=\"5 minutos\" \/>\n<script type=\"application\/ld+json\" class=\"yoast-schema-graph\">{\"@context\":\"https:\/\/schema.org\",\"@graph\":[{\"@type\":\"WebPage\",\"@id\":\"https:\/\/www.manaus.am.gov.br\/semcom\/manaus-investimento-saneamento\/\",\"url\":\"https:\/\/www.manaus.am.gov.br\/semcom\/manaus-investimento-saneamento\/\",\"name\":\"Manaus \u00e9 a capital com maior volume de investimentos em saneamento do Norte\",\"isPartOf\":{\"@id\":\"https:\/\/www.manaus.am.gov.br\/semcom\/#website\"},\"primaryImageOfPage\":{\"@id\":\"https:\/\/www.manaus.am.gov.br\/semcom\/manaus-investimento-saneamento\/#primaryimage\"},\"image\":{\"@id\":\"https:\/\/www.manaus.am.gov.br\/semcom\/manaus-investimento-saneamento\/#primaryimage\"},\"thumbnailUrl\":\"https:\/\/www.manaus.am.gov.br\/semcom\/wp-content\/uploads\/sites\/5\/2023\/03\/51343815823_10e0ee87f2_c.jpg\",\"datePublished\":\"2023-03-20T20:33:07+00:00\",\"dateModified\":\"2023-03-20T20:33:08+00:00\",\"author\":{\"@id\":\"https:\/\/www.manaus.am.gov.br\/semcom\/#\/schema\/person\/587989a23a463cde5618e6a028977a9a\"},\"description\":\"Manaus \u00e9 a capital do Norte do Pa\u00eds que mais promoveu investimentos no \u00e2mbito do saneamento b\u00e1sico.\",\"inLanguage\":\"pt-BR\",\"potentialAction\":[{\"@type\":\"ReadAction\",\"target\":[\"https:\/\/www.manaus.am.gov.br\/semcom\/manaus-investimento-saneamento\/\"]}]},{\"@type\":\"ImageObject\",\"inLanguage\":\"pt-BR\",\"@id\":\"https:\/\/www.manaus.am.gov.br\/semcom\/manaus-investimento-saneamento\/#primaryimage\",\"url\":\"https:\/\/www.manaus.am.gov.br\/semcom\/wp-content\/uploads\/sites\/5\/2023\/03\/51343815823_10e0ee87f2_c.jpg\",\"contentUrl\":\"https:\/\/www.manaus.am.gov.br\/semcom\/wp-content\/uploads\/sites\/5\/2023\/03\/51343815823_10e0ee87f2_c.jpg\",\"width\":800,\"height\":601},{\"@type\":\"WebSite\",\"@id\":\"https:\/\/www.manaus.am.gov.br\/semcom\/#website\",\"url\":\"https:\/\/www.manaus.am.gov.br\/semcom\/\",\"name\":\"SEMCOM\",\"description\":\"Secretaria Municipal de Comunica\u00e7\u00e3o\",\"potentialAction\":[{\"@type\":\"SearchAction\",\"target\":{\"@type\":\"EntryPoint\",\"urlTemplate\":\"https:\/\/www.manaus.am.gov.br\/semcom\/?s={search_term_string}\"},\"query-input\":\"required name=search_term_string\"}],\"inLanguage\":\"pt-BR\"},{\"@type\":\"Person\",\"@id\":\"https:\/\/www.manaus.am.gov.br\/semcom\/#\/schema\/person\/587989a23a463cde5618e6a028977a9a\",\"name\":\"Maur\u00edcio Freire\",\"image\":{\"@type\":\"ImageObject\",\"inLanguage\":\"pt-BR\",\"@id\":\"https:\/\/www.manaus.am.gov.br\/semcom\/#\/schema\/person\/image\/\",\"url\":\"https:\/\/secure.gravatar.com\/avatar\/dc1481799a1f75c733ac3b2634cd6749?s=96&d=mm&r=g\",\"contentUrl\":\"https:\/\/secure.gravatar.com\/avatar\/dc1481799a1f75c733ac3b2634cd6749?s=96&d=mm&r=g\",\"caption\":\"Maur\u00edcio Freire\"}}]}<\/script>\n<!-- \/ Yoast SEO plugin. -->","yoast_head_json":{"title":"Manaus \u00e9 a capital com maior volume de investimentos em saneamento do Norte","description":"Manaus \u00e9 a capital do Norte do Pa\u00eds que mais promoveu investimentos no \u00e2mbito do saneamento b\u00e1sico.","robots":{"index":"index","follow":"follow","max-snippet":"max-snippet:-1","max-image-preview":"max-image-preview:large","max-video-preview":"max-video-preview:-1"},"canonical":"https:\/\/www.manaus.am.gov.br\/semcom\/manaus-investimento-saneamento\/","og_locale":"pt_BR","og_type":"article","og_title":"Manaus \u00e9 a capital com maior volume de investimentos em saneamento do Norte","og_description":"Manaus \u00e9 a capital do Norte do Pa\u00eds que mais promoveu investimentos no \u00e2mbito do saneamento b\u00e1sico.","og_url":"https:\/\/www.manaus.am.gov.br\/semcom\/manaus-investimento-saneamento\/","og_site_name":"SEMCOM","article_published_time":"2023-03-20T20:33:07+00:00","article_modified_time":"2023-03-20T20:33:08+00:00","og_image":[{"width":800,"height":601,"url":"https:\/\/www.manaus.am.gov.br\/semcom\/wp-content\/uploads\/sites\/5\/2023\/03\/51343815823_10e0ee87f2_c.jpg","type":"image\/jpeg"}],"author":"Maur\u00edcio Freire","twitter_card":"summary_large_image","twitter_misc":{"Written by":"Maur\u00edcio Freire","Est. reading time":"5 minutos"},"schema":{"@context":"https:\/\/schema.org","@graph":[{"@type":"WebPage","@id":"https:\/\/www.manaus.am.gov.br\/semcom\/manaus-investimento-saneamento\/","url":"https:\/\/www.manaus.am.gov.br\/semcom\/manaus-investimento-saneamento\/","name":"Manaus \u00e9 a capital com maior volume de investimentos em saneamento do Norte","isPartOf":{"@id":"https:\/\/www.manaus.am.gov.br\/semcom\/#website"},"primaryImageOfPage":{"@id":"https:\/\/www.manaus.am.gov.br\/semcom\/manaus-investimento-saneamento\/#primaryimage"},"image":{"@id":"https:\/\/www.manaus.am.gov.br\/semcom\/manaus-investimento-saneamento\/#primaryimage"},"thumbnailUrl":"https:\/\/www.manaus.am.gov.br\/semcom\/wp-content\/uploads\/sites\/5\/2023\/03\/51343815823_10e0ee87f2_c.jpg","datePublished":"2023-03-20T20:33:07+00:00","dateModified":"2023-03-20T20:33:08+00:00","author":{"@id":"https:\/\/www.manaus.am.gov.br\/semcom\/#\/schema\/person\/587989a23a463cde5618e6a028977a9a"},"description":"Manaus \u00e9 a capital do Norte do Pa\u00eds que mais promoveu investimentos no \u00e2mbito do saneamento b\u00e1sico.","inLanguage":"pt-BR","potentialAction":[{"@type":"ReadAction","target":["https:\/\/www.manaus.am.gov.br\/semcom\/manaus-investimento-saneamento\/"]}]},{"@type":"ImageObject","inLanguage":"pt-BR","@id":"https:\/\/www.manaus.am.gov.br\/semcom\/manaus-investimento-saneamento\/#primaryimage","url":"https:\/\/www.manaus.am.gov.br\/semcom\/wp-content\/uploads\/sites\/5\/2023\/03\/51343815823_10e0ee87f2_c.jpg","contentUrl":"https:\/\/www.manaus.am.gov.br\/semcom\/wp-content\/uploads\/sites\/5\/2023\/03\/51343815823_10e0ee87f2_c.jpg","width":800,"height":601},{"@type":"WebSite","@id":"https:\/\/www.manaus.am.gov.br\/semcom\/#website","url":"https:\/\/www.manaus.am.gov.br\/semcom\/","name":"SEMCOM","description":"Secretaria Municipal de Comunica\u00e7\u00e3o","potentialAction":[{"@type":"SearchAction","target":{"@type":"EntryPoint","urlTemplate":"https:\/\/www.manaus.am.gov.br\/semcom\/?s={search_term_string}"},"query-input":"required name=search_term_string"}],"inLanguage":"pt-BR"},{"@type":"Person","@id":"https:\/\/www.manaus.am.gov.br\/semcom\/#\/schema\/person\/587989a23a463cde5618e6a028977a9a","name":"Maur\u00edcio Freire","image":{"@type":"ImageObject","inLanguage":"pt-BR","@id":"https:\/\/www.manaus.am.gov.br\/semcom\/#\/schema\/person\/image\/","url":"https:\/\/secure.gravatar.com\/avatar\/dc1481799a1f75c733ac3b2634cd6749?s=96&d=mm&r=g","contentUrl":"https:\/\/secure.gravatar.com\/avatar\/dc1481799a1f75c733ac3b2634cd6749?s=96&d=mm&r=g","caption":"Maur\u00edcio Freire"}}]}},"_links":{"self":[{"href":"https:\/\/www.manaus.am.gov.br\/semcom\/wp-json\/wp\/v2\/posts\/210816"}],"collection":[{"href":"https:\/\/www.manaus.am.gov.br\/semcom\/wp-json\/wp\/v2\/posts"}],"about":[{"href":"https:\/\/www.manaus.am.gov.br\/semcom\/wp-json\/wp\/v2\/types\/post"}],"author":[{"embeddable":true,"href":"https:\/\/www.manaus.am.gov.br\/semcom\/wp-json\/wp\/v2\/users\/25"}],"replies":[{"embeddable":true,"href":"https:\/\/www.manaus.am.gov.br\/semcom\/wp-json\/wp\/v2\/comments?post=210816"}],"version-history":[{"count":0,"href":"https:\/\/www.manaus.am.gov.br\/semcom\/wp-json\/wp\/v2\/posts\/210816\/revisions"}],"wp:featuredmedia":[{"embeddable":true,"href":"https:\/\/www.manaus.am.gov.br\/semcom\/wp-json\/wp\/v2\/media\/210817"}],"wp:attachment":[{"href":"https:\/\/www.manaus.am.gov.br\/semcom\/wp-json\/wp\/v2\/media?parent=210816"}],"wp:term":[{"taxonomy":"category","embeddable":true,"href":"https:\/\/www.manaus.am.gov.br\/semcom\/wp-json\/wp\/v2\/categories?post=210816"},{"taxonomy":"post_tag","embeddable":true,"href":"https:\/\/www.manaus.am.gov.br\/semcom\/wp-json\/wp\/v2\/tags?post=210816"}],"curies":[{"name":"wp","href":"https:\/\/api.w.org\/{rel}","templated":true}]}}