{"id":210767,"date":"2023-03-19T10:41:08","date_gmt":"2023-03-19T13:41:08","guid":{"rendered":"https:\/\/www.manaus.am.gov.br\/semcom\/carnaval-manaus-2023-banda-tira-ressaca-rosas-da-noite-bloco-do-madruga-e-banda-do-pedrinho-animaram-folioes-em-pleno-marco\/"},"modified":"2023-03-19T10:41:10","modified_gmt":"2023-03-19T13:41:10","slug":"carnaval-manaus-2023-banda-tira-ressaca-rosas-da-noite-bloco-do-madruga-e-banda-do-pedrinho-animaram-folioes-em-pleno-marco","status":"publish","type":"post","link":"https:\/\/www.manaus.am.gov.br\/semcom\/carnaval-manaus-2023-banda-tira-ressaca-rosas-da-noite-bloco-do-madruga-e-banda-do-pedrinho-animaram-folioes-em-pleno-marco\/","title":{"rendered":"<strong>Carnaval Manaus 2023: Banda \u2018Tira Ressaca Rosas da Noite\u2019, \u2018Bloco do Madruga\u2019 e \u2018Banda do Pedrinho\u2019 animaram foli\u00f5es em pleno mar\u00e7o<\/strong>"},"content":{"rendered":"\n<p>A 13\u00aa edi\u00e7\u00e3o da banda \u201cTira Ressaca Rosas da Noite\u201d ocorreu neste s\u00e1bado, 18\/3, na rua Nossa Senhora dos Navegantes, no bairro Cidade de Deus, na zona Norte da capital, arrastando centenas de foli\u00f5es para curtir o Carnaval de Rua. A a\u00e7\u00e3o tem apoio da Prefeitura de Manaus, por meio da Funda\u00e7\u00e3o Municipal de Cultura, Turismo e Eventos (Manauscult), que forneceu servi\u00e7os de sonoriza\u00e7\u00e3o, ilumina\u00e7\u00e3o, palco, banheiros qu\u00edmicos e estruturas por meio da chamada p\u00fablica n\u00b0 001\/2023.&nbsp;<\/p>\n\n\n\n<p>\u201cAt\u00e9 o final do m\u00eas de mar\u00e7o, seguimos com a programa\u00e7\u00e3o carnavalesca na cidade. No total, 109 bandas, blocos e festas de rua cumpriram todos os crit\u00e9rios do edital da Manauscult e foram contempladas com diversos servi\u00e7os. O objetivo desse fomento \u00e9 resgatar o Carnaval de Rua e sobretudo proporcionar a alegria aos brincantes\u201d, contou a vice-presidente da Manauscult, Oreni Braga.&nbsp;<\/p>\n\n\n\n<p>A banda \u201cTira Ressaca Rosas da Noite\u201d teve apresenta\u00e7\u00f5es musicais como \u00c2ngela Rodrigues; Forr\u00f3 J\u00e1 Kero e Marquinhos; e Feras do Forr\u00f3. \u201cA prefeitura est\u00e1 dando um apoio fundamental para que a gente possa trazer entretenimento \u00e0 comunidade, como som, ilumina\u00e7\u00e3o, palco, pra gente fazer uma linda festa aqui no nosso bairro\u201d, disse o integrante da banda, Marcelo Amorim.&nbsp;<\/p>\n\n\n\n<p>A 10\u00aa edi\u00e7\u00e3o do \u201cBloco do Madruga 2023\u201d tamb\u00e9m aconteceu nesse s\u00e1bado, 18\/3, na rua Luiz Ot\u00e1vio, no bairro Santa Etelvina, zona Norte da cidade. A festa, que \u00e9 famosa por reunir milhares de foli\u00f5es de todas as idades, come\u00e7ou a partir das 17h e foi embalada com apresenta\u00e7\u00f5es diversificadas de artistas locais como Cachorr\u00e3o do Arrocha; Tick Xot; Alessandro Lima; Rogerinho da Bahia; DJ Salles e MC LM.<\/p>\n\n\n\n<p>J\u00e1 no bairro Compensa I, na rua Costa e Silva, zona Oeste, os foli\u00f5es puderam curtir diversas atra\u00e7\u00f5es com a 17\u00aa edi\u00e7\u00e3o da \u201cBanda do Pedrinho\u201d, que reuniu cerca de 700 foli\u00f5es. A banda, que surgiu de uma brincadeira de cinco amigos, \u00e9 uma das mais antigas do bairro.&nbsp;<\/p>\n\n\n\n<p>\u201cEm primeiro lugar, eu queria muito agradecer a Deus por mais um ano, isso aqui surgiu h\u00e1 17 anos comigo e com os meus amigos. Hoje, estamos muito gratos pelo apoio da Prefeitura de Manaus e da Manauscult, que sempre apoiaram o nosso evento, e neste ano est\u00e1 dando toda a estrutura. Nossa comunidade est\u00e1 muito feliz e muito grata por esse apoio\u201d, contou o diretor da banda, Pedro de Souza.&nbsp;<\/p>\n\n\n\n<p>De acordo com o calend\u00e1rio da Manauscult, at\u00e9 o dia 26\/3 haver\u00e1 bandas e blocos de Carnaval na cidade.&nbsp;<\/p>\n\n\n\n<p><strong>Programa\u00e7\u00e3o<\/strong><\/p>\n\n\n\n<p><strong>25\/3<\/strong><\/p>\n\n\n\n<p>-Bloco Dom da Zueira, na rua Amazonino Mendes, 78, Santa Etelvina, zona Norte.<\/p>\n\n\n\n<p>-Banda NSC, na travessa Proc\u00f3pio Ferreira, 8, Col\u00f4nia Oliveira Machado, zona Sul.<\/p>\n\n\n\n<p>-Banda do Pastel, na rua 27 de outubro, bairro da Paz, zona Centro-Oeste.<\/p>\n\n\n\n<p><strong>26\/3<\/strong><\/p>\n\n\n\n<p>-Banda do Th\u00e9o, na rua Ferreira Pena, Centro.<\/p>\n\n\n\n<p>&#8212; &#8212; &#8212;<\/p>\n\n\n\n<p><strong>Texto e fotos<\/strong>&nbsp;&#8211; Keize Pedrosa \/ Manauscult<\/p>\n","protected":false},"excerpt":{"rendered":"","protected":false},"author":31,"featured_media":210768,"comment_status":"closed","ping_status":"closed","sticky":false,"template":"","format":"standard","meta":{"footnotes":""},"categories":[930],"tags":[2335,2336,896,2337],"acf":[],"yoast_head":"<!-- This site is optimized with the Yoast SEO plugin v23.0 - https:\/\/yoast.com\/wordpress\/plugins\/seo\/ -->\n<title>Carnaval Manaus 2023: Banda \u2018Tira Ressaca Rosas da Noite\u2019, \u2018Bloco do Madruga\u2019 e \u2018Banda do Pedrinho\u2019 animaram foli\u00f5es em pleno mar\u00e7o - SEMCOM<\/title>\n<meta name=\"robots\" content=\"index, follow, max-snippet:-1, max-image-preview:large, max-video-preview:-1\" \/>\n<link rel=\"canonical\" href=\"https:\/\/www.manaus.am.gov.br\/semcom\/carnaval-manaus-2023-banda-tira-ressaca-rosas-da-noite-bloco-do-madruga-e-banda-do-pedrinho-animaram-folioes-em-pleno-marco\/\" \/>\n<meta property=\"og:locale\" content=\"pt_BR\" \/>\n<meta property=\"og:type\" content=\"article\" \/>\n<meta property=\"og:title\" content=\"Carnaval Manaus 2023: Banda \u2018Tira Ressaca Rosas da Noite\u2019, \u2018Bloco do Madruga\u2019 e \u2018Banda do Pedrinho\u2019 animaram foli\u00f5es em pleno mar\u00e7o - SEMCOM\" \/>\n<meta property=\"og:url\" content=\"https:\/\/www.manaus.am.gov.br\/semcom\/carnaval-manaus-2023-banda-tira-ressaca-rosas-da-noite-bloco-do-madruga-e-banda-do-pedrinho-animaram-folioes-em-pleno-marco\/\" \/>\n<meta property=\"og:site_name\" content=\"SEMCOM\" \/>\n<meta property=\"article:published_time\" content=\"2023-03-19T13:41:08+00:00\" \/>\n<meta property=\"article:modified_time\" content=\"2023-03-19T13:41:10+00:00\" \/>\n<meta property=\"og:image\" content=\"https:\/\/www.manaus.am.gov.br\/semcom\/wp-content\/uploads\/sites\/5\/2023\/03\/IMG_6646.jpg\" \/>\n\t<meta property=\"og:image:width\" content=\"1599\" \/>\n\t<meta property=\"og:image:height\" content=\"890\" \/>\n\t<meta property=\"og:image:type\" content=\"image\/jpeg\" \/>\n<meta name=\"author\" content=\"Renata Felix\" \/>\n<meta name=\"twitter:card\" content=\"summary_large_image\" \/>\n<meta name=\"twitter:label1\" content=\"Written by\" \/>\n\t<meta name=\"twitter:data1\" content=\"Renata Felix\" \/>\n\t<meta name=\"twitter:label2\" content=\"Est. reading time\" \/>\n\t<meta name=\"twitter:data2\" content=\"3 minutos\" \/>\n<script type=\"application\/ld+json\" class=\"yoast-schema-graph\">{\"@context\":\"https:\/\/schema.org\",\"@graph\":[{\"@type\":\"WebPage\",\"@id\":\"https:\/\/www.manaus.am.gov.br\/semcom\/carnaval-manaus-2023-banda-tira-ressaca-rosas-da-noite-bloco-do-madruga-e-banda-do-pedrinho-animaram-folioes-em-pleno-marco\/\",\"url\":\"https:\/\/www.manaus.am.gov.br\/semcom\/carnaval-manaus-2023-banda-tira-ressaca-rosas-da-noite-bloco-do-madruga-e-banda-do-pedrinho-animaram-folioes-em-pleno-marco\/\",\"name\":\"Carnaval Manaus 2023: Banda \u2018Tira Ressaca Rosas da Noite\u2019, \u2018Bloco do Madruga\u2019 e \u2018Banda do Pedrinho\u2019 animaram foli\u00f5es em pleno mar\u00e7o - SEMCOM\",\"isPartOf\":{\"@id\":\"https:\/\/www.manaus.am.gov.br\/semcom\/#website\"},\"primaryImageOfPage\":{\"@id\":\"https:\/\/www.manaus.am.gov.br\/semcom\/carnaval-manaus-2023-banda-tira-ressaca-rosas-da-noite-bloco-do-madruga-e-banda-do-pedrinho-animaram-folioes-em-pleno-marco\/#primaryimage\"},\"image\":{\"@id\":\"https:\/\/www.manaus.am.gov.br\/semcom\/carnaval-manaus-2023-banda-tira-ressaca-rosas-da-noite-bloco-do-madruga-e-banda-do-pedrinho-animaram-folioes-em-pleno-marco\/#primaryimage\"},\"thumbnailUrl\":\"https:\/\/www.manaus.am.gov.br\/semcom\/wp-content\/uploads\/sites\/5\/2023\/03\/IMG_6646.jpg\",\"datePublished\":\"2023-03-19T13:41:08+00:00\",\"dateModified\":\"2023-03-19T13:41:10+00:00\",\"author\":{\"@id\":\"https:\/\/www.manaus.am.gov.br\/semcom\/#\/schema\/person\/4eea2a8f78dc853097abb026f728aa06\"},\"inLanguage\":\"pt-BR\",\"potentialAction\":[{\"@type\":\"ReadAction\",\"target\":[\"https:\/\/www.manaus.am.gov.br\/semcom\/carnaval-manaus-2023-banda-tira-ressaca-rosas-da-noite-bloco-do-madruga-e-banda-do-pedrinho-animaram-folioes-em-pleno-marco\/\"]}]},{\"@type\":\"ImageObject\",\"inLanguage\":\"pt-BR\",\"@id\":\"https:\/\/www.manaus.am.gov.br\/semcom\/carnaval-manaus-2023-banda-tira-ressaca-rosas-da-noite-bloco-do-madruga-e-banda-do-pedrinho-animaram-folioes-em-pleno-marco\/#primaryimage\",\"url\":\"https:\/\/www.manaus.am.gov.br\/semcom\/wp-content\/uploads\/sites\/5\/2023\/03\/IMG_6646.jpg\",\"contentUrl\":\"https:\/\/www.manaus.am.gov.br\/semcom\/wp-content\/uploads\/sites\/5\/2023\/03\/IMG_6646.jpg\",\"width\":1599,\"height\":890},{\"@type\":\"WebSite\",\"@id\":\"https:\/\/www.manaus.am.gov.br\/semcom\/#website\",\"url\":\"https:\/\/www.manaus.am.gov.br\/semcom\/\",\"name\":\"SEMCOM\",\"description\":\"Secretaria Municipal de Comunica\u00e7\u00e3o\",\"potentialAction\":[{\"@type\":\"SearchAction\",\"target\":{\"@type\":\"EntryPoint\",\"urlTemplate\":\"https:\/\/www.manaus.am.gov.br\/semcom\/?s={search_term_string}\"},\"query-input\":\"required name=search_term_string\"}],\"inLanguage\":\"pt-BR\"},{\"@type\":\"Person\",\"@id\":\"https:\/\/www.manaus.am.gov.br\/semcom\/#\/schema\/person\/4eea2a8f78dc853097abb026f728aa06\",\"name\":\"Renata Felix\",\"image\":{\"@type\":\"ImageObject\",\"inLanguage\":\"pt-BR\",\"@id\":\"https:\/\/www.manaus.am.gov.br\/semcom\/#\/schema\/person\/image\/\",\"url\":\"https:\/\/secure.gravatar.com\/avatar\/3c196cf9d3b837b24c8edb2c50fd8f29?s=96&d=mm&r=g\",\"contentUrl\":\"https:\/\/secure.gravatar.com\/avatar\/3c196cf9d3b837b24c8edb2c50fd8f29?s=96&d=mm&r=g\",\"caption\":\"Renata Felix\"}}]}<\/script>\n<!-- \/ Yoast SEO plugin. -->","yoast_head_json":{"title":"Carnaval Manaus 2023: Banda \u2018Tira Ressaca Rosas da Noite\u2019, \u2018Bloco do Madruga\u2019 e \u2018Banda do Pedrinho\u2019 animaram foli\u00f5es em pleno mar\u00e7o - SEMCOM","robots":{"index":"index","follow":"follow","max-snippet":"max-snippet:-1","max-image-preview":"max-image-preview:large","max-video-preview":"max-video-preview:-1"},"canonical":"https:\/\/www.manaus.am.gov.br\/semcom\/carnaval-manaus-2023-banda-tira-ressaca-rosas-da-noite-bloco-do-madruga-e-banda-do-pedrinho-animaram-folioes-em-pleno-marco\/","og_locale":"pt_BR","og_type":"article","og_title":"Carnaval Manaus 2023: Banda \u2018Tira Ressaca Rosas da Noite\u2019, \u2018Bloco do Madruga\u2019 e \u2018Banda do Pedrinho\u2019 animaram foli\u00f5es em pleno mar\u00e7o - SEMCOM","og_url":"https:\/\/www.manaus.am.gov.br\/semcom\/carnaval-manaus-2023-banda-tira-ressaca-rosas-da-noite-bloco-do-madruga-e-banda-do-pedrinho-animaram-folioes-em-pleno-marco\/","og_site_name":"SEMCOM","article_published_time":"2023-03-19T13:41:08+00:00","article_modified_time":"2023-03-19T13:41:10+00:00","og_image":[{"width":1599,"height":890,"url":"https:\/\/www.manaus.am.gov.br\/semcom\/wp-content\/uploads\/sites\/5\/2023\/03\/IMG_6646.jpg","type":"image\/jpeg"}],"author":"Renata Felix","twitter_card":"summary_large_image","twitter_misc":{"Written by":"Renata Felix","Est. reading time":"3 minutos"},"schema":{"@context":"https:\/\/schema.org","@graph":[{"@type":"WebPage","@id":"https:\/\/www.manaus.am.gov.br\/semcom\/carnaval-manaus-2023-banda-tira-ressaca-rosas-da-noite-bloco-do-madruga-e-banda-do-pedrinho-animaram-folioes-em-pleno-marco\/","url":"https:\/\/www.manaus.am.gov.br\/semcom\/carnaval-manaus-2023-banda-tira-ressaca-rosas-da-noite-bloco-do-madruga-e-banda-do-pedrinho-animaram-folioes-em-pleno-marco\/","name":"Carnaval Manaus 2023: Banda \u2018Tira Ressaca Rosas da Noite\u2019, \u2018Bloco do Madruga\u2019 e \u2018Banda do Pedrinho\u2019 animaram foli\u00f5es em pleno mar\u00e7o - SEMCOM","isPartOf":{"@id":"https:\/\/www.manaus.am.gov.br\/semcom\/#website"},"primaryImageOfPage":{"@id":"https:\/\/www.manaus.am.gov.br\/semcom\/carnaval-manaus-2023-banda-tira-ressaca-rosas-da-noite-bloco-do-madruga-e-banda-do-pedrinho-animaram-folioes-em-pleno-marco\/#primaryimage"},"image":{"@id":"https:\/\/www.manaus.am.gov.br\/semcom\/carnaval-manaus-2023-banda-tira-ressaca-rosas-da-noite-bloco-do-madruga-e-banda-do-pedrinho-animaram-folioes-em-pleno-marco\/#primaryimage"},"thumbnailUrl":"https:\/\/www.manaus.am.gov.br\/semcom\/wp-content\/uploads\/sites\/5\/2023\/03\/IMG_6646.jpg","datePublished":"2023-03-19T13:41:08+00:00","dateModified":"2023-03-19T13:41:10+00:00","author":{"@id":"https:\/\/www.manaus.am.gov.br\/semcom\/#\/schema\/person\/4eea2a8f78dc853097abb026f728aa06"},"inLanguage":"pt-BR","potentialAction":[{"@type":"ReadAction","target":["https:\/\/www.manaus.am.gov.br\/semcom\/carnaval-manaus-2023-banda-tira-ressaca-rosas-da-noite-bloco-do-madruga-e-banda-do-pedrinho-animaram-folioes-em-pleno-marco\/"]}]},{"@type":"ImageObject","inLanguage":"pt-BR","@id":"https:\/\/www.manaus.am.gov.br\/semcom\/carnaval-manaus-2023-banda-tira-ressaca-rosas-da-noite-bloco-do-madruga-e-banda-do-pedrinho-animaram-folioes-em-pleno-marco\/#primaryimage","url":"https:\/\/www.manaus.am.gov.br\/semcom\/wp-content\/uploads\/sites\/5\/2023\/03\/IMG_6646.jpg","contentUrl":"https:\/\/www.manaus.am.gov.br\/semcom\/wp-content\/uploads\/sites\/5\/2023\/03\/IMG_6646.jpg","width":1599,"height":890},{"@type":"WebSite","@id":"https:\/\/www.manaus.am.gov.br\/semcom\/#website","url":"https:\/\/www.manaus.am.gov.br\/semcom\/","name":"SEMCOM","description":"Secretaria Municipal de Comunica\u00e7\u00e3o","potentialAction":[{"@type":"SearchAction","target":{"@type":"EntryPoint","urlTemplate":"https:\/\/www.manaus.am.gov.br\/semcom\/?s={search_term_string}"},"query-input":"required name=search_term_string"}],"inLanguage":"pt-BR"},{"@type":"Person","@id":"https:\/\/www.manaus.am.gov.br\/semcom\/#\/schema\/person\/4eea2a8f78dc853097abb026f728aa06","name":"Renata Felix","image":{"@type":"ImageObject","inLanguage":"pt-BR","@id":"https:\/\/www.manaus.am.gov.br\/semcom\/#\/schema\/person\/image\/","url":"https:\/\/secure.gravatar.com\/avatar\/3c196cf9d3b837b24c8edb2c50fd8f29?s=96&d=mm&r=g","contentUrl":"https:\/\/secure.gravatar.com\/avatar\/3c196cf9d3b837b24c8edb2c50fd8f29?s=96&d=mm&r=g","caption":"Renata Felix"}}]}},"_links":{"self":[{"href":"https:\/\/www.manaus.am.gov.br\/semcom\/wp-json\/wp\/v2\/posts\/210767"}],"collection":[{"href":"https:\/\/www.manaus.am.gov.br\/semcom\/wp-json\/wp\/v2\/posts"}],"about":[{"href":"https:\/\/www.manaus.am.gov.br\/semcom\/wp-json\/wp\/v2\/types\/post"}],"author":[{"embeddable":true,"href":"https:\/\/www.manaus.am.gov.br\/semcom\/wp-json\/wp\/v2\/users\/31"}],"replies":[{"embeddable":true,"href":"https:\/\/www.manaus.am.gov.br\/semcom\/wp-json\/wp\/v2\/comments?post=210767"}],"version-history":[{"count":0,"href":"https:\/\/www.manaus.am.gov.br\/semcom\/wp-json\/wp\/v2\/posts\/210767\/revisions"}],"wp:featuredmedia":[{"embeddable":true,"href":"https:\/\/www.manaus.am.gov.br\/semcom\/wp-json\/wp\/v2\/media\/210768"}],"wp:attachment":[{"href":"https:\/\/www.manaus.am.gov.br\/semcom\/wp-json\/wp\/v2\/media?parent=210767"}],"wp:term":[{"taxonomy":"category","embeddable":true,"href":"https:\/\/www.manaus.am.gov.br\/semcom\/wp-json\/wp\/v2\/categories?post=210767"},{"taxonomy":"post_tag","embeddable":true,"href":"https:\/\/www.manaus.am.gov.br\/semcom\/wp-json\/wp\/v2\/tags?post=210767"}],"curies":[{"name":"wp","href":"https:\/\/api.w.org\/{rel}","templated":true}]}}