{"id":210613,"date":"2023-03-15T17:28:26","date_gmt":"2023-03-15T20:28:26","guid":{"rendered":"https:\/\/www.manaus.am.gov.br\/semcom\/prefeitura-lanca-o-edital-manaus-faz-cultura-3-com-investimento-de-r-2-mi-em-acoes-culturais\/"},"modified":"2023-03-15T17:28:27","modified_gmt":"2023-03-15T20:28:27","slug":"prefeitura-lanca-o-edital-manaus-faz-cultura-3-com-investimento-de-r-2-mi-em-acoes-culturais","status":"publish","type":"post","link":"https:\/\/www.manaus.am.gov.br\/semcom\/prefeitura-lanca-o-edital-manaus-faz-cultura-3-com-investimento-de-r-2-mi-em-acoes-culturais\/","title":{"rendered":"<strong>Prefeitura lan\u00e7a o edital \u2018Manaus Faz Cultura 3\u2019 com investimento de R$ 2 mi em a\u00e7\u00f5es culturais<\/strong>"},"content":{"rendered":"\n<p>A prefeitura lan\u00e7ou a edi\u00e7\u00e3o 2023 do edital \u201cManaus Faz Cultura 3\u201d,&nbsp;aumentando em R$ 2 milh\u00f5es o fomento para contemplar cem projetos. A a\u00e7\u00e3o ocorreu nesta quarta-feira, 15\/3, no Museu da Cidade, no Centro, por meio da Funda\u00e7\u00e3o Municipal de Cultura, Turismo e Eventos (Manauscult), via&nbsp;Fundo Municipal de Cultura (FMC), administrado pelo Conselho Municipal de Cultura (Concultura).<\/p>\n\n\n\n<p>A cerim\u00f4nia aconteceu com as presen\u00e7as da imprensa, artistas, produtores culturais e estudantes e teve a participa\u00e7\u00e3o da vice-presidente da Manauscult, Oreni Braga, que ressaltou o papel complementar das atividades da cultura na gest\u00e3o municipal.&nbsp;<\/p>\n\n\n\n<p>\u201cRealizamos grandes eventos festivos que s\u00e3o relevantes, e que precisam ser mantidos, mas a cultura em sua ess\u00eancia \u00e9 bem desenvolvida pelo Conselho de Cultura\u201d, pontuou, explicando como funciona a gest\u00e3o cultural da Prefeitura de Manaus.<\/p>\n\n\n\n<p>Na coletiva de imprensa, o presidente do Concultura, Ten\u00f3rio Telles, destacou o impacto social do programa de fomento cultural em que os compromissos do prefeito David Almeida de descentralizar a pol\u00edtica cultural atende os artistas e trabalhadores da cultura das periferias, e gera emprego e renda a essa grande cadeia da ind\u00fastria criativa.&nbsp;<\/p>\n\n\n\n<p>\u201cTemos chegado em locais onde os jovens vivem o drama do risco social no dia a dia e a pris\u00e3o da falta de perspectiva, por isso os projetos educativos e culturais t\u00eam forte aceita\u00e7\u00e3o e geram resultados, criando um ciclo virtuoso\u201d, comentou Telles.<\/p>\n\n\n\n<p><strong>Gest\u00e3o cultural<\/strong><\/p>\n\n\n\n<p>O subsecret\u00e1rio de Comunica\u00e7\u00e3o, Jack Serafim, comentou sobre a import\u00e2ncia da gest\u00e3o cultural do prefeito David Almeida, que deixa os t\u00e9cnicos fazerem a constru\u00e7\u00e3o.<\/p>\n\n\n\n<p>\u201cA pandemia nos trouxe esse desafio, de repensar a comunica\u00e7\u00e3o, de encarar a cultura como uma ci\u00eancia, de deix\u00e1-la se testar e aprimorar novas iniciativas, novas t\u00e9cnicas, novas metodologias. E \u00e9 essa nova gera\u00e7\u00e3o que est\u00e1 sendo chamada para isso e, com um projeto como o Manaus Faz Cultura, n\u00f3s estamos garantindo que a cultura n\u00e3o vai morrer\u201d, garantiu Serafim.<\/p>\n\n\n\n<p>O vice-presidente do Concultura, Neilo Batista, destacou que o edital \u201cManaus Faz Cultura\u201d \u00e9 resultado da sensibilidade do prefeito David Almeida em atender um pedido do conselho de Cultura para descontingenciar um recurso do Fundo Municipal de Cultura.<\/p>\n\n\n\n<p>\u201cRecurso esse que n\u00e3o era utilizado por inoper\u00e2ncia da Lei de Incentivo, e, desta forma, n\u00e3o era usado em benef\u00edcio da cultura local\u201d, e concluiu:&nbsp;<\/p>\n\n\n\n<p>\u201cQuebramos um ciclo de mais de dez anos de preju\u00edzo \u00e0 cultura, hoje o conselho consegue negociar at\u00e9 cem projetos de oficinas de forma\u00e7\u00e3o com foco nos bairros perif\u00e9ricos\u201d.&nbsp;<\/p>\n\n\n\n<p>As apresenta\u00e7\u00f5es art\u00edsticas foram realizadas por artistas, professores e alunos, novos artistas, que fizeram apresenta\u00e7\u00f5es de dan\u00e7a contempor\u00e2nea,&nbsp;<em>street dance<\/em>&nbsp;e graffiti. Um n\u00famero de dan\u00e7a contempor\u00e2nea foi apresentado pelos dan\u00e7arinos Branco Souza e Rebeca Santana.<\/p>\n\n\n\n<p>\u201cEste edital nos possibilitou levar dan\u00e7a cl\u00e1ssica, contempor\u00e2nea e de sal\u00e3o aos jovens e adultos das zonas Leste e Centro-Sul da cidade, revelando talentos e salvando vidas\u201d, afirmou Souza.<\/p>\n\n\n\n<p><strong>Evolu\u00e7\u00e3o<\/strong><\/p>\n\n\n\n<p>O edital na edi\u00e7\u00e3o de 2023 vai contemplar os projetos de oficinas de conte\u00fado art\u00edstico-culturais com valor de R$ 20 mil cada: de literatura, dan\u00e7a, teatro e circo, artes visuais, audiovisual, cultura \u00e9tnica, m\u00fasica, cultura popular, hip-hop e outros, a serem realizadas em todas as zonas da cidade e \u00e1reas ribeirinhas do entorno da capital.&nbsp;<\/p>\n\n\n\n<p>Nos anos anteriores foram contemplados 40 projetos em 2021, e em 2022 foram contempladas 60 oficinas no mesmo valor, que descentralizaram o incentivo \u00e0 cultura em Manaus.<\/p>\n\n\n\n<p>&#8212; &#8212; &#8212;<\/p>\n\n\n\n<p><strong>Texto<\/strong>&nbsp;\u2013 Cristov\u00e3o Nonato \/ Concultura<\/p>\n\n\n\n<p><strong>Fotos<\/strong>&nbsp;\u2013 Aguilar Abecassis \/ Semcom<\/p>\n\n\n\n<p>Dispon\u00edveis em &#8211;&nbsp;<a href=\"https:\/\/flic.kr\/s\/aHBqjAvR6R\" target=\"_blank\" rel=\"noreferrer noopener\">https:\/\/flic.kr\/s\/aHBqjAvR6R<\/a><\/p>\n\n\n\n<p><\/p>\n","protected":false},"excerpt":{"rendered":"","protected":false},"author":31,"featured_media":210614,"comment_status":"closed","ping_status":"closed","sticky":false,"template":"","format":"standard","meta":{"footnotes":""},"categories":[5],"tags":[2197,695,2198,1151],"acf":[],"yoast_head":"<!-- This site is optimized with the Yoast SEO plugin v23.0 - https:\/\/yoast.com\/wordpress\/plugins\/seo\/ -->\n<title>Prefeitura lan\u00e7a o edital \u2018Manaus Faz Cultura 3\u2019 com investimento de R$ 2 mi em a\u00e7\u00f5es culturais - SEMCOM<\/title>\n<meta name=\"robots\" content=\"index, follow, max-snippet:-1, max-image-preview:large, max-video-preview:-1\" \/>\n<link rel=\"canonical\" href=\"https:\/\/www.manaus.am.gov.br\/semcom\/prefeitura-lanca-o-edital-manaus-faz-cultura-3-com-investimento-de-r-2-mi-em-acoes-culturais\/\" \/>\n<meta property=\"og:locale\" content=\"pt_BR\" \/>\n<meta property=\"og:type\" content=\"article\" \/>\n<meta property=\"og:title\" content=\"Prefeitura lan\u00e7a o edital \u2018Manaus Faz Cultura 3\u2019 com investimento de R$ 2 mi em a\u00e7\u00f5es culturais - SEMCOM\" \/>\n<meta property=\"og:url\" content=\"https:\/\/www.manaus.am.gov.br\/semcom\/prefeitura-lanca-o-edital-manaus-faz-cultura-3-com-investimento-de-r-2-mi-em-acoes-culturais\/\" \/>\n<meta property=\"og:site_name\" content=\"SEMCOM\" \/>\n<meta property=\"article:published_time\" content=\"2023-03-15T20:28:26+00:00\" \/>\n<meta property=\"article:modified_time\" content=\"2023-03-15T20:28:27+00:00\" \/>\n<meta property=\"og:image\" content=\"https:\/\/www.manaus.am.gov.br\/semcom\/wp-content\/uploads\/sites\/5\/2023\/03\/manaus-faz-cultura.jpg\" \/>\n\t<meta property=\"og:image:width\" content=\"799\" \/>\n\t<meta property=\"og:image:height\" content=\"533\" \/>\n\t<meta property=\"og:image:type\" content=\"image\/jpeg\" \/>\n<meta name=\"author\" content=\"Renata Felix\" \/>\n<meta name=\"twitter:card\" content=\"summary_large_image\" \/>\n<meta name=\"twitter:label1\" content=\"Written by\" \/>\n\t<meta name=\"twitter:data1\" content=\"Renata Felix\" \/>\n\t<meta name=\"twitter:label2\" content=\"Est. reading time\" \/>\n\t<meta name=\"twitter:data2\" content=\"4 minutos\" \/>\n<script type=\"application\/ld+json\" class=\"yoast-schema-graph\">{\"@context\":\"https:\/\/schema.org\",\"@graph\":[{\"@type\":\"WebPage\",\"@id\":\"https:\/\/www.manaus.am.gov.br\/semcom\/prefeitura-lanca-o-edital-manaus-faz-cultura-3-com-investimento-de-r-2-mi-em-acoes-culturais\/\",\"url\":\"https:\/\/www.manaus.am.gov.br\/semcom\/prefeitura-lanca-o-edital-manaus-faz-cultura-3-com-investimento-de-r-2-mi-em-acoes-culturais\/\",\"name\":\"Prefeitura lan\u00e7a o edital \u2018Manaus Faz Cultura 3\u2019 com investimento de R$ 2 mi em a\u00e7\u00f5es culturais - SEMCOM\",\"isPartOf\":{\"@id\":\"https:\/\/www.manaus.am.gov.br\/semcom\/#website\"},\"primaryImageOfPage\":{\"@id\":\"https:\/\/www.manaus.am.gov.br\/semcom\/prefeitura-lanca-o-edital-manaus-faz-cultura-3-com-investimento-de-r-2-mi-em-acoes-culturais\/#primaryimage\"},\"image\":{\"@id\":\"https:\/\/www.manaus.am.gov.br\/semcom\/prefeitura-lanca-o-edital-manaus-faz-cultura-3-com-investimento-de-r-2-mi-em-acoes-culturais\/#primaryimage\"},\"thumbnailUrl\":\"https:\/\/www.manaus.am.gov.br\/semcom\/wp-content\/uploads\/sites\/5\/2023\/03\/manaus-faz-cultura.jpg\",\"datePublished\":\"2023-03-15T20:28:26+00:00\",\"dateModified\":\"2023-03-15T20:28:27+00:00\",\"author\":{\"@id\":\"https:\/\/www.manaus.am.gov.br\/semcom\/#\/schema\/person\/4eea2a8f78dc853097abb026f728aa06\"},\"inLanguage\":\"pt-BR\",\"potentialAction\":[{\"@type\":\"ReadAction\",\"target\":[\"https:\/\/www.manaus.am.gov.br\/semcom\/prefeitura-lanca-o-edital-manaus-faz-cultura-3-com-investimento-de-r-2-mi-em-acoes-culturais\/\"]}]},{\"@type\":\"ImageObject\",\"inLanguage\":\"pt-BR\",\"@id\":\"https:\/\/www.manaus.am.gov.br\/semcom\/prefeitura-lanca-o-edital-manaus-faz-cultura-3-com-investimento-de-r-2-mi-em-acoes-culturais\/#primaryimage\",\"url\":\"https:\/\/www.manaus.am.gov.br\/semcom\/wp-content\/uploads\/sites\/5\/2023\/03\/manaus-faz-cultura.jpg\",\"contentUrl\":\"https:\/\/www.manaus.am.gov.br\/semcom\/wp-content\/uploads\/sites\/5\/2023\/03\/manaus-faz-cultura.jpg\",\"width\":799,\"height\":533},{\"@type\":\"WebSite\",\"@id\":\"https:\/\/www.manaus.am.gov.br\/semcom\/#website\",\"url\":\"https:\/\/www.manaus.am.gov.br\/semcom\/\",\"name\":\"SEMCOM\",\"description\":\"Secretaria Municipal de Comunica\u00e7\u00e3o\",\"potentialAction\":[{\"@type\":\"SearchAction\",\"target\":{\"@type\":\"EntryPoint\",\"urlTemplate\":\"https:\/\/www.manaus.am.gov.br\/semcom\/?s={search_term_string}\"},\"query-input\":\"required name=search_term_string\"}],\"inLanguage\":\"pt-BR\"},{\"@type\":\"Person\",\"@id\":\"https:\/\/www.manaus.am.gov.br\/semcom\/#\/schema\/person\/4eea2a8f78dc853097abb026f728aa06\",\"name\":\"Renata Felix\",\"image\":{\"@type\":\"ImageObject\",\"inLanguage\":\"pt-BR\",\"@id\":\"https:\/\/www.manaus.am.gov.br\/semcom\/#\/schema\/person\/image\/\",\"url\":\"https:\/\/secure.gravatar.com\/avatar\/3c196cf9d3b837b24c8edb2c50fd8f29?s=96&d=mm&r=g\",\"contentUrl\":\"https:\/\/secure.gravatar.com\/avatar\/3c196cf9d3b837b24c8edb2c50fd8f29?s=96&d=mm&r=g\",\"caption\":\"Renata Felix\"}}]}<\/script>\n<!-- \/ Yoast SEO plugin. -->","yoast_head_json":{"title":"Prefeitura lan\u00e7a o edital \u2018Manaus Faz Cultura 3\u2019 com investimento de R$ 2 mi em a\u00e7\u00f5es culturais - SEMCOM","robots":{"index":"index","follow":"follow","max-snippet":"max-snippet:-1","max-image-preview":"max-image-preview:large","max-video-preview":"max-video-preview:-1"},"canonical":"https:\/\/www.manaus.am.gov.br\/semcom\/prefeitura-lanca-o-edital-manaus-faz-cultura-3-com-investimento-de-r-2-mi-em-acoes-culturais\/","og_locale":"pt_BR","og_type":"article","og_title":"Prefeitura lan\u00e7a o edital \u2018Manaus Faz Cultura 3\u2019 com investimento de R$ 2 mi em a\u00e7\u00f5es culturais - SEMCOM","og_url":"https:\/\/www.manaus.am.gov.br\/semcom\/prefeitura-lanca-o-edital-manaus-faz-cultura-3-com-investimento-de-r-2-mi-em-acoes-culturais\/","og_site_name":"SEMCOM","article_published_time":"2023-03-15T20:28:26+00:00","article_modified_time":"2023-03-15T20:28:27+00:00","og_image":[{"width":799,"height":533,"url":"https:\/\/www.manaus.am.gov.br\/semcom\/wp-content\/uploads\/sites\/5\/2023\/03\/manaus-faz-cultura.jpg","type":"image\/jpeg"}],"author":"Renata Felix","twitter_card":"summary_large_image","twitter_misc":{"Written by":"Renata Felix","Est. reading time":"4 minutos"},"schema":{"@context":"https:\/\/schema.org","@graph":[{"@type":"WebPage","@id":"https:\/\/www.manaus.am.gov.br\/semcom\/prefeitura-lanca-o-edital-manaus-faz-cultura-3-com-investimento-de-r-2-mi-em-acoes-culturais\/","url":"https:\/\/www.manaus.am.gov.br\/semcom\/prefeitura-lanca-o-edital-manaus-faz-cultura-3-com-investimento-de-r-2-mi-em-acoes-culturais\/","name":"Prefeitura lan\u00e7a o edital \u2018Manaus Faz Cultura 3\u2019 com investimento de R$ 2 mi em a\u00e7\u00f5es culturais - SEMCOM","isPartOf":{"@id":"https:\/\/www.manaus.am.gov.br\/semcom\/#website"},"primaryImageOfPage":{"@id":"https:\/\/www.manaus.am.gov.br\/semcom\/prefeitura-lanca-o-edital-manaus-faz-cultura-3-com-investimento-de-r-2-mi-em-acoes-culturais\/#primaryimage"},"image":{"@id":"https:\/\/www.manaus.am.gov.br\/semcom\/prefeitura-lanca-o-edital-manaus-faz-cultura-3-com-investimento-de-r-2-mi-em-acoes-culturais\/#primaryimage"},"thumbnailUrl":"https:\/\/www.manaus.am.gov.br\/semcom\/wp-content\/uploads\/sites\/5\/2023\/03\/manaus-faz-cultura.jpg","datePublished":"2023-03-15T20:28:26+00:00","dateModified":"2023-03-15T20:28:27+00:00","author":{"@id":"https:\/\/www.manaus.am.gov.br\/semcom\/#\/schema\/person\/4eea2a8f78dc853097abb026f728aa06"},"inLanguage":"pt-BR","potentialAction":[{"@type":"ReadAction","target":["https:\/\/www.manaus.am.gov.br\/semcom\/prefeitura-lanca-o-edital-manaus-faz-cultura-3-com-investimento-de-r-2-mi-em-acoes-culturais\/"]}]},{"@type":"ImageObject","inLanguage":"pt-BR","@id":"https:\/\/www.manaus.am.gov.br\/semcom\/prefeitura-lanca-o-edital-manaus-faz-cultura-3-com-investimento-de-r-2-mi-em-acoes-culturais\/#primaryimage","url":"https:\/\/www.manaus.am.gov.br\/semcom\/wp-content\/uploads\/sites\/5\/2023\/03\/manaus-faz-cultura.jpg","contentUrl":"https:\/\/www.manaus.am.gov.br\/semcom\/wp-content\/uploads\/sites\/5\/2023\/03\/manaus-faz-cultura.jpg","width":799,"height":533},{"@type":"WebSite","@id":"https:\/\/www.manaus.am.gov.br\/semcom\/#website","url":"https:\/\/www.manaus.am.gov.br\/semcom\/","name":"SEMCOM","description":"Secretaria Municipal de Comunica\u00e7\u00e3o","potentialAction":[{"@type":"SearchAction","target":{"@type":"EntryPoint","urlTemplate":"https:\/\/www.manaus.am.gov.br\/semcom\/?s={search_term_string}"},"query-input":"required name=search_term_string"}],"inLanguage":"pt-BR"},{"@type":"Person","@id":"https:\/\/www.manaus.am.gov.br\/semcom\/#\/schema\/person\/4eea2a8f78dc853097abb026f728aa06","name":"Renata Felix","image":{"@type":"ImageObject","inLanguage":"pt-BR","@id":"https:\/\/www.manaus.am.gov.br\/semcom\/#\/schema\/person\/image\/","url":"https:\/\/secure.gravatar.com\/avatar\/3c196cf9d3b837b24c8edb2c50fd8f29?s=96&d=mm&r=g","contentUrl":"https:\/\/secure.gravatar.com\/avatar\/3c196cf9d3b837b24c8edb2c50fd8f29?s=96&d=mm&r=g","caption":"Renata Felix"}}]}},"_links":{"self":[{"href":"https:\/\/www.manaus.am.gov.br\/semcom\/wp-json\/wp\/v2\/posts\/210613"}],"collection":[{"href":"https:\/\/www.manaus.am.gov.br\/semcom\/wp-json\/wp\/v2\/posts"}],"about":[{"href":"https:\/\/www.manaus.am.gov.br\/semcom\/wp-json\/wp\/v2\/types\/post"}],"author":[{"embeddable":true,"href":"https:\/\/www.manaus.am.gov.br\/semcom\/wp-json\/wp\/v2\/users\/31"}],"replies":[{"embeddable":true,"href":"https:\/\/www.manaus.am.gov.br\/semcom\/wp-json\/wp\/v2\/comments?post=210613"}],"version-history":[{"count":0,"href":"https:\/\/www.manaus.am.gov.br\/semcom\/wp-json\/wp\/v2\/posts\/210613\/revisions"}],"wp:featuredmedia":[{"embeddable":true,"href":"https:\/\/www.manaus.am.gov.br\/semcom\/wp-json\/wp\/v2\/media\/210614"}],"wp:attachment":[{"href":"https:\/\/www.manaus.am.gov.br\/semcom\/wp-json\/wp\/v2\/media?parent=210613"}],"wp:term":[{"taxonomy":"category","embeddable":true,"href":"https:\/\/www.manaus.am.gov.br\/semcom\/wp-json\/wp\/v2\/categories?post=210613"},{"taxonomy":"post_tag","embeddable":true,"href":"https:\/\/www.manaus.am.gov.br\/semcom\/wp-json\/wp\/v2\/tags?post=210613"}],"curies":[{"name":"wp","href":"https:\/\/api.w.org\/{rel}","templated":true}]}}