{"id":210552,"date":"2023-03-14T14:00:32","date_gmt":"2023-03-14T17:00:32","guid":{"rendered":"https:\/\/www.manaus.am.gov.br\/semcom\/campanha-desapego-solidario-da-prefeitura-de-manaus-auxilia-comunitarios-do-jorge-teixeira\/"},"modified":"2023-03-14T14:00:33","modified_gmt":"2023-03-14T17:00:33","slug":"campanha-desapego-solidario-da-prefeitura-de-manaus-auxilia-comunitarios-do-jorge-teixeira","status":"publish","type":"post","link":"https:\/\/www.manaus.am.gov.br\/semcom\/campanha-desapego-solidario-da-prefeitura-de-manaus-auxilia-comunitarios-do-jorge-teixeira\/","title":{"rendered":"<strong>Campanha \u2018Desapego Solid\u00e1rio\u2019 da Prefeitura de Manaus auxilia comunit\u00e1rios do Jorge Teixeira<\/strong>"},"content":{"rendered":"\n<p>Em decorr\u00eancia aos danos causados pela chuva do \u00faltimo domingo, 12\/3, no bairro Jorge Teixeira, zona Leste, a Prefeitura de Manaus, por meio da Secretaria Municipal de Educa\u00e7\u00e3o (Semed) e do Fundo Manaus Solid\u00e1ria (FMS), realiza a campanha \u201cDesapego Solid\u00e1rio\u201d. A iniciativa tem a finalidade de receber doa\u00e7\u00f5es da popula\u00e7\u00e3o e destinar \u00e0s fam\u00edlias que perderam bens materiais, devido aos alagamentos e deslizamentos de terra na \u00e1rea.<\/p>\n\n\n\n<p>A a\u00e7\u00e3o \u00e9 coordenada pelos Gr\u00eamios Estudantis, da Divis\u00e3o de Apoio \u00e0 Gest\u00e3o Escolar (Dage), da Semed, conforme explica o chefe da Dage, Luiz Oliveira.<\/p>\n\n\n\n<p>\u201cEm prol das fam\u00edlias que foram afetadas pela cat\u00e1strofe, a Semed e o Fundo Manaus Solid\u00e1rio uniram for\u00e7as nessa a\u00e7\u00e3o conjunta. Ent\u00e3o, o Gr\u00eamio Estudantil, que \u00e9 um projeto da Semed, est\u00e1 coordenando essa a\u00e7\u00e3o. Essas fam\u00edlias precisam de todo o nosso apoio neste momento. Os pontos de entrega s\u00e3o escolas municipais da Semed\u201d, explicou<\/p>\n\n\n\n<p>Os interessados podem doar roupas em bom estado de uso, alimentos n\u00e3o perec\u00edveis e materiais de higiene pessoal, nos respectivos pontos de coleta, das 8h \u00e0s 17h:<\/p>\n\n\n\n<p><strong>Zona Norte:<\/strong><\/p>\n\n\n\n<p>Escola municipal Professora Ant\u00f4nia Pereira, rua Felicidade, n\u00ba 30 &#8211; Santa Etelvina<\/p>\n\n\n\n<p>Escola municipal Lucila Freitas, rua Rosa de Maio, n\u00ba 239 \u2013 Col\u00f4nia Santo Ant\u00f4nio<\/p>\n\n\n\n<p>Escola municipal Professora Dulcenides dos S. Dias, rua S\u00e3o Jo\u00e3o, n\u00b0 60, Col\u00f4nia Terra Nova<\/p>\n\n\n\n<p>Escola municipal Jornalista Sab\u00e1 Raposo, rua Santa M\u00f4nica, s\/n\u00b0 Monte das Oliveiras<\/p>\n\n\n\n<p><strong>Zona Centro-Sul<\/strong><\/p>\n\n\n\n<p>Escola municipal Professora Jarlece da Concei\u00e7\u00e3o, avenida Cel. S\u00e1vio Belota, Novo Aleixo.<\/p>\n\n\n\n<p>Escola municipal Arist\u00f3fanes Bezerra de Castro, rua Benjamin, s\/n\u00b0, Cidade de Deus<\/p>\n\n\n\n<p>Escola municipal Professora Ruth Costa, rua 217, travessa 3, s\/n\u00ba, Novo Aleixo<\/p>\n\n\n\n<p>Escola municipal Adolpho Ducke, rua S\u00e3o Marcos, 89, Cidade de Deus<\/p>\n\n\n\n<p><strong>Zona Leste 1:<\/strong><\/p>\n\n\n\n<p>Escola municipal Vila da Felicidade, avenida Solim\u00f5es, BR &#8211; 319, n\u00b0 5, Mauazinho<\/p>\n\n\n\n<p>Escola municipal Leonor Uchoa, rua Xiborena, s\/n\u00b0, S\u00e3o Jos\u00e9 Oper\u00e1rio.<\/p>\n\n\n\n<p>Escola municipal Ant\u00f4nia Borges, rua Penetra\u00e7\u00e3o II, n\u00b0 5, S\u00e3o Jos\u00e9 Oper\u00e1rio<\/p>\n\n\n\n<p><strong>Zona Leste 2:<\/strong><\/p>\n\n\n\n<p>Escola municipal Maria Auxiliadora S. Azevedo, rua Hortel\u00e3, s\/n\u00b0, Jorge Teixeira<\/p>\n\n\n\n<p>Escola municipal Roberto dos Santos Vieira, Distrito Industrial II<\/p>\n\n\n\n<p>Escola municipal Helena Walcott, avenida Ita\u00faba, s\/n\u00ba, Jorge Teixeira<\/p>\n\n\n\n<p><strong>Zona Oeste:<\/strong><\/p>\n\n\n\n<p>Escola municipal Ab\u00edlio Nery, avenida Torquato Tapaj\u00f3s, n\u00b0 5199, Flores<\/p>\n\n\n\n<p>Escola municipal Professora Dalvina de Oliveira, Tarum\u00e3<\/p>\n\n\n\n<p>Escola municipal Rodolpho Valle, rua Ituindautaba, 891, Reden\u00e7\u00e3o<\/p>\n\n\n\n<p>Escola municipal Terezinha Moura Brasil, rua Ponce Le\u00e3o, n\u00ba 68, Compensa.<\/p>\n\n\n\n<p><strong>Zona Sul:<\/strong><\/p>\n\n\n\n<p>Escola municipal Ana Mota Braga, rua Rio Amazonas, n\u00ba 12, Petr\u00f3polis<\/p>\n\n\n\n<p>Escola municipal Waldir Garcia, rua Pico da \u00c1guas, n\u00ba 339, S\u00e3o Geraldo<\/p>\n\n\n\n<p>Escola municipal Professora Francisca P. de Ara\u00fajo, rua Padre Monteiro de Noronha, n\u00ba 285, Flores<\/p>\n\n\n\n<p>&#8212; &#8212; &#8212;<\/p>\n\n\n\n<p><strong>Texto &#8211;&nbsp;<\/strong>Andrew Ericles \/ Semed<\/p>\n\n\n\n<p><strong>Fotos &#8211;<\/strong>&nbsp;Assessoria de Comunica\u00e7\u00e3o\/ Semed<\/p>\n\n\n\n<p><strong>Dispon\u00edveis em &#8211;<\/strong>&nbsp;<a href=\"https:\/\/flic.kr\/s\/aHBqjAvCea\" target=\"_blank\" rel=\"noreferrer noopener\">https:\/\/flic.kr\/s\/aHBqjAvCea<\/a><\/p>\n","protected":false},"excerpt":{"rendered":"","protected":false},"author":24,"featured_media":210553,"comment_status":"closed","ping_status":"closed","sticky":false,"template":"","format":"standard","meta":{"footnotes":""},"categories":[744],"tags":[1119,2135,2136,2137,2138,1693,1838,1517,77,124,62],"acf":[],"yoast_head":"<!-- This site is optimized with the Yoast SEO plugin v23.0 - https:\/\/yoast.com\/wordpress\/plugins\/seo\/ -->\n<title>Campanha \u2018Desapego Solid\u00e1rio\u2019 da Prefeitura de Manaus auxilia comunit\u00e1rios do Jorge Teixeira - SEMCOM<\/title>\n<meta name=\"description\" content=\"Em decorr\u00eancia aos danos causados pela chuva do \u00faltimo domingo, 12\/3, no bairro Jorge Teixeira, zona Leste, a Prefeitura de Manaus, por meio da Secretaria Municipal de Educa\u00e7\u00e3o (Semed) e do Fundo Manaus Solid\u00e1ria (FMS), realiza a campanha \u201cDesapego Solid\u00e1rio\u201d.\" \/>\n<meta name=\"robots\" content=\"index, follow, max-snippet:-1, max-image-preview:large, max-video-preview:-1\" \/>\n<link rel=\"canonical\" href=\"https:\/\/www.manaus.am.gov.br\/semcom\/campanha-desapego-solidario-da-prefeitura-de-manaus-auxilia-comunitarios-do-jorge-teixeira\/\" \/>\n<meta property=\"og:locale\" content=\"pt_BR\" \/>\n<meta property=\"og:type\" content=\"article\" \/>\n<meta property=\"og:title\" content=\"Campanha \u2018Desapego Solid\u00e1rio\u2019 da Prefeitura de Manaus auxilia comunit\u00e1rios do Jorge Teixeira - SEMCOM\" \/>\n<meta property=\"og:description\" content=\"Em decorr\u00eancia aos danos causados pela chuva do \u00faltimo domingo, 12\/3, no bairro Jorge Teixeira, zona Leste, a Prefeitura de Manaus, por meio da Secretaria Municipal de Educa\u00e7\u00e3o (Semed) e do Fundo Manaus Solid\u00e1ria (FMS), realiza a campanha \u201cDesapego Solid\u00e1rio\u201d.\" \/>\n<meta property=\"og:url\" content=\"https:\/\/www.manaus.am.gov.br\/semcom\/campanha-desapego-solidario-da-prefeitura-de-manaus-auxilia-comunitarios-do-jorge-teixeira\/\" \/>\n<meta property=\"og:site_name\" content=\"SEMCOM\" \/>\n<meta property=\"article:published_time\" content=\"2023-03-14T17:00:32+00:00\" \/>\n<meta property=\"article:modified_time\" content=\"2023-03-14T17:00:33+00:00\" \/>\n<meta property=\"og:image\" content=\"https:\/\/www.manaus.am.gov.br\/semcom\/wp-content\/uploads\/sites\/5\/2023\/03\/52746225253_27deb98663_o-scaled.jpg\" \/>\n\t<meta property=\"og:image:width\" content=\"2560\" \/>\n\t<meta property=\"og:image:height\" content=\"1707\" \/>\n\t<meta property=\"og:image:type\" content=\"image\/jpeg\" \/>\n<meta name=\"author\" content=\"Cl\u00e1udia Barbosa\" \/>\n<meta name=\"twitter:card\" content=\"summary_large_image\" \/>\n<meta name=\"twitter:label1\" content=\"Written by\" \/>\n\t<meta name=\"twitter:data1\" content=\"Cl\u00e1udia Barbosa\" \/>\n\t<meta name=\"twitter:label2\" content=\"Est. reading time\" \/>\n\t<meta name=\"twitter:data2\" content=\"3 minutos\" \/>\n<script type=\"application\/ld+json\" class=\"yoast-schema-graph\">{\"@context\":\"https:\/\/schema.org\",\"@graph\":[{\"@type\":\"WebPage\",\"@id\":\"https:\/\/www.manaus.am.gov.br\/semcom\/campanha-desapego-solidario-da-prefeitura-de-manaus-auxilia-comunitarios-do-jorge-teixeira\/\",\"url\":\"https:\/\/www.manaus.am.gov.br\/semcom\/campanha-desapego-solidario-da-prefeitura-de-manaus-auxilia-comunitarios-do-jorge-teixeira\/\",\"name\":\"Campanha \u2018Desapego Solid\u00e1rio\u2019 da Prefeitura de Manaus auxilia comunit\u00e1rios do Jorge Teixeira - SEMCOM\",\"isPartOf\":{\"@id\":\"https:\/\/www.manaus.am.gov.br\/semcom\/#website\"},\"primaryImageOfPage\":{\"@id\":\"https:\/\/www.manaus.am.gov.br\/semcom\/campanha-desapego-solidario-da-prefeitura-de-manaus-auxilia-comunitarios-do-jorge-teixeira\/#primaryimage\"},\"image\":{\"@id\":\"https:\/\/www.manaus.am.gov.br\/semcom\/campanha-desapego-solidario-da-prefeitura-de-manaus-auxilia-comunitarios-do-jorge-teixeira\/#primaryimage\"},\"thumbnailUrl\":\"https:\/\/www.manaus.am.gov.br\/semcom\/wp-content\/uploads\/sites\/5\/2023\/03\/52746225253_27deb98663_o-scaled.jpg\",\"datePublished\":\"2023-03-14T17:00:32+00:00\",\"dateModified\":\"2023-03-14T17:00:33+00:00\",\"author\":{\"@id\":\"https:\/\/www.manaus.am.gov.br\/semcom\/#\/schema\/person\/d0a166b5031154c33c77794ddc9a827e\"},\"description\":\"Em decorr\u00eancia aos danos causados pela chuva do \u00faltimo domingo, 12\/3, no bairro Jorge Teixeira, zona Leste, a Prefeitura de Manaus, por meio da Secretaria Municipal de Educa\u00e7\u00e3o (Semed) e do Fundo Manaus Solid\u00e1ria (FMS), realiza a campanha \u201cDesapego Solid\u00e1rio\u201d.\",\"inLanguage\":\"pt-BR\",\"potentialAction\":[{\"@type\":\"ReadAction\",\"target\":[\"https:\/\/www.manaus.am.gov.br\/semcom\/campanha-desapego-solidario-da-prefeitura-de-manaus-auxilia-comunitarios-do-jorge-teixeira\/\"]}]},{\"@type\":\"ImageObject\",\"inLanguage\":\"pt-BR\",\"@id\":\"https:\/\/www.manaus.am.gov.br\/semcom\/campanha-desapego-solidario-da-prefeitura-de-manaus-auxilia-comunitarios-do-jorge-teixeira\/#primaryimage\",\"url\":\"https:\/\/www.manaus.am.gov.br\/semcom\/wp-content\/uploads\/sites\/5\/2023\/03\/52746225253_27deb98663_o-scaled.jpg\",\"contentUrl\":\"https:\/\/www.manaus.am.gov.br\/semcom\/wp-content\/uploads\/sites\/5\/2023\/03\/52746225253_27deb98663_o-scaled.jpg\",\"width\":2560,\"height\":1707},{\"@type\":\"WebSite\",\"@id\":\"https:\/\/www.manaus.am.gov.br\/semcom\/#website\",\"url\":\"https:\/\/www.manaus.am.gov.br\/semcom\/\",\"name\":\"SEMCOM\",\"description\":\"Secretaria Municipal de Comunica\u00e7\u00e3o\",\"potentialAction\":[{\"@type\":\"SearchAction\",\"target\":{\"@type\":\"EntryPoint\",\"urlTemplate\":\"https:\/\/www.manaus.am.gov.br\/semcom\/?s={search_term_string}\"},\"query-input\":\"required name=search_term_string\"}],\"inLanguage\":\"pt-BR\"},{\"@type\":\"Person\",\"@id\":\"https:\/\/www.manaus.am.gov.br\/semcom\/#\/schema\/person\/d0a166b5031154c33c77794ddc9a827e\",\"name\":\"Cl\u00e1udia Barbosa\",\"image\":{\"@type\":\"ImageObject\",\"inLanguage\":\"pt-BR\",\"@id\":\"https:\/\/www.manaus.am.gov.br\/semcom\/#\/schema\/person\/image\/\",\"url\":\"https:\/\/secure.gravatar.com\/avatar\/42958a1cf007f1a00534009218c72590?s=96&d=mm&r=g\",\"contentUrl\":\"https:\/\/secure.gravatar.com\/avatar\/42958a1cf007f1a00534009218c72590?s=96&d=mm&r=g\",\"caption\":\"Cl\u00e1udia Barbosa\"}}]}<\/script>\n<!-- \/ Yoast SEO plugin. -->","yoast_head_json":{"title":"Campanha \u2018Desapego Solid\u00e1rio\u2019 da Prefeitura de Manaus auxilia comunit\u00e1rios do Jorge Teixeira - SEMCOM","description":"Em decorr\u00eancia aos danos causados pela chuva do \u00faltimo domingo, 12\/3, no bairro Jorge Teixeira, zona Leste, a Prefeitura de Manaus, por meio da Secretaria Municipal de Educa\u00e7\u00e3o (Semed) e do Fundo Manaus Solid\u00e1ria (FMS), realiza a campanha \u201cDesapego Solid\u00e1rio\u201d.","robots":{"index":"index","follow":"follow","max-snippet":"max-snippet:-1","max-image-preview":"max-image-preview:large","max-video-preview":"max-video-preview:-1"},"canonical":"https:\/\/www.manaus.am.gov.br\/semcom\/campanha-desapego-solidario-da-prefeitura-de-manaus-auxilia-comunitarios-do-jorge-teixeira\/","og_locale":"pt_BR","og_type":"article","og_title":"Campanha \u2018Desapego Solid\u00e1rio\u2019 da Prefeitura de Manaus auxilia comunit\u00e1rios do Jorge Teixeira - SEMCOM","og_description":"Em decorr\u00eancia aos danos causados pela chuva do \u00faltimo domingo, 12\/3, no bairro Jorge Teixeira, zona Leste, a Prefeitura de Manaus, por meio da Secretaria Municipal de Educa\u00e7\u00e3o (Semed) e do Fundo Manaus Solid\u00e1ria (FMS), realiza a campanha \u201cDesapego Solid\u00e1rio\u201d.","og_url":"https:\/\/www.manaus.am.gov.br\/semcom\/campanha-desapego-solidario-da-prefeitura-de-manaus-auxilia-comunitarios-do-jorge-teixeira\/","og_site_name":"SEMCOM","article_published_time":"2023-03-14T17:00:32+00:00","article_modified_time":"2023-03-14T17:00:33+00:00","og_image":[{"width":2560,"height":1707,"url":"https:\/\/www.manaus.am.gov.br\/semcom\/wp-content\/uploads\/sites\/5\/2023\/03\/52746225253_27deb98663_o-scaled.jpg","type":"image\/jpeg"}],"author":"Cl\u00e1udia Barbosa","twitter_card":"summary_large_image","twitter_misc":{"Written by":"Cl\u00e1udia Barbosa","Est. reading time":"3 minutos"},"schema":{"@context":"https:\/\/schema.org","@graph":[{"@type":"WebPage","@id":"https:\/\/www.manaus.am.gov.br\/semcom\/campanha-desapego-solidario-da-prefeitura-de-manaus-auxilia-comunitarios-do-jorge-teixeira\/","url":"https:\/\/www.manaus.am.gov.br\/semcom\/campanha-desapego-solidario-da-prefeitura-de-manaus-auxilia-comunitarios-do-jorge-teixeira\/","name":"Campanha \u2018Desapego Solid\u00e1rio\u2019 da Prefeitura de Manaus auxilia comunit\u00e1rios do Jorge Teixeira - SEMCOM","isPartOf":{"@id":"https:\/\/www.manaus.am.gov.br\/semcom\/#website"},"primaryImageOfPage":{"@id":"https:\/\/www.manaus.am.gov.br\/semcom\/campanha-desapego-solidario-da-prefeitura-de-manaus-auxilia-comunitarios-do-jorge-teixeira\/#primaryimage"},"image":{"@id":"https:\/\/www.manaus.am.gov.br\/semcom\/campanha-desapego-solidario-da-prefeitura-de-manaus-auxilia-comunitarios-do-jorge-teixeira\/#primaryimage"},"thumbnailUrl":"https:\/\/www.manaus.am.gov.br\/semcom\/wp-content\/uploads\/sites\/5\/2023\/03\/52746225253_27deb98663_o-scaled.jpg","datePublished":"2023-03-14T17:00:32+00:00","dateModified":"2023-03-14T17:00:33+00:00","author":{"@id":"https:\/\/www.manaus.am.gov.br\/semcom\/#\/schema\/person\/d0a166b5031154c33c77794ddc9a827e"},"description":"Em decorr\u00eancia aos danos causados pela chuva do \u00faltimo domingo, 12\/3, no bairro Jorge Teixeira, zona Leste, a Prefeitura de Manaus, por meio da Secretaria Municipal de Educa\u00e7\u00e3o (Semed) e do Fundo Manaus Solid\u00e1ria (FMS), realiza a campanha \u201cDesapego Solid\u00e1rio\u201d.","inLanguage":"pt-BR","potentialAction":[{"@type":"ReadAction","target":["https:\/\/www.manaus.am.gov.br\/semcom\/campanha-desapego-solidario-da-prefeitura-de-manaus-auxilia-comunitarios-do-jorge-teixeira\/"]}]},{"@type":"ImageObject","inLanguage":"pt-BR","@id":"https:\/\/www.manaus.am.gov.br\/semcom\/campanha-desapego-solidario-da-prefeitura-de-manaus-auxilia-comunitarios-do-jorge-teixeira\/#primaryimage","url":"https:\/\/www.manaus.am.gov.br\/semcom\/wp-content\/uploads\/sites\/5\/2023\/03\/52746225253_27deb98663_o-scaled.jpg","contentUrl":"https:\/\/www.manaus.am.gov.br\/semcom\/wp-content\/uploads\/sites\/5\/2023\/03\/52746225253_27deb98663_o-scaled.jpg","width":2560,"height":1707},{"@type":"WebSite","@id":"https:\/\/www.manaus.am.gov.br\/semcom\/#website","url":"https:\/\/www.manaus.am.gov.br\/semcom\/","name":"SEMCOM","description":"Secretaria Municipal de Comunica\u00e7\u00e3o","potentialAction":[{"@type":"SearchAction","target":{"@type":"EntryPoint","urlTemplate":"https:\/\/www.manaus.am.gov.br\/semcom\/?s={search_term_string}"},"query-input":"required name=search_term_string"}],"inLanguage":"pt-BR"},{"@type":"Person","@id":"https:\/\/www.manaus.am.gov.br\/semcom\/#\/schema\/person\/d0a166b5031154c33c77794ddc9a827e","name":"Cl\u00e1udia Barbosa","image":{"@type":"ImageObject","inLanguage":"pt-BR","@id":"https:\/\/www.manaus.am.gov.br\/semcom\/#\/schema\/person\/image\/","url":"https:\/\/secure.gravatar.com\/avatar\/42958a1cf007f1a00534009218c72590?s=96&d=mm&r=g","contentUrl":"https:\/\/secure.gravatar.com\/avatar\/42958a1cf007f1a00534009218c72590?s=96&d=mm&r=g","caption":"Cl\u00e1udia Barbosa"}}]}},"_links":{"self":[{"href":"https:\/\/www.manaus.am.gov.br\/semcom\/wp-json\/wp\/v2\/posts\/210552"}],"collection":[{"href":"https:\/\/www.manaus.am.gov.br\/semcom\/wp-json\/wp\/v2\/posts"}],"about":[{"href":"https:\/\/www.manaus.am.gov.br\/semcom\/wp-json\/wp\/v2\/types\/post"}],"author":[{"embeddable":true,"href":"https:\/\/www.manaus.am.gov.br\/semcom\/wp-json\/wp\/v2\/users\/24"}],"replies":[{"embeddable":true,"href":"https:\/\/www.manaus.am.gov.br\/semcom\/wp-json\/wp\/v2\/comments?post=210552"}],"version-history":[{"count":0,"href":"https:\/\/www.manaus.am.gov.br\/semcom\/wp-json\/wp\/v2\/posts\/210552\/revisions"}],"wp:featuredmedia":[{"embeddable":true,"href":"https:\/\/www.manaus.am.gov.br\/semcom\/wp-json\/wp\/v2\/media\/210553"}],"wp:attachment":[{"href":"https:\/\/www.manaus.am.gov.br\/semcom\/wp-json\/wp\/v2\/media?parent=210552"}],"wp:term":[{"taxonomy":"category","embeddable":true,"href":"https:\/\/www.manaus.am.gov.br\/semcom\/wp-json\/wp\/v2\/categories?post=210552"},{"taxonomy":"post_tag","embeddable":true,"href":"https:\/\/www.manaus.am.gov.br\/semcom\/wp-json\/wp\/v2\/tags?post=210552"}],"curies":[{"name":"wp","href":"https:\/\/api.w.org\/{rel}","templated":true}]}}