{"id":210536,"date":"2023-03-13T21:44:44","date_gmt":"2023-03-14T00:44:44","guid":{"rendered":"https:\/\/www.manaus.am.gov.br\/semcom\/prefeitura-de-manaus-inicia-campanha-para-arrecadar-doacoes-as-vitimas-do-deslizamento-do-bairro-jorge-teixeira\/"},"modified":"2023-03-13T21:44:45","modified_gmt":"2023-03-14T00:44:45","slug":"prefeitura-de-manaus-inicia-campanha-para-arrecadar-doacoes-as-vitimas-do-deslizamento-do-bairro-jorge-teixeira","status":"publish","type":"post","link":"https:\/\/www.manaus.am.gov.br\/semcom\/prefeitura-de-manaus-inicia-campanha-para-arrecadar-doacoes-as-vitimas-do-deslizamento-do-bairro-jorge-teixeira\/","title":{"rendered":"<strong>Prefeitura de Manaus inicia campanha para arrecadar doa\u00e7\u00f5es \u00e0s v\u00edtimas do deslizamento do bairro Jorge Teixeira<\/strong>"},"content":{"rendered":"\n<p>A Prefeitura de Manaus, por meio da Secretaria Municipal da Mulher, Assist\u00eancia Social e Cidadania (Semasc), est\u00e1 iniciando uma campanha para arrecadar doa\u00e7\u00f5es para as v\u00edtimas do deslizamento que ocorreu no bairro Jorge Teixeira, zona Leste, no \u00faltimo domingo, 12\/3. A a\u00e7\u00e3o acontece em parceria com o Shopping Cidade Leste, que ir\u00e1 receber as doa\u00e7\u00f5es e destinar \u00e0 secretaria.<\/p>\n\n\n\n<p>A Semasc est\u00e1 recebendo doa\u00e7\u00f5es de alimentos n\u00e3o perec\u00edveis, roupas, cal\u00e7ados, colch\u00f5es, roupas de cama, travesseiros, roupas de banho, produtos de higiene pessoal e material de limpeza. O ponto de coleta ser\u00e1 no Shopping Cidade Leste localizado na avenida Autaz Mirim, bairro Tancredo Neves.<\/p>\n\n\n\n<p>\u201cA campanha de arrecada\u00e7\u00e3o de doa\u00e7\u00f5es \u00e9 uma forma de ajudar as v\u00edtimas a se recuperarem desse momento dif\u00edcil. A secretaria tamb\u00e9m est\u00e1 prestando assist\u00eancia \u00e0s fam\u00edlias atingidas pelo deslizamento, oferecendo abrigo, alimenta\u00e7\u00e3o e suporte psicol\u00f3gico\u201d, disse o secret\u00e1rio da Semasc Eduardo Lucas.<\/p>\n\n\n\n<p>O Shopping Cidade Leste se prontificou a colaborar com a iniciativa da Semasc, e disponibilizou espa\u00e7os para a coleta de doa\u00e7\u00f5es. O empreendimento tamb\u00e9m est\u00e1 divulgando a campanha em suas redes sociais, para mobilizar a popula\u00e7\u00e3o a contribuir com as v\u00edtimas do deslizamento.<\/p>\n\n\n\n<p>\u201cN\u00f3s do Shopping Cidade Leste, com todos os empres\u00e1rios, vamos ajudar nesse momento cr\u00edtico, ajudar essa popula\u00e7\u00e3o que est\u00e1 vivendo essa trag\u00e9dia. Nessa parceria com a prefeitura, com o prefeito David Almeida, vamos disponibilizar um espa\u00e7o para receber as doa\u00e7\u00f5es e depois entregar para a secretaria respons\u00e1vel que far\u00e1 a entrega para as fam\u00edlias\u201d, afirmou o superintendente do Shopping Cidade Leste, Ayman Yacoub.<\/p>\n\n\n\n<p><strong>Manauscult mobiliza artistas para ajudar fam\u00edlias<\/strong><\/p>\n\n\n\n<p>A Funda\u00e7\u00e3o Municipal de Cultura, Turismo e Eventos (Manauscult), tamb\u00e9m entrou na campanha e iniciou um trabalho de mobiliza\u00e7\u00e3o junto \u00e0 classe art\u00edstica da capital para arrecadar doa\u00e7\u00f5es e destinar \u00e0s fam\u00edlias do bairro Jorge Teixeira.<\/p>\n\n\n\n<p>A iniciativa \u00e9 uma forma de unir for\u00e7as para ajudar as fam\u00edlias que foram atingidas pela trag\u00e9dia. &#8220;Qualquer tipo de doa\u00e7\u00e3o \u00e9 importante. \u00c9 a nossa cultura solid\u00e1ria em a\u00e7\u00e3o e minorando as quest\u00f5es sociais das fam\u00edlias da nossa cidade. Contamos com a participa\u00e7\u00e3o de todos os artistas e a todas as agremia\u00e7\u00f5es do Carnaval de Manaus para fazer a diferen\u00e7a na vida dessas fam\u00edlias\u201d, finalizou a vice-presidente Oreni Braga.<\/p>\n\n\n\n<p>&#8212; &#8212; &#8212;<\/p>\n\n\n\n<p><strong>Texto &#8211;<\/strong> Leonardo Fierro \/ Semasc<\/p>\n\n\n\n<p><strong>Fotos \u2013<\/strong> Aguilar Abecassis \/ Semcom <\/p>\n\n\n\n<p><strong>Dispon\u00edveis em &#8211; <\/strong><a href=\"https:\/\/flic.kr\/s\/aHBqjAvBAu\">https:\/\/flic.kr\/s\/aHBqjAvBAu<\/a><\/p>\n","protected":false},"excerpt":{"rendered":"","protected":false},"author":39,"featured_media":210537,"comment_status":"closed","ping_status":"closed","sticky":false,"template":"","format":"standard","meta":{"footnotes":""},"categories":[744],"tags":[1119,2121,307,153,2122],"acf":[],"yoast_head":"<!-- This site is optimized with the Yoast SEO plugin v23.0 - https:\/\/yoast.com\/wordpress\/plugins\/seo\/ -->\n<title>Prefeitura de Manaus inicia campanha para arrecadar doa\u00e7\u00f5es \u00e0s v\u00edtimas do deslizamento do bairro Jorge Teixeira<\/title>\n<meta name=\"description\" content=\"Prefeitura de Manaus inicia campanha para arrecadar doa\u00e7\u00f5es \u00e0s v\u00edtimas do deslizamento do bairro Jorge Teixeira\" \/>\n<meta name=\"robots\" content=\"index, follow, max-snippet:-1, max-image-preview:large, max-video-preview:-1\" \/>\n<link rel=\"canonical\" href=\"https:\/\/www.manaus.am.gov.br\/semcom\/prefeitura-de-manaus-inicia-campanha-para-arrecadar-doacoes-as-vitimas-do-deslizamento-do-bairro-jorge-teixeira\/\" \/>\n<meta property=\"og:locale\" content=\"pt_BR\" \/>\n<meta property=\"og:type\" content=\"article\" \/>\n<meta property=\"og:title\" content=\"Prefeitura de Manaus inicia campanha para arrecadar doa\u00e7\u00f5es \u00e0s v\u00edtimas do deslizamento do bairro Jorge Teixeira\" \/>\n<meta property=\"og:description\" content=\"Prefeitura de Manaus inicia campanha para arrecadar doa\u00e7\u00f5es \u00e0s v\u00edtimas do deslizamento do bairro Jorge Teixeira\" \/>\n<meta property=\"og:url\" content=\"https:\/\/www.manaus.am.gov.br\/semcom\/prefeitura-de-manaus-inicia-campanha-para-arrecadar-doacoes-as-vitimas-do-deslizamento-do-bairro-jorge-teixeira\/\" \/>\n<meta property=\"og:site_name\" content=\"SEMCOM\" \/>\n<meta property=\"article:published_time\" content=\"2023-03-14T00:44:44+00:00\" \/>\n<meta property=\"article:modified_time\" content=\"2023-03-14T00:44:45+00:00\" \/>\n<meta property=\"og:image\" content=\"https:\/\/www.manaus.am.gov.br\/semcom\/wp-content\/uploads\/sites\/5\/2023\/03\/52745812281_122f7fe679_k.jpg\" \/>\n\t<meta property=\"og:image:width\" content=\"2048\" \/>\n\t<meta property=\"og:image:height\" content=\"1365\" \/>\n\t<meta property=\"og:image:type\" content=\"image\/jpeg\" \/>\n<meta name=\"author\" content=\"Bruna Greco\" \/>\n<meta name=\"twitter:card\" content=\"summary_large_image\" \/>\n<meta name=\"twitter:label1\" content=\"Written by\" \/>\n\t<meta name=\"twitter:data1\" content=\"Bruna Greco\" \/>\n\t<meta name=\"twitter:label2\" content=\"Est. reading time\" \/>\n\t<meta name=\"twitter:data2\" content=\"3 minutos\" \/>\n<script type=\"application\/ld+json\" class=\"yoast-schema-graph\">{\"@context\":\"https:\/\/schema.org\",\"@graph\":[{\"@type\":\"WebPage\",\"@id\":\"https:\/\/www.manaus.am.gov.br\/semcom\/prefeitura-de-manaus-inicia-campanha-para-arrecadar-doacoes-as-vitimas-do-deslizamento-do-bairro-jorge-teixeira\/\",\"url\":\"https:\/\/www.manaus.am.gov.br\/semcom\/prefeitura-de-manaus-inicia-campanha-para-arrecadar-doacoes-as-vitimas-do-deslizamento-do-bairro-jorge-teixeira\/\",\"name\":\"Prefeitura de Manaus inicia campanha para arrecadar doa\u00e7\u00f5es \u00e0s v\u00edtimas do deslizamento do bairro Jorge Teixeira\",\"isPartOf\":{\"@id\":\"https:\/\/www.manaus.am.gov.br\/semcom\/#website\"},\"primaryImageOfPage\":{\"@id\":\"https:\/\/www.manaus.am.gov.br\/semcom\/prefeitura-de-manaus-inicia-campanha-para-arrecadar-doacoes-as-vitimas-do-deslizamento-do-bairro-jorge-teixeira\/#primaryimage\"},\"image\":{\"@id\":\"https:\/\/www.manaus.am.gov.br\/semcom\/prefeitura-de-manaus-inicia-campanha-para-arrecadar-doacoes-as-vitimas-do-deslizamento-do-bairro-jorge-teixeira\/#primaryimage\"},\"thumbnailUrl\":\"https:\/\/www.manaus.am.gov.br\/semcom\/wp-content\/uploads\/sites\/5\/2023\/03\/52745812281_122f7fe679_k.jpg\",\"datePublished\":\"2023-03-14T00:44:44+00:00\",\"dateModified\":\"2023-03-14T00:44:45+00:00\",\"author\":{\"@id\":\"https:\/\/www.manaus.am.gov.br\/semcom\/#\/schema\/person\/05d223aea2bf115f9883a6ff3683d81b\"},\"description\":\"Prefeitura de Manaus inicia campanha para arrecadar doa\u00e7\u00f5es \u00e0s v\u00edtimas do deslizamento do bairro Jorge Teixeira\",\"inLanguage\":\"pt-BR\",\"potentialAction\":[{\"@type\":\"ReadAction\",\"target\":[\"https:\/\/www.manaus.am.gov.br\/semcom\/prefeitura-de-manaus-inicia-campanha-para-arrecadar-doacoes-as-vitimas-do-deslizamento-do-bairro-jorge-teixeira\/\"]}]},{\"@type\":\"ImageObject\",\"inLanguage\":\"pt-BR\",\"@id\":\"https:\/\/www.manaus.am.gov.br\/semcom\/prefeitura-de-manaus-inicia-campanha-para-arrecadar-doacoes-as-vitimas-do-deslizamento-do-bairro-jorge-teixeira\/#primaryimage\",\"url\":\"https:\/\/www.manaus.am.gov.br\/semcom\/wp-content\/uploads\/sites\/5\/2023\/03\/52745812281_122f7fe679_k.jpg\",\"contentUrl\":\"https:\/\/www.manaus.am.gov.br\/semcom\/wp-content\/uploads\/sites\/5\/2023\/03\/52745812281_122f7fe679_k.jpg\",\"width\":2048,\"height\":1365},{\"@type\":\"WebSite\",\"@id\":\"https:\/\/www.manaus.am.gov.br\/semcom\/#website\",\"url\":\"https:\/\/www.manaus.am.gov.br\/semcom\/\",\"name\":\"SEMCOM\",\"description\":\"Secretaria Municipal de Comunica\u00e7\u00e3o\",\"potentialAction\":[{\"@type\":\"SearchAction\",\"target\":{\"@type\":\"EntryPoint\",\"urlTemplate\":\"https:\/\/www.manaus.am.gov.br\/semcom\/?s={search_term_string}\"},\"query-input\":\"required name=search_term_string\"}],\"inLanguage\":\"pt-BR\"},{\"@type\":\"Person\",\"@id\":\"https:\/\/www.manaus.am.gov.br\/semcom\/#\/schema\/person\/05d223aea2bf115f9883a6ff3683d81b\",\"name\":\"Bruna Greco\",\"image\":{\"@type\":\"ImageObject\",\"inLanguage\":\"pt-BR\",\"@id\":\"https:\/\/www.manaus.am.gov.br\/semcom\/#\/schema\/person\/image\/\",\"url\":\"https:\/\/secure.gravatar.com\/avatar\/9c877d1a6adc2a055330e5c09a8653ce?s=96&d=mm&r=g\",\"contentUrl\":\"https:\/\/secure.gravatar.com\/avatar\/9c877d1a6adc2a055330e5c09a8653ce?s=96&d=mm&r=g\",\"caption\":\"Bruna Greco\"}}]}<\/script>\n<!-- \/ Yoast SEO plugin. -->","yoast_head_json":{"title":"Prefeitura de Manaus inicia campanha para arrecadar doa\u00e7\u00f5es \u00e0s v\u00edtimas do deslizamento do bairro Jorge Teixeira","description":"Prefeitura de Manaus inicia campanha para arrecadar doa\u00e7\u00f5es \u00e0s v\u00edtimas do deslizamento do bairro Jorge Teixeira","robots":{"index":"index","follow":"follow","max-snippet":"max-snippet:-1","max-image-preview":"max-image-preview:large","max-video-preview":"max-video-preview:-1"},"canonical":"https:\/\/www.manaus.am.gov.br\/semcom\/prefeitura-de-manaus-inicia-campanha-para-arrecadar-doacoes-as-vitimas-do-deslizamento-do-bairro-jorge-teixeira\/","og_locale":"pt_BR","og_type":"article","og_title":"Prefeitura de Manaus inicia campanha para arrecadar doa\u00e7\u00f5es \u00e0s v\u00edtimas do deslizamento do bairro Jorge Teixeira","og_description":"Prefeitura de Manaus inicia campanha para arrecadar doa\u00e7\u00f5es \u00e0s v\u00edtimas do deslizamento do bairro Jorge Teixeira","og_url":"https:\/\/www.manaus.am.gov.br\/semcom\/prefeitura-de-manaus-inicia-campanha-para-arrecadar-doacoes-as-vitimas-do-deslizamento-do-bairro-jorge-teixeira\/","og_site_name":"SEMCOM","article_published_time":"2023-03-14T00:44:44+00:00","article_modified_time":"2023-03-14T00:44:45+00:00","og_image":[{"width":2048,"height":1365,"url":"https:\/\/www.manaus.am.gov.br\/semcom\/wp-content\/uploads\/sites\/5\/2023\/03\/52745812281_122f7fe679_k.jpg","type":"image\/jpeg"}],"author":"Bruna Greco","twitter_card":"summary_large_image","twitter_misc":{"Written by":"Bruna Greco","Est. reading time":"3 minutos"},"schema":{"@context":"https:\/\/schema.org","@graph":[{"@type":"WebPage","@id":"https:\/\/www.manaus.am.gov.br\/semcom\/prefeitura-de-manaus-inicia-campanha-para-arrecadar-doacoes-as-vitimas-do-deslizamento-do-bairro-jorge-teixeira\/","url":"https:\/\/www.manaus.am.gov.br\/semcom\/prefeitura-de-manaus-inicia-campanha-para-arrecadar-doacoes-as-vitimas-do-deslizamento-do-bairro-jorge-teixeira\/","name":"Prefeitura de Manaus inicia campanha para arrecadar doa\u00e7\u00f5es \u00e0s v\u00edtimas do deslizamento do bairro Jorge Teixeira","isPartOf":{"@id":"https:\/\/www.manaus.am.gov.br\/semcom\/#website"},"primaryImageOfPage":{"@id":"https:\/\/www.manaus.am.gov.br\/semcom\/prefeitura-de-manaus-inicia-campanha-para-arrecadar-doacoes-as-vitimas-do-deslizamento-do-bairro-jorge-teixeira\/#primaryimage"},"image":{"@id":"https:\/\/www.manaus.am.gov.br\/semcom\/prefeitura-de-manaus-inicia-campanha-para-arrecadar-doacoes-as-vitimas-do-deslizamento-do-bairro-jorge-teixeira\/#primaryimage"},"thumbnailUrl":"https:\/\/www.manaus.am.gov.br\/semcom\/wp-content\/uploads\/sites\/5\/2023\/03\/52745812281_122f7fe679_k.jpg","datePublished":"2023-03-14T00:44:44+00:00","dateModified":"2023-03-14T00:44:45+00:00","author":{"@id":"https:\/\/www.manaus.am.gov.br\/semcom\/#\/schema\/person\/05d223aea2bf115f9883a6ff3683d81b"},"description":"Prefeitura de Manaus inicia campanha para arrecadar doa\u00e7\u00f5es \u00e0s v\u00edtimas do deslizamento do bairro Jorge Teixeira","inLanguage":"pt-BR","potentialAction":[{"@type":"ReadAction","target":["https:\/\/www.manaus.am.gov.br\/semcom\/prefeitura-de-manaus-inicia-campanha-para-arrecadar-doacoes-as-vitimas-do-deslizamento-do-bairro-jorge-teixeira\/"]}]},{"@type":"ImageObject","inLanguage":"pt-BR","@id":"https:\/\/www.manaus.am.gov.br\/semcom\/prefeitura-de-manaus-inicia-campanha-para-arrecadar-doacoes-as-vitimas-do-deslizamento-do-bairro-jorge-teixeira\/#primaryimage","url":"https:\/\/www.manaus.am.gov.br\/semcom\/wp-content\/uploads\/sites\/5\/2023\/03\/52745812281_122f7fe679_k.jpg","contentUrl":"https:\/\/www.manaus.am.gov.br\/semcom\/wp-content\/uploads\/sites\/5\/2023\/03\/52745812281_122f7fe679_k.jpg","width":2048,"height":1365},{"@type":"WebSite","@id":"https:\/\/www.manaus.am.gov.br\/semcom\/#website","url":"https:\/\/www.manaus.am.gov.br\/semcom\/","name":"SEMCOM","description":"Secretaria Municipal de Comunica\u00e7\u00e3o","potentialAction":[{"@type":"SearchAction","target":{"@type":"EntryPoint","urlTemplate":"https:\/\/www.manaus.am.gov.br\/semcom\/?s={search_term_string}"},"query-input":"required name=search_term_string"}],"inLanguage":"pt-BR"},{"@type":"Person","@id":"https:\/\/www.manaus.am.gov.br\/semcom\/#\/schema\/person\/05d223aea2bf115f9883a6ff3683d81b","name":"Bruna Greco","image":{"@type":"ImageObject","inLanguage":"pt-BR","@id":"https:\/\/www.manaus.am.gov.br\/semcom\/#\/schema\/person\/image\/","url":"https:\/\/secure.gravatar.com\/avatar\/9c877d1a6adc2a055330e5c09a8653ce?s=96&d=mm&r=g","contentUrl":"https:\/\/secure.gravatar.com\/avatar\/9c877d1a6adc2a055330e5c09a8653ce?s=96&d=mm&r=g","caption":"Bruna Greco"}}]}},"_links":{"self":[{"href":"https:\/\/www.manaus.am.gov.br\/semcom\/wp-json\/wp\/v2\/posts\/210536"}],"collection":[{"href":"https:\/\/www.manaus.am.gov.br\/semcom\/wp-json\/wp\/v2\/posts"}],"about":[{"href":"https:\/\/www.manaus.am.gov.br\/semcom\/wp-json\/wp\/v2\/types\/post"}],"author":[{"embeddable":true,"href":"https:\/\/www.manaus.am.gov.br\/semcom\/wp-json\/wp\/v2\/users\/39"}],"replies":[{"embeddable":true,"href":"https:\/\/www.manaus.am.gov.br\/semcom\/wp-json\/wp\/v2\/comments?post=210536"}],"version-history":[{"count":0,"href":"https:\/\/www.manaus.am.gov.br\/semcom\/wp-json\/wp\/v2\/posts\/210536\/revisions"}],"wp:featuredmedia":[{"embeddable":true,"href":"https:\/\/www.manaus.am.gov.br\/semcom\/wp-json\/wp\/v2\/media\/210537"}],"wp:attachment":[{"href":"https:\/\/www.manaus.am.gov.br\/semcom\/wp-json\/wp\/v2\/media?parent=210536"}],"wp:term":[{"taxonomy":"category","embeddable":true,"href":"https:\/\/www.manaus.am.gov.br\/semcom\/wp-json\/wp\/v2\/categories?post=210536"},{"taxonomy":"post_tag","embeddable":true,"href":"https:\/\/www.manaus.am.gov.br\/semcom\/wp-json\/wp\/v2\/tags?post=210536"}],"curies":[{"name":"wp","href":"https:\/\/api.w.org\/{rel}","templated":true}]}}