{"id":210389,"date":"2023-03-10T15:45:58","date_gmt":"2023-03-10T18:45:58","guid":{"rendered":"https:\/\/www.manaus.am.gov.br\/semcom\/simulados-nas-escolas-municipais-marcam-inicio-da-terceira-fase-do-educamanaus\/"},"modified":"2023-03-10T15:46:00","modified_gmt":"2023-03-10T18:46:00","slug":"simulados-nas-escolas-municipais-marcam-inicio-da-terceira-fase-do-educamanaus","status":"publish","type":"post","link":"https:\/\/www.manaus.am.gov.br\/semcom\/simulados-nas-escolas-municipais-marcam-inicio-da-terceira-fase-do-educamanaus\/","title":{"rendered":"<strong>Simulados nas escolas municipais marcam in\u00edcio da terceira fase do \u2018Educa+Manaus\u2019<\/strong>"},"content":{"rendered":"\n<p>Como uma das a\u00e7\u00f5es do Programa \u2018Educa+Manaus\u2019, a Prefeitura de Manaus, por meio da Secretaria Municipal de Educa\u00e7\u00e3o (Semed), aplicou nesta sexta-feira, 10\/3, o primeiro simulado para 40 mil estudantes do 5\u00ba e 9\u00ba ano do Ensino Fundamental, de 336 unidades de ensino.<\/p>\n\n\n\n<p>Os simulados t\u00eam como objetivo verificar as lacunas na aprendizagem e os avan\u00e7os dos componentes curriculares de L\u00edngua Portuguesa e Matem\u00e1tica. A partir desses resultados, ser\u00e3o elaboradas as estrat\u00e9gias para o trabalho com estudantes nos \u00edndices que apresentarem mais necessidade de desenvolvimento.<\/p>\n\n\n\n<p>\u201cVamos fazer de 15 em 15 dias para ver o n\u00edvel das nossas crian\u00e7as, damos um diagn\u00f3stico, depois trabalharemos em cima desse resultado. Em 15 dias, n\u00f3s aplicamos de novo para ajudar os estudantes a crescer. Esse \u00e9 o \u2018Educa+Manaus\u2019\u201d, explicou a secret\u00e1ria municipal de Educa\u00e7\u00e3o, professora Dulce Almeida.<\/p>\n\n\n\n<p>A estudante Clara Litaiff, do 5\u00ba ano da Escola Municipal Nova Vida, no bairro Mauazinho, zona Leste, considerou a prova tranquila e, por causa da prepara\u00e7\u00e3o, acha que conseguiu um bom resultado.<\/p>\n\n\n\n<p>\u201cEu n\u00e3o estava muito nervosa, achei a prova boa e me sa\u00ed bem. Eu aprendi matem\u00e1tica e portugu\u00eas e agora estou no sexto tempo com uma nova professora\u201d, completou Clara.<\/p>\n\n\n\n<p>Para a professora do 5\u00ba ano Maria Lopes, da mesma escola, esses simulados, assim como todo trabalho do Educa+, s\u00e3o importantes, pois possibilita aos professores a cria\u00e7\u00e3o de estrat\u00e9gias em sala de aula, ap\u00f3s a an\u00e1lise dos resultados de cada prova.<\/p>\n\n\n\n<p>\u201cA import\u00e2ncia desse simulado \u00e9 que vai verificar como foi o aprendizado durante a Sequ\u00eancia Did\u00e1tica, em quais pontos a gente pode melhorar, criar um plano de a\u00e7\u00e3o para os alunos com dificuldade\u201d, finalizou a professora.<\/p>\n\n\n\n<p><strong>Educa+Manaus<\/strong><\/p>\n\n\n\n<p>O Educa+Manaus \u00e9 oferecido para as unidades de ensino que possuem turmas de 5\u00ba e 9\u00ba ano e participam das provas do Sistema de Avalia\u00e7\u00e3o da Educa\u00e7\u00e3o B\u00e1sica (Saeb) este ano.<\/p>\n\n\n\n<p>O programa iniciou no dia 6\/2, com o ano letivo, e possui cinco a\u00e7\u00f5es estrat\u00e9gicas. S\u00e3o elas: Sequ\u00eancia Did\u00e1tica; 6\u00ba Tempo; Simulados, Forma\u00e7\u00e3o Integrada Pr\u00f3-Saeb e Acompanhamento Familiar; al\u00e9m da a\u00e7\u00e3o complementar Virad\u00e3o Saeb.<\/p>\n\n\n\n<p>&#8212; &#8212; &#8212;<\/p>\n\n\n\n<p><strong>Texto &#8211;<\/strong> Alexandre Abreu \/ Semed<\/p>\n\n\n\n<p><strong>Fotos &#8211;<\/strong> M\u00e1rio Oliveira \/ Semed<\/p>\n\n\n\n<p><strong>Dispon\u00edveis em &#8211; <\/strong><a href=\"https:\/\/flic.kr\/s\/aHBqjAvbtw\" target=\"_blank\" rel=\"noreferrer noopener\">https:\/\/flic.kr\/s\/aHBqjAvbtw<\/a><\/p>\n","protected":false},"excerpt":{"rendered":"","protected":false},"author":39,"featured_media":210390,"comment_status":"closed","ping_status":"closed","sticky":false,"template":"","format":"standard","meta":{"footnotes":""},"categories":[2013],"tags":[557,2014,2015,2016],"acf":[],"yoast_head":"<!-- This site is optimized with the Yoast SEO plugin v23.0 - https:\/\/yoast.com\/wordpress\/plugins\/seo\/ -->\n<title>Simulados nas escolas municipais marcam in\u00edcio da terceira fase do \u2018Educa+Manaus\u2019<\/title>\n<meta name=\"description\" content=\"Como uma das a\u00e7\u00f5es do Programa \u2018Educa+Manaus\u2019, a Prefeitura aplicou o primeiro simulado para 40 mil estudantes do 5\u00ba e 9\u00ba ano do Ensino Fundamental, de 336 unidades de ensino.\" \/>\n<meta name=\"robots\" content=\"index, follow, max-snippet:-1, max-image-preview:large, max-video-preview:-1\" \/>\n<link rel=\"canonical\" href=\"https:\/\/www.manaus.am.gov.br\/semcom\/simulados-nas-escolas-municipais-marcam-inicio-da-terceira-fase-do-educamanaus\/\" \/>\n<meta property=\"og:locale\" content=\"pt_BR\" \/>\n<meta property=\"og:type\" content=\"article\" \/>\n<meta property=\"og:title\" content=\"Simulados nas escolas municipais marcam in\u00edcio da terceira fase do \u2018Educa+Manaus\u2019\" \/>\n<meta property=\"og:description\" content=\"Como uma das a\u00e7\u00f5es do Programa \u2018Educa+Manaus\u2019, a Prefeitura aplicou o primeiro simulado para 40 mil estudantes do 5\u00ba e 9\u00ba ano do Ensino Fundamental, de 336 unidades de ensino.\" \/>\n<meta property=\"og:url\" content=\"https:\/\/www.manaus.am.gov.br\/semcom\/simulados-nas-escolas-municipais-marcam-inicio-da-terceira-fase-do-educamanaus\/\" \/>\n<meta property=\"og:site_name\" content=\"SEMCOM\" \/>\n<meta property=\"article:published_time\" content=\"2023-03-10T18:45:58+00:00\" \/>\n<meta property=\"article:modified_time\" content=\"2023-03-10T18:46:00+00:00\" \/>\n<meta property=\"og:image\" content=\"https:\/\/www.manaus.am.gov.br\/semcom\/wp-content\/uploads\/sites\/5\/2023\/03\/Simulados-nas-escolas-municipais-marcam-inicio-da-terceira-fase-do-\u2018EducaManaus.jpg\" \/>\n\t<meta property=\"og:image:width\" content=\"2048\" \/>\n\t<meta property=\"og:image:height\" content=\"1365\" \/>\n\t<meta property=\"og:image:type\" content=\"image\/jpeg\" \/>\n<meta name=\"author\" content=\"Bruna Greco\" \/>\n<meta name=\"twitter:card\" content=\"summary_large_image\" \/>\n<meta name=\"twitter:label1\" content=\"Written by\" \/>\n\t<meta name=\"twitter:data1\" content=\"Bruna Greco\" \/>\n\t<meta name=\"twitter:label2\" content=\"Est. reading time\" \/>\n\t<meta name=\"twitter:data2\" content=\"2 minutos\" \/>\n<script type=\"application\/ld+json\" class=\"yoast-schema-graph\">{\"@context\":\"https:\/\/schema.org\",\"@graph\":[{\"@type\":\"WebPage\",\"@id\":\"https:\/\/www.manaus.am.gov.br\/semcom\/simulados-nas-escolas-municipais-marcam-inicio-da-terceira-fase-do-educamanaus\/\",\"url\":\"https:\/\/www.manaus.am.gov.br\/semcom\/simulados-nas-escolas-municipais-marcam-inicio-da-terceira-fase-do-educamanaus\/\",\"name\":\"Simulados nas escolas municipais marcam in\u00edcio da terceira fase do \u2018Educa+Manaus\u2019\",\"isPartOf\":{\"@id\":\"https:\/\/www.manaus.am.gov.br\/semcom\/#website\"},\"primaryImageOfPage\":{\"@id\":\"https:\/\/www.manaus.am.gov.br\/semcom\/simulados-nas-escolas-municipais-marcam-inicio-da-terceira-fase-do-educamanaus\/#primaryimage\"},\"image\":{\"@id\":\"https:\/\/www.manaus.am.gov.br\/semcom\/simulados-nas-escolas-municipais-marcam-inicio-da-terceira-fase-do-educamanaus\/#primaryimage\"},\"thumbnailUrl\":\"https:\/\/www.manaus.am.gov.br\/semcom\/wp-content\/uploads\/sites\/5\/2023\/03\/Simulados-nas-escolas-municipais-marcam-inicio-da-terceira-fase-do-\u2018EducaManaus.jpg\",\"datePublished\":\"2023-03-10T18:45:58+00:00\",\"dateModified\":\"2023-03-10T18:46:00+00:00\",\"author\":{\"@id\":\"https:\/\/www.manaus.am.gov.br\/semcom\/#\/schema\/person\/05d223aea2bf115f9883a6ff3683d81b\"},\"description\":\"Como uma das a\u00e7\u00f5es do Programa \u2018Educa+Manaus\u2019, a Prefeitura aplicou o primeiro simulado para 40 mil estudantes do 5\u00ba e 9\u00ba ano do Ensino Fundamental, de 336 unidades de ensino.\",\"inLanguage\":\"pt-BR\",\"potentialAction\":[{\"@type\":\"ReadAction\",\"target\":[\"https:\/\/www.manaus.am.gov.br\/semcom\/simulados-nas-escolas-municipais-marcam-inicio-da-terceira-fase-do-educamanaus\/\"]}]},{\"@type\":\"ImageObject\",\"inLanguage\":\"pt-BR\",\"@id\":\"https:\/\/www.manaus.am.gov.br\/semcom\/simulados-nas-escolas-municipais-marcam-inicio-da-terceira-fase-do-educamanaus\/#primaryimage\",\"url\":\"https:\/\/www.manaus.am.gov.br\/semcom\/wp-content\/uploads\/sites\/5\/2023\/03\/Simulados-nas-escolas-municipais-marcam-inicio-da-terceira-fase-do-\u2018EducaManaus.jpg\",\"contentUrl\":\"https:\/\/www.manaus.am.gov.br\/semcom\/wp-content\/uploads\/sites\/5\/2023\/03\/Simulados-nas-escolas-municipais-marcam-inicio-da-terceira-fase-do-\u2018EducaManaus.jpg\",\"width\":2048,\"height\":1365},{\"@type\":\"WebSite\",\"@id\":\"https:\/\/www.manaus.am.gov.br\/semcom\/#website\",\"url\":\"https:\/\/www.manaus.am.gov.br\/semcom\/\",\"name\":\"SEMCOM\",\"description\":\"Secretaria Municipal de Comunica\u00e7\u00e3o\",\"potentialAction\":[{\"@type\":\"SearchAction\",\"target\":{\"@type\":\"EntryPoint\",\"urlTemplate\":\"https:\/\/www.manaus.am.gov.br\/semcom\/?s={search_term_string}\"},\"query-input\":\"required name=search_term_string\"}],\"inLanguage\":\"pt-BR\"},{\"@type\":\"Person\",\"@id\":\"https:\/\/www.manaus.am.gov.br\/semcom\/#\/schema\/person\/05d223aea2bf115f9883a6ff3683d81b\",\"name\":\"Bruna Greco\",\"image\":{\"@type\":\"ImageObject\",\"inLanguage\":\"pt-BR\",\"@id\":\"https:\/\/www.manaus.am.gov.br\/semcom\/#\/schema\/person\/image\/\",\"url\":\"https:\/\/secure.gravatar.com\/avatar\/9c877d1a6adc2a055330e5c09a8653ce?s=96&d=mm&r=g\",\"contentUrl\":\"https:\/\/secure.gravatar.com\/avatar\/9c877d1a6adc2a055330e5c09a8653ce?s=96&d=mm&r=g\",\"caption\":\"Bruna Greco\"}}]}<\/script>\n<!-- \/ Yoast SEO plugin. -->","yoast_head_json":{"title":"Simulados nas escolas municipais marcam in\u00edcio da terceira fase do \u2018Educa+Manaus\u2019","description":"Como uma das a\u00e7\u00f5es do Programa \u2018Educa+Manaus\u2019, a Prefeitura aplicou o primeiro simulado para 40 mil estudantes do 5\u00ba e 9\u00ba ano do Ensino Fundamental, de 336 unidades de ensino.","robots":{"index":"index","follow":"follow","max-snippet":"max-snippet:-1","max-image-preview":"max-image-preview:large","max-video-preview":"max-video-preview:-1"},"canonical":"https:\/\/www.manaus.am.gov.br\/semcom\/simulados-nas-escolas-municipais-marcam-inicio-da-terceira-fase-do-educamanaus\/","og_locale":"pt_BR","og_type":"article","og_title":"Simulados nas escolas municipais marcam in\u00edcio da terceira fase do \u2018Educa+Manaus\u2019","og_description":"Como uma das a\u00e7\u00f5es do Programa \u2018Educa+Manaus\u2019, a Prefeitura aplicou o primeiro simulado para 40 mil estudantes do 5\u00ba e 9\u00ba ano do Ensino Fundamental, de 336 unidades de ensino.","og_url":"https:\/\/www.manaus.am.gov.br\/semcom\/simulados-nas-escolas-municipais-marcam-inicio-da-terceira-fase-do-educamanaus\/","og_site_name":"SEMCOM","article_published_time":"2023-03-10T18:45:58+00:00","article_modified_time":"2023-03-10T18:46:00+00:00","og_image":[{"width":2048,"height":1365,"url":"https:\/\/www.manaus.am.gov.br\/semcom\/wp-content\/uploads\/sites\/5\/2023\/03\/Simulados-nas-escolas-municipais-marcam-inicio-da-terceira-fase-do-\u2018EducaManaus.jpg","type":"image\/jpeg"}],"author":"Bruna Greco","twitter_card":"summary_large_image","twitter_misc":{"Written by":"Bruna Greco","Est. reading time":"2 minutos"},"schema":{"@context":"https:\/\/schema.org","@graph":[{"@type":"WebPage","@id":"https:\/\/www.manaus.am.gov.br\/semcom\/simulados-nas-escolas-municipais-marcam-inicio-da-terceira-fase-do-educamanaus\/","url":"https:\/\/www.manaus.am.gov.br\/semcom\/simulados-nas-escolas-municipais-marcam-inicio-da-terceira-fase-do-educamanaus\/","name":"Simulados nas escolas municipais marcam in\u00edcio da terceira fase do \u2018Educa+Manaus\u2019","isPartOf":{"@id":"https:\/\/www.manaus.am.gov.br\/semcom\/#website"},"primaryImageOfPage":{"@id":"https:\/\/www.manaus.am.gov.br\/semcom\/simulados-nas-escolas-municipais-marcam-inicio-da-terceira-fase-do-educamanaus\/#primaryimage"},"image":{"@id":"https:\/\/www.manaus.am.gov.br\/semcom\/simulados-nas-escolas-municipais-marcam-inicio-da-terceira-fase-do-educamanaus\/#primaryimage"},"thumbnailUrl":"https:\/\/www.manaus.am.gov.br\/semcom\/wp-content\/uploads\/sites\/5\/2023\/03\/Simulados-nas-escolas-municipais-marcam-inicio-da-terceira-fase-do-\u2018EducaManaus.jpg","datePublished":"2023-03-10T18:45:58+00:00","dateModified":"2023-03-10T18:46:00+00:00","author":{"@id":"https:\/\/www.manaus.am.gov.br\/semcom\/#\/schema\/person\/05d223aea2bf115f9883a6ff3683d81b"},"description":"Como uma das a\u00e7\u00f5es do Programa \u2018Educa+Manaus\u2019, a Prefeitura aplicou o primeiro simulado para 40 mil estudantes do 5\u00ba e 9\u00ba ano do Ensino Fundamental, de 336 unidades de ensino.","inLanguage":"pt-BR","potentialAction":[{"@type":"ReadAction","target":["https:\/\/www.manaus.am.gov.br\/semcom\/simulados-nas-escolas-municipais-marcam-inicio-da-terceira-fase-do-educamanaus\/"]}]},{"@type":"ImageObject","inLanguage":"pt-BR","@id":"https:\/\/www.manaus.am.gov.br\/semcom\/simulados-nas-escolas-municipais-marcam-inicio-da-terceira-fase-do-educamanaus\/#primaryimage","url":"https:\/\/www.manaus.am.gov.br\/semcom\/wp-content\/uploads\/sites\/5\/2023\/03\/Simulados-nas-escolas-municipais-marcam-inicio-da-terceira-fase-do-\u2018EducaManaus.jpg","contentUrl":"https:\/\/www.manaus.am.gov.br\/semcom\/wp-content\/uploads\/sites\/5\/2023\/03\/Simulados-nas-escolas-municipais-marcam-inicio-da-terceira-fase-do-\u2018EducaManaus.jpg","width":2048,"height":1365},{"@type":"WebSite","@id":"https:\/\/www.manaus.am.gov.br\/semcom\/#website","url":"https:\/\/www.manaus.am.gov.br\/semcom\/","name":"SEMCOM","description":"Secretaria Municipal de Comunica\u00e7\u00e3o","potentialAction":[{"@type":"SearchAction","target":{"@type":"EntryPoint","urlTemplate":"https:\/\/www.manaus.am.gov.br\/semcom\/?s={search_term_string}"},"query-input":"required name=search_term_string"}],"inLanguage":"pt-BR"},{"@type":"Person","@id":"https:\/\/www.manaus.am.gov.br\/semcom\/#\/schema\/person\/05d223aea2bf115f9883a6ff3683d81b","name":"Bruna Greco","image":{"@type":"ImageObject","inLanguage":"pt-BR","@id":"https:\/\/www.manaus.am.gov.br\/semcom\/#\/schema\/person\/image\/","url":"https:\/\/secure.gravatar.com\/avatar\/9c877d1a6adc2a055330e5c09a8653ce?s=96&d=mm&r=g","contentUrl":"https:\/\/secure.gravatar.com\/avatar\/9c877d1a6adc2a055330e5c09a8653ce?s=96&d=mm&r=g","caption":"Bruna Greco"}}]}},"_links":{"self":[{"href":"https:\/\/www.manaus.am.gov.br\/semcom\/wp-json\/wp\/v2\/posts\/210389"}],"collection":[{"href":"https:\/\/www.manaus.am.gov.br\/semcom\/wp-json\/wp\/v2\/posts"}],"about":[{"href":"https:\/\/www.manaus.am.gov.br\/semcom\/wp-json\/wp\/v2\/types\/post"}],"author":[{"embeddable":true,"href":"https:\/\/www.manaus.am.gov.br\/semcom\/wp-json\/wp\/v2\/users\/39"}],"replies":[{"embeddable":true,"href":"https:\/\/www.manaus.am.gov.br\/semcom\/wp-json\/wp\/v2\/comments?post=210389"}],"version-history":[{"count":0,"href":"https:\/\/www.manaus.am.gov.br\/semcom\/wp-json\/wp\/v2\/posts\/210389\/revisions"}],"wp:featuredmedia":[{"embeddable":true,"href":"https:\/\/www.manaus.am.gov.br\/semcom\/wp-json\/wp\/v2\/media\/210390"}],"wp:attachment":[{"href":"https:\/\/www.manaus.am.gov.br\/semcom\/wp-json\/wp\/v2\/media?parent=210389"}],"wp:term":[{"taxonomy":"category","embeddable":true,"href":"https:\/\/www.manaus.am.gov.br\/semcom\/wp-json\/wp\/v2\/categories?post=210389"},{"taxonomy":"post_tag","embeddable":true,"href":"https:\/\/www.manaus.am.gov.br\/semcom\/wp-json\/wp\/v2\/tags?post=210389"}],"curies":[{"name":"wp","href":"https:\/\/api.w.org\/{rel}","templated":true}]}}