{"id":209651,"date":"2023-02-24T20:04:51","date_gmt":"2023-02-24T23:04:51","guid":{"rendered":"https:\/\/www.manaus.am.gov.br\/semcom\/2023\/02\/24\/carnaval-de-manaus-2023-idosos-atendidos-nos-cras-se-divertem-em-bloco-de-carnaval-promovido-pela-prefeitura-de-manaus\/"},"modified":"2023-02-24T20:04:53","modified_gmt":"2023-02-24T23:04:53","slug":"carnaval-de-manaus-2023-idosos-atendidos-nos-cras-se-divertem-em-bloco-de-carnaval-promovido-pela-prefeitura-de-manaus","status":"publish","type":"post","link":"https:\/\/www.manaus.am.gov.br\/semcom\/carnaval-de-manaus-2023-idosos-atendidos-nos-cras-se-divertem-em-bloco-de-carnaval-promovido-pela-prefeitura-de-manaus\/","title":{"rendered":"<strong>Carnaval de Manaus 2023: Idosos atendidos nos Cras se divertem em bloco de carnaval promovido pela Prefeitura de Manaus<\/strong>"},"content":{"rendered":"\n<p>Levando a alegria do per\u00edodo carnavalesco para todos os p\u00fablicos, a Prefeitura de Manaus, por meio da Secretaria Municipal da Mulher, Assist\u00eancia Social e Cidadania (Semasc), realizou, nesta sexta-feira, 24\/2, o \u201cBloco de Carnaval dos Idosos\u201d, voltado \u00e0s pessoas idosas atendidas pelo Servi\u00e7o de Conviv\u00eancia e Fortalecimento de V\u00ednculos (SCFV) de todos os 20 Centros de Refer\u00eancia de Assist\u00eancia Social (Cras) da cidade.<\/p>\n\n\n\n<p>A festa reuniu mais de 500 usu\u00e1rios e foi realizada no Centro Estadual de Conviv\u00eancia da Fam\u00edlia Magdalena Arce Daou, no bairro Santo Ant\u00f4nio, zona Oeste.<\/p>\n\n\n\n<p>\u201cEstamos tentando dar \u00eanfase e uma aten\u00e7\u00e3o maior aos nossos grupos de conviv\u00eancia, al\u00e9m de fortalecer v\u00ednculos, que s\u00e3o parte de um servi\u00e7o muito importante realizado em nossos Cras. Hoje, realizamos este baile justamente porque \u00e9 preciso dar ao Servi\u00e7o de Conviv\u00eancia e Fortalecimento de V\u00ednculos, e seus usu\u00e1rios, a import\u00e2ncia que lhe \u00e9 merecida\u201d, explicou o secret\u00e1rio Eduardo Lucas, da Semasc.<\/p>\n\n\n\n<p>O Servi\u00e7o de Conviv\u00eancia e Fortalecimento de V\u00ednculos (SCFV) consiste na forma\u00e7\u00e3o de grupos de atividade e \u00e9 destinado a crian\u00e7as, adolescentes e idosos em estado de vulnerabilidade social, com o objetivo de desenvolver a conviv\u00eancia comunit\u00e1ria e a autoestima das fam\u00edlias atendidas.<\/p>\n\n\n\n<p>Ap\u00f3s dois anos sendo oferecido com atividades reduzidas e com alguns Cras, sequer podendo ofertar o servi\u00e7o, em decorr\u00eancia da pandemia, desde o ano passado, o SCFV passa por uma reestrutura\u00e7\u00e3o e amplia\u00e7\u00e3o dos trabalhos realizados.<\/p>\n\n\n\n<p>Para Josieth Ara\u00fajo, gerente do SCFV, o bloco \u00e9 um exemplo de tudo o que faz o servi\u00e7o t\u00e3o importante para as comunidades onde \u00e9 aplicado. \u201cA maior import\u00e2ncia do nosso baile \u00e9 justamente tirar esses idosos de dentro de suas casas, sair da rotina, levantar a autoestima dessas pessoas em um momento t\u00e3o bonito de confraterniza\u00e7\u00e3o\u201d, concluiu.<\/p>\n\n\n\n<p>Al\u00e9m das tradicionais marchinhas, fantasias e muito brilho, o evento contou ainda com a participa\u00e7\u00e3o do cantor Rogerinho da Bahia e da banda de m\u00fasica da Pol\u00edcia Militar do Amazonas (PMAM).<\/p>\n\n\n\n<p>Para a aposentada Maria Dulce Carvalho, 75 anos, mais momentos como esse sempre ser\u00e3o bem-vindos. \u201c\u00c9 muito bom para o idoso. Faz muito bem para quem est\u00e1 passando por dificuldades, doen\u00e7as ou coisas do dia a dia, deixa a nossa cabe\u00e7a muito melhor\u201d, explicou.<\/p>\n\n\n\n<p>Quem tamb\u00e9m aproveitou a festa foi Ant\u00f4nio Lucas, de 69 anos. \u201cMelhor do que estar, n\u00e3o poderia ser\u201d, finalizou enquanto dan\u00e7ava ao som do bloquinho.<\/p>\n\n\n\n<p>&#8212; &#8212; &#8212;<\/p>\n\n\n\n<p><strong>Texto &#8211;&nbsp;<\/strong>Guilherme Ara\u00fajo Pacheco \/ Semasc<\/p>\n\n\n\n<p><strong>Fotos &#8211;&nbsp;<\/strong>Marcely Gomes \/ Semasc<\/p>\n\n\n\n<p>Dispon\u00edveis em &#8211; <a href=\"https:\/\/flic.kr\/s\/aHBqjAtm2s\">https:\/\/flic.kr\/s\/aHBqjAtm2s<\/a><\/p>\n","protected":false},"excerpt":{"rendered":"","protected":false},"author":31,"featured_media":209652,"comment_status":"closed","ping_status":"closed","sticky":false,"template":"","format":"standard","meta":{"footnotes":""},"categories":[930],"tags":[1432,896,151],"acf":[],"yoast_head":"<!-- This site is optimized with the Yoast SEO plugin v23.0 - https:\/\/yoast.com\/wordpress\/plugins\/seo\/ -->\n<title>Carnaval de Manaus 2023: Idosos atendidos nos Cras se divertem em bloco de carnaval promovido pela Prefeitura de Manaus - SEMCOM<\/title>\n<meta name=\"robots\" content=\"index, follow, max-snippet:-1, max-image-preview:large, max-video-preview:-1\" \/>\n<link rel=\"canonical\" href=\"https:\/\/www.manaus.am.gov.br\/semcom\/carnaval-de-manaus-2023-idosos-atendidos-nos-cras-se-divertem-em-bloco-de-carnaval-promovido-pela-prefeitura-de-manaus\/\" \/>\n<meta property=\"og:locale\" content=\"pt_BR\" \/>\n<meta property=\"og:type\" content=\"article\" \/>\n<meta property=\"og:title\" content=\"Carnaval de Manaus 2023: Idosos atendidos nos Cras se divertem em bloco de carnaval promovido pela Prefeitura de Manaus - SEMCOM\" \/>\n<meta property=\"og:url\" content=\"https:\/\/www.manaus.am.gov.br\/semcom\/carnaval-de-manaus-2023-idosos-atendidos-nos-cras-se-divertem-em-bloco-de-carnaval-promovido-pela-prefeitura-de-manaus\/\" \/>\n<meta property=\"og:site_name\" content=\"SEMCOM\" \/>\n<meta property=\"article:published_time\" content=\"2023-02-24T23:04:51+00:00\" \/>\n<meta property=\"article:modified_time\" content=\"2023-02-24T23:04:53+00:00\" \/>\n<meta property=\"og:image\" content=\"https:\/\/www.manaus.am.gov.br\/semcom\/wp-content\/uploads\/sites\/5\/2023\/02\/20230224145235_IMG_9251-scaled.jpg\" \/>\n\t<meta property=\"og:image:width\" content=\"2560\" \/>\n\t<meta property=\"og:image:height\" content=\"1707\" \/>\n\t<meta property=\"og:image:type\" content=\"image\/jpeg\" \/>\n<meta name=\"author\" content=\"Renata Felix\" \/>\n<meta name=\"twitter:card\" content=\"summary_large_image\" \/>\n<meta name=\"twitter:label1\" content=\"Written by\" \/>\n\t<meta name=\"twitter:data1\" content=\"Renata Felix\" \/>\n\t<meta name=\"twitter:label2\" content=\"Est. reading time\" \/>\n\t<meta name=\"twitter:data2\" content=\"3 minutos\" \/>\n<script type=\"application\/ld+json\" class=\"yoast-schema-graph\">{\"@context\":\"https:\/\/schema.org\",\"@graph\":[{\"@type\":\"WebPage\",\"@id\":\"https:\/\/www.manaus.am.gov.br\/semcom\/carnaval-de-manaus-2023-idosos-atendidos-nos-cras-se-divertem-em-bloco-de-carnaval-promovido-pela-prefeitura-de-manaus\/\",\"url\":\"https:\/\/www.manaus.am.gov.br\/semcom\/carnaval-de-manaus-2023-idosos-atendidos-nos-cras-se-divertem-em-bloco-de-carnaval-promovido-pela-prefeitura-de-manaus\/\",\"name\":\"Carnaval de Manaus 2023: Idosos atendidos nos Cras se divertem em bloco de carnaval promovido pela Prefeitura de Manaus - SEMCOM\",\"isPartOf\":{\"@id\":\"https:\/\/www.manaus.am.gov.br\/semcom\/#website\"},\"primaryImageOfPage\":{\"@id\":\"https:\/\/www.manaus.am.gov.br\/semcom\/carnaval-de-manaus-2023-idosos-atendidos-nos-cras-se-divertem-em-bloco-de-carnaval-promovido-pela-prefeitura-de-manaus\/#primaryimage\"},\"image\":{\"@id\":\"https:\/\/www.manaus.am.gov.br\/semcom\/carnaval-de-manaus-2023-idosos-atendidos-nos-cras-se-divertem-em-bloco-de-carnaval-promovido-pela-prefeitura-de-manaus\/#primaryimage\"},\"thumbnailUrl\":\"https:\/\/www.manaus.am.gov.br\/semcom\/wp-content\/uploads\/sites\/5\/2023\/02\/20230224145235_IMG_9251-scaled.jpg\",\"datePublished\":\"2023-02-24T23:04:51+00:00\",\"dateModified\":\"2023-02-24T23:04:53+00:00\",\"author\":{\"@id\":\"https:\/\/www.manaus.am.gov.br\/semcom\/#\/schema\/person\/4eea2a8f78dc853097abb026f728aa06\"},\"inLanguage\":\"pt-BR\",\"potentialAction\":[{\"@type\":\"ReadAction\",\"target\":[\"https:\/\/www.manaus.am.gov.br\/semcom\/carnaval-de-manaus-2023-idosos-atendidos-nos-cras-se-divertem-em-bloco-de-carnaval-promovido-pela-prefeitura-de-manaus\/\"]}]},{\"@type\":\"ImageObject\",\"inLanguage\":\"pt-BR\",\"@id\":\"https:\/\/www.manaus.am.gov.br\/semcom\/carnaval-de-manaus-2023-idosos-atendidos-nos-cras-se-divertem-em-bloco-de-carnaval-promovido-pela-prefeitura-de-manaus\/#primaryimage\",\"url\":\"https:\/\/www.manaus.am.gov.br\/semcom\/wp-content\/uploads\/sites\/5\/2023\/02\/20230224145235_IMG_9251-scaled.jpg\",\"contentUrl\":\"https:\/\/www.manaus.am.gov.br\/semcom\/wp-content\/uploads\/sites\/5\/2023\/02\/20230224145235_IMG_9251-scaled.jpg\",\"width\":2560,\"height\":1707},{\"@type\":\"WebSite\",\"@id\":\"https:\/\/www.manaus.am.gov.br\/semcom\/#website\",\"url\":\"https:\/\/www.manaus.am.gov.br\/semcom\/\",\"name\":\"SEMCOM\",\"description\":\"Secretaria Municipal de Comunica\u00e7\u00e3o\",\"potentialAction\":[{\"@type\":\"SearchAction\",\"target\":{\"@type\":\"EntryPoint\",\"urlTemplate\":\"https:\/\/www.manaus.am.gov.br\/semcom\/?s={search_term_string}\"},\"query-input\":\"required name=search_term_string\"}],\"inLanguage\":\"pt-BR\"},{\"@type\":\"Person\",\"@id\":\"https:\/\/www.manaus.am.gov.br\/semcom\/#\/schema\/person\/4eea2a8f78dc853097abb026f728aa06\",\"name\":\"Renata Felix\",\"image\":{\"@type\":\"ImageObject\",\"inLanguage\":\"pt-BR\",\"@id\":\"https:\/\/www.manaus.am.gov.br\/semcom\/#\/schema\/person\/image\/\",\"url\":\"https:\/\/secure.gravatar.com\/avatar\/3c196cf9d3b837b24c8edb2c50fd8f29?s=96&d=mm&r=g\",\"contentUrl\":\"https:\/\/secure.gravatar.com\/avatar\/3c196cf9d3b837b24c8edb2c50fd8f29?s=96&d=mm&r=g\",\"caption\":\"Renata Felix\"}}]}<\/script>\n<!-- \/ Yoast SEO plugin. -->","yoast_head_json":{"title":"Carnaval de Manaus 2023: Idosos atendidos nos Cras se divertem em bloco de carnaval promovido pela Prefeitura de Manaus - SEMCOM","robots":{"index":"index","follow":"follow","max-snippet":"max-snippet:-1","max-image-preview":"max-image-preview:large","max-video-preview":"max-video-preview:-1"},"canonical":"https:\/\/www.manaus.am.gov.br\/semcom\/carnaval-de-manaus-2023-idosos-atendidos-nos-cras-se-divertem-em-bloco-de-carnaval-promovido-pela-prefeitura-de-manaus\/","og_locale":"pt_BR","og_type":"article","og_title":"Carnaval de Manaus 2023: Idosos atendidos nos Cras se divertem em bloco de carnaval promovido pela Prefeitura de Manaus - SEMCOM","og_url":"https:\/\/www.manaus.am.gov.br\/semcom\/carnaval-de-manaus-2023-idosos-atendidos-nos-cras-se-divertem-em-bloco-de-carnaval-promovido-pela-prefeitura-de-manaus\/","og_site_name":"SEMCOM","article_published_time":"2023-02-24T23:04:51+00:00","article_modified_time":"2023-02-24T23:04:53+00:00","og_image":[{"width":2560,"height":1707,"url":"https:\/\/www.manaus.am.gov.br\/semcom\/wp-content\/uploads\/sites\/5\/2023\/02\/20230224145235_IMG_9251-scaled.jpg","type":"image\/jpeg"}],"author":"Renata Felix","twitter_card":"summary_large_image","twitter_misc":{"Written by":"Renata Felix","Est. reading time":"3 minutos"},"schema":{"@context":"https:\/\/schema.org","@graph":[{"@type":"WebPage","@id":"https:\/\/www.manaus.am.gov.br\/semcom\/carnaval-de-manaus-2023-idosos-atendidos-nos-cras-se-divertem-em-bloco-de-carnaval-promovido-pela-prefeitura-de-manaus\/","url":"https:\/\/www.manaus.am.gov.br\/semcom\/carnaval-de-manaus-2023-idosos-atendidos-nos-cras-se-divertem-em-bloco-de-carnaval-promovido-pela-prefeitura-de-manaus\/","name":"Carnaval de Manaus 2023: Idosos atendidos nos Cras se divertem em bloco de carnaval promovido pela Prefeitura de Manaus - SEMCOM","isPartOf":{"@id":"https:\/\/www.manaus.am.gov.br\/semcom\/#website"},"primaryImageOfPage":{"@id":"https:\/\/www.manaus.am.gov.br\/semcom\/carnaval-de-manaus-2023-idosos-atendidos-nos-cras-se-divertem-em-bloco-de-carnaval-promovido-pela-prefeitura-de-manaus\/#primaryimage"},"image":{"@id":"https:\/\/www.manaus.am.gov.br\/semcom\/carnaval-de-manaus-2023-idosos-atendidos-nos-cras-se-divertem-em-bloco-de-carnaval-promovido-pela-prefeitura-de-manaus\/#primaryimage"},"thumbnailUrl":"https:\/\/www.manaus.am.gov.br\/semcom\/wp-content\/uploads\/sites\/5\/2023\/02\/20230224145235_IMG_9251-scaled.jpg","datePublished":"2023-02-24T23:04:51+00:00","dateModified":"2023-02-24T23:04:53+00:00","author":{"@id":"https:\/\/www.manaus.am.gov.br\/semcom\/#\/schema\/person\/4eea2a8f78dc853097abb026f728aa06"},"inLanguage":"pt-BR","potentialAction":[{"@type":"ReadAction","target":["https:\/\/www.manaus.am.gov.br\/semcom\/carnaval-de-manaus-2023-idosos-atendidos-nos-cras-se-divertem-em-bloco-de-carnaval-promovido-pela-prefeitura-de-manaus\/"]}]},{"@type":"ImageObject","inLanguage":"pt-BR","@id":"https:\/\/www.manaus.am.gov.br\/semcom\/carnaval-de-manaus-2023-idosos-atendidos-nos-cras-se-divertem-em-bloco-de-carnaval-promovido-pela-prefeitura-de-manaus\/#primaryimage","url":"https:\/\/www.manaus.am.gov.br\/semcom\/wp-content\/uploads\/sites\/5\/2023\/02\/20230224145235_IMG_9251-scaled.jpg","contentUrl":"https:\/\/www.manaus.am.gov.br\/semcom\/wp-content\/uploads\/sites\/5\/2023\/02\/20230224145235_IMG_9251-scaled.jpg","width":2560,"height":1707},{"@type":"WebSite","@id":"https:\/\/www.manaus.am.gov.br\/semcom\/#website","url":"https:\/\/www.manaus.am.gov.br\/semcom\/","name":"SEMCOM","description":"Secretaria Municipal de Comunica\u00e7\u00e3o","potentialAction":[{"@type":"SearchAction","target":{"@type":"EntryPoint","urlTemplate":"https:\/\/www.manaus.am.gov.br\/semcom\/?s={search_term_string}"},"query-input":"required name=search_term_string"}],"inLanguage":"pt-BR"},{"@type":"Person","@id":"https:\/\/www.manaus.am.gov.br\/semcom\/#\/schema\/person\/4eea2a8f78dc853097abb026f728aa06","name":"Renata Felix","image":{"@type":"ImageObject","inLanguage":"pt-BR","@id":"https:\/\/www.manaus.am.gov.br\/semcom\/#\/schema\/person\/image\/","url":"https:\/\/secure.gravatar.com\/avatar\/3c196cf9d3b837b24c8edb2c50fd8f29?s=96&d=mm&r=g","contentUrl":"https:\/\/secure.gravatar.com\/avatar\/3c196cf9d3b837b24c8edb2c50fd8f29?s=96&d=mm&r=g","caption":"Renata Felix"}}]}},"_links":{"self":[{"href":"https:\/\/www.manaus.am.gov.br\/semcom\/wp-json\/wp\/v2\/posts\/209651"}],"collection":[{"href":"https:\/\/www.manaus.am.gov.br\/semcom\/wp-json\/wp\/v2\/posts"}],"about":[{"href":"https:\/\/www.manaus.am.gov.br\/semcom\/wp-json\/wp\/v2\/types\/post"}],"author":[{"embeddable":true,"href":"https:\/\/www.manaus.am.gov.br\/semcom\/wp-json\/wp\/v2\/users\/31"}],"replies":[{"embeddable":true,"href":"https:\/\/www.manaus.am.gov.br\/semcom\/wp-json\/wp\/v2\/comments?post=209651"}],"version-history":[{"count":0,"href":"https:\/\/www.manaus.am.gov.br\/semcom\/wp-json\/wp\/v2\/posts\/209651\/revisions"}],"wp:featuredmedia":[{"embeddable":true,"href":"https:\/\/www.manaus.am.gov.br\/semcom\/wp-json\/wp\/v2\/media\/209652"}],"wp:attachment":[{"href":"https:\/\/www.manaus.am.gov.br\/semcom\/wp-json\/wp\/v2\/media?parent=209651"}],"wp:term":[{"taxonomy":"category","embeddable":true,"href":"https:\/\/www.manaus.am.gov.br\/semcom\/wp-json\/wp\/v2\/categories?post=209651"},{"taxonomy":"post_tag","embeddable":true,"href":"https:\/\/www.manaus.am.gov.br\/semcom\/wp-json\/wp\/v2\/tags?post=209651"}],"curies":[{"name":"wp","href":"https:\/\/api.w.org\/{rel}","templated":true}]}}