{"id":209484,"date":"2023-02-20T23:43:55","date_gmt":"2023-02-21T02:43:55","guid":{"rendered":"https:\/\/www.manaus.am.gov.br\/semcom\/2023\/02\/20\/carnaval-de-manaus-2023-mais-de-15-bandas-e-blocos-acontecem-na-segunda-feira-gorda-de-carnaval-com-apoio-da-prefeitura\/"},"modified":"2023-02-23T10:09:07","modified_gmt":"2023-02-23T13:09:07","slug":"carnaval-de-manaus-2023-mais-de-15-bandas-e-blocos-acontecem-na-segunda-feira-gorda-de-carnaval-com-apoio-da-prefeitura","status":"publish","type":"post","link":"https:\/\/www.manaus.am.gov.br\/semcom\/carnaval-de-manaus-2023-mais-de-15-bandas-e-blocos-acontecem-na-segunda-feira-gorda-de-carnaval-com-apoio-da-prefeitura\/","title":{"rendered":"<strong>Carnaval de Manaus 2023: Mais de 15 bandas e blocos acontecem na Segunda-Feira Gorda de Carnaval com apoio da prefeitura<\/strong>"},"content":{"rendered":"\n<p>A Segunda-Feira Gorda de Carnaval arrastou os foli\u00f5es para bandas, blocos e festas de rua na capital amazonense. Ao todo, 16 bandas foram realizadas com fomento da Prefeitura de Manaus, por meio da Funda\u00e7\u00e3o Municipal de Cultura, Turismo e Eventos (Manauscult), que receberam apoio com servi\u00e7os de sonoriza\u00e7\u00e3o, ilumina\u00e7\u00e3o, palco, banheiros qu\u00edmicos e estruturas.&nbsp;<\/p>\n\n\n\n<p>\u201cO apoio da gest\u00e3o do prefeito David Almeida \u00e0s bandas e blocos \u00e9 muito importante para o crescimento e valoriza\u00e7\u00e3o do Carnaval de Rua. Os organizadores trabalham empenhados em prol da seguran\u00e7a e divertimento do foli\u00e3o e sobretudo para o desenvolvimento econ\u00f4mico da cidade\u201d, enfatizou o diretor de Grandes Eventos da Manauscult, Reginey Rodrigues.&nbsp;<\/p>\n\n\n\n<p>A chuva n\u00e3o afastou os foli\u00f5es e nem atrapalhou a programa\u00e7\u00e3o da Segunda-Feira Gorda de Carnaval. Centenas de pessoas curtiram marchinhas, ax\u00e9 e brega durante a banda do Caldeira, que ocorreu no Centro Hist\u00f3rico de Manaus.<\/p>\n\n\n\n<p>A festa, que \u00e9 famosa por reunir foli\u00f5es de todas as idades, come\u00e7ou a partir das 17h e foi embalada com apresenta\u00e7\u00f5es diversificadas de artistas locais.&nbsp;<\/p>\n\n\n\n<p>\u201cO apelo do banda do Caldeira \u00e9 a marchinha e aqui ningu\u00e9m se preocupa com julgamento alheio, porque o respeito \u00e9 o que prevalece. Sa\u00edmos de S\u00e3o Paulo para vir para Manaus, porque adoramos curtir o Carnaval aqui com os amigos\u201d, disse Hugo Medeiros, 47 anos.&nbsp;<\/p>\n\n\n\n<p>A banda do Empurra Que \u00e9 Pior, do bairro L\u00edrio do Vale, zona Oeste, tamb\u00e9m ocorreu nesta segunda-feira, e veio com a proposta de incentivo de vacina\u00e7\u00e3o contra a Covid-19.&nbsp; A programa\u00e7\u00e3o foi gratuita.<\/p>\n\n\n\n<p>O bloco das Cabritas, do bairro S\u00e3o Jorge, zona Centro-Oeste, e a banda Bizorgay, &nbsp;do conjunto Canaranas, no bairro Cidade Nova, na zona Norte, tiveram uma programa\u00e7\u00e3o diversificada e gratuita para os foli\u00f5es do entorno.&nbsp;<\/p>\n\n\n\n<p><strong>Programa\u00e7\u00e3o da ter\u00e7a-feira, 21\/2&nbsp;<\/strong><\/p>\n\n\n\n<p>Banda do Cajual, bloco das Bundas Incubadas da Boca do Emboca, banda do Samuka, bloco Siri Quer Pau, bloco do Fuxico, Baratas na Folia, bloco das Virgens do Grande Vit\u00f3ria, Carnafolia Col\u00f4nia Ant\u00f4nio Aleixo, Amigos R9 na Folia, banda da Sarita, banda das Cabritas, Galo de Manaus, banda do Jacar\u00e9, banda do 5 Estrela, bloco do Parque 10, banda do Campo Dourado, banda do Pedrinho e bloco do Frei.&nbsp;<\/p>\n\n\n\n<p>&#8212; &#8212; &#8212;<\/p>\n\n\n\n<p><strong>Texto \u2013&nbsp;<\/strong>Fl\u00e1via Moura\/ Manauscult<\/p>\n\n\n\n<p><strong>Fotos \u2013&nbsp;<\/strong>Jo\u00e3o Viana \/ Semcom<\/p>\n\n\n\n<p><strong>Dispon\u00edveis em &#8211;<\/strong> <a href=\"https:\/\/flic.kr\/s\/aHBqjAsU2y\">https:\/\/flic.kr\/s\/aHBqjAsU2y<\/a><\/p>\n","protected":false},"excerpt":{"rendered":"","protected":false},"author":24,"featured_media":209485,"comment_status":"closed","ping_status":"closed","sticky":false,"template":"","format":"standard","meta":{"footnotes":""},"categories":[930],"tags":[1309,511,868,896,35,1310,1311,1312],"acf":[],"yoast_head":"<!-- This site is optimized with the Yoast SEO plugin v23.0 - https:\/\/yoast.com\/wordpress\/plugins\/seo\/ -->\n<title>Mais de 15 bandas e blocos acontecem na Segunda-Feira de Carnaval<\/title>\n<meta name=\"description\" content=\"A Segunda-Feira Gorda de Carnaval arrastou os foli\u00f5es para bandas, blocos e festas de rua na capital amazonense.\" \/>\n<meta name=\"robots\" content=\"index, follow, max-snippet:-1, max-image-preview:large, max-video-preview:-1\" \/>\n<link rel=\"canonical\" href=\"https:\/\/www.manaus.am.gov.br\/semcom\/carnaval-de-manaus-2023-mais-de-15-bandas-e-blocos-acontecem-na-segunda-feira-gorda-de-carnaval-com-apoio-da-prefeitura\/\" \/>\n<meta property=\"og:locale\" content=\"pt_BR\" \/>\n<meta property=\"og:type\" content=\"article\" \/>\n<meta property=\"og:title\" content=\"Mais de 15 bandas e blocos acontecem na Segunda-Feira de Carnaval\" \/>\n<meta property=\"og:description\" content=\"A Segunda-Feira Gorda de Carnaval arrastou os foli\u00f5es para bandas, blocos e festas de rua na capital amazonense.\" \/>\n<meta property=\"og:url\" content=\"https:\/\/www.manaus.am.gov.br\/semcom\/carnaval-de-manaus-2023-mais-de-15-bandas-e-blocos-acontecem-na-segunda-feira-gorda-de-carnaval-com-apoio-da-prefeitura\/\" \/>\n<meta property=\"og:site_name\" content=\"SEMCOM\" \/>\n<meta property=\"article:published_time\" content=\"2023-02-21T02:43:55+00:00\" \/>\n<meta property=\"article:modified_time\" content=\"2023-02-23T13:09:07+00:00\" \/>\n<meta property=\"og:image\" content=\"https:\/\/www.manaus.am.gov.br\/semcom\/wp-content\/uploads\/sites\/5\/2023\/02\/Carnaval-de-Manaus-2023-Mais-de-15-bandas-e-blocos-acontecem-na-Segunda-Feira-Gorda-de-Carnaval-com-apoio-da-prefeitura-2-scaled.jpg\" \/>\n\t<meta property=\"og:image:width\" content=\"2560\" \/>\n\t<meta property=\"og:image:height\" content=\"1706\" \/>\n\t<meta property=\"og:image:type\" content=\"image\/jpeg\" \/>\n<meta name=\"author\" content=\"Cl\u00e1udia Barbosa\" \/>\n<meta name=\"twitter:card\" content=\"summary_large_image\" \/>\n<meta name=\"twitter:label1\" content=\"Written by\" \/>\n\t<meta name=\"twitter:data1\" content=\"Cl\u00e1udia Barbosa\" \/>\n\t<meta name=\"twitter:label2\" content=\"Est. reading time\" \/>\n\t<meta name=\"twitter:data2\" content=\"3 minutos\" \/>\n<script type=\"application\/ld+json\" class=\"yoast-schema-graph\">{\"@context\":\"https:\/\/schema.org\",\"@graph\":[{\"@type\":\"WebPage\",\"@id\":\"https:\/\/www.manaus.am.gov.br\/semcom\/carnaval-de-manaus-2023-mais-de-15-bandas-e-blocos-acontecem-na-segunda-feira-gorda-de-carnaval-com-apoio-da-prefeitura\/\",\"url\":\"https:\/\/www.manaus.am.gov.br\/semcom\/carnaval-de-manaus-2023-mais-de-15-bandas-e-blocos-acontecem-na-segunda-feira-gorda-de-carnaval-com-apoio-da-prefeitura\/\",\"name\":\"Mais de 15 bandas e blocos acontecem na Segunda-Feira de Carnaval\",\"isPartOf\":{\"@id\":\"https:\/\/www.manaus.am.gov.br\/semcom\/#website\"},\"primaryImageOfPage\":{\"@id\":\"https:\/\/www.manaus.am.gov.br\/semcom\/carnaval-de-manaus-2023-mais-de-15-bandas-e-blocos-acontecem-na-segunda-feira-gorda-de-carnaval-com-apoio-da-prefeitura\/#primaryimage\"},\"image\":{\"@id\":\"https:\/\/www.manaus.am.gov.br\/semcom\/carnaval-de-manaus-2023-mais-de-15-bandas-e-blocos-acontecem-na-segunda-feira-gorda-de-carnaval-com-apoio-da-prefeitura\/#primaryimage\"},\"thumbnailUrl\":\"https:\/\/www.manaus.am.gov.br\/semcom\/wp-content\/uploads\/sites\/5\/2023\/02\/Carnaval-de-Manaus-2023-Mais-de-15-bandas-e-blocos-acontecem-na-Segunda-Feira-Gorda-de-Carnaval-com-apoio-da-prefeitura-2-scaled.jpg\",\"datePublished\":\"2023-02-21T02:43:55+00:00\",\"dateModified\":\"2023-02-23T13:09:07+00:00\",\"author\":{\"@id\":\"https:\/\/www.manaus.am.gov.br\/semcom\/#\/schema\/person\/d0a166b5031154c33c77794ddc9a827e\"},\"description\":\"A Segunda-Feira Gorda de Carnaval arrastou os foli\u00f5es para bandas, blocos e festas de rua na capital amazonense.\",\"inLanguage\":\"pt-BR\",\"potentialAction\":[{\"@type\":\"ReadAction\",\"target\":[\"https:\/\/www.manaus.am.gov.br\/semcom\/carnaval-de-manaus-2023-mais-de-15-bandas-e-blocos-acontecem-na-segunda-feira-gorda-de-carnaval-com-apoio-da-prefeitura\/\"]}]},{\"@type\":\"ImageObject\",\"inLanguage\":\"pt-BR\",\"@id\":\"https:\/\/www.manaus.am.gov.br\/semcom\/carnaval-de-manaus-2023-mais-de-15-bandas-e-blocos-acontecem-na-segunda-feira-gorda-de-carnaval-com-apoio-da-prefeitura\/#primaryimage\",\"url\":\"https:\/\/www.manaus.am.gov.br\/semcom\/wp-content\/uploads\/sites\/5\/2023\/02\/Carnaval-de-Manaus-2023-Mais-de-15-bandas-e-blocos-acontecem-na-Segunda-Feira-Gorda-de-Carnaval-com-apoio-da-prefeitura-2-scaled.jpg\",\"contentUrl\":\"https:\/\/www.manaus.am.gov.br\/semcom\/wp-content\/uploads\/sites\/5\/2023\/02\/Carnaval-de-Manaus-2023-Mais-de-15-bandas-e-blocos-acontecem-na-Segunda-Feira-Gorda-de-Carnaval-com-apoio-da-prefeitura-2-scaled.jpg\",\"width\":2560,\"height\":1706},{\"@type\":\"WebSite\",\"@id\":\"https:\/\/www.manaus.am.gov.br\/semcom\/#website\",\"url\":\"https:\/\/www.manaus.am.gov.br\/semcom\/\",\"name\":\"SEMCOM\",\"description\":\"Secretaria Municipal de Comunica\u00e7\u00e3o\",\"potentialAction\":[{\"@type\":\"SearchAction\",\"target\":{\"@type\":\"EntryPoint\",\"urlTemplate\":\"https:\/\/www.manaus.am.gov.br\/semcom\/?s={search_term_string}\"},\"query-input\":\"required name=search_term_string\"}],\"inLanguage\":\"pt-BR\"},{\"@type\":\"Person\",\"@id\":\"https:\/\/www.manaus.am.gov.br\/semcom\/#\/schema\/person\/d0a166b5031154c33c77794ddc9a827e\",\"name\":\"Cl\u00e1udia Barbosa\",\"image\":{\"@type\":\"ImageObject\",\"inLanguage\":\"pt-BR\",\"@id\":\"https:\/\/www.manaus.am.gov.br\/semcom\/#\/schema\/person\/image\/\",\"url\":\"https:\/\/secure.gravatar.com\/avatar\/42958a1cf007f1a00534009218c72590?s=96&d=mm&r=g\",\"contentUrl\":\"https:\/\/secure.gravatar.com\/avatar\/42958a1cf007f1a00534009218c72590?s=96&d=mm&r=g\",\"caption\":\"Cl\u00e1udia Barbosa\"}}]}<\/script>\n<!-- \/ Yoast SEO plugin. -->","yoast_head_json":{"title":"Mais de 15 bandas e blocos acontecem na Segunda-Feira de Carnaval","description":"A Segunda-Feira Gorda de Carnaval arrastou os foli\u00f5es para bandas, blocos e festas de rua na capital amazonense.","robots":{"index":"index","follow":"follow","max-snippet":"max-snippet:-1","max-image-preview":"max-image-preview:large","max-video-preview":"max-video-preview:-1"},"canonical":"https:\/\/www.manaus.am.gov.br\/semcom\/carnaval-de-manaus-2023-mais-de-15-bandas-e-blocos-acontecem-na-segunda-feira-gorda-de-carnaval-com-apoio-da-prefeitura\/","og_locale":"pt_BR","og_type":"article","og_title":"Mais de 15 bandas e blocos acontecem na Segunda-Feira de Carnaval","og_description":"A Segunda-Feira Gorda de Carnaval arrastou os foli\u00f5es para bandas, blocos e festas de rua na capital amazonense.","og_url":"https:\/\/www.manaus.am.gov.br\/semcom\/carnaval-de-manaus-2023-mais-de-15-bandas-e-blocos-acontecem-na-segunda-feira-gorda-de-carnaval-com-apoio-da-prefeitura\/","og_site_name":"SEMCOM","article_published_time":"2023-02-21T02:43:55+00:00","article_modified_time":"2023-02-23T13:09:07+00:00","og_image":[{"width":2560,"height":1706,"url":"https:\/\/www.manaus.am.gov.br\/semcom\/wp-content\/uploads\/sites\/5\/2023\/02\/Carnaval-de-Manaus-2023-Mais-de-15-bandas-e-blocos-acontecem-na-Segunda-Feira-Gorda-de-Carnaval-com-apoio-da-prefeitura-2-scaled.jpg","type":"image\/jpeg"}],"author":"Cl\u00e1udia Barbosa","twitter_card":"summary_large_image","twitter_misc":{"Written by":"Cl\u00e1udia Barbosa","Est. reading time":"3 minutos"},"schema":{"@context":"https:\/\/schema.org","@graph":[{"@type":"WebPage","@id":"https:\/\/www.manaus.am.gov.br\/semcom\/carnaval-de-manaus-2023-mais-de-15-bandas-e-blocos-acontecem-na-segunda-feira-gorda-de-carnaval-com-apoio-da-prefeitura\/","url":"https:\/\/www.manaus.am.gov.br\/semcom\/carnaval-de-manaus-2023-mais-de-15-bandas-e-blocos-acontecem-na-segunda-feira-gorda-de-carnaval-com-apoio-da-prefeitura\/","name":"Mais de 15 bandas e blocos acontecem na Segunda-Feira de Carnaval","isPartOf":{"@id":"https:\/\/www.manaus.am.gov.br\/semcom\/#website"},"primaryImageOfPage":{"@id":"https:\/\/www.manaus.am.gov.br\/semcom\/carnaval-de-manaus-2023-mais-de-15-bandas-e-blocos-acontecem-na-segunda-feira-gorda-de-carnaval-com-apoio-da-prefeitura\/#primaryimage"},"image":{"@id":"https:\/\/www.manaus.am.gov.br\/semcom\/carnaval-de-manaus-2023-mais-de-15-bandas-e-blocos-acontecem-na-segunda-feira-gorda-de-carnaval-com-apoio-da-prefeitura\/#primaryimage"},"thumbnailUrl":"https:\/\/www.manaus.am.gov.br\/semcom\/wp-content\/uploads\/sites\/5\/2023\/02\/Carnaval-de-Manaus-2023-Mais-de-15-bandas-e-blocos-acontecem-na-Segunda-Feira-Gorda-de-Carnaval-com-apoio-da-prefeitura-2-scaled.jpg","datePublished":"2023-02-21T02:43:55+00:00","dateModified":"2023-02-23T13:09:07+00:00","author":{"@id":"https:\/\/www.manaus.am.gov.br\/semcom\/#\/schema\/person\/d0a166b5031154c33c77794ddc9a827e"},"description":"A Segunda-Feira Gorda de Carnaval arrastou os foli\u00f5es para bandas, blocos e festas de rua na capital amazonense.","inLanguage":"pt-BR","potentialAction":[{"@type":"ReadAction","target":["https:\/\/www.manaus.am.gov.br\/semcom\/carnaval-de-manaus-2023-mais-de-15-bandas-e-blocos-acontecem-na-segunda-feira-gorda-de-carnaval-com-apoio-da-prefeitura\/"]}]},{"@type":"ImageObject","inLanguage":"pt-BR","@id":"https:\/\/www.manaus.am.gov.br\/semcom\/carnaval-de-manaus-2023-mais-de-15-bandas-e-blocos-acontecem-na-segunda-feira-gorda-de-carnaval-com-apoio-da-prefeitura\/#primaryimage","url":"https:\/\/www.manaus.am.gov.br\/semcom\/wp-content\/uploads\/sites\/5\/2023\/02\/Carnaval-de-Manaus-2023-Mais-de-15-bandas-e-blocos-acontecem-na-Segunda-Feira-Gorda-de-Carnaval-com-apoio-da-prefeitura-2-scaled.jpg","contentUrl":"https:\/\/www.manaus.am.gov.br\/semcom\/wp-content\/uploads\/sites\/5\/2023\/02\/Carnaval-de-Manaus-2023-Mais-de-15-bandas-e-blocos-acontecem-na-Segunda-Feira-Gorda-de-Carnaval-com-apoio-da-prefeitura-2-scaled.jpg","width":2560,"height":1706},{"@type":"WebSite","@id":"https:\/\/www.manaus.am.gov.br\/semcom\/#website","url":"https:\/\/www.manaus.am.gov.br\/semcom\/","name":"SEMCOM","description":"Secretaria Municipal de Comunica\u00e7\u00e3o","potentialAction":[{"@type":"SearchAction","target":{"@type":"EntryPoint","urlTemplate":"https:\/\/www.manaus.am.gov.br\/semcom\/?s={search_term_string}"},"query-input":"required name=search_term_string"}],"inLanguage":"pt-BR"},{"@type":"Person","@id":"https:\/\/www.manaus.am.gov.br\/semcom\/#\/schema\/person\/d0a166b5031154c33c77794ddc9a827e","name":"Cl\u00e1udia Barbosa","image":{"@type":"ImageObject","inLanguage":"pt-BR","@id":"https:\/\/www.manaus.am.gov.br\/semcom\/#\/schema\/person\/image\/","url":"https:\/\/secure.gravatar.com\/avatar\/42958a1cf007f1a00534009218c72590?s=96&d=mm&r=g","contentUrl":"https:\/\/secure.gravatar.com\/avatar\/42958a1cf007f1a00534009218c72590?s=96&d=mm&r=g","caption":"Cl\u00e1udia Barbosa"}}]}},"_links":{"self":[{"href":"https:\/\/www.manaus.am.gov.br\/semcom\/wp-json\/wp\/v2\/posts\/209484"}],"collection":[{"href":"https:\/\/www.manaus.am.gov.br\/semcom\/wp-json\/wp\/v2\/posts"}],"about":[{"href":"https:\/\/www.manaus.am.gov.br\/semcom\/wp-json\/wp\/v2\/types\/post"}],"author":[{"embeddable":true,"href":"https:\/\/www.manaus.am.gov.br\/semcom\/wp-json\/wp\/v2\/users\/24"}],"replies":[{"embeddable":true,"href":"https:\/\/www.manaus.am.gov.br\/semcom\/wp-json\/wp\/v2\/comments?post=209484"}],"version-history":[{"count":1,"href":"https:\/\/www.manaus.am.gov.br\/semcom\/wp-json\/wp\/v2\/posts\/209484\/revisions"}],"predecessor-version":[{"id":209535,"href":"https:\/\/www.manaus.am.gov.br\/semcom\/wp-json\/wp\/v2\/posts\/209484\/revisions\/209535"}],"wp:featuredmedia":[{"embeddable":true,"href":"https:\/\/www.manaus.am.gov.br\/semcom\/wp-json\/wp\/v2\/media\/209485"}],"wp:attachment":[{"href":"https:\/\/www.manaus.am.gov.br\/semcom\/wp-json\/wp\/v2\/media?parent=209484"}],"wp:term":[{"taxonomy":"category","embeddable":true,"href":"https:\/\/www.manaus.am.gov.br\/semcom\/wp-json\/wp\/v2\/categories?post=209484"},{"taxonomy":"post_tag","embeddable":true,"href":"https:\/\/www.manaus.am.gov.br\/semcom\/wp-json\/wp\/v2\/tags?post=209484"}],"curies":[{"name":"wp","href":"https:\/\/api.w.org\/{rel}","templated":true}]}}