{"id":209434,"date":"2023-02-19T11:55:03","date_gmt":"2023-02-19T14:55:03","guid":{"rendered":"https:\/\/www.manaus.am.gov.br\/semcom\/2023\/02\/19\/carnaval-de-manaus-2023-mesmo-com-chuva-escolas-de-samba-do-grupo-especial-levam-brilho-criatividade-e-homenagens-para-a-avenida\/"},"modified":"2023-02-19T11:55:05","modified_gmt":"2023-02-19T14:55:05","slug":"carnaval-de-manaus-2023-mesmo-com-chuva-escolas-de-samba-do-grupo-especial-levam-brilho-criatividade-e-homenagens-para-a-avenida","status":"publish","type":"post","link":"https:\/\/www.manaus.am.gov.br\/semcom\/carnaval-de-manaus-2023-mesmo-com-chuva-escolas-de-samba-do-grupo-especial-levam-brilho-criatividade-e-homenagens-para-a-avenida\/","title":{"rendered":"<strong>Carnaval de Manaus 2023: Mesmo com chuva, escolas de samba do Grupo Especial levam brilho, criatividade e homenagens para a avenida<\/strong>"},"content":{"rendered":"\n<p>A terceira e \u00faltima noite do desfile das escolas de samba de Manaus foi marcada com chuva intensa, horas antes do in\u00edcio das apresenta\u00e7\u00f5es. Por conta da circunst\u00e2ncia e para garantir a seguran\u00e7a dos foli\u00f5es, a primeira apresenta\u00e7\u00e3o precisou entrar com uma hora de atraso. As oito escolas de samba do Grupo Especial foram fomentadas pela Prefeitura de Manaus, por meio da Funda\u00e7\u00e3o Municipal de Cultura, Turismo e Eventos (Manauscult).<\/p>\n\n\n\n<p>A agremia\u00e7\u00e3o respons\u00e1vel por abrir a noite foi a representante da Compensa, Gres Vila da Barra que trouxe o enredo \u201cRatanab\u00e1: O segredo milenar da Amaz\u00f4nia\u201d, que prop\u00f5e uma viagem no tempo e questiona quem veio primeiro: o alien, o macaco ou Ad\u00e3o? As alegorias mostraram personagens de outras dimens\u00f5es como alien\u00edgenas, os seres gigantes de Ratanab\u00e1, que levam a uma era jur\u00e1ssica, guardi\u00f5es ind\u00edgenas e os mist\u00e9rios.<\/p>\n\n\n\n<p>De azul e amarelo, o Gres Vila da Barra desfilou no samb\u00f3dromo com 21 alas, 2.800 brincantes, 250 componentes na bateria, tr\u00eas carros aleg\u00f3ricos e tr\u00eas trip\u00e9s.<\/p>\n\n\n\n<p>A segunda escola a colorir a avenida do samba foi a Primos da Ilha, que contou a hist\u00f3ria de vida do fundador do \u201cGrupo TV Lar\u201d, o empres\u00e1rio, comendador e c\u00f4nsul honor\u00e1rio de Portugal no Estado, Jos\u00e9 dos Santos da Silva Azevedo, que morreu em 2018, aos 84 anos.<\/p>\n\n\n\n<p>O enredo \u201c\u2018D\u00b4Al\u00e9m-mar, o Amazonas conquistou, Jos\u00e9 Azevedo, o legado de um gajo sonhador\u201d apresenta o empres\u00e1rio como um dos respons\u00e1veis pelo crescimento econ\u00f4mico da capital amazonense. A escola do bairro S\u00e3o Francisco tem 33 anos de funda\u00e7\u00e3o e levou 20 alas, tr\u00eas alegorias, dois modos aleg\u00f3ricos e 3.500 brincantes.<\/p>\n\n\n\n<p>O Gr\u00eamio Recreativo Social Escola de Samba Andan\u00e7as de Cigano foi o terceiro a se apresentar. Com o enredo \u201cN\u00e3o deixe o samba morrer, n\u00e3o deixe a cultura acabar, o povo cigano clama: salve a cultura popular\u201d, a escola deu \u00eanfase quanto ao respeito pela luta contra a intoler\u00e2ncia e outras quest\u00f5es que possam prejudicar a cultura popular.<\/p>\n\n\n\n<p>A agremia\u00e7\u00e3o enaltece a contribui\u00e7\u00e3o de diversos povos, a pluralidade de manifesta\u00e7\u00f5es culturais no Brasil, representadas por meio de celebra\u00e7\u00f5es, rituais, dan\u00e7as e festas. De norte a sul, de leste a oeste, essas manifesta\u00e7\u00f5es expressam a multiplicidade cultural do pa\u00eds.<\/p>\n\n\n\n<p>A comiss\u00e3o de frente foi representada por personagens folcl\u00f3ricos-culturais como ind\u00edgenas de azul e vermelho simbolizando Caprichoso e Garantido, ciranda, carimb\u00f3 e canga\u00e7o.<\/p>\n\n\n\n<p>A escola do bairro Cachoeirinha tem 47 anos de funda\u00e7\u00e3o e levou para avenida 17 alas, tr\u00eas alegorias e 2 mil brincantes. As cores: Azul, vermelho e branco.<\/p>\n\n\n\n<p>A terceira noite de desfile tamb\u00e9m foi de homenagem. O Gr\u00eamio Recreativo Escola de Samba Reino Unido da Liberdade entrou \u00e0 0h50 e apresentou a vida e a trajet\u00f3ria do artista Zezinho Corr\u00eaa, \u00edcone da cultura do Estado, nascido no munic\u00edpio de Carauari e levou o canto, a ess\u00eancia e a magia do Amazonas para o mundo.<\/p>\n\n\n\n<p>A comiss\u00e3o de frente, chamada de \u201cAs v\u00e1rias faces do Zezinho\u201d, abriu o primeiro ato da agremia\u00e7\u00e3o chamada Nasce uma Estrela. Ele vem seguido do carro abre-alas \u201cVestido de Luz &#8211; O Menino Iluminado\u201d.<\/p>\n\n\n\n<p>No in\u00edcio da apresenta\u00e7\u00e3o a cantora M\u00e1rcia Siqueira fez a abertura com sua voz imponente e cantou trecho do enredo \u201cBate forte o tambor, Furiosa! Eu quero \u00e9 Tic, tic, tac, a Reino Unido abre as cortinas para Zezinho Corr\u00eaa\u201d. A agremia\u00e7\u00e3o levantou a torcida da arquibancada G. A escola que tem 41 anos de funda\u00e7\u00e3o e 27 alas, tr\u00eas carros aleg\u00f3ricos, 250 ritmistas e 3.200 brincantes.<\/p>\n\n\n\n<p>A avenida tamb\u00e9m ganhou brilho e cores com o Gr\u00eamio Recreativo Escola de Samba Mocidade Independente de Aparecida que busca o bicampeonato. A campe\u00e3 do Carnaval de 2020 levou o enredo \u201cVitae \u2013 A Ess\u00eancia, a Seiva, a Fonte\u201d.<\/p>\n\n\n\n<p>A verde e branco levou ao foli\u00e3o a forma\u00e7\u00e3o do planeta Terra, ressaltando a import\u00e2ncia da \u00e1gua na exist\u00eancia da vida. A agremia\u00e7\u00e3o do bairro da Aparecida chamou aten\u00e7\u00e3o pela preserva\u00e7\u00e3o dos recursos h\u00eddricos.<\/p>\n\n\n\n<p>Nas alegorias, a escola apresentou o in\u00edcio da vida na terra com os seres unicelulares. A figura de Luca vem ao centro da primeira alegoria. O pr\u00f3ximo carro aleg\u00f3rico trouxe a alegoria de cerca de 40 metros de comprimento. A polui\u00e7\u00e3o dos rios, igarap\u00e9s, mares e a consequ\u00eancia disso, tamb\u00e9m foram retratadas no samb\u00f3dromo.<\/p>\n\n\n\n<p>A escola do bairro Aparecida, que tem 43 anos de funda\u00e7\u00e3o, levou para avenida 80 baianas, 230 ritmistas na bateria, 15 componentes na comiss\u00e3o de frente acompanhados de um m\u00f3dulo aleg\u00f3rico, al\u00e9m de duas alas coreografadas e 24 alas comerciais.<\/p>\n\n\n\n<p>O Gr\u00eamio Recreativo Cultural Escola A Grande Fam\u00edlia ultrapassou a barreira da capital Manaus e trouxe como enredo,&#8221;Eirunep\u00e9, o Cordel Amaz\u00f4nico\u201d. Entrou \u00e0s 3h28, deste domingo, 19\/2, na avenida.<\/p>\n\n\n\n<p>A agremia\u00e7\u00e3o, que nasceu na zona Leste de Manaus, levou para avenida a saga dos nordestinos brasileiros fugindo da seca, navegando pelos rios na busca de melhoria de vida nos seringais da Amaz\u00f4nia.<\/p>\n\n\n\n<p>O \u201cEiru\u201d, seringal que deu origem \u00e0 cidade de Eirunep\u00e9, no rio Juru\u00e1, no Amazonas, foi levado para a avenida. A passarela foi palco do cordel de amor do sertanejo pela \u00edndia Kulina\u00e3, do trabalho \u00e1rduo dos seringueiros e da perseveran\u00e7a de um povo que n\u00e3o desiste de lutar.<\/p>\n\n\n\n<p>A primeira alegoria representa o encontro do branco nordestino com a \u00edndia Kulina\u00e3, resultando numa paix\u00e3o entre os dois. Os descendentes de Eirunep\u00e9 surgem dessa uni\u00e3o.<\/p>\n\n\n\n<p>A escola do bairro S\u00e3o Jos\u00e9 tem 40 anos de funda\u00e7\u00e3o e entrou na avenida com 21 alas, tr\u00eas alegorias, 2 trip\u00e9s e tr\u00eas mil brincantes.<\/p>\n\n\n\n<p>A s\u00e9tima escola a entrar na avenida foi o Gr\u00eamio Recreativo Escola de Samba Unidos do Alvorada, que fez homenagem ao fundador do Grupo Samel, Luiz Fernando Nicolau, que morreu aos 74 anos, em 2020, v\u00edtima de complica\u00e7\u00f5es da Covid-19.<\/p>\n\n\n\n<p>A escola contou na avenida a saga do m\u00e9dico nascido na cidade de Para\u00edba do Sul, no Rio de Janeiro, que construiu hist\u00f3ria em Manaus, se dedicando \u00e0 carreira pol\u00edtica, trabalhos humanit\u00e1rios e ao conhecimento cient\u00edfico da medicina.<\/p>\n\n\n\n<p>Com o enredo \u201cObu Mana\u00f3 \u2013 O alvorecer da cura, sob as b\u00ean\u00e7\u00e3os do c\u00e9u. Anau\u00ea, Samel\u201d, a escola, que tem 27 anos de funda\u00e7\u00e3o, levou 3.500 brincantes, 18 alas, 4 carros e 1 trip\u00e9.<\/p>\n\n\n\n<p>A \u00faltima escola de samba a se apresentar e fechar com chave de ouro a temporada carnavalesca na avenida foi o Gr\u00eamio Recreativo Escola de Samba Vit\u00f3ria R\u00e9gia, que levou para a avenida a hist\u00f3ria da popula\u00e7\u00e3o que possui algum tipo de defici\u00eancia f\u00edsica, mental, intelectual ou sensorial.<\/p>\n\n\n\n<p>A verde e rosa da Pra\u00e7a 14 fez um convite \u00e0 reflex\u00e3o sobre o desenvolvimento de pol\u00edticas p\u00fablicas que possam garantir, fortalecer e promover os direitos dessas pessoas, pedindo por um mundo mais inclusivo, igualit\u00e1rio, acess\u00edvel e humano.<\/p>\n\n\n\n<p>O primeiro setor do desfile se chama \u201cDespertar da Humanidade\u201d, com a comiss\u00e3o de frente \u201cA origem da gen\u00e9tica\u201d e o carro abre-alas \u201cUm mundo obscuro da discrimina\u00e7\u00e3o\u201d.<\/p>\n\n\n\n<p>A escola do bairro da Pra\u00e7a 14 tem 47 anos de funda\u00e7\u00e3o e levou o enredo \u201cA nossa especialidade \u00e9 ser especial, por um mundo mais acess\u00edvel e humano\u201d, e evoluiu com 20 alas, 4 carros aleg\u00f3ricos, 250 ritmistas na bateria e 3.500 brincantes.<\/p>\n\n\n\n<p>&#8212; &#8212; &#8212;<\/p>\n\n\n\n<p><strong>Texto<\/strong>&nbsp;&#8211; Fl\u00e1via Moura \/ Manauscult<\/p>\n\n\n\n<p><strong>Fotos<\/strong>&nbsp;\u2013 Antonio Pereira \/ Semcom<\/p>\n\n\n\n<p>Dispon\u00edveis em &#8211;&nbsp;<a href=\"https:\/\/flic.kr\/s\/aHBqjAsHd5\" target=\"_blank\" rel=\"noreferrer noopener\">https:\/\/flic.kr\/s\/aHBqjAsHd5<\/a><\/p>\n","protected":false},"excerpt":{"rendered":"","protected":false},"author":31,"featured_media":209435,"comment_status":"closed","ping_status":"closed","sticky":false,"template":"","format":"standard","meta":{"footnotes":""},"categories":[930],"tags":[896,1152,1278],"acf":[],"yoast_head":"<!-- This site is optimized with the Yoast SEO plugin v23.0 - https:\/\/yoast.com\/wordpress\/plugins\/seo\/ -->\n<title>Carnaval de Manaus 2023: Mesmo com chuva, escolas de samba do Grupo Especial levam brilho, criatividade e homenagens para a avenida - SEMCOM<\/title>\n<meta name=\"robots\" content=\"index, follow, max-snippet:-1, max-image-preview:large, max-video-preview:-1\" \/>\n<link rel=\"canonical\" href=\"https:\/\/www.manaus.am.gov.br\/semcom\/carnaval-de-manaus-2023-mesmo-com-chuva-escolas-de-samba-do-grupo-especial-levam-brilho-criatividade-e-homenagens-para-a-avenida\/\" \/>\n<meta property=\"og:locale\" content=\"pt_BR\" \/>\n<meta property=\"og:type\" content=\"article\" \/>\n<meta property=\"og:title\" content=\"Carnaval de Manaus 2023: Mesmo com chuva, escolas de samba do Grupo Especial levam brilho, criatividade e homenagens para a avenida - SEMCOM\" \/>\n<meta property=\"og:url\" content=\"https:\/\/www.manaus.am.gov.br\/semcom\/carnaval-de-manaus-2023-mesmo-com-chuva-escolas-de-samba-do-grupo-especial-levam-brilho-criatividade-e-homenagens-para-a-avenida\/\" \/>\n<meta property=\"og:site_name\" content=\"SEMCOM\" \/>\n<meta property=\"article:published_time\" content=\"2023-02-19T14:55:03+00:00\" \/>\n<meta property=\"article:modified_time\" content=\"2023-02-19T14:55:05+00:00\" \/>\n<meta property=\"og:image\" content=\"https:\/\/www.manaus.am.gov.br\/semcom\/wp-content\/uploads\/sites\/5\/2023\/02\/52697313706_1c10b377ed_c.jpg\" \/>\n\t<meta property=\"og:image:width\" content=\"799\" \/>\n\t<meta property=\"og:image:height\" content=\"533\" \/>\n\t<meta property=\"og:image:type\" content=\"image\/jpeg\" \/>\n<meta name=\"author\" content=\"Renata Felix\" \/>\n<meta name=\"twitter:card\" content=\"summary_large_image\" \/>\n<meta name=\"twitter:label1\" content=\"Written by\" \/>\n\t<meta name=\"twitter:data1\" content=\"Renata Felix\" \/>\n\t<meta name=\"twitter:label2\" content=\"Est. reading time\" \/>\n\t<meta name=\"twitter:data2\" content=\"7 minutos\" \/>\n<script type=\"application\/ld+json\" class=\"yoast-schema-graph\">{\"@context\":\"https:\/\/schema.org\",\"@graph\":[{\"@type\":\"WebPage\",\"@id\":\"https:\/\/www.manaus.am.gov.br\/semcom\/carnaval-de-manaus-2023-mesmo-com-chuva-escolas-de-samba-do-grupo-especial-levam-brilho-criatividade-e-homenagens-para-a-avenida\/\",\"url\":\"https:\/\/www.manaus.am.gov.br\/semcom\/carnaval-de-manaus-2023-mesmo-com-chuva-escolas-de-samba-do-grupo-especial-levam-brilho-criatividade-e-homenagens-para-a-avenida\/\",\"name\":\"Carnaval de Manaus 2023: Mesmo com chuva, escolas de samba do Grupo Especial levam brilho, criatividade e homenagens para a avenida - SEMCOM\",\"isPartOf\":{\"@id\":\"https:\/\/www.manaus.am.gov.br\/semcom\/#website\"},\"primaryImageOfPage\":{\"@id\":\"https:\/\/www.manaus.am.gov.br\/semcom\/carnaval-de-manaus-2023-mesmo-com-chuva-escolas-de-samba-do-grupo-especial-levam-brilho-criatividade-e-homenagens-para-a-avenida\/#primaryimage\"},\"image\":{\"@id\":\"https:\/\/www.manaus.am.gov.br\/semcom\/carnaval-de-manaus-2023-mesmo-com-chuva-escolas-de-samba-do-grupo-especial-levam-brilho-criatividade-e-homenagens-para-a-avenida\/#primaryimage\"},\"thumbnailUrl\":\"https:\/\/www.manaus.am.gov.br\/semcom\/wp-content\/uploads\/sites\/5\/2023\/02\/52697313706_1c10b377ed_c.jpg\",\"datePublished\":\"2023-02-19T14:55:03+00:00\",\"dateModified\":\"2023-02-19T14:55:05+00:00\",\"author\":{\"@id\":\"https:\/\/www.manaus.am.gov.br\/semcom\/#\/schema\/person\/4eea2a8f78dc853097abb026f728aa06\"},\"inLanguage\":\"pt-BR\",\"potentialAction\":[{\"@type\":\"ReadAction\",\"target\":[\"https:\/\/www.manaus.am.gov.br\/semcom\/carnaval-de-manaus-2023-mesmo-com-chuva-escolas-de-samba-do-grupo-especial-levam-brilho-criatividade-e-homenagens-para-a-avenida\/\"]}]},{\"@type\":\"ImageObject\",\"inLanguage\":\"pt-BR\",\"@id\":\"https:\/\/www.manaus.am.gov.br\/semcom\/carnaval-de-manaus-2023-mesmo-com-chuva-escolas-de-samba-do-grupo-especial-levam-brilho-criatividade-e-homenagens-para-a-avenida\/#primaryimage\",\"url\":\"https:\/\/www.manaus.am.gov.br\/semcom\/wp-content\/uploads\/sites\/5\/2023\/02\/52697313706_1c10b377ed_c.jpg\",\"contentUrl\":\"https:\/\/www.manaus.am.gov.br\/semcom\/wp-content\/uploads\/sites\/5\/2023\/02\/52697313706_1c10b377ed_c.jpg\",\"width\":799,\"height\":533},{\"@type\":\"WebSite\",\"@id\":\"https:\/\/www.manaus.am.gov.br\/semcom\/#website\",\"url\":\"https:\/\/www.manaus.am.gov.br\/semcom\/\",\"name\":\"SEMCOM\",\"description\":\"Secretaria Municipal de Comunica\u00e7\u00e3o\",\"potentialAction\":[{\"@type\":\"SearchAction\",\"target\":{\"@type\":\"EntryPoint\",\"urlTemplate\":\"https:\/\/www.manaus.am.gov.br\/semcom\/?s={search_term_string}\"},\"query-input\":\"required name=search_term_string\"}],\"inLanguage\":\"pt-BR\"},{\"@type\":\"Person\",\"@id\":\"https:\/\/www.manaus.am.gov.br\/semcom\/#\/schema\/person\/4eea2a8f78dc853097abb026f728aa06\",\"name\":\"Renata Felix\",\"image\":{\"@type\":\"ImageObject\",\"inLanguage\":\"pt-BR\",\"@id\":\"https:\/\/www.manaus.am.gov.br\/semcom\/#\/schema\/person\/image\/\",\"url\":\"https:\/\/secure.gravatar.com\/avatar\/3c196cf9d3b837b24c8edb2c50fd8f29?s=96&d=mm&r=g\",\"contentUrl\":\"https:\/\/secure.gravatar.com\/avatar\/3c196cf9d3b837b24c8edb2c50fd8f29?s=96&d=mm&r=g\",\"caption\":\"Renata Felix\"}}]}<\/script>\n<!-- \/ Yoast SEO plugin. -->","yoast_head_json":{"title":"Carnaval de Manaus 2023: Mesmo com chuva, escolas de samba do Grupo Especial levam brilho, criatividade e homenagens para a avenida - SEMCOM","robots":{"index":"index","follow":"follow","max-snippet":"max-snippet:-1","max-image-preview":"max-image-preview:large","max-video-preview":"max-video-preview:-1"},"canonical":"https:\/\/www.manaus.am.gov.br\/semcom\/carnaval-de-manaus-2023-mesmo-com-chuva-escolas-de-samba-do-grupo-especial-levam-brilho-criatividade-e-homenagens-para-a-avenida\/","og_locale":"pt_BR","og_type":"article","og_title":"Carnaval de Manaus 2023: Mesmo com chuva, escolas de samba do Grupo Especial levam brilho, criatividade e homenagens para a avenida - SEMCOM","og_url":"https:\/\/www.manaus.am.gov.br\/semcom\/carnaval-de-manaus-2023-mesmo-com-chuva-escolas-de-samba-do-grupo-especial-levam-brilho-criatividade-e-homenagens-para-a-avenida\/","og_site_name":"SEMCOM","article_published_time":"2023-02-19T14:55:03+00:00","article_modified_time":"2023-02-19T14:55:05+00:00","og_image":[{"width":799,"height":533,"url":"https:\/\/www.manaus.am.gov.br\/semcom\/wp-content\/uploads\/sites\/5\/2023\/02\/52697313706_1c10b377ed_c.jpg","type":"image\/jpeg"}],"author":"Renata Felix","twitter_card":"summary_large_image","twitter_misc":{"Written by":"Renata Felix","Est. reading time":"7 minutos"},"schema":{"@context":"https:\/\/schema.org","@graph":[{"@type":"WebPage","@id":"https:\/\/www.manaus.am.gov.br\/semcom\/carnaval-de-manaus-2023-mesmo-com-chuva-escolas-de-samba-do-grupo-especial-levam-brilho-criatividade-e-homenagens-para-a-avenida\/","url":"https:\/\/www.manaus.am.gov.br\/semcom\/carnaval-de-manaus-2023-mesmo-com-chuva-escolas-de-samba-do-grupo-especial-levam-brilho-criatividade-e-homenagens-para-a-avenida\/","name":"Carnaval de Manaus 2023: Mesmo com chuva, escolas de samba do Grupo Especial levam brilho, criatividade e homenagens para a avenida - SEMCOM","isPartOf":{"@id":"https:\/\/www.manaus.am.gov.br\/semcom\/#website"},"primaryImageOfPage":{"@id":"https:\/\/www.manaus.am.gov.br\/semcom\/carnaval-de-manaus-2023-mesmo-com-chuva-escolas-de-samba-do-grupo-especial-levam-brilho-criatividade-e-homenagens-para-a-avenida\/#primaryimage"},"image":{"@id":"https:\/\/www.manaus.am.gov.br\/semcom\/carnaval-de-manaus-2023-mesmo-com-chuva-escolas-de-samba-do-grupo-especial-levam-brilho-criatividade-e-homenagens-para-a-avenida\/#primaryimage"},"thumbnailUrl":"https:\/\/www.manaus.am.gov.br\/semcom\/wp-content\/uploads\/sites\/5\/2023\/02\/52697313706_1c10b377ed_c.jpg","datePublished":"2023-02-19T14:55:03+00:00","dateModified":"2023-02-19T14:55:05+00:00","author":{"@id":"https:\/\/www.manaus.am.gov.br\/semcom\/#\/schema\/person\/4eea2a8f78dc853097abb026f728aa06"},"inLanguage":"pt-BR","potentialAction":[{"@type":"ReadAction","target":["https:\/\/www.manaus.am.gov.br\/semcom\/carnaval-de-manaus-2023-mesmo-com-chuva-escolas-de-samba-do-grupo-especial-levam-brilho-criatividade-e-homenagens-para-a-avenida\/"]}]},{"@type":"ImageObject","inLanguage":"pt-BR","@id":"https:\/\/www.manaus.am.gov.br\/semcom\/carnaval-de-manaus-2023-mesmo-com-chuva-escolas-de-samba-do-grupo-especial-levam-brilho-criatividade-e-homenagens-para-a-avenida\/#primaryimage","url":"https:\/\/www.manaus.am.gov.br\/semcom\/wp-content\/uploads\/sites\/5\/2023\/02\/52697313706_1c10b377ed_c.jpg","contentUrl":"https:\/\/www.manaus.am.gov.br\/semcom\/wp-content\/uploads\/sites\/5\/2023\/02\/52697313706_1c10b377ed_c.jpg","width":799,"height":533},{"@type":"WebSite","@id":"https:\/\/www.manaus.am.gov.br\/semcom\/#website","url":"https:\/\/www.manaus.am.gov.br\/semcom\/","name":"SEMCOM","description":"Secretaria Municipal de Comunica\u00e7\u00e3o","potentialAction":[{"@type":"SearchAction","target":{"@type":"EntryPoint","urlTemplate":"https:\/\/www.manaus.am.gov.br\/semcom\/?s={search_term_string}"},"query-input":"required name=search_term_string"}],"inLanguage":"pt-BR"},{"@type":"Person","@id":"https:\/\/www.manaus.am.gov.br\/semcom\/#\/schema\/person\/4eea2a8f78dc853097abb026f728aa06","name":"Renata Felix","image":{"@type":"ImageObject","inLanguage":"pt-BR","@id":"https:\/\/www.manaus.am.gov.br\/semcom\/#\/schema\/person\/image\/","url":"https:\/\/secure.gravatar.com\/avatar\/3c196cf9d3b837b24c8edb2c50fd8f29?s=96&d=mm&r=g","contentUrl":"https:\/\/secure.gravatar.com\/avatar\/3c196cf9d3b837b24c8edb2c50fd8f29?s=96&d=mm&r=g","caption":"Renata Felix"}}]}},"_links":{"self":[{"href":"https:\/\/www.manaus.am.gov.br\/semcom\/wp-json\/wp\/v2\/posts\/209434"}],"collection":[{"href":"https:\/\/www.manaus.am.gov.br\/semcom\/wp-json\/wp\/v2\/posts"}],"about":[{"href":"https:\/\/www.manaus.am.gov.br\/semcom\/wp-json\/wp\/v2\/types\/post"}],"author":[{"embeddable":true,"href":"https:\/\/www.manaus.am.gov.br\/semcom\/wp-json\/wp\/v2\/users\/31"}],"replies":[{"embeddable":true,"href":"https:\/\/www.manaus.am.gov.br\/semcom\/wp-json\/wp\/v2\/comments?post=209434"}],"version-history":[{"count":0,"href":"https:\/\/www.manaus.am.gov.br\/semcom\/wp-json\/wp\/v2\/posts\/209434\/revisions"}],"wp:featuredmedia":[{"embeddable":true,"href":"https:\/\/www.manaus.am.gov.br\/semcom\/wp-json\/wp\/v2\/media\/209435"}],"wp:attachment":[{"href":"https:\/\/www.manaus.am.gov.br\/semcom\/wp-json\/wp\/v2\/media?parent=209434"}],"wp:term":[{"taxonomy":"category","embeddable":true,"href":"https:\/\/www.manaus.am.gov.br\/semcom\/wp-json\/wp\/v2\/categories?post=209434"},{"taxonomy":"post_tag","embeddable":true,"href":"https:\/\/www.manaus.am.gov.br\/semcom\/wp-json\/wp\/v2\/tags?post=209434"}],"curies":[{"name":"wp","href":"https:\/\/api.w.org\/{rel}","templated":true}]}}