{"id":209432,"date":"2023-02-19T00:50:34","date_gmt":"2023-02-19T03:50:34","guid":{"rendered":"https:\/\/www.manaus.am.gov.br\/semcom\/2023\/02\/18\/carnaval-de-manaus-2023-carnaval-do-bairro-educandos-chega-a-sua-40a-edicao\/"},"modified":"2023-02-19T00:50:36","modified_gmt":"2023-02-19T03:50:36","slug":"carnaval-de-manaus-2023-carnaval-do-bairro-educandos-chega-a-sua-40a-edicao","status":"publish","type":"post","link":"https:\/\/www.manaus.am.gov.br\/semcom\/carnaval-de-manaus-2023-carnaval-do-bairro-educandos-chega-a-sua-40a-edicao\/","title":{"rendered":"<strong>Carnaval de Manaus 2023: Carnaval do bairro Educandos chega a sua 40\u00aa edi\u00e7\u00e3o<\/strong>"},"content":{"rendered":"\n<p>Neste S\u00e1bado Gordo, 18\/2, o Carnaval de Educandos, uma das festas mais tradicionais da cidade, chega a sua 40\u00aa edi\u00e7\u00e3o. Apoiado pela Prefeitura de Manaus, por meio da Funda\u00e7\u00e3o Municipal de Cultura, Turismo e Eventos (Manauscult), reuniu cerca de mil foli\u00f5es, entre moradores de Educandos e de bairros adjacentes, na orla do Amarelinho, na Zona Sul de Manaus.<\/p>\n\n\n\n<p>Mesmo sob chuva, o p\u00fablico animado entrou no ritmo de marchinhas, frevo, samba-enredo, swingueira, ax\u00e9 e at\u00e9 funk com as bandas Laser, L\u00f4ka Tenta\u00e7\u00e3o e Vanessa Auzier e Banda. A festa, que come\u00e7ou neste s\u00e1bado, ter\u00e1 quatro dias de folia, com in\u00edcio \u00e0s 16h e encerramento \u00e0 meia-noite.<\/p>\n\n\n\n<p>A vice-presidente da Manauscult, Oreni Braga, comenta que o apoio dado aos organizadores de blocos e bandas habilitadas faz parte das pol\u00edticas culturais da Prefeitura de Manaus e que o Carnaval de Educandos \u00e9 Patrim\u00f4nio Cultural de Natureza Imaterial.<\/p>\n\n\n\n<p>\u201cDe ordem do prefeito David Almeida, que reconhece a import\u00e2ncia dessa express\u00e3o cultural e sua preserva\u00e7\u00e3o, estamos apoiando com servi\u00e7os de sonoriza\u00e7\u00e3o, ilumina\u00e7\u00e3o, palco, banheiros qu\u00edmicos e estrutura, mais de 100 bandas e blocos. E tamb\u00e9m estamos trabalhando para estruturar o Carnaval de Rua como um grande produto tur\u00edstico da nossa cidade\u201d, enfatizou.<\/p>\n\n\n\n<p>O organizador do evento, Erasmo Amazonas, relata que a festa j\u00e1 chegou a reunir 120 mil pessoas. \u201cAssim como toda a comunidade, no in\u00edcio, n\u00e3o imagin\u00e1vamos que o sucesso seria t\u00e3o grandioso. Ficamos dois anos sem nosso tradicional Carnaval e poder retornar com o evento, ap\u00f3s essa pandemia, \u00e9 indescrit\u00edvel. Agrade\u00e7o ao prefeito pela estrutura montada e a todos os \u00f3rg\u00e3os, tanto do governo, quanto da prefeitura, que est\u00e3o empenhados em nos proporcionar todas as condi\u00e7\u00f5es de conforto e seguran\u00e7a\u201d, finalizou.<\/p>\n\n\n\n<p><strong>Programa\u00e7\u00e3o &#8211; Carnaval de Educandos<\/strong><\/p>\n\n\n\n<p>No domingo, 19\/2, a programa\u00e7\u00e3o musical, que inicia \u00e0s 17h30, promete embalar os foli\u00f5es com muito samba raiz ao som da bateria show do Mestre Marinho Sa\u00faba, da banda de metais \u201cDem\u00f4nios da Tasm\u00e2nia\u201d e outros.<\/p>\n\n\n\n<p>Na segunda-feira, 20\/2, com ritmos variados, a line-up contar\u00e1 com Daniel Trindade, e as bandas \u201cFrutos do Pagode\u201d e \u201cOs Embaixadores\u201d. Os festejos v\u00e3o at\u00e9 meia-noite.<\/p>\n\n\n\n<p>E na Ter\u00e7a-Feira Gorda de Carnaval, 21\/2, a anima\u00e7\u00e3o ficar\u00e1 por conta de M\u00e1rcia Novo e banda, bateria show da banda do Boulevard, banda \u201cMetais de Olinda\u201d, entre outros.<\/p>\n\n\n\n<p><strong>Mais Folia<\/strong><\/p>\n\n\n\n<p>A Prefeitura de Manaus tamb\u00e9m apoiou, neste s\u00e1bado, 18\/2, simultaneamente, a realiza\u00e7\u00e3o de oito bandas habilitadas pelo Edital de Chamada P\u00fablica n\u00b0 001\/2023 &#8211; Carnaval de Rua. Com programa\u00e7\u00e3o gratuita nas zonas Norte, Sul, Leste e Oeste, a Manauscult garantiu mais folia para os moradores das&nbsp;&nbsp;localidades onde aconteceram as bandas do Ded\u00e9, do Mazon, do Net\u00e3o, do Jaraqui, de Educandos, do Manicacas, da Jaqueira e das Virgens.<\/p>\n\n\n\n<p>O Carnaval de Rua deste feriad\u00e3o, que come\u00e7ou na sexta-feira, 17\/2, vai at\u00e9 a ter\u00e7a, 21\/2, e conta com uma programa\u00e7\u00e3o diversificada, seguindo a tradi\u00e7\u00e3o da festa com mais de 60 bandas e blocos de rua em todas as zonas da cidade. Ap\u00f3s a Quarta-Feira de Cinzas, a folia recome\u00e7a&nbsp;em 23\/2 e segue at\u00e9 o dia 25\/3.<\/p>\n\n\n\n<p><strong>A\u00e7\u00f5es de conscientiza\u00e7\u00e3o&nbsp;<\/strong><\/p>\n\n\n\n<p>Al\u00e9m de divers\u00e3o, a Prefeitura de Manaus tamb\u00e9m levou a\u00e7\u00f5es de conscientiza\u00e7\u00e3o, como a campanha de \u201cCombate \u00e0 Explora\u00e7\u00e3o do Trabalho Infantil nas Ruas de Manaus\u201d, com o objetivo de sensibilizar os foli\u00f5es presentes, sobre a import\u00e2ncia de n\u00e3o financiar a explora\u00e7\u00e3o infantil nas sinaleiras da cidade.<\/p>\n\n\n\n<p>&#8212; &#8212; &#8212;<\/p>\n\n\n\n<p><strong>Texto &#8211;&nbsp;<\/strong>Emanuelle Baires \/ Manauscult<\/p>\n\n\n\n<p><strong>Foto &#8211;\u00a0<\/strong>Oliveira J\u00fanior \/ Manauscult<\/p>\n","protected":false},"excerpt":{"rendered":"","protected":false},"author":31,"featured_media":209433,"comment_status":"closed","ping_status":"closed","sticky":false,"template":"","format":"standard","meta":{"footnotes":""},"categories":[930],"tags":[1276,896,1277],"acf":[],"yoast_head":"<!-- This site is optimized with the Yoast SEO plugin v23.0 - https:\/\/yoast.com\/wordpress\/plugins\/seo\/ -->\n<title>Carnaval de Manaus 2023: Carnaval do bairro Educandos chega a sua 40\u00aa edi\u00e7\u00e3o - SEMCOM<\/title>\n<meta name=\"robots\" content=\"index, follow, max-snippet:-1, max-image-preview:large, max-video-preview:-1\" \/>\n<link rel=\"canonical\" href=\"https:\/\/www.manaus.am.gov.br\/semcom\/carnaval-de-manaus-2023-carnaval-do-bairro-educandos-chega-a-sua-40a-edicao\/\" \/>\n<meta property=\"og:locale\" content=\"pt_BR\" \/>\n<meta property=\"og:type\" content=\"article\" \/>\n<meta property=\"og:title\" content=\"Carnaval de Manaus 2023: Carnaval do bairro Educandos chega a sua 40\u00aa edi\u00e7\u00e3o - SEMCOM\" \/>\n<meta property=\"og:url\" content=\"https:\/\/www.manaus.am.gov.br\/semcom\/carnaval-de-manaus-2023-carnaval-do-bairro-educandos-chega-a-sua-40a-edicao\/\" \/>\n<meta property=\"og:site_name\" content=\"SEMCOM\" \/>\n<meta property=\"article:published_time\" content=\"2023-02-19T03:50:34+00:00\" \/>\n<meta property=\"article:modified_time\" content=\"2023-02-19T03:50:36+00:00\" \/>\n<meta property=\"og:image\" content=\"https:\/\/www.manaus.am.gov.br\/semcom\/wp-content\/uploads\/sites\/5\/2023\/02\/IMG_3844-scaled.jpg\" \/>\n\t<meta property=\"og:image:width\" content=\"2560\" \/>\n\t<meta property=\"og:image:height\" content=\"1707\" \/>\n\t<meta property=\"og:image:type\" content=\"image\/jpeg\" \/>\n<meta name=\"author\" content=\"Renata Felix\" \/>\n<meta name=\"twitter:card\" content=\"summary_large_image\" \/>\n<meta name=\"twitter:label1\" content=\"Written by\" \/>\n\t<meta name=\"twitter:data1\" content=\"Renata Felix\" \/>\n\t<meta name=\"twitter:label2\" content=\"Est. reading time\" \/>\n\t<meta name=\"twitter:data2\" content=\"4 minutos\" \/>\n<script type=\"application\/ld+json\" class=\"yoast-schema-graph\">{\"@context\":\"https:\/\/schema.org\",\"@graph\":[{\"@type\":\"WebPage\",\"@id\":\"https:\/\/www.manaus.am.gov.br\/semcom\/carnaval-de-manaus-2023-carnaval-do-bairro-educandos-chega-a-sua-40a-edicao\/\",\"url\":\"https:\/\/www.manaus.am.gov.br\/semcom\/carnaval-de-manaus-2023-carnaval-do-bairro-educandos-chega-a-sua-40a-edicao\/\",\"name\":\"Carnaval de Manaus 2023: Carnaval do bairro Educandos chega a sua 40\u00aa edi\u00e7\u00e3o - SEMCOM\",\"isPartOf\":{\"@id\":\"https:\/\/www.manaus.am.gov.br\/semcom\/#website\"},\"primaryImageOfPage\":{\"@id\":\"https:\/\/www.manaus.am.gov.br\/semcom\/carnaval-de-manaus-2023-carnaval-do-bairro-educandos-chega-a-sua-40a-edicao\/#primaryimage\"},\"image\":{\"@id\":\"https:\/\/www.manaus.am.gov.br\/semcom\/carnaval-de-manaus-2023-carnaval-do-bairro-educandos-chega-a-sua-40a-edicao\/#primaryimage\"},\"thumbnailUrl\":\"https:\/\/www.manaus.am.gov.br\/semcom\/wp-content\/uploads\/sites\/5\/2023\/02\/IMG_3844-scaled.jpg\",\"datePublished\":\"2023-02-19T03:50:34+00:00\",\"dateModified\":\"2023-02-19T03:50:36+00:00\",\"author\":{\"@id\":\"https:\/\/www.manaus.am.gov.br\/semcom\/#\/schema\/person\/4eea2a8f78dc853097abb026f728aa06\"},\"inLanguage\":\"pt-BR\",\"potentialAction\":[{\"@type\":\"ReadAction\",\"target\":[\"https:\/\/www.manaus.am.gov.br\/semcom\/carnaval-de-manaus-2023-carnaval-do-bairro-educandos-chega-a-sua-40a-edicao\/\"]}]},{\"@type\":\"ImageObject\",\"inLanguage\":\"pt-BR\",\"@id\":\"https:\/\/www.manaus.am.gov.br\/semcom\/carnaval-de-manaus-2023-carnaval-do-bairro-educandos-chega-a-sua-40a-edicao\/#primaryimage\",\"url\":\"https:\/\/www.manaus.am.gov.br\/semcom\/wp-content\/uploads\/sites\/5\/2023\/02\/IMG_3844-scaled.jpg\",\"contentUrl\":\"https:\/\/www.manaus.am.gov.br\/semcom\/wp-content\/uploads\/sites\/5\/2023\/02\/IMG_3844-scaled.jpg\",\"width\":2560,\"height\":1707},{\"@type\":\"WebSite\",\"@id\":\"https:\/\/www.manaus.am.gov.br\/semcom\/#website\",\"url\":\"https:\/\/www.manaus.am.gov.br\/semcom\/\",\"name\":\"SEMCOM\",\"description\":\"Secretaria Municipal de Comunica\u00e7\u00e3o\",\"potentialAction\":[{\"@type\":\"SearchAction\",\"target\":{\"@type\":\"EntryPoint\",\"urlTemplate\":\"https:\/\/www.manaus.am.gov.br\/semcom\/?s={search_term_string}\"},\"query-input\":\"required name=search_term_string\"}],\"inLanguage\":\"pt-BR\"},{\"@type\":\"Person\",\"@id\":\"https:\/\/www.manaus.am.gov.br\/semcom\/#\/schema\/person\/4eea2a8f78dc853097abb026f728aa06\",\"name\":\"Renata Felix\",\"image\":{\"@type\":\"ImageObject\",\"inLanguage\":\"pt-BR\",\"@id\":\"https:\/\/www.manaus.am.gov.br\/semcom\/#\/schema\/person\/image\/\",\"url\":\"https:\/\/secure.gravatar.com\/avatar\/3c196cf9d3b837b24c8edb2c50fd8f29?s=96&d=mm&r=g\",\"contentUrl\":\"https:\/\/secure.gravatar.com\/avatar\/3c196cf9d3b837b24c8edb2c50fd8f29?s=96&d=mm&r=g\",\"caption\":\"Renata Felix\"}}]}<\/script>\n<!-- \/ Yoast SEO plugin. -->","yoast_head_json":{"title":"Carnaval de Manaus 2023: Carnaval do bairro Educandos chega a sua 40\u00aa edi\u00e7\u00e3o - SEMCOM","robots":{"index":"index","follow":"follow","max-snippet":"max-snippet:-1","max-image-preview":"max-image-preview:large","max-video-preview":"max-video-preview:-1"},"canonical":"https:\/\/www.manaus.am.gov.br\/semcom\/carnaval-de-manaus-2023-carnaval-do-bairro-educandos-chega-a-sua-40a-edicao\/","og_locale":"pt_BR","og_type":"article","og_title":"Carnaval de Manaus 2023: Carnaval do bairro Educandos chega a sua 40\u00aa edi\u00e7\u00e3o - SEMCOM","og_url":"https:\/\/www.manaus.am.gov.br\/semcom\/carnaval-de-manaus-2023-carnaval-do-bairro-educandos-chega-a-sua-40a-edicao\/","og_site_name":"SEMCOM","article_published_time":"2023-02-19T03:50:34+00:00","article_modified_time":"2023-02-19T03:50:36+00:00","og_image":[{"width":2560,"height":1707,"url":"https:\/\/www.manaus.am.gov.br\/semcom\/wp-content\/uploads\/sites\/5\/2023\/02\/IMG_3844-scaled.jpg","type":"image\/jpeg"}],"author":"Renata Felix","twitter_card":"summary_large_image","twitter_misc":{"Written by":"Renata Felix","Est. reading time":"4 minutos"},"schema":{"@context":"https:\/\/schema.org","@graph":[{"@type":"WebPage","@id":"https:\/\/www.manaus.am.gov.br\/semcom\/carnaval-de-manaus-2023-carnaval-do-bairro-educandos-chega-a-sua-40a-edicao\/","url":"https:\/\/www.manaus.am.gov.br\/semcom\/carnaval-de-manaus-2023-carnaval-do-bairro-educandos-chega-a-sua-40a-edicao\/","name":"Carnaval de Manaus 2023: Carnaval do bairro Educandos chega a sua 40\u00aa edi\u00e7\u00e3o - SEMCOM","isPartOf":{"@id":"https:\/\/www.manaus.am.gov.br\/semcom\/#website"},"primaryImageOfPage":{"@id":"https:\/\/www.manaus.am.gov.br\/semcom\/carnaval-de-manaus-2023-carnaval-do-bairro-educandos-chega-a-sua-40a-edicao\/#primaryimage"},"image":{"@id":"https:\/\/www.manaus.am.gov.br\/semcom\/carnaval-de-manaus-2023-carnaval-do-bairro-educandos-chega-a-sua-40a-edicao\/#primaryimage"},"thumbnailUrl":"https:\/\/www.manaus.am.gov.br\/semcom\/wp-content\/uploads\/sites\/5\/2023\/02\/IMG_3844-scaled.jpg","datePublished":"2023-02-19T03:50:34+00:00","dateModified":"2023-02-19T03:50:36+00:00","author":{"@id":"https:\/\/www.manaus.am.gov.br\/semcom\/#\/schema\/person\/4eea2a8f78dc853097abb026f728aa06"},"inLanguage":"pt-BR","potentialAction":[{"@type":"ReadAction","target":["https:\/\/www.manaus.am.gov.br\/semcom\/carnaval-de-manaus-2023-carnaval-do-bairro-educandos-chega-a-sua-40a-edicao\/"]}]},{"@type":"ImageObject","inLanguage":"pt-BR","@id":"https:\/\/www.manaus.am.gov.br\/semcom\/carnaval-de-manaus-2023-carnaval-do-bairro-educandos-chega-a-sua-40a-edicao\/#primaryimage","url":"https:\/\/www.manaus.am.gov.br\/semcom\/wp-content\/uploads\/sites\/5\/2023\/02\/IMG_3844-scaled.jpg","contentUrl":"https:\/\/www.manaus.am.gov.br\/semcom\/wp-content\/uploads\/sites\/5\/2023\/02\/IMG_3844-scaled.jpg","width":2560,"height":1707},{"@type":"WebSite","@id":"https:\/\/www.manaus.am.gov.br\/semcom\/#website","url":"https:\/\/www.manaus.am.gov.br\/semcom\/","name":"SEMCOM","description":"Secretaria Municipal de Comunica\u00e7\u00e3o","potentialAction":[{"@type":"SearchAction","target":{"@type":"EntryPoint","urlTemplate":"https:\/\/www.manaus.am.gov.br\/semcom\/?s={search_term_string}"},"query-input":"required name=search_term_string"}],"inLanguage":"pt-BR"},{"@type":"Person","@id":"https:\/\/www.manaus.am.gov.br\/semcom\/#\/schema\/person\/4eea2a8f78dc853097abb026f728aa06","name":"Renata Felix","image":{"@type":"ImageObject","inLanguage":"pt-BR","@id":"https:\/\/www.manaus.am.gov.br\/semcom\/#\/schema\/person\/image\/","url":"https:\/\/secure.gravatar.com\/avatar\/3c196cf9d3b837b24c8edb2c50fd8f29?s=96&d=mm&r=g","contentUrl":"https:\/\/secure.gravatar.com\/avatar\/3c196cf9d3b837b24c8edb2c50fd8f29?s=96&d=mm&r=g","caption":"Renata Felix"}}]}},"_links":{"self":[{"href":"https:\/\/www.manaus.am.gov.br\/semcom\/wp-json\/wp\/v2\/posts\/209432"}],"collection":[{"href":"https:\/\/www.manaus.am.gov.br\/semcom\/wp-json\/wp\/v2\/posts"}],"about":[{"href":"https:\/\/www.manaus.am.gov.br\/semcom\/wp-json\/wp\/v2\/types\/post"}],"author":[{"embeddable":true,"href":"https:\/\/www.manaus.am.gov.br\/semcom\/wp-json\/wp\/v2\/users\/31"}],"replies":[{"embeddable":true,"href":"https:\/\/www.manaus.am.gov.br\/semcom\/wp-json\/wp\/v2\/comments?post=209432"}],"version-history":[{"count":0,"href":"https:\/\/www.manaus.am.gov.br\/semcom\/wp-json\/wp\/v2\/posts\/209432\/revisions"}],"wp:featuredmedia":[{"embeddable":true,"href":"https:\/\/www.manaus.am.gov.br\/semcom\/wp-json\/wp\/v2\/media\/209433"}],"wp:attachment":[{"href":"https:\/\/www.manaus.am.gov.br\/semcom\/wp-json\/wp\/v2\/media?parent=209432"}],"wp:term":[{"taxonomy":"category","embeddable":true,"href":"https:\/\/www.manaus.am.gov.br\/semcom\/wp-json\/wp\/v2\/categories?post=209432"},{"taxonomy":"post_tag","embeddable":true,"href":"https:\/\/www.manaus.am.gov.br\/semcom\/wp-json\/wp\/v2\/tags?post=209432"}],"curies":[{"name":"wp","href":"https:\/\/api.w.org\/{rel}","templated":true}]}}