{"id":209422,"date":"2023-02-18T12:21:32","date_gmt":"2023-02-18T15:21:32","guid":{"rendered":"https:\/\/www.manaus.am.gov.br\/semcom\/2023\/02\/18\/carnaval-de-manaus-2023-feriadao-tem-mais-de-60-bandas-e-blocos-de-rua-com-apoio-da-prefeitura\/"},"modified":"2023-02-18T12:21:33","modified_gmt":"2023-02-18T15:21:33","slug":"carnaval-de-manaus-2023-feriadao-tem-mais-de-60-bandas-e-blocos-de-rua-com-apoio-da-prefeitura","status":"publish","type":"post","link":"https:\/\/www.manaus.am.gov.br\/semcom\/carnaval-de-manaus-2023-feriadao-tem-mais-de-60-bandas-e-blocos-de-rua-com-apoio-da-prefeitura\/","title":{"rendered":"<strong>Carnaval de Manaus 2023: Feriad\u00e3o tem mais de 60 bandas e blocos de rua com apoio da prefeitura<\/strong>"},"content":{"rendered":"\n<p>O fim de semana gordo de Carnaval contar\u00e1 com um planejamento democr\u00e1tico e plural, seguindo a tradi\u00e7\u00e3o da festa com mais de 60 bandas e blocos de rua, em todas as zonas da cidade. A programa\u00e7\u00e3o, que come\u00e7ou nesta sexta-feira, 17\/2, vai at\u00e9 a pr\u00f3xima ter\u00e7a, 21, com o apoio da Prefeitura de Manaus, por meio da Funda\u00e7\u00e3o Municipal de Cultura, Turismo e Eventos (Manauscult).<\/p>\n\n\n\n<p>As apresenta\u00e7\u00f5es, que fortalecem a identidade e as tradi\u00e7\u00f5es culturais, garantem entretenimento e divers\u00e3o para todos os gostos, com op\u00e7\u00f5es que v\u00e3o desde as tradicionais marchinhas, passando pelo samba, frevo, ritmos africanos, al\u00e9m da m\u00fasica popular brasileira, \u00e9 o que explica a vice-presidente da Manauscult, Oreni Braga.<\/p>\n\n\n\n<p>\u201cEsse trabalho \u00e9 muito importante para o fortalecimento dos movimentos culturais e das diversas a\u00e7\u00f5es que estamos implementando nas periferias, com o objetivo espec\u00edfico de democratizar e facilitar o acesso \u00e0 cultura, cumprindo o que determina o prefeito David Almeida, que \u00e9 valorizar o que temos de melhor\u201d, concluiu.<\/p>\n\n\n\n<p>Quem optar em curtir os bloquinhos, que s\u00e3o gratuitas e v\u00e3o sempre at\u00e9 a meia-noite, t\u00eam como op\u00e7\u00e3o: Banda Carnaval de Educandos, bloco da Jaqueira, bloco do Vieiralves, banda Gera\u00e7\u00e3o 80 da 14, bloco Forr\u00f3folia, banda do Cajual, Galo de Manaus, banda do Jaraqui, bloco da Menopausa, bloco do Net\u00e3o, banda N\u00e3o Empurra Que \u00c9 Pior, entre outros.<\/p>\n\n\n\n<p>Para Clemilton Pinto, diretor de Eventos da Manauscult, as bandas, al\u00e9m de trazer alegria e movimenta\u00e7\u00e3o para a economia dos bairros onde cada uma acontecer\u00e1, fortalecem a cultura. \u201cAs bandas reproduzem arte com m\u00fasica, dan\u00e7a, ilustra\u00e7\u00e3o e vestu\u00e1rio e desenvolvem, em paralelo, projetos de extens\u00e3o pedag\u00f3gica\u201d, comentou.<\/p>\n\n\n\n<p>Visando a conscientiza\u00e7\u00e3o de assuntos importantes para a sociedade, a Prefeitura de Manaus est\u00e1 divulgando no desfile das escolas de samba e nas bandas e blocos de rua temas espec\u00edficos, como \u201cInf\u00e2ncia e Trabalho N\u00e3o se Encaixam\u201d, \u201cPreven\u00e7\u00e3o a Doen\u00e7as Sexualmente Transmiss\u00edveis\u201d, entre outros.<\/p>\n\n\n\n<p><strong>Programa\u00e7\u00e3o<\/strong><\/p>\n\n\n\n<p><strong>Sexta-feira &#8211; 17\/2<\/strong><\/p>\n\n\n\n<p>Banda do King &#8211; Rua Jardim Bot\u00e2nico, esquina com a rua Padre Severo, S\u00e3o Jorge, zona Oeste.<\/p>\n\n\n\n<p><strong>S\u00e1bado &#8211; 18\/2<\/strong><\/p>\n\n\n\n<p>Bloco Manicacas &#8211; Rua Haiti, entre a rua Monza e avenida Margarita, zona Norte<\/p>\n\n\n\n<p>Banda do Ded\u00e9 &#8211; Rua jucaina, 66, conjunto Boas Novas, Cidade Nova 2, zona Norte<\/p>\n\n\n\n<p>Banda do Mazon &#8211; Campo do Passarinho, na avenida Tenente Roxana Bonessi, Terra Nova, zona Norte<\/p>\n\n\n\n<p>Bloco do Net\u00e3o &#8211; Rua Edmundo Soares, antiga rua 27, S\u00e3o Jos\u00e9 2, zona Leste<\/p>\n\n\n\n<p>Bloco da Jaqueira &#8211; Avenida Nossa Senhora de F\u00e1tima, Cidade de Deus, zona Leste<\/p>\n\n\n\n<p>Banda Carnaval de Educandos \u2013 Dias 18, 19, 20 e 21 &#8211; Rua Inoc\u00eancio de Ara\u00fajo com avenida Rio Negro, Educandos , zona Sul<\/p>\n\n\n\n<p>Banda das Virgens &#8211; Rua S\u00e3o Vicente Torres Reis com Dom Jo\u00e3o de Souza Lima, zona Oeste<\/p>\n\n\n\n<p>Banda do Jaraqui&nbsp;&#8211; Rua Jos\u00e9 Paranagu\u00e1, na extens\u00e3o entre a avenida 7 de Setembro e rua Doutor Moreira, Centro<\/p>\n\n\n\n<p><strong>Domingo &#8211; 19\/2<\/strong><\/p>\n\n\n\n<p>Banda da Juventude Ativa &#8211; Avenida Beira Mar, Coroado I, zona Leste<\/p>\n\n\n\n<p>Banda do Get\u00falio &#8211; Avenida Get\u00falio Vargas com pra\u00e7a Tancredo Neves, Col\u00f4nia Ant\u00f4nio Aleixo, zona Leste<\/p>\n\n\n\n<p>Bloco Legion\u00e1rio na Folia &#8211; Rua Doutor Pegoraro, 70b, Liga Esportiva do Zumbi I, campo Cora\u00e7\u00e3o do Zumbi, zona Leste<\/p>\n\n\n\n<p>Bloco da Menopausa&nbsp;&#8211; Rua 3, S\u00e3o Jos\u00e9 2, zona Leste<\/p>\n\n\n\n<p>Banda Do JT &#8211; Avenida Tambaqui, Jorge Teixeira 2, zona Leste<\/p>\n\n\n\n<p>Bando Amigos do Balne\u00e1rio &#8211; Rua Itait\u00e9, entre as ruas Nicolau Coelho e Gaspar de Lemos, conjunto Boas Novas, zona Norte<\/p>\n\n\n\n<p>Banda do Popety &#8211; Rua H\u00e9lio Le\u00e3o, Renato Souza Pinto 2, zona Norte<\/p>\n\n\n\n<p>Bloco da Dekinha &#8211; Rua Magalh\u00e3es Barata, S\u00e3o L\u00e1zaro, zona Sul<\/p>\n\n\n\n<p>Banda Os Assombrados &#8211; Rua In\u00e1cio Guimar\u00e3es, Educandos, zona Sul<\/p>\n\n\n\n<p>Bloco das Apertadas \u2013 Avenida F\u00e1bio Lucena, entre as ruas B1 e C15, zona Sul<\/p>\n\n\n\n<p>Banda da Am\u00e9lia &#8211; Rua Santa Am\u00e9lia, Col\u00f4nia Oliveira Machado, zona Sul<\/p>\n\n\n\n<p>Banda das Duquesas 14 &#8211; Avenida Duque De Caxias, 1.665, Pra\u00e7a 14, zona Sul<\/p>\n\n\n\n<p>Banda do Piment\u00e3o &#8211; Rua Jardim Bot\u00e2nico com Padre Severo, S\u00e3o Jorge, zona Oeste<\/p>\n\n\n\n<p>Bloco dos Infi\u00e9is &#8211; Rua Evangelista Browe, esquina com a Comendador JG Ara\u00fajo, Santo Ant\u00f4nio, zona Oeste<\/p>\n\n\n\n<p>Maranatha \u2013 Dias 19,20 e 21 &#8211; Avenida Constantino Nery, 5.001<\/p>\n\n\n\n<p>Carnaval de Rua Vida Alegre &#8211; Rua Ary Brand\u00e3o De Oliveira, 68, Vila da Prata, zona Oeste<\/p>\n\n\n\n<p>Banda do Joatan &#8211; Avenida Avalom, entre as ruas Professor Ab\u00edlio e Professor Ant\u00f4nio Giullesse, Alvorada 2, zona Centro-Oeste<\/p>\n\n\n\n<p>Bloco Vila do Sossego &#8211; Avenida da Anuncia\u00e7\u00e3o, 453, Alvorada 3, zona Centro-Oeste<\/p>\n\n\n\n<p>Banda do Alho &#8211; Avenida Tancredo Neves, residencial Eduardo Gomes, &nbsp;Reden\u00e7\u00e3o, zona Centro-Oeste<\/p>\n\n\n\n<p>Bloco do Vieiralves \u2013 Avenida Professor Nilton Lins, zona Centro-Sul<\/p>\n\n\n\n<p><strong>Segunda-feira &#8211; 20\/2<\/strong><\/p>\n\n\n\n<p>Banda Bizorgay &#8211; Avenida Penetra\u00e7\u00e3o I, esquina com a Penetra\u00e7\u00e3o 2, &nbsp;com as ruas A E B, conjunto Canaranas, zona Norte<\/p>\n\n\n\n<p>Banda do Tuf\u00e3o &#8211; Rua 179, n\u00facleo 15, quadra 341, Cidade Nova, zona Norte<\/p>\n\n\n\n<p>Bloco do Zeca &#8211; Rua Maracaibo, 7, quadra 30, Nova Cidade, zona Norte<\/p>\n\n\n\n<p>Banda Amigos da Folia &#8211; Rua Coronel Pedro J. De Souza N\u00facleo 2, Cidade Nova 2, zona Norte<\/p>\n\n\n\n<p>Banda Folia do \u00c1guia &#8211; Silvio Nogueira Valente, Grande Vit\u00f3ria, zona Leste<\/p>\n\n\n\n<p>Banda Imp\u00e9rio do Mau\u00e1 &#8211; Avenida Arica, 101, bairro Mauazinho, zona Leste<\/p>\n\n\n\n<p>Bloco do Goiab\u00e3o &#8211; Rua Antenor Cavalcante em frente ao mercadinho Bom Pre\u00e7o, Zumbi dos Palmares , zona Leste<\/p>\n\n\n\n<p>Banda do Gigante &#8211; Rua Engenheiro Villar Fi\u00fasa Mara, trecho com as ruas das Lages e Terra Nova, zona Leste<\/p>\n\n\n\n<p>Bando dos Amigos do Morro &#8211; Rua Amazonas, 250, Morro da Liberdade, Zona Sul<\/p>\n\n\n\n<p>Banda da Mama \u2013 Avenida Mau\u00e9s, Cachoeirinha, zona Sul<\/p>\n\n\n\n<p>Banda Gera\u00e7\u00e3o 80 da 14 &#8211; Afonso Pena, entre as ruas Barcelos e Nhamund\u00e1, Pra\u00e7a 14, zona Sul<\/p>\n\n\n\n<p>Banda N\u00e3o Empurra Que \u00c9 Pior &#8211; Rua Vale do Sol, L\u00edrio Do Vale 1, zona Oeste<\/p>\n\n\n\n<p>Banda do Fuxico &#8211; Rua Alice Salermo, 30, bairro Vila da Prata, zona Oeste<\/p>\n\n\n\n<p>Blocos das Cabritas &#8211; Rua J.O. Callanghan, esquina com Santa Helena, S\u00e3o Jorge, zona Centro-Oeste<\/p>\n\n\n\n<p>Forr\u00f3folia &#8211; Avenida Governador Jos\u00e9 Lindoso, 3.211, Flores, no espa\u00e7o Via Torres<\/p>\n\n\n\n<p>Bloco do Caldeira &#8211; Rua Jos\u00e9 Clemente com Lobo D&#8217;Almada, Centro<\/p>\n\n\n\n<p><strong>Ter\u00e7a-feira &#8211; 21\/2<\/strong><\/p>\n\n\n\n<p>Banda do Cajual &#8211; Avenida S\u00e3o Pedro com rua Jos\u00e9 Chavallier, Morro da Liberdade, zona Sul<\/p>\n\n\n\n<p>Bloco das Bundas Incubadas da Boca do Emboca &#8211; Rua Universal, pr\u00f3ximo do antigo PAC, Educandos, zona Sul<\/p>\n\n\n\n<p>Banda do Samuka &#8211; Rua J\u00falia Lopes, Nova Rep\u00fablica, zona Sul<\/p>\n\n\n\n<p>Bloco Siri Quer Pau &#8211; Rua Vicente de Paula, S\u00e3o Raimundo, zona Oeste<\/p>\n\n\n\n<p>Bloco do Fuxico &#8211; Rua S\u00e3o Jos\u00e9 com Jo\u00e3o Pessoa, S\u00e3o L\u00e1zaro, zona Sul<\/p>\n\n\n\n<p>Baratas na Folia &#8211; Rua Magalh\u00e3es Barata, 1.019, Bet\u00e2nia, zona Sul<\/p>\n\n\n\n<p>Bloco das Virgens do Grande Vit\u00f3ria &#8211; Rua Para\u00edso, 234, Grande Vit\u00f3ria, zona Leste<\/p>\n\n\n\n<p>Carnafolia Col\u00f4nia Ant\u00f4nio Aleixo &#8211; Campo do 11 de Maio, Col\u00f4nia Ant\u00f4nio Aleixo, zona Leste<\/p>\n\n\n\n<p>Amigos R9 na Folia &#8211; Rua Rio Miriti, S\u00e3o Jos\u00e9 2, zona Leste<\/p>\n\n\n\n<p>Banda da Sarita \u2013 Avenida Nossa Senhora de F\u00e1tima, Cidade de Deus, zona Norte<\/p>\n\n\n\n<p>Banda das Cabritas &#8211; Rua Jardim Bot\u00e2nico, esquina com Padre Severo, S\u00e3o Jorge, zona Oeste<\/p>\n\n\n\n<p>Galo de Manaus \u2013 Samb\u00f3dromo, zona Centro-Oeste&nbsp;<\/p>\n\n\n\n<p>Banda do Jacar\u00e9 \u2013 Avenida Margarita, entre as ruas Lea Alencar e &nbsp;Para\u00fa, Alvorada, zona Centro-Oeste<\/p>\n\n\n\n<p>Banda do 5 Estrelas &#8211; Avenida Get\u00falio Vargas, Centro<\/p>\n\n\n\n<p>Bloco do Frei &#8211; Rua Bernardo Ramos, em frente ao Casar\u00e3o da Inova\u00e7\u00e3o Cassina, Centro<\/p>\n\n\n\n<p>Bloco do P10 &#8211; Avenida Professor Nilton Lins, zona Centro-Sul<\/p>\n\n\n\n<p>Banda do Campo Dourado &#8211; Rua Tupai\u00fa com rua Malhada, Campo Dourado, Cidade Nova I, zona Norte<\/p>\n\n\n\n<p>Banda do Pedrinho &#8211; Rua Danilo Matos Areosa, Compensa, zona Oeste.<\/p>\n\n\n\n<p>&#8212; &#8212; &#8212;<\/p>\n\n\n\n<p><strong>Texto<\/strong>&nbsp;&#8211; Emanuelle Baires \/ Manauscult<\/p>\n\n\n\n<p><strong>Fotos<\/strong>&nbsp;&#8211; Cl\u00f3vis Miranda \/ Arquivo Semcom<\/p>\n\n\n\n<p>Dispon\u00edveis em \u2013 <a href=\"https:\/\/flic.kr\/p\/2ogF9nw\">https:\/\/flic.kr\/p\/2ogF9nw<\/a><\/p>\n\n\n\n<p>&#8212; &#8212; &#8212;<\/p>\n\n\n\n<p><\/p>\n","protected":false},"excerpt":{"rendered":"","protected":false},"author":31,"featured_media":209423,"comment_status":"closed","ping_status":"closed","sticky":false,"template":"","format":"standard","meta":{"footnotes":""},"categories":[930],"tags":[1270,1271,896],"acf":[],"yoast_head":"<!-- This site is optimized with the Yoast SEO plugin v23.0 - https:\/\/yoast.com\/wordpress\/plugins\/seo\/ -->\n<title>Carnaval de Manaus 2023: Feriad\u00e3o tem mais de 60 bandas e blocos de rua com apoio da prefeitura - SEMCOM<\/title>\n<meta name=\"robots\" content=\"index, follow, max-snippet:-1, max-image-preview:large, max-video-preview:-1\" \/>\n<link rel=\"canonical\" href=\"https:\/\/www.manaus.am.gov.br\/semcom\/carnaval-de-manaus-2023-feriadao-tem-mais-de-60-bandas-e-blocos-de-rua-com-apoio-da-prefeitura\/\" \/>\n<meta property=\"og:locale\" content=\"pt_BR\" \/>\n<meta property=\"og:type\" content=\"article\" \/>\n<meta property=\"og:title\" content=\"Carnaval de Manaus 2023: Feriad\u00e3o tem mais de 60 bandas e blocos de rua com apoio da prefeitura - SEMCOM\" \/>\n<meta property=\"og:url\" content=\"https:\/\/www.manaus.am.gov.br\/semcom\/carnaval-de-manaus-2023-feriadao-tem-mais-de-60-bandas-e-blocos-de-rua-com-apoio-da-prefeitura\/\" \/>\n<meta property=\"og:site_name\" content=\"SEMCOM\" \/>\n<meta property=\"article:published_time\" content=\"2023-02-18T15:21:32+00:00\" \/>\n<meta property=\"article:modified_time\" content=\"2023-02-18T15:21:33+00:00\" \/>\n<meta property=\"og:image\" content=\"https:\/\/www.manaus.am.gov.br\/semcom\/wp-content\/uploads\/sites\/5\/2023\/02\/52685926408_a5918d31c4_c-1.jpg\" \/>\n\t<meta property=\"og:image:width\" content=\"799\" \/>\n\t<meta property=\"og:image:height\" content=\"533\" \/>\n\t<meta property=\"og:image:type\" content=\"image\/jpeg\" \/>\n<meta name=\"author\" content=\"Renata Felix\" \/>\n<meta name=\"twitter:card\" content=\"summary_large_image\" \/>\n<meta name=\"twitter:label1\" content=\"Written by\" \/>\n\t<meta name=\"twitter:data1\" content=\"Renata Felix\" \/>\n\t<meta name=\"twitter:label2\" content=\"Est. reading time\" \/>\n\t<meta name=\"twitter:data2\" content=\"7 minutos\" \/>\n<script type=\"application\/ld+json\" class=\"yoast-schema-graph\">{\"@context\":\"https:\/\/schema.org\",\"@graph\":[{\"@type\":\"WebPage\",\"@id\":\"https:\/\/www.manaus.am.gov.br\/semcom\/carnaval-de-manaus-2023-feriadao-tem-mais-de-60-bandas-e-blocos-de-rua-com-apoio-da-prefeitura\/\",\"url\":\"https:\/\/www.manaus.am.gov.br\/semcom\/carnaval-de-manaus-2023-feriadao-tem-mais-de-60-bandas-e-blocos-de-rua-com-apoio-da-prefeitura\/\",\"name\":\"Carnaval de Manaus 2023: Feriad\u00e3o tem mais de 60 bandas e blocos de rua com apoio da prefeitura - SEMCOM\",\"isPartOf\":{\"@id\":\"https:\/\/www.manaus.am.gov.br\/semcom\/#website\"},\"primaryImageOfPage\":{\"@id\":\"https:\/\/www.manaus.am.gov.br\/semcom\/carnaval-de-manaus-2023-feriadao-tem-mais-de-60-bandas-e-blocos-de-rua-com-apoio-da-prefeitura\/#primaryimage\"},\"image\":{\"@id\":\"https:\/\/www.manaus.am.gov.br\/semcom\/carnaval-de-manaus-2023-feriadao-tem-mais-de-60-bandas-e-blocos-de-rua-com-apoio-da-prefeitura\/#primaryimage\"},\"thumbnailUrl\":\"https:\/\/www.manaus.am.gov.br\/semcom\/wp-content\/uploads\/sites\/5\/2023\/02\/52685926408_a5918d31c4_c-1.jpg\",\"datePublished\":\"2023-02-18T15:21:32+00:00\",\"dateModified\":\"2023-02-18T15:21:33+00:00\",\"author\":{\"@id\":\"https:\/\/www.manaus.am.gov.br\/semcom\/#\/schema\/person\/4eea2a8f78dc853097abb026f728aa06\"},\"inLanguage\":\"pt-BR\",\"potentialAction\":[{\"@type\":\"ReadAction\",\"target\":[\"https:\/\/www.manaus.am.gov.br\/semcom\/carnaval-de-manaus-2023-feriadao-tem-mais-de-60-bandas-e-blocos-de-rua-com-apoio-da-prefeitura\/\"]}]},{\"@type\":\"ImageObject\",\"inLanguage\":\"pt-BR\",\"@id\":\"https:\/\/www.manaus.am.gov.br\/semcom\/carnaval-de-manaus-2023-feriadao-tem-mais-de-60-bandas-e-blocos-de-rua-com-apoio-da-prefeitura\/#primaryimage\",\"url\":\"https:\/\/www.manaus.am.gov.br\/semcom\/wp-content\/uploads\/sites\/5\/2023\/02\/52685926408_a5918d31c4_c-1.jpg\",\"contentUrl\":\"https:\/\/www.manaus.am.gov.br\/semcom\/wp-content\/uploads\/sites\/5\/2023\/02\/52685926408_a5918d31c4_c-1.jpg\",\"width\":799,\"height\":533},{\"@type\":\"WebSite\",\"@id\":\"https:\/\/www.manaus.am.gov.br\/semcom\/#website\",\"url\":\"https:\/\/www.manaus.am.gov.br\/semcom\/\",\"name\":\"SEMCOM\",\"description\":\"Secretaria Municipal de Comunica\u00e7\u00e3o\",\"potentialAction\":[{\"@type\":\"SearchAction\",\"target\":{\"@type\":\"EntryPoint\",\"urlTemplate\":\"https:\/\/www.manaus.am.gov.br\/semcom\/?s={search_term_string}\"},\"query-input\":\"required name=search_term_string\"}],\"inLanguage\":\"pt-BR\"},{\"@type\":\"Person\",\"@id\":\"https:\/\/www.manaus.am.gov.br\/semcom\/#\/schema\/person\/4eea2a8f78dc853097abb026f728aa06\",\"name\":\"Renata Felix\",\"image\":{\"@type\":\"ImageObject\",\"inLanguage\":\"pt-BR\",\"@id\":\"https:\/\/www.manaus.am.gov.br\/semcom\/#\/schema\/person\/image\/\",\"url\":\"https:\/\/secure.gravatar.com\/avatar\/3c196cf9d3b837b24c8edb2c50fd8f29?s=96&d=mm&r=g\",\"contentUrl\":\"https:\/\/secure.gravatar.com\/avatar\/3c196cf9d3b837b24c8edb2c50fd8f29?s=96&d=mm&r=g\",\"caption\":\"Renata Felix\"}}]}<\/script>\n<!-- \/ Yoast SEO plugin. -->","yoast_head_json":{"title":"Carnaval de Manaus 2023: Feriad\u00e3o tem mais de 60 bandas e blocos de rua com apoio da prefeitura - SEMCOM","robots":{"index":"index","follow":"follow","max-snippet":"max-snippet:-1","max-image-preview":"max-image-preview:large","max-video-preview":"max-video-preview:-1"},"canonical":"https:\/\/www.manaus.am.gov.br\/semcom\/carnaval-de-manaus-2023-feriadao-tem-mais-de-60-bandas-e-blocos-de-rua-com-apoio-da-prefeitura\/","og_locale":"pt_BR","og_type":"article","og_title":"Carnaval de Manaus 2023: Feriad\u00e3o tem mais de 60 bandas e blocos de rua com apoio da prefeitura - SEMCOM","og_url":"https:\/\/www.manaus.am.gov.br\/semcom\/carnaval-de-manaus-2023-feriadao-tem-mais-de-60-bandas-e-blocos-de-rua-com-apoio-da-prefeitura\/","og_site_name":"SEMCOM","article_published_time":"2023-02-18T15:21:32+00:00","article_modified_time":"2023-02-18T15:21:33+00:00","og_image":[{"width":799,"height":533,"url":"https:\/\/www.manaus.am.gov.br\/semcom\/wp-content\/uploads\/sites\/5\/2023\/02\/52685926408_a5918d31c4_c-1.jpg","type":"image\/jpeg"}],"author":"Renata Felix","twitter_card":"summary_large_image","twitter_misc":{"Written by":"Renata Felix","Est. reading time":"7 minutos"},"schema":{"@context":"https:\/\/schema.org","@graph":[{"@type":"WebPage","@id":"https:\/\/www.manaus.am.gov.br\/semcom\/carnaval-de-manaus-2023-feriadao-tem-mais-de-60-bandas-e-blocos-de-rua-com-apoio-da-prefeitura\/","url":"https:\/\/www.manaus.am.gov.br\/semcom\/carnaval-de-manaus-2023-feriadao-tem-mais-de-60-bandas-e-blocos-de-rua-com-apoio-da-prefeitura\/","name":"Carnaval de Manaus 2023: Feriad\u00e3o tem mais de 60 bandas e blocos de rua com apoio da prefeitura - SEMCOM","isPartOf":{"@id":"https:\/\/www.manaus.am.gov.br\/semcom\/#website"},"primaryImageOfPage":{"@id":"https:\/\/www.manaus.am.gov.br\/semcom\/carnaval-de-manaus-2023-feriadao-tem-mais-de-60-bandas-e-blocos-de-rua-com-apoio-da-prefeitura\/#primaryimage"},"image":{"@id":"https:\/\/www.manaus.am.gov.br\/semcom\/carnaval-de-manaus-2023-feriadao-tem-mais-de-60-bandas-e-blocos-de-rua-com-apoio-da-prefeitura\/#primaryimage"},"thumbnailUrl":"https:\/\/www.manaus.am.gov.br\/semcom\/wp-content\/uploads\/sites\/5\/2023\/02\/52685926408_a5918d31c4_c-1.jpg","datePublished":"2023-02-18T15:21:32+00:00","dateModified":"2023-02-18T15:21:33+00:00","author":{"@id":"https:\/\/www.manaus.am.gov.br\/semcom\/#\/schema\/person\/4eea2a8f78dc853097abb026f728aa06"},"inLanguage":"pt-BR","potentialAction":[{"@type":"ReadAction","target":["https:\/\/www.manaus.am.gov.br\/semcom\/carnaval-de-manaus-2023-feriadao-tem-mais-de-60-bandas-e-blocos-de-rua-com-apoio-da-prefeitura\/"]}]},{"@type":"ImageObject","inLanguage":"pt-BR","@id":"https:\/\/www.manaus.am.gov.br\/semcom\/carnaval-de-manaus-2023-feriadao-tem-mais-de-60-bandas-e-blocos-de-rua-com-apoio-da-prefeitura\/#primaryimage","url":"https:\/\/www.manaus.am.gov.br\/semcom\/wp-content\/uploads\/sites\/5\/2023\/02\/52685926408_a5918d31c4_c-1.jpg","contentUrl":"https:\/\/www.manaus.am.gov.br\/semcom\/wp-content\/uploads\/sites\/5\/2023\/02\/52685926408_a5918d31c4_c-1.jpg","width":799,"height":533},{"@type":"WebSite","@id":"https:\/\/www.manaus.am.gov.br\/semcom\/#website","url":"https:\/\/www.manaus.am.gov.br\/semcom\/","name":"SEMCOM","description":"Secretaria Municipal de Comunica\u00e7\u00e3o","potentialAction":[{"@type":"SearchAction","target":{"@type":"EntryPoint","urlTemplate":"https:\/\/www.manaus.am.gov.br\/semcom\/?s={search_term_string}"},"query-input":"required name=search_term_string"}],"inLanguage":"pt-BR"},{"@type":"Person","@id":"https:\/\/www.manaus.am.gov.br\/semcom\/#\/schema\/person\/4eea2a8f78dc853097abb026f728aa06","name":"Renata Felix","image":{"@type":"ImageObject","inLanguage":"pt-BR","@id":"https:\/\/www.manaus.am.gov.br\/semcom\/#\/schema\/person\/image\/","url":"https:\/\/secure.gravatar.com\/avatar\/3c196cf9d3b837b24c8edb2c50fd8f29?s=96&d=mm&r=g","contentUrl":"https:\/\/secure.gravatar.com\/avatar\/3c196cf9d3b837b24c8edb2c50fd8f29?s=96&d=mm&r=g","caption":"Renata Felix"}}]}},"_links":{"self":[{"href":"https:\/\/www.manaus.am.gov.br\/semcom\/wp-json\/wp\/v2\/posts\/209422"}],"collection":[{"href":"https:\/\/www.manaus.am.gov.br\/semcom\/wp-json\/wp\/v2\/posts"}],"about":[{"href":"https:\/\/www.manaus.am.gov.br\/semcom\/wp-json\/wp\/v2\/types\/post"}],"author":[{"embeddable":true,"href":"https:\/\/www.manaus.am.gov.br\/semcom\/wp-json\/wp\/v2\/users\/31"}],"replies":[{"embeddable":true,"href":"https:\/\/www.manaus.am.gov.br\/semcom\/wp-json\/wp\/v2\/comments?post=209422"}],"version-history":[{"count":0,"href":"https:\/\/www.manaus.am.gov.br\/semcom\/wp-json\/wp\/v2\/posts\/209422\/revisions"}],"wp:featuredmedia":[{"embeddable":true,"href":"https:\/\/www.manaus.am.gov.br\/semcom\/wp-json\/wp\/v2\/media\/209423"}],"wp:attachment":[{"href":"https:\/\/www.manaus.am.gov.br\/semcom\/wp-json\/wp\/v2\/media?parent=209422"}],"wp:term":[{"taxonomy":"category","embeddable":true,"href":"https:\/\/www.manaus.am.gov.br\/semcom\/wp-json\/wp\/v2\/categories?post=209422"},{"taxonomy":"post_tag","embeddable":true,"href":"https:\/\/www.manaus.am.gov.br\/semcom\/wp-json\/wp\/v2\/tags?post=209422"}],"curies":[{"name":"wp","href":"https:\/\/api.w.org\/{rel}","templated":true}]}}