{"id":209420,"date":"2023-02-18T11:12:59","date_gmt":"2023-02-18T14:12:59","guid":{"rendered":"https:\/\/www.manaus.am.gov.br\/semcom\/2023\/02\/18\/carnaval-de-manaus-2023-segunda-noite-do-desfile-das-escolas-de-samba-marca-principal-disputa-do-carnaval-no-sambodromo\/"},"modified":"2023-02-18T11:13:01","modified_gmt":"2023-02-18T14:13:01","slug":"carnaval-de-manaus-2023-segunda-noite-do-desfile-das-escolas-de-samba-marca-principal-disputa-do-carnaval-no-sambodromo","status":"publish","type":"post","link":"https:\/\/www.manaus.am.gov.br\/semcom\/carnaval-de-manaus-2023-segunda-noite-do-desfile-das-escolas-de-samba-marca-principal-disputa-do-carnaval-no-sambodromo\/","title":{"rendered":"<strong>Carnaval de Manaus 2023: Segunda noite do desfile das escolas de samba marca principal disputa do Carnaval no samb\u00f3dromo<\/strong>"},"content":{"rendered":"\n<p>Com toques de tradi\u00e7\u00e3o nos carros aleg\u00f3ricos e nas fantasias, al\u00e9m do contagiante ritmo das baterias, as nove escolas de samba do grupo \u201cA\u201d, fomentadas pela Prefeitura de Manaus, por meio da Funda\u00e7\u00e3o Municipal de Cultura, Turismo e Eventos (Manauscult), apresentaram um desfile acirrado, durante a noite desta sexta-feira, 17\/2, no segundo dia de desfile oficial do Carnaval 2023, no Centro de Conven\u00e7\u00f5es Professor Gilberto Mestrinho, o samb\u00f3dromo, no Dom Pedro, zona Centro-Oeste.<\/p>\n\n\n\n<p>Mocidade Independente da Raiz abriu o desfile \u00e0s 20h, com o tema \u201cNoites do Oriente\u201d, seguida de Imp\u00e9rio do Hava\u00ed e Beija Flor do Norte. Acad\u00eamicos da Cidade Alta entrou na avenida \u00e0s 23h30. Na sequ\u00eancia, Sem Compromisso e Presidente Vargas que, mesmo debaixo de chuva, conseguiram animar seus torcedores.&nbsp;Drag\u00f5es do Imp\u00e9rio, Tradi\u00e7\u00e3o Leste e Mocidade Independente do Coroado ficaram encarregadas de fazer o encerramento do desfile, que foi at\u00e9 a madrugada de s\u00e1bado, 18, \u00e0s 4h30.<\/p>\n\n\n\n<p>A vice-presidente da Funda\u00e7\u00e3o Municipal de Cultura, Turismo e Eventos (Manauscult), Oreni Braga, destacou o desfile das escolas de samba como um marco importante para a retomada do Carnaval, e de est\u00edmulo \u00e0 economia, que movimenta toda a cadeia criativa cultural e tur\u00edstica da cidade com servi\u00e7os.<\/p>\n\n\n\n<p>\u201cMais do que a disputa pelo acesso ao Grupo Especial, para muitas escolas, o momento aqui \u00e9 de celebra\u00e7\u00e3o. Especialmente para os artistas ligados diretamente a elas, que sofreram os impactos da pandemia, de forma severa. O prefeito David Almeida sempre teve essa sensibilidade e inclina\u00e7\u00e3o aos movimentos culturais. E, como ele acompanha os indicadores do impacto cultural e econ\u00f4mico da festa h\u00e1 muitos anos, autorizou n\u00e3o apenas o fomento mas, tamb\u00e9m, um reajuste de 20% na verba\u201d, afirmou.<\/p>\n\n\n\n<p>A Manauscult destaca ainda a a\u00e7\u00e3o integrada dos \u00f3rg\u00e3os municipais, a fim de garantir o sucesso da festa: monitoramento com c\u00e2mera no quadril\u00e1tero do evento; opera\u00e7\u00e3o de tr\u00e2nsito e refor\u00e7o das linhas de \u00f4nibus; suporte de sa\u00fade com a\u00e7\u00f5es preventivas; prote\u00e7\u00e3o social; esquema especial de limpeza; orienta\u00e7\u00e3o ao com\u00e9rcio informal, dentre outros.<\/p>\n\n\n\n<p>De acordo com o regulamento, as escolas tiveram 50 minutos para se apresentarem. A disputa pelo campeonato termina, efetivamente, nesta segunda-feira, 20, quando acontece a apura\u00e7\u00e3o das notas dos jurados.<\/p>\n\n\n\n<p>&#8212; &#8212; &#8212;<\/p>\n\n\n\n<p><strong>Texto<\/strong>&nbsp;&#8211; Emanuelle Baires \/ Manauscult<\/p>\n\n\n\n<p><strong>Fotos<\/strong>&nbsp;&#8211; Oliveira J\u00fanior \/ Manauscult<\/p>\n\n\n\n<p>Dispon\u00edveis em \u2013 <a href=\"https:\/\/flic.kr\/s\/aHBqjAsy8d\">https:\/\/flic.kr\/s\/aHBqjAsy8d<\/a><\/p>\n\n\n\n<p>&#8212; &#8212; &#8212;<\/p>\n\n\n\n<p><\/p>\n","protected":false},"excerpt":{"rendered":"","protected":false},"author":31,"featured_media":209421,"comment_status":"closed","ping_status":"closed","sticky":false,"template":"","format":"standard","meta":{"footnotes":""},"categories":[930],"tags":[896,1152,1269,992],"acf":[],"yoast_head":"<!-- This site is optimized with the Yoast SEO plugin v23.0 - https:\/\/yoast.com\/wordpress\/plugins\/seo\/ -->\n<title>Carnaval de Manaus 2023: Segunda noite do desfile das escolas de samba marca principal disputa do Carnaval no samb\u00f3dromo - SEMCOM<\/title>\n<meta name=\"robots\" content=\"index, follow, max-snippet:-1, max-image-preview:large, max-video-preview:-1\" \/>\n<link rel=\"canonical\" href=\"https:\/\/www.manaus.am.gov.br\/semcom\/carnaval-de-manaus-2023-segunda-noite-do-desfile-das-escolas-de-samba-marca-principal-disputa-do-carnaval-no-sambodromo\/\" \/>\n<meta property=\"og:locale\" content=\"pt_BR\" \/>\n<meta property=\"og:type\" content=\"article\" \/>\n<meta property=\"og:title\" content=\"Carnaval de Manaus 2023: Segunda noite do desfile das escolas de samba marca principal disputa do Carnaval no samb\u00f3dromo - SEMCOM\" \/>\n<meta property=\"og:url\" content=\"https:\/\/www.manaus.am.gov.br\/semcom\/carnaval-de-manaus-2023-segunda-noite-do-desfile-das-escolas-de-samba-marca-principal-disputa-do-carnaval-no-sambodromo\/\" \/>\n<meta property=\"og:site_name\" content=\"SEMCOM\" \/>\n<meta property=\"article:published_time\" content=\"2023-02-18T14:12:59+00:00\" \/>\n<meta property=\"article:modified_time\" content=\"2023-02-18T14:13:01+00:00\" \/>\n<meta property=\"og:image\" content=\"https:\/\/www.manaus.am.gov.br\/semcom\/wp-content\/uploads\/sites\/5\/2023\/02\/image00008-1-scaled.jpg\" \/>\n\t<meta property=\"og:image:width\" content=\"2560\" \/>\n\t<meta property=\"og:image:height\" content=\"1706\" \/>\n\t<meta property=\"og:image:type\" content=\"image\/jpeg\" \/>\n<meta name=\"author\" content=\"Renata Felix\" \/>\n<meta name=\"twitter:card\" content=\"summary_large_image\" \/>\n<meta name=\"twitter:label1\" content=\"Written by\" \/>\n\t<meta name=\"twitter:data1\" content=\"Renata Felix\" \/>\n\t<meta name=\"twitter:label2\" content=\"Est. reading time\" \/>\n\t<meta name=\"twitter:data2\" content=\"3 minutos\" \/>\n<script type=\"application\/ld+json\" class=\"yoast-schema-graph\">{\"@context\":\"https:\/\/schema.org\",\"@graph\":[{\"@type\":\"WebPage\",\"@id\":\"https:\/\/www.manaus.am.gov.br\/semcom\/carnaval-de-manaus-2023-segunda-noite-do-desfile-das-escolas-de-samba-marca-principal-disputa-do-carnaval-no-sambodromo\/\",\"url\":\"https:\/\/www.manaus.am.gov.br\/semcom\/carnaval-de-manaus-2023-segunda-noite-do-desfile-das-escolas-de-samba-marca-principal-disputa-do-carnaval-no-sambodromo\/\",\"name\":\"Carnaval de Manaus 2023: Segunda noite do desfile das escolas de samba marca principal disputa do Carnaval no samb\u00f3dromo - SEMCOM\",\"isPartOf\":{\"@id\":\"https:\/\/www.manaus.am.gov.br\/semcom\/#website\"},\"primaryImageOfPage\":{\"@id\":\"https:\/\/www.manaus.am.gov.br\/semcom\/carnaval-de-manaus-2023-segunda-noite-do-desfile-das-escolas-de-samba-marca-principal-disputa-do-carnaval-no-sambodromo\/#primaryimage\"},\"image\":{\"@id\":\"https:\/\/www.manaus.am.gov.br\/semcom\/carnaval-de-manaus-2023-segunda-noite-do-desfile-das-escolas-de-samba-marca-principal-disputa-do-carnaval-no-sambodromo\/#primaryimage\"},\"thumbnailUrl\":\"https:\/\/www.manaus.am.gov.br\/semcom\/wp-content\/uploads\/sites\/5\/2023\/02\/image00008-1-scaled.jpg\",\"datePublished\":\"2023-02-18T14:12:59+00:00\",\"dateModified\":\"2023-02-18T14:13:01+00:00\",\"author\":{\"@id\":\"https:\/\/www.manaus.am.gov.br\/semcom\/#\/schema\/person\/4eea2a8f78dc853097abb026f728aa06\"},\"inLanguage\":\"pt-BR\",\"potentialAction\":[{\"@type\":\"ReadAction\",\"target\":[\"https:\/\/www.manaus.am.gov.br\/semcom\/carnaval-de-manaus-2023-segunda-noite-do-desfile-das-escolas-de-samba-marca-principal-disputa-do-carnaval-no-sambodromo\/\"]}]},{\"@type\":\"ImageObject\",\"inLanguage\":\"pt-BR\",\"@id\":\"https:\/\/www.manaus.am.gov.br\/semcom\/carnaval-de-manaus-2023-segunda-noite-do-desfile-das-escolas-de-samba-marca-principal-disputa-do-carnaval-no-sambodromo\/#primaryimage\",\"url\":\"https:\/\/www.manaus.am.gov.br\/semcom\/wp-content\/uploads\/sites\/5\/2023\/02\/image00008-1-scaled.jpg\",\"contentUrl\":\"https:\/\/www.manaus.am.gov.br\/semcom\/wp-content\/uploads\/sites\/5\/2023\/02\/image00008-1-scaled.jpg\",\"width\":2560,\"height\":1706},{\"@type\":\"WebSite\",\"@id\":\"https:\/\/www.manaus.am.gov.br\/semcom\/#website\",\"url\":\"https:\/\/www.manaus.am.gov.br\/semcom\/\",\"name\":\"SEMCOM\",\"description\":\"Secretaria Municipal de Comunica\u00e7\u00e3o\",\"potentialAction\":[{\"@type\":\"SearchAction\",\"target\":{\"@type\":\"EntryPoint\",\"urlTemplate\":\"https:\/\/www.manaus.am.gov.br\/semcom\/?s={search_term_string}\"},\"query-input\":\"required name=search_term_string\"}],\"inLanguage\":\"pt-BR\"},{\"@type\":\"Person\",\"@id\":\"https:\/\/www.manaus.am.gov.br\/semcom\/#\/schema\/person\/4eea2a8f78dc853097abb026f728aa06\",\"name\":\"Renata Felix\",\"image\":{\"@type\":\"ImageObject\",\"inLanguage\":\"pt-BR\",\"@id\":\"https:\/\/www.manaus.am.gov.br\/semcom\/#\/schema\/person\/image\/\",\"url\":\"https:\/\/secure.gravatar.com\/avatar\/3c196cf9d3b837b24c8edb2c50fd8f29?s=96&d=mm&r=g\",\"contentUrl\":\"https:\/\/secure.gravatar.com\/avatar\/3c196cf9d3b837b24c8edb2c50fd8f29?s=96&d=mm&r=g\",\"caption\":\"Renata Felix\"}}]}<\/script>\n<!-- \/ Yoast SEO plugin. -->","yoast_head_json":{"title":"Carnaval de Manaus 2023: Segunda noite do desfile das escolas de samba marca principal disputa do Carnaval no samb\u00f3dromo - SEMCOM","robots":{"index":"index","follow":"follow","max-snippet":"max-snippet:-1","max-image-preview":"max-image-preview:large","max-video-preview":"max-video-preview:-1"},"canonical":"https:\/\/www.manaus.am.gov.br\/semcom\/carnaval-de-manaus-2023-segunda-noite-do-desfile-das-escolas-de-samba-marca-principal-disputa-do-carnaval-no-sambodromo\/","og_locale":"pt_BR","og_type":"article","og_title":"Carnaval de Manaus 2023: Segunda noite do desfile das escolas de samba marca principal disputa do Carnaval no samb\u00f3dromo - SEMCOM","og_url":"https:\/\/www.manaus.am.gov.br\/semcom\/carnaval-de-manaus-2023-segunda-noite-do-desfile-das-escolas-de-samba-marca-principal-disputa-do-carnaval-no-sambodromo\/","og_site_name":"SEMCOM","article_published_time":"2023-02-18T14:12:59+00:00","article_modified_time":"2023-02-18T14:13:01+00:00","og_image":[{"width":2560,"height":1706,"url":"https:\/\/www.manaus.am.gov.br\/semcom\/wp-content\/uploads\/sites\/5\/2023\/02\/image00008-1-scaled.jpg","type":"image\/jpeg"}],"author":"Renata Felix","twitter_card":"summary_large_image","twitter_misc":{"Written by":"Renata Felix","Est. reading time":"3 minutos"},"schema":{"@context":"https:\/\/schema.org","@graph":[{"@type":"WebPage","@id":"https:\/\/www.manaus.am.gov.br\/semcom\/carnaval-de-manaus-2023-segunda-noite-do-desfile-das-escolas-de-samba-marca-principal-disputa-do-carnaval-no-sambodromo\/","url":"https:\/\/www.manaus.am.gov.br\/semcom\/carnaval-de-manaus-2023-segunda-noite-do-desfile-das-escolas-de-samba-marca-principal-disputa-do-carnaval-no-sambodromo\/","name":"Carnaval de Manaus 2023: Segunda noite do desfile das escolas de samba marca principal disputa do Carnaval no samb\u00f3dromo - SEMCOM","isPartOf":{"@id":"https:\/\/www.manaus.am.gov.br\/semcom\/#website"},"primaryImageOfPage":{"@id":"https:\/\/www.manaus.am.gov.br\/semcom\/carnaval-de-manaus-2023-segunda-noite-do-desfile-das-escolas-de-samba-marca-principal-disputa-do-carnaval-no-sambodromo\/#primaryimage"},"image":{"@id":"https:\/\/www.manaus.am.gov.br\/semcom\/carnaval-de-manaus-2023-segunda-noite-do-desfile-das-escolas-de-samba-marca-principal-disputa-do-carnaval-no-sambodromo\/#primaryimage"},"thumbnailUrl":"https:\/\/www.manaus.am.gov.br\/semcom\/wp-content\/uploads\/sites\/5\/2023\/02\/image00008-1-scaled.jpg","datePublished":"2023-02-18T14:12:59+00:00","dateModified":"2023-02-18T14:13:01+00:00","author":{"@id":"https:\/\/www.manaus.am.gov.br\/semcom\/#\/schema\/person\/4eea2a8f78dc853097abb026f728aa06"},"inLanguage":"pt-BR","potentialAction":[{"@type":"ReadAction","target":["https:\/\/www.manaus.am.gov.br\/semcom\/carnaval-de-manaus-2023-segunda-noite-do-desfile-das-escolas-de-samba-marca-principal-disputa-do-carnaval-no-sambodromo\/"]}]},{"@type":"ImageObject","inLanguage":"pt-BR","@id":"https:\/\/www.manaus.am.gov.br\/semcom\/carnaval-de-manaus-2023-segunda-noite-do-desfile-das-escolas-de-samba-marca-principal-disputa-do-carnaval-no-sambodromo\/#primaryimage","url":"https:\/\/www.manaus.am.gov.br\/semcom\/wp-content\/uploads\/sites\/5\/2023\/02\/image00008-1-scaled.jpg","contentUrl":"https:\/\/www.manaus.am.gov.br\/semcom\/wp-content\/uploads\/sites\/5\/2023\/02\/image00008-1-scaled.jpg","width":2560,"height":1706},{"@type":"WebSite","@id":"https:\/\/www.manaus.am.gov.br\/semcom\/#website","url":"https:\/\/www.manaus.am.gov.br\/semcom\/","name":"SEMCOM","description":"Secretaria Municipal de Comunica\u00e7\u00e3o","potentialAction":[{"@type":"SearchAction","target":{"@type":"EntryPoint","urlTemplate":"https:\/\/www.manaus.am.gov.br\/semcom\/?s={search_term_string}"},"query-input":"required name=search_term_string"}],"inLanguage":"pt-BR"},{"@type":"Person","@id":"https:\/\/www.manaus.am.gov.br\/semcom\/#\/schema\/person\/4eea2a8f78dc853097abb026f728aa06","name":"Renata Felix","image":{"@type":"ImageObject","inLanguage":"pt-BR","@id":"https:\/\/www.manaus.am.gov.br\/semcom\/#\/schema\/person\/image\/","url":"https:\/\/secure.gravatar.com\/avatar\/3c196cf9d3b837b24c8edb2c50fd8f29?s=96&d=mm&r=g","contentUrl":"https:\/\/secure.gravatar.com\/avatar\/3c196cf9d3b837b24c8edb2c50fd8f29?s=96&d=mm&r=g","caption":"Renata Felix"}}]}},"_links":{"self":[{"href":"https:\/\/www.manaus.am.gov.br\/semcom\/wp-json\/wp\/v2\/posts\/209420"}],"collection":[{"href":"https:\/\/www.manaus.am.gov.br\/semcom\/wp-json\/wp\/v2\/posts"}],"about":[{"href":"https:\/\/www.manaus.am.gov.br\/semcom\/wp-json\/wp\/v2\/types\/post"}],"author":[{"embeddable":true,"href":"https:\/\/www.manaus.am.gov.br\/semcom\/wp-json\/wp\/v2\/users\/31"}],"replies":[{"embeddable":true,"href":"https:\/\/www.manaus.am.gov.br\/semcom\/wp-json\/wp\/v2\/comments?post=209420"}],"version-history":[{"count":0,"href":"https:\/\/www.manaus.am.gov.br\/semcom\/wp-json\/wp\/v2\/posts\/209420\/revisions"}],"wp:featuredmedia":[{"embeddable":true,"href":"https:\/\/www.manaus.am.gov.br\/semcom\/wp-json\/wp\/v2\/media\/209421"}],"wp:attachment":[{"href":"https:\/\/www.manaus.am.gov.br\/semcom\/wp-json\/wp\/v2\/media?parent=209420"}],"wp:term":[{"taxonomy":"category","embeddable":true,"href":"https:\/\/www.manaus.am.gov.br\/semcom\/wp-json\/wp\/v2\/categories?post=209420"},{"taxonomy":"post_tag","embeddable":true,"href":"https:\/\/www.manaus.am.gov.br\/semcom\/wp-json\/wp\/v2\/tags?post=209420"}],"curies":[{"name":"wp","href":"https:\/\/api.w.org\/{rel}","templated":true}]}}