{"id":209416,"date":"2023-02-17T21:52:52","date_gmt":"2023-02-18T00:52:52","guid":{"rendered":"https:\/\/www.manaus.am.gov.br\/semcom\/2023\/02\/17\/carnaval-de-manaus-2023-criancada-se-diverte-com-carnaval-promovido-pela-prefeitura-na-biblioteca-joao-bosco\/"},"modified":"2023-02-17T21:52:54","modified_gmt":"2023-02-18T00:52:54","slug":"carnaval-de-manaus-2023-criancada-se-diverte-com-carnaval-promovido-pela-prefeitura-na-biblioteca-joao-bosco","status":"publish","type":"post","link":"https:\/\/www.manaus.am.gov.br\/semcom\/carnaval-de-manaus-2023-criancada-se-diverte-com-carnaval-promovido-pela-prefeitura-na-biblioteca-joao-bosco\/","title":{"rendered":"<strong>Carnaval de Manaus 2023 \u2013 Crian\u00e7ada se diverte com carnaval promovido pela prefeitura na biblioteca&nbsp;Jo\u00e3o Bosco<\/strong>"},"content":{"rendered":"\n<p>A Prefeitura de Manaus, por meio da Funda\u00e7\u00e3o Municipal de Cultura, Turismo e Eventos (Manauscult), realizou nesta sexta-feira, 17\/2, uma programa\u00e7\u00e3o gratuita de carnaval para mais de 50 crian\u00e7as. A a\u00e7\u00e3o ocorreu na biblioteca municipal Jo\u00e3o Bosco Pantoja, localizada no Centro.<\/p>\n\n\n\n<p>\u201cEssa \u00e9 uma programa\u00e7\u00e3o voltada para as crian\u00e7as que moram no entorno da biblioteca e que merecem tamb\u00e9m vivenciar um carnaval&nbsp;cultural e liter\u00e1rio. \u00c9 muito importante que essas crian\u00e7as tenham essa experi\u00eancia\u201d, disse a vice-presidente da Manauscult, Oreni Braga.&nbsp;<\/p>\n\n\n\n<p>As crian\u00e7as, que levaram o colorido de suas fantasias para o espa\u00e7o cultural, receberam pintura art\u00edstica, assistiram ao teatro de fantoches e participaram de atividades de confec\u00e7\u00e3o de m\u00e1scaras.&nbsp;<\/p>\n\n\n\n<p>\u201cUnir o carnaval e a literatura \u00e9 a certeza que nossas crian\u00e7as recebem o melhor entretenimento para o dia de hoje. Veja que elas se sentem agu\u00e7adas por livros por meio de atividades multidisciplinares\u201d, completou o diretor de Cultura da Manauscult, Jonatas Ribeiro.<\/p>\n\n\n\n<p>Al\u00e9m das atividades l\u00fadicas, as crian\u00e7as participaram do \u201cBaile Infantil\u201d e do \u201cDesfile de Fantasias\u201d, que ofereceu premia\u00e7\u00e3o de livros infantis aos primeiros colocados. A anima\u00e7\u00e3o ficou por conta do palha\u00e7o Furrekka, e da tia Dina e tio Orlei.&nbsp;<\/p>\n\n\n\n<p>\u201cO que eu mais gostei aqui foi do desfile das fantasias, do lanche e tamb\u00e9m do palha\u00e7o. Me diverti muito\u201d, disse a pequena Ana Vit\u00f3ria, 8 anos.&nbsp;<\/p>\n\n\n\n<p>&#8212; &#8212; &#8212;<\/p>\n\n\n\n<p><strong>Texto &#8211; Fl\u00e1via Moura \/ Manauscult<\/strong><\/p>\n\n\n\n<p><strong>Foto \u2013\u00a0<\/strong>Divulga\u00e7\u00e3o \/ Manauscult<\/p>\n","protected":false},"excerpt":{"rendered":"","protected":false},"author":31,"featured_media":209417,"comment_status":"closed","ping_status":"closed","sticky":false,"template":"","format":"standard","meta":{"footnotes":""},"categories":[930],"tags":[1266,896,1267],"acf":[],"yoast_head":"<!-- This site is optimized with the Yoast SEO plugin v23.0 - https:\/\/yoast.com\/wordpress\/plugins\/seo\/ -->\n<title>Carnaval de Manaus 2023 \u2013 Crian\u00e7ada se diverte com carnaval promovido pela prefeitura na biblioteca&nbsp;Jo\u00e3o Bosco - SEMCOM<\/title>\n<meta name=\"robots\" content=\"index, follow, max-snippet:-1, max-image-preview:large, max-video-preview:-1\" \/>\n<link rel=\"canonical\" href=\"https:\/\/www.manaus.am.gov.br\/semcom\/carnaval-de-manaus-2023-criancada-se-diverte-com-carnaval-promovido-pela-prefeitura-na-biblioteca-joao-bosco\/\" \/>\n<meta property=\"og:locale\" content=\"pt_BR\" \/>\n<meta property=\"og:type\" content=\"article\" \/>\n<meta property=\"og:title\" content=\"Carnaval de Manaus 2023 \u2013 Crian\u00e7ada se diverte com carnaval promovido pela prefeitura na biblioteca&nbsp;Jo\u00e3o Bosco - SEMCOM\" \/>\n<meta property=\"og:url\" content=\"https:\/\/www.manaus.am.gov.br\/semcom\/carnaval-de-manaus-2023-criancada-se-diverte-com-carnaval-promovido-pela-prefeitura-na-biblioteca-joao-bosco\/\" \/>\n<meta property=\"og:site_name\" content=\"SEMCOM\" \/>\n<meta property=\"article:published_time\" content=\"2023-02-18T00:52:52+00:00\" \/>\n<meta property=\"article:modified_time\" content=\"2023-02-18T00:52:54+00:00\" \/>\n<meta property=\"og:image\" content=\"https:\/\/www.manaus.am.gov.br\/semcom\/wp-content\/uploads\/sites\/5\/2023\/02\/carnaval-infantil-1.jpeg\" \/>\n\t<meta property=\"og:image:width\" content=\"640\" \/>\n\t<meta property=\"og:image:height\" content=\"360\" \/>\n\t<meta property=\"og:image:type\" content=\"image\/jpeg\" \/>\n<meta name=\"author\" content=\"Renata Felix\" \/>\n<meta name=\"twitter:card\" content=\"summary_large_image\" \/>\n<meta name=\"twitter:label1\" content=\"Written by\" \/>\n\t<meta name=\"twitter:data1\" content=\"Renata Felix\" \/>\n\t<meta name=\"twitter:label2\" content=\"Est. reading time\" \/>\n\t<meta name=\"twitter:data2\" content=\"2 minutos\" \/>\n<script type=\"application\/ld+json\" class=\"yoast-schema-graph\">{\"@context\":\"https:\/\/schema.org\",\"@graph\":[{\"@type\":\"WebPage\",\"@id\":\"https:\/\/www.manaus.am.gov.br\/semcom\/carnaval-de-manaus-2023-criancada-se-diverte-com-carnaval-promovido-pela-prefeitura-na-biblioteca-joao-bosco\/\",\"url\":\"https:\/\/www.manaus.am.gov.br\/semcom\/carnaval-de-manaus-2023-criancada-se-diverte-com-carnaval-promovido-pela-prefeitura-na-biblioteca-joao-bosco\/\",\"name\":\"Carnaval de Manaus 2023 \u2013 Crian\u00e7ada se diverte com carnaval promovido pela prefeitura na biblioteca&nbsp;Jo\u00e3o Bosco - SEMCOM\",\"isPartOf\":{\"@id\":\"https:\/\/www.manaus.am.gov.br\/semcom\/#website\"},\"primaryImageOfPage\":{\"@id\":\"https:\/\/www.manaus.am.gov.br\/semcom\/carnaval-de-manaus-2023-criancada-se-diverte-com-carnaval-promovido-pela-prefeitura-na-biblioteca-joao-bosco\/#primaryimage\"},\"image\":{\"@id\":\"https:\/\/www.manaus.am.gov.br\/semcom\/carnaval-de-manaus-2023-criancada-se-diverte-com-carnaval-promovido-pela-prefeitura-na-biblioteca-joao-bosco\/#primaryimage\"},\"thumbnailUrl\":\"https:\/\/www.manaus.am.gov.br\/semcom\/wp-content\/uploads\/sites\/5\/2023\/02\/carnaval-infantil-1.jpeg\",\"datePublished\":\"2023-02-18T00:52:52+00:00\",\"dateModified\":\"2023-02-18T00:52:54+00:00\",\"author\":{\"@id\":\"https:\/\/www.manaus.am.gov.br\/semcom\/#\/schema\/person\/4eea2a8f78dc853097abb026f728aa06\"},\"inLanguage\":\"pt-BR\",\"potentialAction\":[{\"@type\":\"ReadAction\",\"target\":[\"https:\/\/www.manaus.am.gov.br\/semcom\/carnaval-de-manaus-2023-criancada-se-diverte-com-carnaval-promovido-pela-prefeitura-na-biblioteca-joao-bosco\/\"]}]},{\"@type\":\"ImageObject\",\"inLanguage\":\"pt-BR\",\"@id\":\"https:\/\/www.manaus.am.gov.br\/semcom\/carnaval-de-manaus-2023-criancada-se-diverte-com-carnaval-promovido-pela-prefeitura-na-biblioteca-joao-bosco\/#primaryimage\",\"url\":\"https:\/\/www.manaus.am.gov.br\/semcom\/wp-content\/uploads\/sites\/5\/2023\/02\/carnaval-infantil-1.jpeg\",\"contentUrl\":\"https:\/\/www.manaus.am.gov.br\/semcom\/wp-content\/uploads\/sites\/5\/2023\/02\/carnaval-infantil-1.jpeg\",\"width\":640,\"height\":360},{\"@type\":\"WebSite\",\"@id\":\"https:\/\/www.manaus.am.gov.br\/semcom\/#website\",\"url\":\"https:\/\/www.manaus.am.gov.br\/semcom\/\",\"name\":\"SEMCOM\",\"description\":\"Secretaria Municipal de Comunica\u00e7\u00e3o\",\"potentialAction\":[{\"@type\":\"SearchAction\",\"target\":{\"@type\":\"EntryPoint\",\"urlTemplate\":\"https:\/\/www.manaus.am.gov.br\/semcom\/?s={search_term_string}\"},\"query-input\":\"required name=search_term_string\"}],\"inLanguage\":\"pt-BR\"},{\"@type\":\"Person\",\"@id\":\"https:\/\/www.manaus.am.gov.br\/semcom\/#\/schema\/person\/4eea2a8f78dc853097abb026f728aa06\",\"name\":\"Renata Felix\",\"image\":{\"@type\":\"ImageObject\",\"inLanguage\":\"pt-BR\",\"@id\":\"https:\/\/www.manaus.am.gov.br\/semcom\/#\/schema\/person\/image\/\",\"url\":\"https:\/\/secure.gravatar.com\/avatar\/3c196cf9d3b837b24c8edb2c50fd8f29?s=96&d=mm&r=g\",\"contentUrl\":\"https:\/\/secure.gravatar.com\/avatar\/3c196cf9d3b837b24c8edb2c50fd8f29?s=96&d=mm&r=g\",\"caption\":\"Renata Felix\"}}]}<\/script>\n<!-- \/ Yoast SEO plugin. -->","yoast_head_json":{"title":"Carnaval de Manaus 2023 \u2013 Crian\u00e7ada se diverte com carnaval promovido pela prefeitura na biblioteca&nbsp;Jo\u00e3o Bosco - SEMCOM","robots":{"index":"index","follow":"follow","max-snippet":"max-snippet:-1","max-image-preview":"max-image-preview:large","max-video-preview":"max-video-preview:-1"},"canonical":"https:\/\/www.manaus.am.gov.br\/semcom\/carnaval-de-manaus-2023-criancada-se-diverte-com-carnaval-promovido-pela-prefeitura-na-biblioteca-joao-bosco\/","og_locale":"pt_BR","og_type":"article","og_title":"Carnaval de Manaus 2023 \u2013 Crian\u00e7ada se diverte com carnaval promovido pela prefeitura na biblioteca&nbsp;Jo\u00e3o Bosco - SEMCOM","og_url":"https:\/\/www.manaus.am.gov.br\/semcom\/carnaval-de-manaus-2023-criancada-se-diverte-com-carnaval-promovido-pela-prefeitura-na-biblioteca-joao-bosco\/","og_site_name":"SEMCOM","article_published_time":"2023-02-18T00:52:52+00:00","article_modified_time":"2023-02-18T00:52:54+00:00","og_image":[{"width":640,"height":360,"url":"https:\/\/www.manaus.am.gov.br\/semcom\/wp-content\/uploads\/sites\/5\/2023\/02\/carnaval-infantil-1.jpeg","type":"image\/jpeg"}],"author":"Renata Felix","twitter_card":"summary_large_image","twitter_misc":{"Written by":"Renata Felix","Est. reading time":"2 minutos"},"schema":{"@context":"https:\/\/schema.org","@graph":[{"@type":"WebPage","@id":"https:\/\/www.manaus.am.gov.br\/semcom\/carnaval-de-manaus-2023-criancada-se-diverte-com-carnaval-promovido-pela-prefeitura-na-biblioteca-joao-bosco\/","url":"https:\/\/www.manaus.am.gov.br\/semcom\/carnaval-de-manaus-2023-criancada-se-diverte-com-carnaval-promovido-pela-prefeitura-na-biblioteca-joao-bosco\/","name":"Carnaval de Manaus 2023 \u2013 Crian\u00e7ada se diverte com carnaval promovido pela prefeitura na biblioteca&nbsp;Jo\u00e3o Bosco - SEMCOM","isPartOf":{"@id":"https:\/\/www.manaus.am.gov.br\/semcom\/#website"},"primaryImageOfPage":{"@id":"https:\/\/www.manaus.am.gov.br\/semcom\/carnaval-de-manaus-2023-criancada-se-diverte-com-carnaval-promovido-pela-prefeitura-na-biblioteca-joao-bosco\/#primaryimage"},"image":{"@id":"https:\/\/www.manaus.am.gov.br\/semcom\/carnaval-de-manaus-2023-criancada-se-diverte-com-carnaval-promovido-pela-prefeitura-na-biblioteca-joao-bosco\/#primaryimage"},"thumbnailUrl":"https:\/\/www.manaus.am.gov.br\/semcom\/wp-content\/uploads\/sites\/5\/2023\/02\/carnaval-infantil-1.jpeg","datePublished":"2023-02-18T00:52:52+00:00","dateModified":"2023-02-18T00:52:54+00:00","author":{"@id":"https:\/\/www.manaus.am.gov.br\/semcom\/#\/schema\/person\/4eea2a8f78dc853097abb026f728aa06"},"inLanguage":"pt-BR","potentialAction":[{"@type":"ReadAction","target":["https:\/\/www.manaus.am.gov.br\/semcom\/carnaval-de-manaus-2023-criancada-se-diverte-com-carnaval-promovido-pela-prefeitura-na-biblioteca-joao-bosco\/"]}]},{"@type":"ImageObject","inLanguage":"pt-BR","@id":"https:\/\/www.manaus.am.gov.br\/semcom\/carnaval-de-manaus-2023-criancada-se-diverte-com-carnaval-promovido-pela-prefeitura-na-biblioteca-joao-bosco\/#primaryimage","url":"https:\/\/www.manaus.am.gov.br\/semcom\/wp-content\/uploads\/sites\/5\/2023\/02\/carnaval-infantil-1.jpeg","contentUrl":"https:\/\/www.manaus.am.gov.br\/semcom\/wp-content\/uploads\/sites\/5\/2023\/02\/carnaval-infantil-1.jpeg","width":640,"height":360},{"@type":"WebSite","@id":"https:\/\/www.manaus.am.gov.br\/semcom\/#website","url":"https:\/\/www.manaus.am.gov.br\/semcom\/","name":"SEMCOM","description":"Secretaria Municipal de Comunica\u00e7\u00e3o","potentialAction":[{"@type":"SearchAction","target":{"@type":"EntryPoint","urlTemplate":"https:\/\/www.manaus.am.gov.br\/semcom\/?s={search_term_string}"},"query-input":"required name=search_term_string"}],"inLanguage":"pt-BR"},{"@type":"Person","@id":"https:\/\/www.manaus.am.gov.br\/semcom\/#\/schema\/person\/4eea2a8f78dc853097abb026f728aa06","name":"Renata Felix","image":{"@type":"ImageObject","inLanguage":"pt-BR","@id":"https:\/\/www.manaus.am.gov.br\/semcom\/#\/schema\/person\/image\/","url":"https:\/\/secure.gravatar.com\/avatar\/3c196cf9d3b837b24c8edb2c50fd8f29?s=96&d=mm&r=g","contentUrl":"https:\/\/secure.gravatar.com\/avatar\/3c196cf9d3b837b24c8edb2c50fd8f29?s=96&d=mm&r=g","caption":"Renata Felix"}}]}},"_links":{"self":[{"href":"https:\/\/www.manaus.am.gov.br\/semcom\/wp-json\/wp\/v2\/posts\/209416"}],"collection":[{"href":"https:\/\/www.manaus.am.gov.br\/semcom\/wp-json\/wp\/v2\/posts"}],"about":[{"href":"https:\/\/www.manaus.am.gov.br\/semcom\/wp-json\/wp\/v2\/types\/post"}],"author":[{"embeddable":true,"href":"https:\/\/www.manaus.am.gov.br\/semcom\/wp-json\/wp\/v2\/users\/31"}],"replies":[{"embeddable":true,"href":"https:\/\/www.manaus.am.gov.br\/semcom\/wp-json\/wp\/v2\/comments?post=209416"}],"version-history":[{"count":0,"href":"https:\/\/www.manaus.am.gov.br\/semcom\/wp-json\/wp\/v2\/posts\/209416\/revisions"}],"wp:featuredmedia":[{"embeddable":true,"href":"https:\/\/www.manaus.am.gov.br\/semcom\/wp-json\/wp\/v2\/media\/209417"}],"wp:attachment":[{"href":"https:\/\/www.manaus.am.gov.br\/semcom\/wp-json\/wp\/v2\/media?parent=209416"}],"wp:term":[{"taxonomy":"category","embeddable":true,"href":"https:\/\/www.manaus.am.gov.br\/semcom\/wp-json\/wp\/v2\/categories?post=209416"},{"taxonomy":"post_tag","embeddable":true,"href":"https:\/\/www.manaus.am.gov.br\/semcom\/wp-json\/wp\/v2\/tags?post=209416"}],"curies":[{"name":"wp","href":"https:\/\/api.w.org\/{rel}","templated":true}]}}