{"id":209387,"date":"2023-02-17T16:28:28","date_gmt":"2023-02-17T19:28:28","guid":{"rendered":"https:\/\/www.manaus.am.gov.br\/semcom\/2023\/02\/17\/prefeitura-de-manaus-segue-com-os-trabalhos-de-modernizacao-e-padronizacao-da-feira-do-sao-francisco\/"},"modified":"2023-02-17T16:28:30","modified_gmt":"2023-02-17T19:28:30","slug":"prefeitura-de-manaus-segue-com-os-trabalhos-de-modernizacao-e-padronizacao-da-feira-do-sao-francisco","status":"publish","type":"post","link":"https:\/\/www.manaus.am.gov.br\/semcom\/prefeitura-de-manaus-segue-com-os-trabalhos-de-modernizacao-e-padronizacao-da-feira-do-sao-francisco\/","title":{"rendered":"<strong>Prefeitura de Manaus segue com os trabalhos de moderniza\u00e7\u00e3o e padroniza\u00e7\u00e3o da feira do S\u00e3o Francisco<\/strong>"},"content":{"rendered":"\n<p>O pacote de obras para moderniza\u00e7\u00e3o de feiras e mercados&nbsp;realizado pela Prefeitura de Manaus, por meio&nbsp;da Secretaria Municipal de Agricultura, Abastecimento, Centro e Com\u00e9rcio Informal (Semacc), segue na feira do S\u00e3o Francisco, no bairro S\u00e3o Francisco, na zona Sul. O local j\u00e1 recebeu drenagens, revestimentos de balc\u00f5es, pinturas internas e externas, instala\u00e7\u00e3o hidr\u00e1ulicas, piso, e nesta sexta-feira, 17\/2, as equipes refor\u00e7am o servi\u00e7o de soldagem das esquadrias em alum\u00ednio e&nbsp;reforma geral da cobertura, entre outros ajustes.<\/p>\n\n\n\n<p>Para o titular da Semacc, Wanderson Costa, a obra no local, que estava h\u00e1 muito tempo sem reformas, visa corrigir inconsist\u00eancias e melhorar a estrutura f\u00edsica de toda a feira, para que a popula\u00e7\u00e3o possa ser beneficiada com uma \u00e1rea arejada e ass\u00e9ptica, beneficiando feirantes e moradores.<\/p>\n\n\n\n<p>\u201cSabemos a realidade que encontramos essas feiras e mercados, todas elas com problemas estruturais, onde os feirantes estavam praticamente pedindo socorro para que essas reformas fossem realizadas. Com muito compromisso, o prefeito David Almeida, que conhece de perto a situa\u00e7\u00e3o, determinou que fossem realizadas essas reformas, em parceria com o governador Wilson Lima, e juntos n\u00e3o est\u00e3o medindo esfor\u00e7os para que sejam entregues modernas e humanizadas\u201d, concluiu Costa.<\/p>\n\n\n\n<p>A funcionalidade da feira n\u00e3o foi suspensa, para que os permission\u00e1rios n\u00e3o parassem de trabalhar, e a prefeitura foi realocando de acordo com o avan\u00e7o das obras. Como o trabalho foi programado para ser realizado por setores, aos poucos, de acordo com a conclus\u00e3o de cada \u00e1rea reformada, os feirantes voltam ao seu setor j\u00e1 reformado; como contou D\u00e9bora Pedroso, que est\u00e1 h\u00e1 tr\u00eas anos trabalhando no local, no seu boxe, com a venda e consertos de celulares.<\/p>\n\n\n\n<p>\u201cN\u00e3o \u00e9 f\u00e1cil trabalhar no meio da reforma, por\u00e9m os benef\u00edcios s\u00e3o bem maiores. Sabemos que ao final da obra, a feira vai ficar linda, vai atrair novos clientes e \u00e9 nisso que penso. Sou grata por tudo que o prefeito David Almeida, que \u00e9 filho de feirante, tem feito por todos n\u00f3s. E gratid\u00e3o pelo secret\u00e1rio Wanderson, que sempre est\u00e1 presente vendo tudo de perto\u201d, disse D\u00e9bora.&nbsp;<\/p>\n\n\n\n<p>&#8212; &#8212; &#8212;<\/p>\n\n\n\n<p><strong>Texto &#8211;<\/strong>&nbsp;Polyana Brelaz \/ Semacc<\/p>\n\n\n\n<p><strong>Fotos &#8211;<\/strong>&nbsp;Gildo Smith \/ Semacc<\/p>\n","protected":false},"excerpt":{"rendered":"","protected":false},"author":24,"featured_media":209388,"comment_status":"closed","ping_status":"closed","sticky":false,"template":"","format":"standard","meta":{"footnotes":""},"categories":[90],"tags":[35,1238,1142,1239,76,77,97],"acf":[],"yoast_head":"<!-- This site is optimized with the Yoast SEO plugin v23.0 - https:\/\/yoast.com\/wordpress\/plugins\/seo\/ -->\n<title>Prefeitura de Manaus segue com os trabalhos de moderniza\u00e7\u00e3o e padroniza\u00e7\u00e3o da feira do S\u00e3o Francisco<\/title>\n<meta name=\"description\" content=\"O pacote de obras para moderniza\u00e7\u00e3o de feiras e mercados\u00a0realizado pela Prefeitura de Manaus, por meio\u00a0da Secretaria Municipal de Agricultura, Abastecimento, Centro e Com\u00e9rcio Informal (Semacc), segue na feira do S\u00e3o Francisco, no bairro S\u00e3o Francisco, na zona Sul.\" \/>\n<meta name=\"robots\" content=\"index, follow, max-snippet:-1, max-image-preview:large, max-video-preview:-1\" \/>\n<link rel=\"canonical\" href=\"https:\/\/www.manaus.am.gov.br\/semcom\/prefeitura-de-manaus-segue-com-os-trabalhos-de-modernizacao-e-padronizacao-da-feira-do-sao-francisco\/\" \/>\n<meta property=\"og:locale\" content=\"pt_BR\" \/>\n<meta property=\"og:type\" content=\"article\" \/>\n<meta property=\"og:title\" content=\"Prefeitura de Manaus segue com os trabalhos de moderniza\u00e7\u00e3o e padroniza\u00e7\u00e3o da feira do S\u00e3o Francisco\" \/>\n<meta property=\"og:description\" content=\"O pacote de obras para moderniza\u00e7\u00e3o de feiras e mercados\u00a0realizado pela Prefeitura de Manaus, por meio\u00a0da Secretaria Municipal de Agricultura, Abastecimento, Centro e Com\u00e9rcio Informal (Semacc), segue na feira do S\u00e3o Francisco, no bairro S\u00e3o Francisco, na zona Sul.\" \/>\n<meta property=\"og:url\" content=\"https:\/\/www.manaus.am.gov.br\/semcom\/prefeitura-de-manaus-segue-com-os-trabalhos-de-modernizacao-e-padronizacao-da-feira-do-sao-francisco\/\" \/>\n<meta property=\"og:site_name\" content=\"SEMCOM\" \/>\n<meta property=\"article:published_time\" content=\"2023-02-17T19:28:28+00:00\" \/>\n<meta property=\"article:modified_time\" content=\"2023-02-17T19:28:30+00:00\" \/>\n<meta property=\"og:image\" content=\"https:\/\/www.manaus.am.gov.br\/semcom\/wp-content\/uploads\/sites\/5\/2023\/02\/Prefeitura-de-Manaus-segue-com-os-trabalhos-de-modernizacao-e-padronizacao-da-feira-do-Sao-Francisco-1.jpeg\" \/>\n\t<meta property=\"og:image:width\" content=\"1600\" \/>\n\t<meta property=\"og:image:height\" content=\"1200\" \/>\n\t<meta property=\"og:image:type\" content=\"image\/jpeg\" \/>\n<meta name=\"author\" content=\"Cl\u00e1udia Barbosa\" \/>\n<meta name=\"twitter:card\" content=\"summary_large_image\" \/>\n<meta name=\"twitter:label1\" content=\"Written by\" \/>\n\t<meta name=\"twitter:data1\" content=\"Cl\u00e1udia Barbosa\" \/>\n\t<meta name=\"twitter:label2\" content=\"Est. reading time\" \/>\n\t<meta name=\"twitter:data2\" content=\"2 minutos\" \/>\n<script type=\"application\/ld+json\" class=\"yoast-schema-graph\">{\"@context\":\"https:\/\/schema.org\",\"@graph\":[{\"@type\":\"WebPage\",\"@id\":\"https:\/\/www.manaus.am.gov.br\/semcom\/prefeitura-de-manaus-segue-com-os-trabalhos-de-modernizacao-e-padronizacao-da-feira-do-sao-francisco\/\",\"url\":\"https:\/\/www.manaus.am.gov.br\/semcom\/prefeitura-de-manaus-segue-com-os-trabalhos-de-modernizacao-e-padronizacao-da-feira-do-sao-francisco\/\",\"name\":\"Prefeitura de Manaus segue com os trabalhos de moderniza\u00e7\u00e3o e padroniza\u00e7\u00e3o da feira do S\u00e3o Francisco\",\"isPartOf\":{\"@id\":\"https:\/\/www.manaus.am.gov.br\/semcom\/#website\"},\"primaryImageOfPage\":{\"@id\":\"https:\/\/www.manaus.am.gov.br\/semcom\/prefeitura-de-manaus-segue-com-os-trabalhos-de-modernizacao-e-padronizacao-da-feira-do-sao-francisco\/#primaryimage\"},\"image\":{\"@id\":\"https:\/\/www.manaus.am.gov.br\/semcom\/prefeitura-de-manaus-segue-com-os-trabalhos-de-modernizacao-e-padronizacao-da-feira-do-sao-francisco\/#primaryimage\"},\"thumbnailUrl\":\"https:\/\/www.manaus.am.gov.br\/semcom\/wp-content\/uploads\/sites\/5\/2023\/02\/Prefeitura-de-Manaus-segue-com-os-trabalhos-de-modernizacao-e-padronizacao-da-feira-do-Sao-Francisco-1.jpeg\",\"datePublished\":\"2023-02-17T19:28:28+00:00\",\"dateModified\":\"2023-02-17T19:28:30+00:00\",\"author\":{\"@id\":\"https:\/\/www.manaus.am.gov.br\/semcom\/#\/schema\/person\/d0a166b5031154c33c77794ddc9a827e\"},\"description\":\"O pacote de obras para moderniza\u00e7\u00e3o de feiras e mercados\u00a0realizado pela Prefeitura de Manaus, por meio\u00a0da Secretaria Municipal de Agricultura, Abastecimento, Centro e Com\u00e9rcio Informal (Semacc), segue na feira do S\u00e3o Francisco, no bairro S\u00e3o Francisco, na zona Sul.\",\"inLanguage\":\"pt-BR\",\"potentialAction\":[{\"@type\":\"ReadAction\",\"target\":[\"https:\/\/www.manaus.am.gov.br\/semcom\/prefeitura-de-manaus-segue-com-os-trabalhos-de-modernizacao-e-padronizacao-da-feira-do-sao-francisco\/\"]}]},{\"@type\":\"ImageObject\",\"inLanguage\":\"pt-BR\",\"@id\":\"https:\/\/www.manaus.am.gov.br\/semcom\/prefeitura-de-manaus-segue-com-os-trabalhos-de-modernizacao-e-padronizacao-da-feira-do-sao-francisco\/#primaryimage\",\"url\":\"https:\/\/www.manaus.am.gov.br\/semcom\/wp-content\/uploads\/sites\/5\/2023\/02\/Prefeitura-de-Manaus-segue-com-os-trabalhos-de-modernizacao-e-padronizacao-da-feira-do-Sao-Francisco-1.jpeg\",\"contentUrl\":\"https:\/\/www.manaus.am.gov.br\/semcom\/wp-content\/uploads\/sites\/5\/2023\/02\/Prefeitura-de-Manaus-segue-com-os-trabalhos-de-modernizacao-e-padronizacao-da-feira-do-Sao-Francisco-1.jpeg\",\"width\":1600,\"height\":1200},{\"@type\":\"WebSite\",\"@id\":\"https:\/\/www.manaus.am.gov.br\/semcom\/#website\",\"url\":\"https:\/\/www.manaus.am.gov.br\/semcom\/\",\"name\":\"SEMCOM\",\"description\":\"Secretaria Municipal de Comunica\u00e7\u00e3o\",\"potentialAction\":[{\"@type\":\"SearchAction\",\"target\":{\"@type\":\"EntryPoint\",\"urlTemplate\":\"https:\/\/www.manaus.am.gov.br\/semcom\/?s={search_term_string}\"},\"query-input\":\"required name=search_term_string\"}],\"inLanguage\":\"pt-BR\"},{\"@type\":\"Person\",\"@id\":\"https:\/\/www.manaus.am.gov.br\/semcom\/#\/schema\/person\/d0a166b5031154c33c77794ddc9a827e\",\"name\":\"Cl\u00e1udia Barbosa\",\"image\":{\"@type\":\"ImageObject\",\"inLanguage\":\"pt-BR\",\"@id\":\"https:\/\/www.manaus.am.gov.br\/semcom\/#\/schema\/person\/image\/\",\"url\":\"https:\/\/secure.gravatar.com\/avatar\/42958a1cf007f1a00534009218c72590?s=96&d=mm&r=g\",\"contentUrl\":\"https:\/\/secure.gravatar.com\/avatar\/42958a1cf007f1a00534009218c72590?s=96&d=mm&r=g\",\"caption\":\"Cl\u00e1udia Barbosa\"}}]}<\/script>\n<!-- \/ Yoast SEO plugin. -->","yoast_head_json":{"title":"Prefeitura de Manaus segue com os trabalhos de moderniza\u00e7\u00e3o e padroniza\u00e7\u00e3o da feira do S\u00e3o Francisco","description":"O pacote de obras para moderniza\u00e7\u00e3o de feiras e mercados\u00a0realizado pela Prefeitura de Manaus, por meio\u00a0da Secretaria Municipal de Agricultura, Abastecimento, Centro e Com\u00e9rcio Informal (Semacc), segue na feira do S\u00e3o Francisco, no bairro S\u00e3o Francisco, na zona Sul.","robots":{"index":"index","follow":"follow","max-snippet":"max-snippet:-1","max-image-preview":"max-image-preview:large","max-video-preview":"max-video-preview:-1"},"canonical":"https:\/\/www.manaus.am.gov.br\/semcom\/prefeitura-de-manaus-segue-com-os-trabalhos-de-modernizacao-e-padronizacao-da-feira-do-sao-francisco\/","og_locale":"pt_BR","og_type":"article","og_title":"Prefeitura de Manaus segue com os trabalhos de moderniza\u00e7\u00e3o e padroniza\u00e7\u00e3o da feira do S\u00e3o Francisco","og_description":"O pacote de obras para moderniza\u00e7\u00e3o de feiras e mercados\u00a0realizado pela Prefeitura de Manaus, por meio\u00a0da Secretaria Municipal de Agricultura, Abastecimento, Centro e Com\u00e9rcio Informal (Semacc), segue na feira do S\u00e3o Francisco, no bairro S\u00e3o Francisco, na zona Sul.","og_url":"https:\/\/www.manaus.am.gov.br\/semcom\/prefeitura-de-manaus-segue-com-os-trabalhos-de-modernizacao-e-padronizacao-da-feira-do-sao-francisco\/","og_site_name":"SEMCOM","article_published_time":"2023-02-17T19:28:28+00:00","article_modified_time":"2023-02-17T19:28:30+00:00","og_image":[{"width":1600,"height":1200,"url":"https:\/\/www.manaus.am.gov.br\/semcom\/wp-content\/uploads\/sites\/5\/2023\/02\/Prefeitura-de-Manaus-segue-com-os-trabalhos-de-modernizacao-e-padronizacao-da-feira-do-Sao-Francisco-1.jpeg","type":"image\/jpeg"}],"author":"Cl\u00e1udia Barbosa","twitter_card":"summary_large_image","twitter_misc":{"Written by":"Cl\u00e1udia Barbosa","Est. reading time":"2 minutos"},"schema":{"@context":"https:\/\/schema.org","@graph":[{"@type":"WebPage","@id":"https:\/\/www.manaus.am.gov.br\/semcom\/prefeitura-de-manaus-segue-com-os-trabalhos-de-modernizacao-e-padronizacao-da-feira-do-sao-francisco\/","url":"https:\/\/www.manaus.am.gov.br\/semcom\/prefeitura-de-manaus-segue-com-os-trabalhos-de-modernizacao-e-padronizacao-da-feira-do-sao-francisco\/","name":"Prefeitura de Manaus segue com os trabalhos de moderniza\u00e7\u00e3o e padroniza\u00e7\u00e3o da feira do S\u00e3o Francisco","isPartOf":{"@id":"https:\/\/www.manaus.am.gov.br\/semcom\/#website"},"primaryImageOfPage":{"@id":"https:\/\/www.manaus.am.gov.br\/semcom\/prefeitura-de-manaus-segue-com-os-trabalhos-de-modernizacao-e-padronizacao-da-feira-do-sao-francisco\/#primaryimage"},"image":{"@id":"https:\/\/www.manaus.am.gov.br\/semcom\/prefeitura-de-manaus-segue-com-os-trabalhos-de-modernizacao-e-padronizacao-da-feira-do-sao-francisco\/#primaryimage"},"thumbnailUrl":"https:\/\/www.manaus.am.gov.br\/semcom\/wp-content\/uploads\/sites\/5\/2023\/02\/Prefeitura-de-Manaus-segue-com-os-trabalhos-de-modernizacao-e-padronizacao-da-feira-do-Sao-Francisco-1.jpeg","datePublished":"2023-02-17T19:28:28+00:00","dateModified":"2023-02-17T19:28:30+00:00","author":{"@id":"https:\/\/www.manaus.am.gov.br\/semcom\/#\/schema\/person\/d0a166b5031154c33c77794ddc9a827e"},"description":"O pacote de obras para moderniza\u00e7\u00e3o de feiras e mercados\u00a0realizado pela Prefeitura de Manaus, por meio\u00a0da Secretaria Municipal de Agricultura, Abastecimento, Centro e Com\u00e9rcio Informal (Semacc), segue na feira do S\u00e3o Francisco, no bairro S\u00e3o Francisco, na zona Sul.","inLanguage":"pt-BR","potentialAction":[{"@type":"ReadAction","target":["https:\/\/www.manaus.am.gov.br\/semcom\/prefeitura-de-manaus-segue-com-os-trabalhos-de-modernizacao-e-padronizacao-da-feira-do-sao-francisco\/"]}]},{"@type":"ImageObject","inLanguage":"pt-BR","@id":"https:\/\/www.manaus.am.gov.br\/semcom\/prefeitura-de-manaus-segue-com-os-trabalhos-de-modernizacao-e-padronizacao-da-feira-do-sao-francisco\/#primaryimage","url":"https:\/\/www.manaus.am.gov.br\/semcom\/wp-content\/uploads\/sites\/5\/2023\/02\/Prefeitura-de-Manaus-segue-com-os-trabalhos-de-modernizacao-e-padronizacao-da-feira-do-Sao-Francisco-1.jpeg","contentUrl":"https:\/\/www.manaus.am.gov.br\/semcom\/wp-content\/uploads\/sites\/5\/2023\/02\/Prefeitura-de-Manaus-segue-com-os-trabalhos-de-modernizacao-e-padronizacao-da-feira-do-Sao-Francisco-1.jpeg","width":1600,"height":1200},{"@type":"WebSite","@id":"https:\/\/www.manaus.am.gov.br\/semcom\/#website","url":"https:\/\/www.manaus.am.gov.br\/semcom\/","name":"SEMCOM","description":"Secretaria Municipal de Comunica\u00e7\u00e3o","potentialAction":[{"@type":"SearchAction","target":{"@type":"EntryPoint","urlTemplate":"https:\/\/www.manaus.am.gov.br\/semcom\/?s={search_term_string}"},"query-input":"required name=search_term_string"}],"inLanguage":"pt-BR"},{"@type":"Person","@id":"https:\/\/www.manaus.am.gov.br\/semcom\/#\/schema\/person\/d0a166b5031154c33c77794ddc9a827e","name":"Cl\u00e1udia Barbosa","image":{"@type":"ImageObject","inLanguage":"pt-BR","@id":"https:\/\/www.manaus.am.gov.br\/semcom\/#\/schema\/person\/image\/","url":"https:\/\/secure.gravatar.com\/avatar\/42958a1cf007f1a00534009218c72590?s=96&d=mm&r=g","contentUrl":"https:\/\/secure.gravatar.com\/avatar\/42958a1cf007f1a00534009218c72590?s=96&d=mm&r=g","caption":"Cl\u00e1udia Barbosa"}}]}},"_links":{"self":[{"href":"https:\/\/www.manaus.am.gov.br\/semcom\/wp-json\/wp\/v2\/posts\/209387"}],"collection":[{"href":"https:\/\/www.manaus.am.gov.br\/semcom\/wp-json\/wp\/v2\/posts"}],"about":[{"href":"https:\/\/www.manaus.am.gov.br\/semcom\/wp-json\/wp\/v2\/types\/post"}],"author":[{"embeddable":true,"href":"https:\/\/www.manaus.am.gov.br\/semcom\/wp-json\/wp\/v2\/users\/24"}],"replies":[{"embeddable":true,"href":"https:\/\/www.manaus.am.gov.br\/semcom\/wp-json\/wp\/v2\/comments?post=209387"}],"version-history":[{"count":0,"href":"https:\/\/www.manaus.am.gov.br\/semcom\/wp-json\/wp\/v2\/posts\/209387\/revisions"}],"wp:featuredmedia":[{"embeddable":true,"href":"https:\/\/www.manaus.am.gov.br\/semcom\/wp-json\/wp\/v2\/media\/209388"}],"wp:attachment":[{"href":"https:\/\/www.manaus.am.gov.br\/semcom\/wp-json\/wp\/v2\/media?parent=209387"}],"wp:term":[{"taxonomy":"category","embeddable":true,"href":"https:\/\/www.manaus.am.gov.br\/semcom\/wp-json\/wp\/v2\/categories?post=209387"},{"taxonomy":"post_tag","embeddable":true,"href":"https:\/\/www.manaus.am.gov.br\/semcom\/wp-json\/wp\/v2\/tags?post=209387"}],"curies":[{"name":"wp","href":"https:\/\/api.w.org\/{rel}","templated":true}]}}