{"id":209381,"date":"2023-02-17T15:15:39","date_gmt":"2023-02-17T18:15:39","guid":{"rendered":"https:\/\/www.manaus.am.gov.br\/semcom\/2023\/02\/17\/carnaval-de-manaus-2023-prefeitura-oferece-servico-de-translado-a-pessoas-com-deficiencia-ate-o-sambodromo\/"},"modified":"2023-02-17T15:15:40","modified_gmt":"2023-02-17T18:15:40","slug":"carnaval-de-manaus-2023-prefeitura-oferece-servico-de-translado-a-pessoas-com-deficiencia-ate-o-sambodromo","status":"publish","type":"post","link":"https:\/\/www.manaus.am.gov.br\/semcom\/carnaval-de-manaus-2023-prefeitura-oferece-servico-de-translado-a-pessoas-com-deficiencia-ate-o-sambodromo\/","title":{"rendered":"<strong>Carnaval de Manaus 2023: Prefeitura oferece servi\u00e7o de translado a Pessoas com Defici\u00eancia at\u00e9 o samb\u00f3dromo<\/strong>"},"content":{"rendered":"\n<p>Pessoas com Defici\u00eancia (PcDs) ganhar\u00e3o servi\u00e7os extras para acompanhar com mais qualidade o Carnaval de Manaus 2023, neste s\u00e1bado, 18\/2, a partir da Vila Ol\u00edmpica, no bairro Dom Pedro, zona Centro-Oeste. A Prefeitura de Manaus, por meio Instituto Municipal de Mobilidade Urbana (IMMU), ir\u00e1 oferecer o transporte gratuito para acessar o samb\u00f3dromo com toda a acessibilidade at\u00e9 o camarote destinado a esse p\u00fablico.<\/p>\n\n\n\n<p>Um ve\u00edculo do servi\u00e7o \u201cTransporta\u201d estar\u00e1 \u00e0 disposi\u00e7\u00e3o das PcDs, partindo da Vila Ol\u00edmpica em destino ao samb\u00f3dromo, durante todo o desfile das escolas de samba do Grupo Especial neste s\u00e1bado.<\/p>\n\n\n\n<p>De acordo com o diretor de Transporte do IMMU, Ednaldo Castro, o servi\u00e7o \u00e9 essencial para que PcDs acompanhem os desfiles. \u201cTrata-se de uma parceria entre a Sejusc (Secretaria de Estado de Justi\u00e7a, Direitos Humanos e Cidadania) e a gest\u00e3o do prefeito David Almeida, para disponibilizar um \u00f4nibus devidamente adaptado para PcDs, que estar\u00e1 presente no desfile das escolas de samba para o transporte de ida e volta ao samb\u00f3dromo. Elas ter\u00e3o acesso a um camarote especial, para que possam brincar e se divertir no Carnaval, para que participem desta grande festa popular\u201d, frisou Ednaldo.<\/p>\n\n\n\n<p>&#8212; &#8212; &#8212;<\/p>\n\n\n\n<p><strong>Texto &#8211;&nbsp;<\/strong>\u00c1lisson Castro \/ IMMU<\/p>\n\n\n\n<p><strong>Fotos \u2013&nbsp;<\/strong>Divulga\u00e7\u00e3o \/ Arquivo Semcom<\/p>\n","protected":false},"excerpt":{"rendered":"","protected":false},"author":24,"featured_media":209382,"comment_status":"closed","ping_status":"closed","sticky":false,"template":"","format":"standard","meta":{"footnotes":""},"categories":[45],"tags":[896,35,1223,12,255,1224,666,77,992,1225,1226,1227],"acf":[],"yoast_head":"<!-- This site is optimized with the Yoast SEO plugin v23.0 - https:\/\/yoast.com\/wordpress\/plugins\/seo\/ -->\n<title>Carnaval de Manaus 2023: Prefeitura oferece servi\u00e7o de translado a Pessoas com Defici\u00eancia at\u00e9 o samb\u00f3dromo<\/title>\n<meta name=\"description\" content=\"Pessoas com Defici\u00eancia (PcDs) ganhar\u00e3o servi\u00e7os extras para acompanhar com mais qualidade o Carnaval de Manaus 2023, neste s\u00e1bado, 18\/2, a partir da Vila Ol\u00edmpica, no bairro Dom Pedro, zona Centro-Oeste.\" \/>\n<meta name=\"robots\" content=\"index, follow, max-snippet:-1, max-image-preview:large, max-video-preview:-1\" \/>\n<link rel=\"canonical\" href=\"https:\/\/www.manaus.am.gov.br\/semcom\/carnaval-de-manaus-2023-prefeitura-oferece-servico-de-translado-a-pessoas-com-deficiencia-ate-o-sambodromo\/\" \/>\n<meta property=\"og:locale\" content=\"pt_BR\" \/>\n<meta property=\"og:type\" content=\"article\" \/>\n<meta property=\"og:title\" content=\"Carnaval de Manaus 2023: Prefeitura oferece servi\u00e7o de translado a Pessoas com Defici\u00eancia at\u00e9 o samb\u00f3dromo\" \/>\n<meta property=\"og:description\" content=\"Pessoas com Defici\u00eancia (PcDs) ganhar\u00e3o servi\u00e7os extras para acompanhar com mais qualidade o Carnaval de Manaus 2023, neste s\u00e1bado, 18\/2, a partir da Vila Ol\u00edmpica, no bairro Dom Pedro, zona Centro-Oeste.\" \/>\n<meta property=\"og:url\" content=\"https:\/\/www.manaus.am.gov.br\/semcom\/carnaval-de-manaus-2023-prefeitura-oferece-servico-de-translado-a-pessoas-com-deficiencia-ate-o-sambodromo\/\" \/>\n<meta property=\"og:site_name\" content=\"SEMCOM\" \/>\n<meta property=\"article:published_time\" content=\"2023-02-17T18:15:39+00:00\" \/>\n<meta property=\"article:modified_time\" content=\"2023-02-17T18:15:40+00:00\" \/>\n<meta property=\"og:image\" content=\"https:\/\/www.manaus.am.gov.br\/semcom\/wp-content\/uploads\/sites\/5\/2023\/02\/Carnaval-de-Manaus-2023-Prefeitura-oferece-servico-de-translado-a-Pessoas-com-Deficiencia-ate-o-sambodromo-3.jpg\" \/>\n\t<meta property=\"og:image:width\" content=\"659\" \/>\n\t<meta property=\"og:image:height\" content=\"437\" \/>\n\t<meta property=\"og:image:type\" content=\"image\/jpeg\" \/>\n<meta name=\"author\" content=\"Cl\u00e1udia Barbosa\" \/>\n<meta name=\"twitter:card\" content=\"summary_large_image\" \/>\n<meta name=\"twitter:label1\" content=\"Written by\" \/>\n\t<meta name=\"twitter:data1\" content=\"Cl\u00e1udia Barbosa\" \/>\n\t<meta name=\"twitter:label2\" content=\"Est. reading time\" \/>\n\t<meta name=\"twitter:data2\" content=\"2 minutos\" \/>\n<script type=\"application\/ld+json\" class=\"yoast-schema-graph\">{\"@context\":\"https:\/\/schema.org\",\"@graph\":[{\"@type\":\"WebPage\",\"@id\":\"https:\/\/www.manaus.am.gov.br\/semcom\/carnaval-de-manaus-2023-prefeitura-oferece-servico-de-translado-a-pessoas-com-deficiencia-ate-o-sambodromo\/\",\"url\":\"https:\/\/www.manaus.am.gov.br\/semcom\/carnaval-de-manaus-2023-prefeitura-oferece-servico-de-translado-a-pessoas-com-deficiencia-ate-o-sambodromo\/\",\"name\":\"Carnaval de Manaus 2023: Prefeitura oferece servi\u00e7o de translado a Pessoas com Defici\u00eancia at\u00e9 o samb\u00f3dromo\",\"isPartOf\":{\"@id\":\"https:\/\/www.manaus.am.gov.br\/semcom\/#website\"},\"primaryImageOfPage\":{\"@id\":\"https:\/\/www.manaus.am.gov.br\/semcom\/carnaval-de-manaus-2023-prefeitura-oferece-servico-de-translado-a-pessoas-com-deficiencia-ate-o-sambodromo\/#primaryimage\"},\"image\":{\"@id\":\"https:\/\/www.manaus.am.gov.br\/semcom\/carnaval-de-manaus-2023-prefeitura-oferece-servico-de-translado-a-pessoas-com-deficiencia-ate-o-sambodromo\/#primaryimage\"},\"thumbnailUrl\":\"https:\/\/www.manaus.am.gov.br\/semcom\/wp-content\/uploads\/sites\/5\/2023\/02\/Carnaval-de-Manaus-2023-Prefeitura-oferece-servico-de-translado-a-Pessoas-com-Deficiencia-ate-o-sambodromo-3.jpg\",\"datePublished\":\"2023-02-17T18:15:39+00:00\",\"dateModified\":\"2023-02-17T18:15:40+00:00\",\"author\":{\"@id\":\"https:\/\/www.manaus.am.gov.br\/semcom\/#\/schema\/person\/d0a166b5031154c33c77794ddc9a827e\"},\"description\":\"Pessoas com Defici\u00eancia (PcDs) ganhar\u00e3o servi\u00e7os extras para acompanhar com mais qualidade o Carnaval de Manaus 2023, neste s\u00e1bado, 18\/2, a partir da Vila Ol\u00edmpica, no bairro Dom Pedro, zona Centro-Oeste.\",\"inLanguage\":\"pt-BR\",\"potentialAction\":[{\"@type\":\"ReadAction\",\"target\":[\"https:\/\/www.manaus.am.gov.br\/semcom\/carnaval-de-manaus-2023-prefeitura-oferece-servico-de-translado-a-pessoas-com-deficiencia-ate-o-sambodromo\/\"]}]},{\"@type\":\"ImageObject\",\"inLanguage\":\"pt-BR\",\"@id\":\"https:\/\/www.manaus.am.gov.br\/semcom\/carnaval-de-manaus-2023-prefeitura-oferece-servico-de-translado-a-pessoas-com-deficiencia-ate-o-sambodromo\/#primaryimage\",\"url\":\"https:\/\/www.manaus.am.gov.br\/semcom\/wp-content\/uploads\/sites\/5\/2023\/02\/Carnaval-de-Manaus-2023-Prefeitura-oferece-servico-de-translado-a-Pessoas-com-Deficiencia-ate-o-sambodromo-3.jpg\",\"contentUrl\":\"https:\/\/www.manaus.am.gov.br\/semcom\/wp-content\/uploads\/sites\/5\/2023\/02\/Carnaval-de-Manaus-2023-Prefeitura-oferece-servico-de-translado-a-Pessoas-com-Deficiencia-ate-o-sambodromo-3.jpg\",\"width\":659,\"height\":437},{\"@type\":\"WebSite\",\"@id\":\"https:\/\/www.manaus.am.gov.br\/semcom\/#website\",\"url\":\"https:\/\/www.manaus.am.gov.br\/semcom\/\",\"name\":\"SEMCOM\",\"description\":\"Secretaria Municipal de Comunica\u00e7\u00e3o\",\"potentialAction\":[{\"@type\":\"SearchAction\",\"target\":{\"@type\":\"EntryPoint\",\"urlTemplate\":\"https:\/\/www.manaus.am.gov.br\/semcom\/?s={search_term_string}\"},\"query-input\":\"required name=search_term_string\"}],\"inLanguage\":\"pt-BR\"},{\"@type\":\"Person\",\"@id\":\"https:\/\/www.manaus.am.gov.br\/semcom\/#\/schema\/person\/d0a166b5031154c33c77794ddc9a827e\",\"name\":\"Cl\u00e1udia Barbosa\",\"image\":{\"@type\":\"ImageObject\",\"inLanguage\":\"pt-BR\",\"@id\":\"https:\/\/www.manaus.am.gov.br\/semcom\/#\/schema\/person\/image\/\",\"url\":\"https:\/\/secure.gravatar.com\/avatar\/42958a1cf007f1a00534009218c72590?s=96&d=mm&r=g\",\"contentUrl\":\"https:\/\/secure.gravatar.com\/avatar\/42958a1cf007f1a00534009218c72590?s=96&d=mm&r=g\",\"caption\":\"Cl\u00e1udia Barbosa\"}}]}<\/script>\n<!-- \/ Yoast SEO plugin. -->","yoast_head_json":{"title":"Carnaval de Manaus 2023: Prefeitura oferece servi\u00e7o de translado a Pessoas com Defici\u00eancia at\u00e9 o samb\u00f3dromo","description":"Pessoas com Defici\u00eancia (PcDs) ganhar\u00e3o servi\u00e7os extras para acompanhar com mais qualidade o Carnaval de Manaus 2023, neste s\u00e1bado, 18\/2, a partir da Vila Ol\u00edmpica, no bairro Dom Pedro, zona Centro-Oeste.","robots":{"index":"index","follow":"follow","max-snippet":"max-snippet:-1","max-image-preview":"max-image-preview:large","max-video-preview":"max-video-preview:-1"},"canonical":"https:\/\/www.manaus.am.gov.br\/semcom\/carnaval-de-manaus-2023-prefeitura-oferece-servico-de-translado-a-pessoas-com-deficiencia-ate-o-sambodromo\/","og_locale":"pt_BR","og_type":"article","og_title":"Carnaval de Manaus 2023: Prefeitura oferece servi\u00e7o de translado a Pessoas com Defici\u00eancia at\u00e9 o samb\u00f3dromo","og_description":"Pessoas com Defici\u00eancia (PcDs) ganhar\u00e3o servi\u00e7os extras para acompanhar com mais qualidade o Carnaval de Manaus 2023, neste s\u00e1bado, 18\/2, a partir da Vila Ol\u00edmpica, no bairro Dom Pedro, zona Centro-Oeste.","og_url":"https:\/\/www.manaus.am.gov.br\/semcom\/carnaval-de-manaus-2023-prefeitura-oferece-servico-de-translado-a-pessoas-com-deficiencia-ate-o-sambodromo\/","og_site_name":"SEMCOM","article_published_time":"2023-02-17T18:15:39+00:00","article_modified_time":"2023-02-17T18:15:40+00:00","og_image":[{"width":659,"height":437,"url":"https:\/\/www.manaus.am.gov.br\/semcom\/wp-content\/uploads\/sites\/5\/2023\/02\/Carnaval-de-Manaus-2023-Prefeitura-oferece-servico-de-translado-a-Pessoas-com-Deficiencia-ate-o-sambodromo-3.jpg","type":"image\/jpeg"}],"author":"Cl\u00e1udia Barbosa","twitter_card":"summary_large_image","twitter_misc":{"Written by":"Cl\u00e1udia Barbosa","Est. reading time":"2 minutos"},"schema":{"@context":"https:\/\/schema.org","@graph":[{"@type":"WebPage","@id":"https:\/\/www.manaus.am.gov.br\/semcom\/carnaval-de-manaus-2023-prefeitura-oferece-servico-de-translado-a-pessoas-com-deficiencia-ate-o-sambodromo\/","url":"https:\/\/www.manaus.am.gov.br\/semcom\/carnaval-de-manaus-2023-prefeitura-oferece-servico-de-translado-a-pessoas-com-deficiencia-ate-o-sambodromo\/","name":"Carnaval de Manaus 2023: Prefeitura oferece servi\u00e7o de translado a Pessoas com Defici\u00eancia at\u00e9 o samb\u00f3dromo","isPartOf":{"@id":"https:\/\/www.manaus.am.gov.br\/semcom\/#website"},"primaryImageOfPage":{"@id":"https:\/\/www.manaus.am.gov.br\/semcom\/carnaval-de-manaus-2023-prefeitura-oferece-servico-de-translado-a-pessoas-com-deficiencia-ate-o-sambodromo\/#primaryimage"},"image":{"@id":"https:\/\/www.manaus.am.gov.br\/semcom\/carnaval-de-manaus-2023-prefeitura-oferece-servico-de-translado-a-pessoas-com-deficiencia-ate-o-sambodromo\/#primaryimage"},"thumbnailUrl":"https:\/\/www.manaus.am.gov.br\/semcom\/wp-content\/uploads\/sites\/5\/2023\/02\/Carnaval-de-Manaus-2023-Prefeitura-oferece-servico-de-translado-a-Pessoas-com-Deficiencia-ate-o-sambodromo-3.jpg","datePublished":"2023-02-17T18:15:39+00:00","dateModified":"2023-02-17T18:15:40+00:00","author":{"@id":"https:\/\/www.manaus.am.gov.br\/semcom\/#\/schema\/person\/d0a166b5031154c33c77794ddc9a827e"},"description":"Pessoas com Defici\u00eancia (PcDs) ganhar\u00e3o servi\u00e7os extras para acompanhar com mais qualidade o Carnaval de Manaus 2023, neste s\u00e1bado, 18\/2, a partir da Vila Ol\u00edmpica, no bairro Dom Pedro, zona Centro-Oeste.","inLanguage":"pt-BR","potentialAction":[{"@type":"ReadAction","target":["https:\/\/www.manaus.am.gov.br\/semcom\/carnaval-de-manaus-2023-prefeitura-oferece-servico-de-translado-a-pessoas-com-deficiencia-ate-o-sambodromo\/"]}]},{"@type":"ImageObject","inLanguage":"pt-BR","@id":"https:\/\/www.manaus.am.gov.br\/semcom\/carnaval-de-manaus-2023-prefeitura-oferece-servico-de-translado-a-pessoas-com-deficiencia-ate-o-sambodromo\/#primaryimage","url":"https:\/\/www.manaus.am.gov.br\/semcom\/wp-content\/uploads\/sites\/5\/2023\/02\/Carnaval-de-Manaus-2023-Prefeitura-oferece-servico-de-translado-a-Pessoas-com-Deficiencia-ate-o-sambodromo-3.jpg","contentUrl":"https:\/\/www.manaus.am.gov.br\/semcom\/wp-content\/uploads\/sites\/5\/2023\/02\/Carnaval-de-Manaus-2023-Prefeitura-oferece-servico-de-translado-a-Pessoas-com-Deficiencia-ate-o-sambodromo-3.jpg","width":659,"height":437},{"@type":"WebSite","@id":"https:\/\/www.manaus.am.gov.br\/semcom\/#website","url":"https:\/\/www.manaus.am.gov.br\/semcom\/","name":"SEMCOM","description":"Secretaria Municipal de Comunica\u00e7\u00e3o","potentialAction":[{"@type":"SearchAction","target":{"@type":"EntryPoint","urlTemplate":"https:\/\/www.manaus.am.gov.br\/semcom\/?s={search_term_string}"},"query-input":"required name=search_term_string"}],"inLanguage":"pt-BR"},{"@type":"Person","@id":"https:\/\/www.manaus.am.gov.br\/semcom\/#\/schema\/person\/d0a166b5031154c33c77794ddc9a827e","name":"Cl\u00e1udia Barbosa","image":{"@type":"ImageObject","inLanguage":"pt-BR","@id":"https:\/\/www.manaus.am.gov.br\/semcom\/#\/schema\/person\/image\/","url":"https:\/\/secure.gravatar.com\/avatar\/42958a1cf007f1a00534009218c72590?s=96&d=mm&r=g","contentUrl":"https:\/\/secure.gravatar.com\/avatar\/42958a1cf007f1a00534009218c72590?s=96&d=mm&r=g","caption":"Cl\u00e1udia Barbosa"}}]}},"_links":{"self":[{"href":"https:\/\/www.manaus.am.gov.br\/semcom\/wp-json\/wp\/v2\/posts\/209381"}],"collection":[{"href":"https:\/\/www.manaus.am.gov.br\/semcom\/wp-json\/wp\/v2\/posts"}],"about":[{"href":"https:\/\/www.manaus.am.gov.br\/semcom\/wp-json\/wp\/v2\/types\/post"}],"author":[{"embeddable":true,"href":"https:\/\/www.manaus.am.gov.br\/semcom\/wp-json\/wp\/v2\/users\/24"}],"replies":[{"embeddable":true,"href":"https:\/\/www.manaus.am.gov.br\/semcom\/wp-json\/wp\/v2\/comments?post=209381"}],"version-history":[{"count":0,"href":"https:\/\/www.manaus.am.gov.br\/semcom\/wp-json\/wp\/v2\/posts\/209381\/revisions"}],"wp:featuredmedia":[{"embeddable":true,"href":"https:\/\/www.manaus.am.gov.br\/semcom\/wp-json\/wp\/v2\/media\/209382"}],"wp:attachment":[{"href":"https:\/\/www.manaus.am.gov.br\/semcom\/wp-json\/wp\/v2\/media?parent=209381"}],"wp:term":[{"taxonomy":"category","embeddable":true,"href":"https:\/\/www.manaus.am.gov.br\/semcom\/wp-json\/wp\/v2\/categories?post=209381"},{"taxonomy":"post_tag","embeddable":true,"href":"https:\/\/www.manaus.am.gov.br\/semcom\/wp-json\/wp\/v2\/tags?post=209381"}],"curies":[{"name":"wp","href":"https:\/\/api.w.org\/{rel}","templated":true}]}}