{"id":209347,"date":"2023-02-17T10:27:34","date_gmt":"2023-02-17T13:27:34","guid":{"rendered":"https:\/\/www.manaus.am.gov.br\/semcom\/2023\/02\/17\/carnaval-de-manaus-2023-primeira-noite-do-desfile-oficial-das-escolas-de-samba-de-manaus-marca-a-retomada-do-evento-mais-esperado-do-ano\/"},"modified":"2023-02-17T10:27:35","modified_gmt":"2023-02-17T13:27:35","slug":"carnaval-de-manaus-2023-primeira-noite-do-desfile-oficial-das-escolas-de-samba-de-manaus-marca-a-retomada-do-evento-mais-esperado-do-ano","status":"publish","type":"post","link":"https:\/\/www.manaus.am.gov.br\/semcom\/carnaval-de-manaus-2023-primeira-noite-do-desfile-oficial-das-escolas-de-samba-de-manaus-marca-a-retomada-do-evento-mais-esperado-do-ano\/","title":{"rendered":"<strong>Carnaval de Manaus 2023: Primeira noite do Desfile Oficial das Escolas de Samba de Manaus marca a retomada do evento mais esperado do ano<\/strong>"},"content":{"rendered":"\n<p>As escolas de samba do Grupo de Acesso B abriram, na noite desta quinta-feira, 16\/2, o desfile oficial do Carnaval de Manaus 2023. O evento acontece no Centro de Conven\u00e7\u00f5es Professor Gilberto Mestrinho, popularmente conhecido como samb\u00f3dromo, no Dom Pedro, zona Centro-Oeste.<\/p>\n\n\n\n<p>Dezessete escolas de samba dos grupos \u201cA\u201d, \u201cB\u201d e Especial que participar\u00e3o do Desfile Oficial das Escolas de Samba do Carnaval de Manaus 2023 at\u00e9 a madrugada de domingo (18\/02), contam com apoio financeiro da Prefeitura de Manaus, por meio de edital de chamamento p\u00fablico n\u00ba 001\/2023, lan\u00e7ado pela Funda\u00e7\u00e3o Municipal de Cultura, Turismo e Eventos (Manauscult).<\/p>\n\n\n\n<p>\u201cSem sombra de d\u00favidas, hoje \u00e9 uma noite muito especial para os fazedores de cultura do setor do samba. A retomada do Carnaval est\u00e1 sendo poss\u00edvel, gra\u00e7as ao avan\u00e7o da vacina\u00e7\u00e3o e ao entendimento do prefeito David Almeida de dar um reajuste de mais de 20% no valor do fomento destinado \u00e0s escolas. Isso foi determinante para que hoje elas pudessem estar na avenida, celebrando esse grande momento\u201d, observou a vice-presidente da Manauscult, Oreni Braga.<\/p>\n\n\n\n<p>Nas primeiras horas desta quinta-feira, o \u201csamb\u00f3dromo\u201d de Manaus foi tomado pela anima\u00e7\u00e3o do Grupo de Acesso B. Nove escolas que disputam uma vaga no Grupo \u201cA\u201d, com um enredo rico e envolvente, contaram hist\u00f3rias e cantaram homenagens durante 40 minutos, cada uma.<\/p>\n\n\n\n<p>\u201cEu s\u00f3 tenho a agradecer ao nosso prefeito David Almeida, por essa ajuda, por essa grande festa na cidade de Manaus\u201d, comentou o presidente da Unidos da Cidade Nova, Nestor Bendelack.<\/p>\n\n\n\n<p>Para o sambista nato Evil\u00e1sio Santos, 50, do Imp\u00e9rio do Mau\u00e1, o sentimento \u00e9 de resigna\u00e7\u00e3o. \u201cDepois da pandemia, \u00e9 muito salutar a gente voltar, ver toda a comunidade do samba atuante, com v\u00e1rios profissionais tendo uma remunera\u00e7\u00e3o, porque ficou todo mundo parado. E, as escolas mostrando para que est\u00e3o: para levar cultura e emo\u00e7\u00e3o ao p\u00fablico. Ent\u00e3o, isso \u00e9 que faz a gente cada vez se renovar para mostrar o nosso samba na avenida\u201d, concluiu.<\/p>\n\n\n\n<p>Temas como a import\u00e2ncia da preserva\u00e7\u00e3o da floresta e o respeito pelas diferentes manifesta\u00e7\u00f5es religiosas deram a t\u00f4nica da noite, onde a primeira escola a se apresentar foi a Le\u00f5es do Bar\u00e3o A\u00e7u, que trouxe para a avenida do samba o tema \u201cManaus, calor? S\u00f3 humano\u201d.<\/p>\n\n\n\n<p>Em seguida, foi a vez da Gavi\u00f5es do Parque 10 que, este ano, homenageou a professora e secret\u00e1ria municipal de Educa\u00e7\u00e3o, Dulce Almeida, com o tema &#8211; \u201cDulce Almeida, a face manauara da educa\u00e7\u00e3o\u201d. Apaixonada pela Educa\u00e7\u00e3o, Dulce est\u00e1 revolucionando a educa\u00e7\u00e3o b\u00e1sica e \u00e9 uma grande defensora e intercessora das causas em prol dos professores e profissionais da \u00e1rea.&nbsp;<\/p>\n\n\n\n<p>Nas alas, foli\u00f5es vestidos de estudantes e professores entoavam \u201cmil aplausos pra voc\u00ea, Dulce, por amor \u00e0 Educa\u00e7\u00e3o, faz da arte uma miss\u00e3o, levando a nossa revolu\u00e7\u00e3o, vem voando nas asas do gavi\u00e3o\u201d, retratando a dedica\u00e7\u00e3o da secretaria frente \u00e0 pasta.<\/p>\n\n\n\n<p>\u201cPoucas pessoas t\u00eam a chance de ser homenageada em uma passarela t\u00e3o tradicional e t\u00e3o linda como essa. \u00c9 emocionante! Principalmente porque desde os meus 14 anos que sou apaixonada pelo magist\u00e9rio, quando fui convidada por uma professora da escola Adventista a atuar na unidade, e desde l\u00e1 segui carreira de professora. Mas, hoje, aprouve a Deus eu estar ocupando um cargo p\u00fablico com tamanha responsabilidade, que, com muito zelo, estou trabalhando para honrar cada um dos meus colegas de profiss\u00e3o, bem como todos os colaboradores, pais e alunos\u201d, ressaltou a homenageada, Dulce Almeida.<\/p>\n\n\n\n<p><strong>Apresenta\u00e7\u00f5es<\/strong><\/p>\n\n\n\n<p>A terceira escola a colorir a passarela do samba foi a Meninos Levados, com o tema \u201cMeninos Levados conta a hist\u00f3ria da Sem Compromisso nos dias de gl\u00f3ria\u201d. Entrando na avenida \u00e0s 23h, a escola de samba Imp\u00e9rio do Mau\u00e1 trouxe o tema \u201cAmor de cora\u00e7\u00e3o\u201d.<\/p>\n\n\n\n<p>A Legi\u00e3o de Bambas entrou na passarela do samba \u00e0s 23h40 com o enredo \u201cCom a batuta do maestro, a Legi\u00e3o de Bambas traz: Claudio Santoro, num canto de paz e amor!\u201d.<\/p>\n\n\n\n<p>Com figurinos bem emblem\u00e1ticos e com o pensamento de que a festa s\u00f3 estava come\u00e7ando, a escola Ipixuna apresentou-se ao som de \u201cKaru: Toda arte em poesia\u201d.<\/p>\n\n\n\n<p>Ao entrar no samb\u00f3dromo, \u00e0 1h, a Unidos da Coophasa contagiou a torcida com a energia dos foli\u00f5es e o tema \u201cNo reino da alegria\u2026 brilham as cores da folia\u201d.<\/p>\n\n\n\n<p>\u00c0 1h40, a Unidos da Cidade Nova, pen\u00faltima escola a desfilar, deu uma aula de respeito e diversidade na avenida com o enredo \u201cCidade Nova \u00e9 fogo e justi\u00e7a, Xang\u00f4 no reino do Norte\u201d.<\/p>\n\n\n\n<p>A Balaku Blaku, que seria a \u00faltima escola a se apresentar, n\u00e3o participou do desfile oficial este ano por motivos de reestrutura\u00e7\u00e3o interna, conforme aviso publicado nas redes sociais da agremia\u00e7\u00e3o.<\/p>\n\n\n\n<p><strong>Programa\u00e7\u00e3o<\/strong><\/p>\n\n\n\n<p>Os desfiles das agremia\u00e7\u00f5es do Grupo de Acesso \u201cA\u201d est\u00e3o programados para esta sexta-feira, 17\/2, das 21h \u00e0s 4h20 de s\u00e1bado, 18\/2. E a noite mais disputada, a do desfile das escolas de samba do Grupo Especial, iniciar\u00e1 \u00e0s 20h de s\u00e1bado, 18\/2, com encerramento previsto para as 6h de domingo, 19\/2.<\/p>\n\n\n\n<p>&#8212; &#8212; &#8212;<\/p>\n\n\n\n<p><strong>Texto<\/strong>&nbsp;&#8211; Emanuelle Baires \/ Manauscult<\/p>\n\n\n\n<p><strong>Fotos<\/strong>&nbsp;&#8211; Oliveira J\u00fanior \/ Manauscult<\/p>\n\n\n\n<p><strong>Dispon\u00edveis em<\/strong> &#8211; <a href=\"https:\/\/flic.kr\/s\/aHBqjAss2f\">https:\/\/flic.kr\/s\/aHBqjAss2f<\/a><\/p>\n","protected":false},"excerpt":{"rendered":"","protected":false},"author":23,"featured_media":209348,"comment_status":"closed","ping_status":"closed","sticky":false,"template":"","format":"standard","meta":{"footnotes":""},"categories":[930],"tags":[939,197,1203,307,77],"acf":[],"yoast_head":"<!-- This site is optimized with the Yoast SEO plugin v23.0 - https:\/\/yoast.com\/wordpress\/plugins\/seo\/ -->\n<title>Primeira noite do Desfile Oficial das Escolas de Samba de Manaus marca a retomada do evento mais esperado do ano<\/title>\n<meta name=\"description\" content=\"As escolas de samba do Grupo de Acesso B abriram, na noite desta quinta-feira, 16\/2, o desfile oficial do Carnaval de Manaus 2023. O evento acontece no Centro de Conven\u00e7\u00f5es Professor Gilberto Mestrinho, popularmente conhecido como samb\u00f3dromo, no Dom Pedro, zona Centro-Oeste.\" \/>\n<meta name=\"robots\" content=\"index, follow, max-snippet:-1, max-image-preview:large, max-video-preview:-1\" \/>\n<link rel=\"canonical\" href=\"https:\/\/www.manaus.am.gov.br\/semcom\/carnaval-de-manaus-2023-primeira-noite-do-desfile-oficial-das-escolas-de-samba-de-manaus-marca-a-retomada-do-evento-mais-esperado-do-ano\/\" \/>\n<meta property=\"og:locale\" content=\"pt_BR\" \/>\n<meta property=\"og:type\" content=\"article\" \/>\n<meta property=\"og:title\" content=\"Primeira noite do Desfile Oficial das Escolas de Samba de Manaus marca a retomada do evento mais esperado do ano\" \/>\n<meta property=\"og:description\" content=\"As escolas de samba do Grupo de Acesso B abriram, na noite desta quinta-feira, 16\/2, o desfile oficial do Carnaval de Manaus 2023. O evento acontece no Centro de Conven\u00e7\u00f5es Professor Gilberto Mestrinho, popularmente conhecido como samb\u00f3dromo, no Dom Pedro, zona Centro-Oeste.\" \/>\n<meta property=\"og:url\" content=\"https:\/\/www.manaus.am.gov.br\/semcom\/carnaval-de-manaus-2023-primeira-noite-do-desfile-oficial-das-escolas-de-samba-de-manaus-marca-a-retomada-do-evento-mais-esperado-do-ano\/\" \/>\n<meta property=\"og:site_name\" content=\"SEMCOM\" \/>\n<meta property=\"article:published_time\" content=\"2023-02-17T13:27:34+00:00\" \/>\n<meta property=\"article:modified_time\" content=\"2023-02-17T13:27:35+00:00\" \/>\n<meta property=\"og:image\" content=\"https:\/\/www.manaus.am.gov.br\/semcom\/wp-content\/uploads\/sites\/5\/2023\/02\/52694659413_acaff0850f_c.jpg\" \/>\n\t<meta property=\"og:image:width\" content=\"799\" \/>\n\t<meta property=\"og:image:height\" content=\"533\" \/>\n\t<meta property=\"og:image:type\" content=\"image\/jpeg\" \/>\n<meta name=\"author\" content=\"Adriana Costa\" \/>\n<meta name=\"twitter:card\" content=\"summary_large_image\" \/>\n<meta name=\"twitter:label1\" content=\"Written by\" \/>\n\t<meta name=\"twitter:data1\" content=\"Adriana Costa\" \/>\n\t<meta name=\"twitter:label2\" content=\"Est. reading time\" \/>\n\t<meta name=\"twitter:data2\" content=\"5 minutos\" \/>\n<script type=\"application\/ld+json\" class=\"yoast-schema-graph\">{\"@context\":\"https:\/\/schema.org\",\"@graph\":[{\"@type\":\"WebPage\",\"@id\":\"https:\/\/www.manaus.am.gov.br\/semcom\/carnaval-de-manaus-2023-primeira-noite-do-desfile-oficial-das-escolas-de-samba-de-manaus-marca-a-retomada-do-evento-mais-esperado-do-ano\/\",\"url\":\"https:\/\/www.manaus.am.gov.br\/semcom\/carnaval-de-manaus-2023-primeira-noite-do-desfile-oficial-das-escolas-de-samba-de-manaus-marca-a-retomada-do-evento-mais-esperado-do-ano\/\",\"name\":\"Primeira noite do Desfile Oficial das Escolas de Samba de Manaus marca a retomada do evento mais esperado do ano\",\"isPartOf\":{\"@id\":\"https:\/\/www.manaus.am.gov.br\/semcom\/#website\"},\"primaryImageOfPage\":{\"@id\":\"https:\/\/www.manaus.am.gov.br\/semcom\/carnaval-de-manaus-2023-primeira-noite-do-desfile-oficial-das-escolas-de-samba-de-manaus-marca-a-retomada-do-evento-mais-esperado-do-ano\/#primaryimage\"},\"image\":{\"@id\":\"https:\/\/www.manaus.am.gov.br\/semcom\/carnaval-de-manaus-2023-primeira-noite-do-desfile-oficial-das-escolas-de-samba-de-manaus-marca-a-retomada-do-evento-mais-esperado-do-ano\/#primaryimage\"},\"thumbnailUrl\":\"https:\/\/www.manaus.am.gov.br\/semcom\/wp-content\/uploads\/sites\/5\/2023\/02\/52694659413_acaff0850f_c.jpg\",\"datePublished\":\"2023-02-17T13:27:34+00:00\",\"dateModified\":\"2023-02-17T13:27:35+00:00\",\"author\":{\"@id\":\"https:\/\/www.manaus.am.gov.br\/semcom\/#\/schema\/person\/4e49f4e267757a06ca072ec61b2b9968\"},\"description\":\"As escolas de samba do Grupo de Acesso B abriram, na noite desta quinta-feira, 16\/2, o desfile oficial do Carnaval de Manaus 2023. O evento acontece no Centro de Conven\u00e7\u00f5es Professor Gilberto Mestrinho, popularmente conhecido como samb\u00f3dromo, no Dom Pedro, zona Centro-Oeste.\",\"inLanguage\":\"pt-BR\",\"potentialAction\":[{\"@type\":\"ReadAction\",\"target\":[\"https:\/\/www.manaus.am.gov.br\/semcom\/carnaval-de-manaus-2023-primeira-noite-do-desfile-oficial-das-escolas-de-samba-de-manaus-marca-a-retomada-do-evento-mais-esperado-do-ano\/\"]}]},{\"@type\":\"ImageObject\",\"inLanguage\":\"pt-BR\",\"@id\":\"https:\/\/www.manaus.am.gov.br\/semcom\/carnaval-de-manaus-2023-primeira-noite-do-desfile-oficial-das-escolas-de-samba-de-manaus-marca-a-retomada-do-evento-mais-esperado-do-ano\/#primaryimage\",\"url\":\"https:\/\/www.manaus.am.gov.br\/semcom\/wp-content\/uploads\/sites\/5\/2023\/02\/52694659413_acaff0850f_c.jpg\",\"contentUrl\":\"https:\/\/www.manaus.am.gov.br\/semcom\/wp-content\/uploads\/sites\/5\/2023\/02\/52694659413_acaff0850f_c.jpg\",\"width\":799,\"height\":533},{\"@type\":\"WebSite\",\"@id\":\"https:\/\/www.manaus.am.gov.br\/semcom\/#website\",\"url\":\"https:\/\/www.manaus.am.gov.br\/semcom\/\",\"name\":\"SEMCOM\",\"description\":\"Secretaria Municipal de Comunica\u00e7\u00e3o\",\"potentialAction\":[{\"@type\":\"SearchAction\",\"target\":{\"@type\":\"EntryPoint\",\"urlTemplate\":\"https:\/\/www.manaus.am.gov.br\/semcom\/?s={search_term_string}\"},\"query-input\":\"required name=search_term_string\"}],\"inLanguage\":\"pt-BR\"},{\"@type\":\"Person\",\"@id\":\"https:\/\/www.manaus.am.gov.br\/semcom\/#\/schema\/person\/4e49f4e267757a06ca072ec61b2b9968\",\"name\":\"Adriana Costa\",\"image\":{\"@type\":\"ImageObject\",\"inLanguage\":\"pt-BR\",\"@id\":\"https:\/\/www.manaus.am.gov.br\/semcom\/#\/schema\/person\/image\/\",\"url\":\"https:\/\/secure.gravatar.com\/avatar\/576258617ef7194f718179e766d57bd4?s=96&d=mm&r=g\",\"contentUrl\":\"https:\/\/secure.gravatar.com\/avatar\/576258617ef7194f718179e766d57bd4?s=96&d=mm&r=g\",\"caption\":\"Adriana Costa\"}}]}<\/script>\n<!-- \/ Yoast SEO plugin. -->","yoast_head_json":{"title":"Primeira noite do Desfile Oficial das Escolas de Samba de Manaus marca a retomada do evento mais esperado do ano","description":"As escolas de samba do Grupo de Acesso B abriram, na noite desta quinta-feira, 16\/2, o desfile oficial do Carnaval de Manaus 2023. O evento acontece no Centro de Conven\u00e7\u00f5es Professor Gilberto Mestrinho, popularmente conhecido como samb\u00f3dromo, no Dom Pedro, zona Centro-Oeste.","robots":{"index":"index","follow":"follow","max-snippet":"max-snippet:-1","max-image-preview":"max-image-preview:large","max-video-preview":"max-video-preview:-1"},"canonical":"https:\/\/www.manaus.am.gov.br\/semcom\/carnaval-de-manaus-2023-primeira-noite-do-desfile-oficial-das-escolas-de-samba-de-manaus-marca-a-retomada-do-evento-mais-esperado-do-ano\/","og_locale":"pt_BR","og_type":"article","og_title":"Primeira noite do Desfile Oficial das Escolas de Samba de Manaus marca a retomada do evento mais esperado do ano","og_description":"As escolas de samba do Grupo de Acesso B abriram, na noite desta quinta-feira, 16\/2, o desfile oficial do Carnaval de Manaus 2023. O evento acontece no Centro de Conven\u00e7\u00f5es Professor Gilberto Mestrinho, popularmente conhecido como samb\u00f3dromo, no Dom Pedro, zona Centro-Oeste.","og_url":"https:\/\/www.manaus.am.gov.br\/semcom\/carnaval-de-manaus-2023-primeira-noite-do-desfile-oficial-das-escolas-de-samba-de-manaus-marca-a-retomada-do-evento-mais-esperado-do-ano\/","og_site_name":"SEMCOM","article_published_time":"2023-02-17T13:27:34+00:00","article_modified_time":"2023-02-17T13:27:35+00:00","og_image":[{"width":799,"height":533,"url":"https:\/\/www.manaus.am.gov.br\/semcom\/wp-content\/uploads\/sites\/5\/2023\/02\/52694659413_acaff0850f_c.jpg","type":"image\/jpeg"}],"author":"Adriana Costa","twitter_card":"summary_large_image","twitter_misc":{"Written by":"Adriana Costa","Est. reading time":"5 minutos"},"schema":{"@context":"https:\/\/schema.org","@graph":[{"@type":"WebPage","@id":"https:\/\/www.manaus.am.gov.br\/semcom\/carnaval-de-manaus-2023-primeira-noite-do-desfile-oficial-das-escolas-de-samba-de-manaus-marca-a-retomada-do-evento-mais-esperado-do-ano\/","url":"https:\/\/www.manaus.am.gov.br\/semcom\/carnaval-de-manaus-2023-primeira-noite-do-desfile-oficial-das-escolas-de-samba-de-manaus-marca-a-retomada-do-evento-mais-esperado-do-ano\/","name":"Primeira noite do Desfile Oficial das Escolas de Samba de Manaus marca a retomada do evento mais esperado do ano","isPartOf":{"@id":"https:\/\/www.manaus.am.gov.br\/semcom\/#website"},"primaryImageOfPage":{"@id":"https:\/\/www.manaus.am.gov.br\/semcom\/carnaval-de-manaus-2023-primeira-noite-do-desfile-oficial-das-escolas-de-samba-de-manaus-marca-a-retomada-do-evento-mais-esperado-do-ano\/#primaryimage"},"image":{"@id":"https:\/\/www.manaus.am.gov.br\/semcom\/carnaval-de-manaus-2023-primeira-noite-do-desfile-oficial-das-escolas-de-samba-de-manaus-marca-a-retomada-do-evento-mais-esperado-do-ano\/#primaryimage"},"thumbnailUrl":"https:\/\/www.manaus.am.gov.br\/semcom\/wp-content\/uploads\/sites\/5\/2023\/02\/52694659413_acaff0850f_c.jpg","datePublished":"2023-02-17T13:27:34+00:00","dateModified":"2023-02-17T13:27:35+00:00","author":{"@id":"https:\/\/www.manaus.am.gov.br\/semcom\/#\/schema\/person\/4e49f4e267757a06ca072ec61b2b9968"},"description":"As escolas de samba do Grupo de Acesso B abriram, na noite desta quinta-feira, 16\/2, o desfile oficial do Carnaval de Manaus 2023. O evento acontece no Centro de Conven\u00e7\u00f5es Professor Gilberto Mestrinho, popularmente conhecido como samb\u00f3dromo, no Dom Pedro, zona Centro-Oeste.","inLanguage":"pt-BR","potentialAction":[{"@type":"ReadAction","target":["https:\/\/www.manaus.am.gov.br\/semcom\/carnaval-de-manaus-2023-primeira-noite-do-desfile-oficial-das-escolas-de-samba-de-manaus-marca-a-retomada-do-evento-mais-esperado-do-ano\/"]}]},{"@type":"ImageObject","inLanguage":"pt-BR","@id":"https:\/\/www.manaus.am.gov.br\/semcom\/carnaval-de-manaus-2023-primeira-noite-do-desfile-oficial-das-escolas-de-samba-de-manaus-marca-a-retomada-do-evento-mais-esperado-do-ano\/#primaryimage","url":"https:\/\/www.manaus.am.gov.br\/semcom\/wp-content\/uploads\/sites\/5\/2023\/02\/52694659413_acaff0850f_c.jpg","contentUrl":"https:\/\/www.manaus.am.gov.br\/semcom\/wp-content\/uploads\/sites\/5\/2023\/02\/52694659413_acaff0850f_c.jpg","width":799,"height":533},{"@type":"WebSite","@id":"https:\/\/www.manaus.am.gov.br\/semcom\/#website","url":"https:\/\/www.manaus.am.gov.br\/semcom\/","name":"SEMCOM","description":"Secretaria Municipal de Comunica\u00e7\u00e3o","potentialAction":[{"@type":"SearchAction","target":{"@type":"EntryPoint","urlTemplate":"https:\/\/www.manaus.am.gov.br\/semcom\/?s={search_term_string}"},"query-input":"required name=search_term_string"}],"inLanguage":"pt-BR"},{"@type":"Person","@id":"https:\/\/www.manaus.am.gov.br\/semcom\/#\/schema\/person\/4e49f4e267757a06ca072ec61b2b9968","name":"Adriana Costa","image":{"@type":"ImageObject","inLanguage":"pt-BR","@id":"https:\/\/www.manaus.am.gov.br\/semcom\/#\/schema\/person\/image\/","url":"https:\/\/secure.gravatar.com\/avatar\/576258617ef7194f718179e766d57bd4?s=96&d=mm&r=g","contentUrl":"https:\/\/secure.gravatar.com\/avatar\/576258617ef7194f718179e766d57bd4?s=96&d=mm&r=g","caption":"Adriana Costa"}}]}},"_links":{"self":[{"href":"https:\/\/www.manaus.am.gov.br\/semcom\/wp-json\/wp\/v2\/posts\/209347"}],"collection":[{"href":"https:\/\/www.manaus.am.gov.br\/semcom\/wp-json\/wp\/v2\/posts"}],"about":[{"href":"https:\/\/www.manaus.am.gov.br\/semcom\/wp-json\/wp\/v2\/types\/post"}],"author":[{"embeddable":true,"href":"https:\/\/www.manaus.am.gov.br\/semcom\/wp-json\/wp\/v2\/users\/23"}],"replies":[{"embeddable":true,"href":"https:\/\/www.manaus.am.gov.br\/semcom\/wp-json\/wp\/v2\/comments?post=209347"}],"version-history":[{"count":0,"href":"https:\/\/www.manaus.am.gov.br\/semcom\/wp-json\/wp\/v2\/posts\/209347\/revisions"}],"wp:featuredmedia":[{"embeddable":true,"href":"https:\/\/www.manaus.am.gov.br\/semcom\/wp-json\/wp\/v2\/media\/209348"}],"wp:attachment":[{"href":"https:\/\/www.manaus.am.gov.br\/semcom\/wp-json\/wp\/v2\/media?parent=209347"}],"wp:term":[{"taxonomy":"category","embeddable":true,"href":"https:\/\/www.manaus.am.gov.br\/semcom\/wp-json\/wp\/v2\/categories?post=209347"},{"taxonomy":"post_tag","embeddable":true,"href":"https:\/\/www.manaus.am.gov.br\/semcom\/wp-json\/wp\/v2\/tags?post=209347"}],"curies":[{"name":"wp","href":"https:\/\/api.w.org\/{rel}","templated":true}]}}