{"id":209339,"date":"2023-02-16T20:52:12","date_gmt":"2023-02-16T23:52:12","guid":{"rendered":"https:\/\/www.manaus.am.gov.br\/semcom\/2023\/02\/16\/prefeitura-leva-campanha-de-combate-ao-trabalho-infantil-a-desfiles-de-escolas-de-samba-a-partir-desta-quinta\/"},"modified":"2023-02-16T20:52:14","modified_gmt":"2023-02-16T23:52:14","slug":"prefeitura-leva-campanha-de-combate-ao-trabalho-infantil-a-desfiles-de-escolas-de-samba-a-partir-desta-quinta","status":"publish","type":"post","link":"https:\/\/www.manaus.am.gov.br\/semcom\/prefeitura-leva-campanha-de-combate-ao-trabalho-infantil-a-desfiles-de-escolas-de-samba-a-partir-desta-quinta\/","title":{"rendered":"<strong>Carnaval de Manaus 2023: Prefeitura leva campanha de combate ao trabalho infantil a desfiles de escolas de samba a partir desta quinta<\/strong>"},"content":{"rendered":"\n<p>Dando continuidade \u00e0 programa\u00e7\u00e3o da \u201cCampanha de Combate \u00e0 Explora\u00e7\u00e3o do Trabalho Infantil nas Ruas de Manaus\u201d, a Prefeitura de Manaus, por meio da Secretaria Municipal da Mulher, Assist\u00eancia Social e Cidadania (Semasc), com o apoio do Conselho Tutelar, inicia, nesta quinta-feira, 16\/2, a\u00e7\u00f5es de abordagem social e fiscaliza\u00e7\u00e3o no samb\u00f3dromo de Manaus, localizado no bairro Flores, zona Centro-Sul, durante o desfile das escolas de samba do Grupo de Acesso B, a partir das 19h.&nbsp;<\/p>\n\n\n\n<p>De acordo com a subsecret\u00e1ria de Pol\u00edticas Afirmativas para Mulheres e Direitos Humanos, Gra\u00e7a Prola, as a\u00e7\u00f5es tamb\u00e9m possuem o objetivo de garantir o cumprimento da determina\u00e7\u00e3o do Juizado da Inf\u00e2ncia e Juventude Infracional publicada na semana passada e que estabeleceu regras para a participa\u00e7\u00e3o de menores de idade em bandas, blocos e festas de rua durante o carnaval a fim de garantir a seguran\u00e7a de crian\u00e7as e adolescentes contra poss\u00edveis situa\u00e7\u00f5es de risco \u2013 entre elas, a explora\u00e7\u00e3o do trabalho infantil.<\/p>\n\n\n\n<p>\u201cNa semana passada, a Prefeitura de Manaus lan\u00e7ou a Opera\u00e7\u00e3o Carnaval 2023, trabalhando um conjunto de secretarias respons\u00e1veis pela prote\u00e7\u00e3o de crian\u00e7as e adolescentes de diferentes formas. Dito isso, estaremos l\u00e1, a partir de hoje, para prestar toda a orienta\u00e7\u00e3o necess\u00e1ria e, efetivamente, o apoio aos pais e respons\u00e1veis no que concerne \u00e0 n\u00e3o permiss\u00e3o de ingresso e perman\u00eancia de crian\u00e7as menores de 12 anos no samb\u00f3dromo\u201d, explicou a subsecret\u00e1ria.<\/p>\n\n\n\n<p>As abordagens continuam ainda na sexta-feira, dia 17, durante o desfile das escolas de samba do Grupo de Acesso A, tamb\u00e9m a partir das 19h. J\u00e1 no s\u00e1bado, dia 18, a Semasc participa da abertura do Acesso Especial do Desfile das Escolas de Samba, atrav\u00e9s do chamado \u201cBloco da Prote\u00e7\u00e3o\u201d, formado por servidores da assist\u00eancia social.<\/p>\n\n\n\n<p>A iniciativa, segundo a Chefe de Divis\u00e3o de M\u00e9dia Complexidade, M\u00e1rcia Helena, \u00e9 uma forma diferenciada de levar ao p\u00fablico a mensagem principal da campanha, sensibilizando a popula\u00e7\u00e3o sobre as consequ\u00eancias geradas pela oferta de trocados para as crian\u00e7as e adolescentes em estado de vulnerabilidade social. \u201cSempre que se faz isso as pessoas pensam que est\u00e3o ajudando, quando na verdade est\u00e3o apenas mantendo, cada vez, essas crian\u00e7as nos sinais\u201d, concluiu.<\/p>\n\n\n\n<p>\u201cO desfile ser\u00e1 o momento em que deixaremos ainda mais evidente a todos na sociedade a import\u00e2ncia de se verificar e trabalhar a situa\u00e7\u00e3o de fam\u00edlias em situa\u00e7\u00e3o de trabalho infantil nas ruas, destacando ainda o papel da popula\u00e7\u00e3o nesse processo de constru\u00e7\u00e3o de uma realidade melhor. O p\u00fablico precisa estar conosco para que essas fam\u00edlias possam sair da condi\u00e7\u00e3o de mendic\u00e2ncia\u201d, complementou a gerente do Programa de Erradica\u00e7\u00e3o do Trabalho Infantil (PETI), Geszimar da Silva.<\/p>\n\n\n\n<p>Al\u00e9m das a\u00e7\u00f5es no samb\u00f3dromo, a Semasc continua com as atividades de sensibiliza\u00e7\u00e3o ao longo de dez pontos de campanha espalhados pela cidade em localidades estrat\u00e9gicas, como nas avenidas Constantino Nery, Rodrigo Ot\u00e1vio, Coronel Teixeira e Noel Nutels, pontos que, al\u00e9m do grande fluxo de ve\u00edculos e pedestres, tamb\u00e9m apresentam a maior incid\u00eancia de crian\u00e7as e adolescentes nas sinaleiras da cidade.<\/p>\n\n\n\n<p><strong>Parceiros<\/strong><\/p>\n\n\n\n<p>Com mais de 20 secretarias, entidades e \u00f3rg\u00e3os parceiros, a \u201cCampanha de Combate \u00e0 Explora\u00e7\u00e3o do Trabalho Infantil nas Ruas de Manaus\u201d \u00e9 a maior j\u00e1 desenvolvida pela Prefeitura de Manaus no combate ao trabalho infantil.<\/p>\n\n\n\n<p>S\u00e3o parceiros: a Secretaria Municipal de Educa\u00e7\u00e3o (Semed), Secretaria Municipal de Sa\u00fade (Semsa), Secretaria Municipal do Trabalho, Empreendedorismo e Inova\u00e7\u00e3o (Semtepi), Secretaria de Estado de Justi\u00e7a, Direitos Humanos e Cidadania (Sejusc), Conselho Tutelar, F\u00f3rum Estadual de Preven\u00e7\u00e3o e Erradica\u00e7\u00e3o do Trabalho Infantil e Prote\u00e7\u00e3o ao Trabalho do Adolescente no Amazonas (Fepeti-AM), Secretaria de Seguran\u00e7a P\u00fablica do Estado do Amazonas (SSP-AM), Minist\u00e9rio P\u00fablico do Trabalho (MPT-AM), Minist\u00e9rio P\u00fablico do Estado do Amazonas (MPE-AM), Conselho Municipal dos Direitos da Crian\u00e7a e do Adolescente (CMDCA), Secretaria de Estado de Sa\u00fade (SES), Secretaria de Estado de Assist\u00eancia Social (SEAS), Defensoria P\u00fablica do Estado do Amazonas (DPE-AM), Tribunal de Justi\u00e7a do Estado do Amazonas (TJAM), Ag\u00eancia da ONU para Refugiados (Acnur), o Fundo das Na\u00e7\u00f5es Unidas para a Inf\u00e2ncia (Unicef), Amazonas Shopping e representantes de Organiza\u00e7\u00f5es da Sociedade Civil (OSCs).<\/p>\n\n\n\n<p>&#8212; &#8212; &#8212;<\/p>\n\n\n\n<p><strong>Texto &#8211;<\/strong> Guilherme Ara\u00fajo Pacheco \/ Semasc <\/p>\n\n\n\n<p><strong>Foto &#8211;<\/strong> Marcely Gomes \/ Semasc<\/p>\n","protected":false},"excerpt":{"rendered":"","protected":false},"author":39,"featured_media":209340,"comment_status":"closed","ping_status":"closed","sticky":false,"template":"","format":"standard","meta":{"footnotes":""},"categories":[272],"tags":[1202,269,896,1152,153],"acf":[],"yoast_head":"<!-- This site is optimized with the Yoast SEO plugin v23.0 - https:\/\/yoast.com\/wordpress\/plugins\/seo\/ -->\n<title>Prefeitura leva campanha de combate ao trabalho infantil a desfiles de escolas de samba<\/title>\n<meta name=\"description\" content=\"Prefeitura de Manaus, por meio da Semasc, com o apoio do Conselho Tutelar, inicia, a\u00e7\u00f5es de abordagem social e fiscaliza\u00e7\u00e3o no samb\u00f3dromo.\" \/>\n<meta name=\"robots\" content=\"index, follow, max-snippet:-1, max-image-preview:large, max-video-preview:-1\" \/>\n<link rel=\"canonical\" href=\"https:\/\/www.manaus.am.gov.br\/semcom\/prefeitura-leva-campanha-de-combate-ao-trabalho-infantil-a-desfiles-de-escolas-de-samba-a-partir-desta-quinta\/\" \/>\n<meta property=\"og:locale\" content=\"pt_BR\" \/>\n<meta property=\"og:type\" content=\"article\" \/>\n<meta property=\"og:title\" content=\"Prefeitura leva campanha de combate ao trabalho infantil a desfiles de escolas de samba\" \/>\n<meta property=\"og:description\" content=\"Prefeitura de Manaus, por meio da Semasc, com o apoio do Conselho Tutelar, inicia, a\u00e7\u00f5es de abordagem social e fiscaliza\u00e7\u00e3o no samb\u00f3dromo.\" \/>\n<meta property=\"og:url\" content=\"https:\/\/www.manaus.am.gov.br\/semcom\/prefeitura-leva-campanha-de-combate-ao-trabalho-infantil-a-desfiles-de-escolas-de-samba-a-partir-desta-quinta\/\" \/>\n<meta property=\"og:site_name\" content=\"SEMCOM\" \/>\n<meta property=\"article:published_time\" content=\"2023-02-16T23:52:12+00:00\" \/>\n<meta property=\"article:modified_time\" content=\"2023-02-16T23:52:14+00:00\" \/>\n<meta property=\"og:image\" content=\"https:\/\/www.manaus.am.gov.br\/semcom\/wp-content\/uploads\/sites\/5\/2023\/02\/Prefeitura-leva-campanha-de-combate-ao-trabalho-infantil-a-desfiles-de-escolas-de-samba-a-partir-desta-quinta-scaled.jpg\" \/>\n\t<meta property=\"og:image:width\" content=\"2560\" \/>\n\t<meta property=\"og:image:height\" content=\"1707\" \/>\n\t<meta property=\"og:image:type\" content=\"image\/jpeg\" \/>\n<meta name=\"author\" content=\"Bruna Greco\" \/>\n<meta name=\"twitter:card\" content=\"summary_large_image\" \/>\n<meta name=\"twitter:label1\" content=\"Written by\" \/>\n\t<meta name=\"twitter:data1\" content=\"Bruna Greco\" \/>\n\t<meta name=\"twitter:label2\" content=\"Est. reading time\" \/>\n\t<meta name=\"twitter:data2\" content=\"4 minutos\" \/>\n<script type=\"application\/ld+json\" class=\"yoast-schema-graph\">{\"@context\":\"https:\/\/schema.org\",\"@graph\":[{\"@type\":\"WebPage\",\"@id\":\"https:\/\/www.manaus.am.gov.br\/semcom\/prefeitura-leva-campanha-de-combate-ao-trabalho-infantil-a-desfiles-de-escolas-de-samba-a-partir-desta-quinta\/\",\"url\":\"https:\/\/www.manaus.am.gov.br\/semcom\/prefeitura-leva-campanha-de-combate-ao-trabalho-infantil-a-desfiles-de-escolas-de-samba-a-partir-desta-quinta\/\",\"name\":\"Prefeitura leva campanha de combate ao trabalho infantil a desfiles de escolas de samba\",\"isPartOf\":{\"@id\":\"https:\/\/www.manaus.am.gov.br\/semcom\/#website\"},\"primaryImageOfPage\":{\"@id\":\"https:\/\/www.manaus.am.gov.br\/semcom\/prefeitura-leva-campanha-de-combate-ao-trabalho-infantil-a-desfiles-de-escolas-de-samba-a-partir-desta-quinta\/#primaryimage\"},\"image\":{\"@id\":\"https:\/\/www.manaus.am.gov.br\/semcom\/prefeitura-leva-campanha-de-combate-ao-trabalho-infantil-a-desfiles-de-escolas-de-samba-a-partir-desta-quinta\/#primaryimage\"},\"thumbnailUrl\":\"https:\/\/www.manaus.am.gov.br\/semcom\/wp-content\/uploads\/sites\/5\/2023\/02\/Prefeitura-leva-campanha-de-combate-ao-trabalho-infantil-a-desfiles-de-escolas-de-samba-a-partir-desta-quinta-scaled.jpg\",\"datePublished\":\"2023-02-16T23:52:12+00:00\",\"dateModified\":\"2023-02-16T23:52:14+00:00\",\"author\":{\"@id\":\"https:\/\/www.manaus.am.gov.br\/semcom\/#\/schema\/person\/05d223aea2bf115f9883a6ff3683d81b\"},\"description\":\"Prefeitura de Manaus, por meio da Semasc, com o apoio do Conselho Tutelar, inicia, a\u00e7\u00f5es de abordagem social e fiscaliza\u00e7\u00e3o no samb\u00f3dromo.\",\"inLanguage\":\"pt-BR\",\"potentialAction\":[{\"@type\":\"ReadAction\",\"target\":[\"https:\/\/www.manaus.am.gov.br\/semcom\/prefeitura-leva-campanha-de-combate-ao-trabalho-infantil-a-desfiles-de-escolas-de-samba-a-partir-desta-quinta\/\"]}]},{\"@type\":\"ImageObject\",\"inLanguage\":\"pt-BR\",\"@id\":\"https:\/\/www.manaus.am.gov.br\/semcom\/prefeitura-leva-campanha-de-combate-ao-trabalho-infantil-a-desfiles-de-escolas-de-samba-a-partir-desta-quinta\/#primaryimage\",\"url\":\"https:\/\/www.manaus.am.gov.br\/semcom\/wp-content\/uploads\/sites\/5\/2023\/02\/Prefeitura-leva-campanha-de-combate-ao-trabalho-infantil-a-desfiles-de-escolas-de-samba-a-partir-desta-quinta-scaled.jpg\",\"contentUrl\":\"https:\/\/www.manaus.am.gov.br\/semcom\/wp-content\/uploads\/sites\/5\/2023\/02\/Prefeitura-leva-campanha-de-combate-ao-trabalho-infantil-a-desfiles-de-escolas-de-samba-a-partir-desta-quinta-scaled.jpg\",\"width\":2560,\"height\":1707},{\"@type\":\"WebSite\",\"@id\":\"https:\/\/www.manaus.am.gov.br\/semcom\/#website\",\"url\":\"https:\/\/www.manaus.am.gov.br\/semcom\/\",\"name\":\"SEMCOM\",\"description\":\"Secretaria Municipal de Comunica\u00e7\u00e3o\",\"potentialAction\":[{\"@type\":\"SearchAction\",\"target\":{\"@type\":\"EntryPoint\",\"urlTemplate\":\"https:\/\/www.manaus.am.gov.br\/semcom\/?s={search_term_string}\"},\"query-input\":\"required name=search_term_string\"}],\"inLanguage\":\"pt-BR\"},{\"@type\":\"Person\",\"@id\":\"https:\/\/www.manaus.am.gov.br\/semcom\/#\/schema\/person\/05d223aea2bf115f9883a6ff3683d81b\",\"name\":\"Bruna Greco\",\"image\":{\"@type\":\"ImageObject\",\"inLanguage\":\"pt-BR\",\"@id\":\"https:\/\/www.manaus.am.gov.br\/semcom\/#\/schema\/person\/image\/\",\"url\":\"https:\/\/secure.gravatar.com\/avatar\/9c877d1a6adc2a055330e5c09a8653ce?s=96&d=mm&r=g\",\"contentUrl\":\"https:\/\/secure.gravatar.com\/avatar\/9c877d1a6adc2a055330e5c09a8653ce?s=96&d=mm&r=g\",\"caption\":\"Bruna Greco\"}}]}<\/script>\n<!-- \/ Yoast SEO plugin. -->","yoast_head_json":{"title":"Prefeitura leva campanha de combate ao trabalho infantil a desfiles de escolas de samba","description":"Prefeitura de Manaus, por meio da Semasc, com o apoio do Conselho Tutelar, inicia, a\u00e7\u00f5es de abordagem social e fiscaliza\u00e7\u00e3o no samb\u00f3dromo.","robots":{"index":"index","follow":"follow","max-snippet":"max-snippet:-1","max-image-preview":"max-image-preview:large","max-video-preview":"max-video-preview:-1"},"canonical":"https:\/\/www.manaus.am.gov.br\/semcom\/prefeitura-leva-campanha-de-combate-ao-trabalho-infantil-a-desfiles-de-escolas-de-samba-a-partir-desta-quinta\/","og_locale":"pt_BR","og_type":"article","og_title":"Prefeitura leva campanha de combate ao trabalho infantil a desfiles de escolas de samba","og_description":"Prefeitura de Manaus, por meio da Semasc, com o apoio do Conselho Tutelar, inicia, a\u00e7\u00f5es de abordagem social e fiscaliza\u00e7\u00e3o no samb\u00f3dromo.","og_url":"https:\/\/www.manaus.am.gov.br\/semcom\/prefeitura-leva-campanha-de-combate-ao-trabalho-infantil-a-desfiles-de-escolas-de-samba-a-partir-desta-quinta\/","og_site_name":"SEMCOM","article_published_time":"2023-02-16T23:52:12+00:00","article_modified_time":"2023-02-16T23:52:14+00:00","og_image":[{"width":2560,"height":1707,"url":"https:\/\/www.manaus.am.gov.br\/semcom\/wp-content\/uploads\/sites\/5\/2023\/02\/Prefeitura-leva-campanha-de-combate-ao-trabalho-infantil-a-desfiles-de-escolas-de-samba-a-partir-desta-quinta-scaled.jpg","type":"image\/jpeg"}],"author":"Bruna Greco","twitter_card":"summary_large_image","twitter_misc":{"Written by":"Bruna Greco","Est. reading time":"4 minutos"},"schema":{"@context":"https:\/\/schema.org","@graph":[{"@type":"WebPage","@id":"https:\/\/www.manaus.am.gov.br\/semcom\/prefeitura-leva-campanha-de-combate-ao-trabalho-infantil-a-desfiles-de-escolas-de-samba-a-partir-desta-quinta\/","url":"https:\/\/www.manaus.am.gov.br\/semcom\/prefeitura-leva-campanha-de-combate-ao-trabalho-infantil-a-desfiles-de-escolas-de-samba-a-partir-desta-quinta\/","name":"Prefeitura leva campanha de combate ao trabalho infantil a desfiles de escolas de samba","isPartOf":{"@id":"https:\/\/www.manaus.am.gov.br\/semcom\/#website"},"primaryImageOfPage":{"@id":"https:\/\/www.manaus.am.gov.br\/semcom\/prefeitura-leva-campanha-de-combate-ao-trabalho-infantil-a-desfiles-de-escolas-de-samba-a-partir-desta-quinta\/#primaryimage"},"image":{"@id":"https:\/\/www.manaus.am.gov.br\/semcom\/prefeitura-leva-campanha-de-combate-ao-trabalho-infantil-a-desfiles-de-escolas-de-samba-a-partir-desta-quinta\/#primaryimage"},"thumbnailUrl":"https:\/\/www.manaus.am.gov.br\/semcom\/wp-content\/uploads\/sites\/5\/2023\/02\/Prefeitura-leva-campanha-de-combate-ao-trabalho-infantil-a-desfiles-de-escolas-de-samba-a-partir-desta-quinta-scaled.jpg","datePublished":"2023-02-16T23:52:12+00:00","dateModified":"2023-02-16T23:52:14+00:00","author":{"@id":"https:\/\/www.manaus.am.gov.br\/semcom\/#\/schema\/person\/05d223aea2bf115f9883a6ff3683d81b"},"description":"Prefeitura de Manaus, por meio da Semasc, com o apoio do Conselho Tutelar, inicia, a\u00e7\u00f5es de abordagem social e fiscaliza\u00e7\u00e3o no samb\u00f3dromo.","inLanguage":"pt-BR","potentialAction":[{"@type":"ReadAction","target":["https:\/\/www.manaus.am.gov.br\/semcom\/prefeitura-leva-campanha-de-combate-ao-trabalho-infantil-a-desfiles-de-escolas-de-samba-a-partir-desta-quinta\/"]}]},{"@type":"ImageObject","inLanguage":"pt-BR","@id":"https:\/\/www.manaus.am.gov.br\/semcom\/prefeitura-leva-campanha-de-combate-ao-trabalho-infantil-a-desfiles-de-escolas-de-samba-a-partir-desta-quinta\/#primaryimage","url":"https:\/\/www.manaus.am.gov.br\/semcom\/wp-content\/uploads\/sites\/5\/2023\/02\/Prefeitura-leva-campanha-de-combate-ao-trabalho-infantil-a-desfiles-de-escolas-de-samba-a-partir-desta-quinta-scaled.jpg","contentUrl":"https:\/\/www.manaus.am.gov.br\/semcom\/wp-content\/uploads\/sites\/5\/2023\/02\/Prefeitura-leva-campanha-de-combate-ao-trabalho-infantil-a-desfiles-de-escolas-de-samba-a-partir-desta-quinta-scaled.jpg","width":2560,"height":1707},{"@type":"WebSite","@id":"https:\/\/www.manaus.am.gov.br\/semcom\/#website","url":"https:\/\/www.manaus.am.gov.br\/semcom\/","name":"SEMCOM","description":"Secretaria Municipal de Comunica\u00e7\u00e3o","potentialAction":[{"@type":"SearchAction","target":{"@type":"EntryPoint","urlTemplate":"https:\/\/www.manaus.am.gov.br\/semcom\/?s={search_term_string}"},"query-input":"required name=search_term_string"}],"inLanguage":"pt-BR"},{"@type":"Person","@id":"https:\/\/www.manaus.am.gov.br\/semcom\/#\/schema\/person\/05d223aea2bf115f9883a6ff3683d81b","name":"Bruna Greco","image":{"@type":"ImageObject","inLanguage":"pt-BR","@id":"https:\/\/www.manaus.am.gov.br\/semcom\/#\/schema\/person\/image\/","url":"https:\/\/secure.gravatar.com\/avatar\/9c877d1a6adc2a055330e5c09a8653ce?s=96&d=mm&r=g","contentUrl":"https:\/\/secure.gravatar.com\/avatar\/9c877d1a6adc2a055330e5c09a8653ce?s=96&d=mm&r=g","caption":"Bruna Greco"}}]}},"_links":{"self":[{"href":"https:\/\/www.manaus.am.gov.br\/semcom\/wp-json\/wp\/v2\/posts\/209339"}],"collection":[{"href":"https:\/\/www.manaus.am.gov.br\/semcom\/wp-json\/wp\/v2\/posts"}],"about":[{"href":"https:\/\/www.manaus.am.gov.br\/semcom\/wp-json\/wp\/v2\/types\/post"}],"author":[{"embeddable":true,"href":"https:\/\/www.manaus.am.gov.br\/semcom\/wp-json\/wp\/v2\/users\/39"}],"replies":[{"embeddable":true,"href":"https:\/\/www.manaus.am.gov.br\/semcom\/wp-json\/wp\/v2\/comments?post=209339"}],"version-history":[{"count":0,"href":"https:\/\/www.manaus.am.gov.br\/semcom\/wp-json\/wp\/v2\/posts\/209339\/revisions"}],"wp:featuredmedia":[{"embeddable":true,"href":"https:\/\/www.manaus.am.gov.br\/semcom\/wp-json\/wp\/v2\/media\/209340"}],"wp:attachment":[{"href":"https:\/\/www.manaus.am.gov.br\/semcom\/wp-json\/wp\/v2\/media?parent=209339"}],"wp:term":[{"taxonomy":"category","embeddable":true,"href":"https:\/\/www.manaus.am.gov.br\/semcom\/wp-json\/wp\/v2\/categories?post=209339"},{"taxonomy":"post_tag","embeddable":true,"href":"https:\/\/www.manaus.am.gov.br\/semcom\/wp-json\/wp\/v2\/tags?post=209339"}],"curies":[{"name":"wp","href":"https:\/\/api.w.org\/{rel}","templated":true}]}}