{"id":209312,"date":"2023-02-16T16:53:08","date_gmt":"2023-02-16T19:53:08","guid":{"rendered":"https:\/\/www.manaus.am.gov.br\/semcom\/2023\/02\/16\/desfile-das-escolas-de-samba-movimenta-economia-na-capital\/"},"modified":"2023-02-16T16:53:09","modified_gmt":"2023-02-16T19:53:09","slug":"desfile-das-escolas-de-samba-movimenta-economia-na-capital","status":"publish","type":"post","link":"https:\/\/www.manaus.am.gov.br\/semcom\/desfile-das-escolas-de-samba-movimenta-economia-na-capital\/","title":{"rendered":"<strong>Carnaval de Manaus 2023: Desfile das escolas de samba movimenta economia na capital<\/strong>"},"content":{"rendered":"\n<p>Este ano, o desfile das escolas de samba, que receberam reajuste de 20% no valor do repasse financeiro, totalizando R$ 2.229.541,60 (dois milh\u00f5es, duzentos e vinte e nove mil, quinhentos e quarenta e um reais e sessenta centavos) disponibilizados pela Prefeitura de Manaus, por meio da Funda\u00e7\u00e3o Municipal de Cultura, Turismo e Evento (Manauscult), come\u00e7a nesta quinta-feira, 16\/2, no centro de conven\u00e7\u00f5es de Manaus, o samb\u00f3dromo, na avenida Pedro Teixeira, zona Centro-Sul.<\/p>\n\n\n\n<p>A vice-presidente da Manauscult, Oreni Braga, explica que esse fomento, tamb\u00e9m, significa aumento no volume financeiro da arrecada\u00e7\u00e3o de tributos como, por exemplo, o recolhimento do Imposto Sobre Servi\u00e7os de Qualquer Natureza (ISS).<\/p>\n\n\n\n<p>\u201cAl\u00e9m de uma bonita festa popular, o Carnaval tamb\u00e9m \u00e9 respons\u00e1vel pela movimenta\u00e7\u00e3o de alguns setores da economia. O recurso pago ao setor do samba j\u00e1 movimenta mais de 20 mil postos de trabalhos tempor\u00e1rios, al\u00e9m do incremento nas vendas em com\u00e9rcios de ferragens, a\u00e7o, madeira, tintas, tecidos, bebidas e alimentos\u201d, concluiu Oreni.<\/p>\n\n\n\n<p>De acordo com Alu\u00edzio Nascimento, presidente da Uni\u00e3o das Escolas de Samba do Amazonas (Uesaam), o apoio dado pelo prefeito David Almeida para a realiza\u00e7\u00e3o do desfile das Escolas de Samba de Manaus do Grupo Especial, \u201cA\u201d e \u201cB\u201d, no Carnaval de 2023, foi decisivo.<\/p>\n\n\n\n<p>\u201cN\u00f3s, fazedoras de cultura popular, enfrentamos muitas dificuldades e com a pandemia, elas triplicaram. Mas, gra\u00e7as ao apoio que recebemos da Prefeitura de Manaus e da comunidade, conseguimos preparar uma bel\u00edssima apresenta\u00e7\u00e3o, fruto do trabalho de profissionais, entre eles soldadores, marceneiros, carpinteiros, pintores, decoradores, estilistas, costureiras e empurradores dos carros aleg\u00f3ricos\u201d, comentou Alu\u00edzio.<\/p>\n\n\n\n<p>O presidente da Uesaam tamb\u00e9m ressaltou que o samba movimenta, indiretamente, uma m\u00e9dia de 3 mil trabalhadores, e que os gastos de uma agremia\u00e7\u00e3o v\u00e3o desde a documenta\u00e7\u00e3o at\u00e9 a compra de insumos.<\/p>\n\n\n\n<p>&#8220;No carro aleg\u00f3rico, por exemplo, h\u00e1 gastos com manuten\u00e7\u00e3o do chassi, pneus, caixa de dire\u00e7\u00e3o, ferragens, tecido, madeira ou a\u00e7o, dependendo do que o carnavalesco projetou. E na hora da aquisi\u00e7\u00e3o de insumos, onde grande parte vem de fora, priorizamos ao m\u00e1ximo comprar o que \u00e9 poss\u00edvel aqui na nossa cidade, como ilumina\u00e7\u00e3o led, gal\u00e3o, cola, tecidos, pedrarias e plumagens\u201d, pontuou Alu\u00edzio.<\/p>\n\n\n\n<p>O levantamento feito pela Uesaam aponta que entre as fun\u00e7\u00f5es mais bem pagas est\u00e1 a do artista respons\u00e1vel pela cria\u00e7\u00e3o dos carros e alegorias, onde uma obra de pequeno porte custa algo em torno de R$ 20 mil.<\/p>\n\n\n\n<p><strong>Ind\u00fastria da Economia Criativa<\/strong><\/p>\n\n\n\n<p>As contrata\u00e7\u00f5es tempor\u00e1rias movimentam toda a ind\u00fastria da economia criativa e ajudam a gerar renda para pessoas que est\u00e3o desempregadas, a exemplo dos mais de 380 trabalhadores contratados pelas agremia\u00e7\u00f5es dos grupos de acesso, conforme explica Dudson Carvalho, presidente do Grupo de Acesso Oficial da Cultura Popular (GAOCP).<\/p>\n\n\n\n<p>\u201cA gera\u00e7\u00e3o de emprego contempla contrata\u00e7\u00f5es de artistas para os barrac\u00f5es, costureiras e bordadeiras para as oficinas de indument\u00e1rias e fantasias, profissionais de artes visuais, de solda art\u00edstica, de pinturas e revestimento de alegorias, por exemplo. \u00c9 importante avaliar a movimenta\u00e7\u00e3o econ\u00f4mica gerada pelo nosso setor e a pot\u00eancia da classe trabalhadora envolvida no Carnaval de Manaus. Estamos vindo de dois anos de pandemia, onde muitos artistas renomados, em busca do sustento, tiveram que migrar para outros estados como Rio de Janeiro e S\u00e3o Paulo, gerando uma certa escassez e aumento do valor da m\u00e3o de obra. Mas, estamos superando\u201d, finalizou Dudson.<\/p>\n\n\n\n<p>&#8212; &#8212; &#8212;<\/p>\n\n\n\n<p><strong>Texto<\/strong> &#8211; Emanuelle Baires \/ Manauscult<\/p>\n\n\n\n<p><strong>Foto<\/strong> &#8211; Divulga\u00e7\u00e3o \/ Arquivo Manauscult<\/p>\n","protected":false},"excerpt":{"rendered":"","protected":false},"author":39,"featured_media":209313,"comment_status":"closed","ping_status":"closed","sticky":false,"template":"","format":"standard","meta":{"footnotes":""},"categories":[930],"tags":[896,1152,1153,1176,307],"acf":[],"yoast_head":"<!-- This site is optimized with the Yoast SEO plugin v23.0 - https:\/\/yoast.com\/wordpress\/plugins\/seo\/ -->\n<title>Desfile das escolas de samba movimenta economia na capital<\/title>\n<meta name=\"description\" content=\"Este ano, o desfile das escolas de samba, que receberam reajuste de 20% no valor do repasse financeiro, totalizou R$ 2.229.541,60 disponibilizados pela prefeitura.\" \/>\n<meta name=\"robots\" content=\"index, follow, max-snippet:-1, max-image-preview:large, max-video-preview:-1\" \/>\n<link rel=\"canonical\" href=\"https:\/\/www.manaus.am.gov.br\/semcom\/desfile-das-escolas-de-samba-movimenta-economia-na-capital\/\" \/>\n<meta property=\"og:locale\" content=\"pt_BR\" \/>\n<meta property=\"og:type\" content=\"article\" \/>\n<meta property=\"og:title\" content=\"Desfile das escolas de samba movimenta economia na capital\" \/>\n<meta property=\"og:description\" content=\"Este ano, o desfile das escolas de samba, que receberam reajuste de 20% no valor do repasse financeiro, totalizou R$ 2.229.541,60 disponibilizados pela prefeitura.\" \/>\n<meta property=\"og:url\" content=\"https:\/\/www.manaus.am.gov.br\/semcom\/desfile-das-escolas-de-samba-movimenta-economia-na-capital\/\" \/>\n<meta property=\"og:site_name\" content=\"SEMCOM\" \/>\n<meta property=\"article:published_time\" content=\"2023-02-16T19:53:08+00:00\" \/>\n<meta property=\"article:modified_time\" content=\"2023-02-16T19:53:09+00:00\" \/>\n<meta property=\"og:image\" content=\"https:\/\/www.manaus.am.gov.br\/semcom\/wp-content\/uploads\/sites\/5\/2023\/02\/Desfile-das-escolas-de-samba-movimenta-economia-na-capital.jpg\" \/>\n\t<meta property=\"og:image:width\" content=\"1600\" \/>\n\t<meta property=\"og:image:height\" content=\"1060\" \/>\n\t<meta property=\"og:image:type\" content=\"image\/jpeg\" \/>\n<meta name=\"author\" content=\"Bruna Greco\" \/>\n<meta name=\"twitter:card\" content=\"summary_large_image\" \/>\n<meta name=\"twitter:label1\" content=\"Written by\" \/>\n\t<meta name=\"twitter:data1\" content=\"Bruna Greco\" \/>\n\t<meta name=\"twitter:label2\" content=\"Est. reading time\" \/>\n\t<meta name=\"twitter:data2\" content=\"4 minutos\" \/>\n<script type=\"application\/ld+json\" class=\"yoast-schema-graph\">{\"@context\":\"https:\/\/schema.org\",\"@graph\":[{\"@type\":\"WebPage\",\"@id\":\"https:\/\/www.manaus.am.gov.br\/semcom\/desfile-das-escolas-de-samba-movimenta-economia-na-capital\/\",\"url\":\"https:\/\/www.manaus.am.gov.br\/semcom\/desfile-das-escolas-de-samba-movimenta-economia-na-capital\/\",\"name\":\"Desfile das escolas de samba movimenta economia na capital\",\"isPartOf\":{\"@id\":\"https:\/\/www.manaus.am.gov.br\/semcom\/#website\"},\"primaryImageOfPage\":{\"@id\":\"https:\/\/www.manaus.am.gov.br\/semcom\/desfile-das-escolas-de-samba-movimenta-economia-na-capital\/#primaryimage\"},\"image\":{\"@id\":\"https:\/\/www.manaus.am.gov.br\/semcom\/desfile-das-escolas-de-samba-movimenta-economia-na-capital\/#primaryimage\"},\"thumbnailUrl\":\"https:\/\/www.manaus.am.gov.br\/semcom\/wp-content\/uploads\/sites\/5\/2023\/02\/Desfile-das-escolas-de-samba-movimenta-economia-na-capital.jpg\",\"datePublished\":\"2023-02-16T19:53:08+00:00\",\"dateModified\":\"2023-02-16T19:53:09+00:00\",\"author\":{\"@id\":\"https:\/\/www.manaus.am.gov.br\/semcom\/#\/schema\/person\/05d223aea2bf115f9883a6ff3683d81b\"},\"description\":\"Este ano, o desfile das escolas de samba, que receberam reajuste de 20% no valor do repasse financeiro, totalizou R$ 2.229.541,60 disponibilizados pela prefeitura.\",\"inLanguage\":\"pt-BR\",\"potentialAction\":[{\"@type\":\"ReadAction\",\"target\":[\"https:\/\/www.manaus.am.gov.br\/semcom\/desfile-das-escolas-de-samba-movimenta-economia-na-capital\/\"]}]},{\"@type\":\"ImageObject\",\"inLanguage\":\"pt-BR\",\"@id\":\"https:\/\/www.manaus.am.gov.br\/semcom\/desfile-das-escolas-de-samba-movimenta-economia-na-capital\/#primaryimage\",\"url\":\"https:\/\/www.manaus.am.gov.br\/semcom\/wp-content\/uploads\/sites\/5\/2023\/02\/Desfile-das-escolas-de-samba-movimenta-economia-na-capital.jpg\",\"contentUrl\":\"https:\/\/www.manaus.am.gov.br\/semcom\/wp-content\/uploads\/sites\/5\/2023\/02\/Desfile-das-escolas-de-samba-movimenta-economia-na-capital.jpg\",\"width\":1600,\"height\":1060},{\"@type\":\"WebSite\",\"@id\":\"https:\/\/www.manaus.am.gov.br\/semcom\/#website\",\"url\":\"https:\/\/www.manaus.am.gov.br\/semcom\/\",\"name\":\"SEMCOM\",\"description\":\"Secretaria Municipal de Comunica\u00e7\u00e3o\",\"potentialAction\":[{\"@type\":\"SearchAction\",\"target\":{\"@type\":\"EntryPoint\",\"urlTemplate\":\"https:\/\/www.manaus.am.gov.br\/semcom\/?s={search_term_string}\"},\"query-input\":\"required name=search_term_string\"}],\"inLanguage\":\"pt-BR\"},{\"@type\":\"Person\",\"@id\":\"https:\/\/www.manaus.am.gov.br\/semcom\/#\/schema\/person\/05d223aea2bf115f9883a6ff3683d81b\",\"name\":\"Bruna Greco\",\"image\":{\"@type\":\"ImageObject\",\"inLanguage\":\"pt-BR\",\"@id\":\"https:\/\/www.manaus.am.gov.br\/semcom\/#\/schema\/person\/image\/\",\"url\":\"https:\/\/secure.gravatar.com\/avatar\/9c877d1a6adc2a055330e5c09a8653ce?s=96&d=mm&r=g\",\"contentUrl\":\"https:\/\/secure.gravatar.com\/avatar\/9c877d1a6adc2a055330e5c09a8653ce?s=96&d=mm&r=g\",\"caption\":\"Bruna Greco\"}}]}<\/script>\n<!-- \/ Yoast SEO plugin. -->","yoast_head_json":{"title":"Desfile das escolas de samba movimenta economia na capital","description":"Este ano, o desfile das escolas de samba, que receberam reajuste de 20% no valor do repasse financeiro, totalizou R$ 2.229.541,60 disponibilizados pela prefeitura.","robots":{"index":"index","follow":"follow","max-snippet":"max-snippet:-1","max-image-preview":"max-image-preview:large","max-video-preview":"max-video-preview:-1"},"canonical":"https:\/\/www.manaus.am.gov.br\/semcom\/desfile-das-escolas-de-samba-movimenta-economia-na-capital\/","og_locale":"pt_BR","og_type":"article","og_title":"Desfile das escolas de samba movimenta economia na capital","og_description":"Este ano, o desfile das escolas de samba, que receberam reajuste de 20% no valor do repasse financeiro, totalizou R$ 2.229.541,60 disponibilizados pela prefeitura.","og_url":"https:\/\/www.manaus.am.gov.br\/semcom\/desfile-das-escolas-de-samba-movimenta-economia-na-capital\/","og_site_name":"SEMCOM","article_published_time":"2023-02-16T19:53:08+00:00","article_modified_time":"2023-02-16T19:53:09+00:00","og_image":[{"width":1600,"height":1060,"url":"https:\/\/www.manaus.am.gov.br\/semcom\/wp-content\/uploads\/sites\/5\/2023\/02\/Desfile-das-escolas-de-samba-movimenta-economia-na-capital.jpg","type":"image\/jpeg"}],"author":"Bruna Greco","twitter_card":"summary_large_image","twitter_misc":{"Written by":"Bruna Greco","Est. reading time":"4 minutos"},"schema":{"@context":"https:\/\/schema.org","@graph":[{"@type":"WebPage","@id":"https:\/\/www.manaus.am.gov.br\/semcom\/desfile-das-escolas-de-samba-movimenta-economia-na-capital\/","url":"https:\/\/www.manaus.am.gov.br\/semcom\/desfile-das-escolas-de-samba-movimenta-economia-na-capital\/","name":"Desfile das escolas de samba movimenta economia na capital","isPartOf":{"@id":"https:\/\/www.manaus.am.gov.br\/semcom\/#website"},"primaryImageOfPage":{"@id":"https:\/\/www.manaus.am.gov.br\/semcom\/desfile-das-escolas-de-samba-movimenta-economia-na-capital\/#primaryimage"},"image":{"@id":"https:\/\/www.manaus.am.gov.br\/semcom\/desfile-das-escolas-de-samba-movimenta-economia-na-capital\/#primaryimage"},"thumbnailUrl":"https:\/\/www.manaus.am.gov.br\/semcom\/wp-content\/uploads\/sites\/5\/2023\/02\/Desfile-das-escolas-de-samba-movimenta-economia-na-capital.jpg","datePublished":"2023-02-16T19:53:08+00:00","dateModified":"2023-02-16T19:53:09+00:00","author":{"@id":"https:\/\/www.manaus.am.gov.br\/semcom\/#\/schema\/person\/05d223aea2bf115f9883a6ff3683d81b"},"description":"Este ano, o desfile das escolas de samba, que receberam reajuste de 20% no valor do repasse financeiro, totalizou R$ 2.229.541,60 disponibilizados pela prefeitura.","inLanguage":"pt-BR","potentialAction":[{"@type":"ReadAction","target":["https:\/\/www.manaus.am.gov.br\/semcom\/desfile-das-escolas-de-samba-movimenta-economia-na-capital\/"]}]},{"@type":"ImageObject","inLanguage":"pt-BR","@id":"https:\/\/www.manaus.am.gov.br\/semcom\/desfile-das-escolas-de-samba-movimenta-economia-na-capital\/#primaryimage","url":"https:\/\/www.manaus.am.gov.br\/semcom\/wp-content\/uploads\/sites\/5\/2023\/02\/Desfile-das-escolas-de-samba-movimenta-economia-na-capital.jpg","contentUrl":"https:\/\/www.manaus.am.gov.br\/semcom\/wp-content\/uploads\/sites\/5\/2023\/02\/Desfile-das-escolas-de-samba-movimenta-economia-na-capital.jpg","width":1600,"height":1060},{"@type":"WebSite","@id":"https:\/\/www.manaus.am.gov.br\/semcom\/#website","url":"https:\/\/www.manaus.am.gov.br\/semcom\/","name":"SEMCOM","description":"Secretaria Municipal de Comunica\u00e7\u00e3o","potentialAction":[{"@type":"SearchAction","target":{"@type":"EntryPoint","urlTemplate":"https:\/\/www.manaus.am.gov.br\/semcom\/?s={search_term_string}"},"query-input":"required name=search_term_string"}],"inLanguage":"pt-BR"},{"@type":"Person","@id":"https:\/\/www.manaus.am.gov.br\/semcom\/#\/schema\/person\/05d223aea2bf115f9883a6ff3683d81b","name":"Bruna Greco","image":{"@type":"ImageObject","inLanguage":"pt-BR","@id":"https:\/\/www.manaus.am.gov.br\/semcom\/#\/schema\/person\/image\/","url":"https:\/\/secure.gravatar.com\/avatar\/9c877d1a6adc2a055330e5c09a8653ce?s=96&d=mm&r=g","contentUrl":"https:\/\/secure.gravatar.com\/avatar\/9c877d1a6adc2a055330e5c09a8653ce?s=96&d=mm&r=g","caption":"Bruna Greco"}}]}},"_links":{"self":[{"href":"https:\/\/www.manaus.am.gov.br\/semcom\/wp-json\/wp\/v2\/posts\/209312"}],"collection":[{"href":"https:\/\/www.manaus.am.gov.br\/semcom\/wp-json\/wp\/v2\/posts"}],"about":[{"href":"https:\/\/www.manaus.am.gov.br\/semcom\/wp-json\/wp\/v2\/types\/post"}],"author":[{"embeddable":true,"href":"https:\/\/www.manaus.am.gov.br\/semcom\/wp-json\/wp\/v2\/users\/39"}],"replies":[{"embeddable":true,"href":"https:\/\/www.manaus.am.gov.br\/semcom\/wp-json\/wp\/v2\/comments?post=209312"}],"version-history":[{"count":0,"href":"https:\/\/www.manaus.am.gov.br\/semcom\/wp-json\/wp\/v2\/posts\/209312\/revisions"}],"wp:featuredmedia":[{"embeddable":true,"href":"https:\/\/www.manaus.am.gov.br\/semcom\/wp-json\/wp\/v2\/media\/209313"}],"wp:attachment":[{"href":"https:\/\/www.manaus.am.gov.br\/semcom\/wp-json\/wp\/v2\/media?parent=209312"}],"wp:term":[{"taxonomy":"category","embeddable":true,"href":"https:\/\/www.manaus.am.gov.br\/semcom\/wp-json\/wp\/v2\/categories?post=209312"},{"taxonomy":"post_tag","embeddable":true,"href":"https:\/\/www.manaus.am.gov.br\/semcom\/wp-json\/wp\/v2\/tags?post=209312"}],"curies":[{"name":"wp","href":"https:\/\/api.w.org\/{rel}","templated":true}]}}