{"id":209299,"date":"2023-02-16T14:06:42","date_gmt":"2023-02-16T17:06:42","guid":{"rendered":"https:\/\/www.manaus.am.gov.br\/semcom\/2023\/02\/16\/prefeitura-de-manaus-constroi-escada-de-madeira-para-levar-acessibilidade-a-moradores-do-bairro-cidade-de-deus\/"},"modified":"2023-02-16T14:06:44","modified_gmt":"2023-02-16T17:06:44","slug":"prefeitura-de-manaus-constroi-escada-de-madeira-para-levar-acessibilidade-a-moradores-do-bairro-cidade-de-deus","status":"publish","type":"post","link":"https:\/\/www.manaus.am.gov.br\/semcom\/prefeitura-de-manaus-constroi-escada-de-madeira-para-levar-acessibilidade-a-moradores-do-bairro-cidade-de-deus\/","title":{"rendered":"<strong>Prefeitura de Manaus constr\u00f3i escada de madeira para levar acessibilidade a moradores do bairro Cidade de Deus<\/strong>"},"content":{"rendered":"\n<p>Cerca de 60 fam\u00edlias na rua Santa Terezinha, bairro Cidade de Deus, na zona Norte da capital, sofriam, especialmente em dias de chuva, com a falta de acesso \u00e0s vias principais da \u00e1rea.&nbsp;Para solucionar o problema, nesta quinta-feira, 16\/2, as equipes da Prefeitura de Manaus, por meio da Secretaria Municipal de Infraestrutura (Seminf), trabalham na constru\u00e7\u00e3o de uma escada de madeira com 60 metros de comprimento, por 1,20 metro de largura, para atender a comunidade no local.&nbsp;<\/p>\n\n\n\n<p>No local, os moradores tinham que subir um barranco, inclusive com crian\u00e7as no colo ou acompanhados de idosos. A inseguran\u00e7a no trajeto j\u00e1 causou v\u00e1rios acidentes, conforme conta a moradora Maria do Perp\u00e9tuo Socorro, 62 anos.&nbsp;<\/p>\n\n\n\n<p>\u201cEu mesma j\u00e1 escorreguei com a minha netinha aqui, n\u00e3o tinha condi\u00e7\u00f5es de passar, escalando barranco todos os dias e na chuva tinha que colocar saco nos p\u00e9s. O prefeito David Almeida mudou a vida da gente com essa escada e eu sou muito agradecida\u201d, disse a moradora.<\/p>\n\n\n\n<p>Um efetivo de dez servidores atua na obra que, pela primeira vez, traz seguran\u00e7a e acessibilidade aos moradores. De acordo com o engenheiro R\u00f4mulo Guedes, fiscal da obra, o cuidado com as pessoas e o trabalho em prol de melhores condi\u00e7\u00f5es de vida \u00e0 popula\u00e7\u00e3o s\u00e3o prioridades na gest\u00e3o do prefeito David Almeida.<\/p>\n\n\n\n<p>\u201cN\u00f3s recebemos essa demanda dos moradores que sofriam, principalmente, em dias de chuva. As casas ficam em um local de dif\u00edcil acesso. A determina\u00e7\u00e3o do prefeito David Almeida e do secret\u00e1rio de Obras, Renato J\u00fanior, \u00e9 de que constru\u00edssemos essa escada, de forma emergencial, com qualidade e seguran\u00e7a, devolvendo a dignidade a essa comunidade\u201d, afirmou Guedes.<\/p>\n\n\n\n<p>A escada deve ser entregue aos moradores ainda esta semana. O engenheiro ressalta que o material utilizado atende a todas as normas ambientais, respeitando as caracter\u00edsticas naturais das edifica\u00e7\u00f5es e garantindo maior durabilidade.<\/p>\n\n\n\n<p>&#8212; &#8212; &#8212;<\/p>\n\n\n\n<p><strong>Texto &#8211; <\/strong>Mariana Rocha \/ Seminf<\/p>\n\n\n\n<p><strong>Fotos &#8211;<\/strong> Divulga\u00e7\u00e3o \/ Seminf&nbsp;<\/p>\n\n\n\n<p><strong>Dispon\u00edveis em &#8211; <\/strong><a href=\"https:\/\/flic.kr\/s\/aHBqjAsmse\">https:\/\/flic.kr\/s\/aHBqjAsmse<\/a><\/p>\n","protected":false},"excerpt":{"rendered":"","protected":false},"author":24,"featured_media":209300,"comment_status":"closed","ping_status":"closed","sticky":false,"template":"","format":"standard","meta":{"footnotes":""},"categories":[45],"tags":[1164,35,37,1165,1166,104,33],"acf":[],"yoast_head":"<!-- This site is optimized with the Yoast SEO plugin v23.0 - https:\/\/yoast.com\/wordpress\/plugins\/seo\/ -->\n<title>Prefeitura de Manaus constr\u00f3i escada de madeira para levar acessibilidade a moradores do bairro Cidade de Deus<\/title>\n<meta name=\"description\" content=\"Cerca de 60 fam\u00edlias na rua Santa Terezinha, bairro Cidade de Deus, na zona Norte, sofriam, especialmente em dias de chuva, com a falta de acesso \u00e0s vias principais da \u00e1rea.\u00a0\" \/>\n<meta name=\"robots\" content=\"index, follow, max-snippet:-1, max-image-preview:large, max-video-preview:-1\" \/>\n<link rel=\"canonical\" href=\"https:\/\/www.manaus.am.gov.br\/semcom\/prefeitura-de-manaus-constroi-escada-de-madeira-para-levar-acessibilidade-a-moradores-do-bairro-cidade-de-deus\/\" \/>\n<meta property=\"og:locale\" content=\"pt_BR\" \/>\n<meta property=\"og:type\" content=\"article\" \/>\n<meta property=\"og:title\" content=\"Prefeitura de Manaus constr\u00f3i escada de madeira para levar acessibilidade a moradores do bairro Cidade de Deus\" \/>\n<meta property=\"og:description\" content=\"Cerca de 60 fam\u00edlias na rua Santa Terezinha, bairro Cidade de Deus, na zona Norte, sofriam, especialmente em dias de chuva, com a falta de acesso \u00e0s vias principais da \u00e1rea.\u00a0\" \/>\n<meta property=\"og:url\" content=\"https:\/\/www.manaus.am.gov.br\/semcom\/prefeitura-de-manaus-constroi-escada-de-madeira-para-levar-acessibilidade-a-moradores-do-bairro-cidade-de-deus\/\" \/>\n<meta property=\"og:site_name\" content=\"SEMCOM\" \/>\n<meta property=\"article:published_time\" content=\"2023-02-16T17:06:42+00:00\" \/>\n<meta property=\"article:modified_time\" content=\"2023-02-16T17:06:44+00:00\" \/>\n<meta property=\"og:image\" content=\"https:\/\/www.manaus.am.gov.br\/semcom\/wp-content\/uploads\/sites\/5\/2023\/02\/Prefeitura-constroi-escada-de-madeira-5.jpg\" \/>\n\t<meta property=\"og:image:width\" content=\"1287\" \/>\n\t<meta property=\"og:image:height\" content=\"779\" \/>\n\t<meta property=\"og:image:type\" content=\"image\/jpeg\" \/>\n<meta name=\"author\" content=\"Cl\u00e1udia Barbosa\" \/>\n<meta name=\"twitter:card\" content=\"summary_large_image\" \/>\n<meta name=\"twitter:label1\" content=\"Written by\" \/>\n\t<meta name=\"twitter:data1\" content=\"Cl\u00e1udia Barbosa\" \/>\n\t<meta name=\"twitter:label2\" content=\"Est. reading time\" \/>\n\t<meta name=\"twitter:data2\" content=\"2 minutos\" \/>\n<script type=\"application\/ld+json\" class=\"yoast-schema-graph\">{\"@context\":\"https:\/\/schema.org\",\"@graph\":[{\"@type\":\"WebPage\",\"@id\":\"https:\/\/www.manaus.am.gov.br\/semcom\/prefeitura-de-manaus-constroi-escada-de-madeira-para-levar-acessibilidade-a-moradores-do-bairro-cidade-de-deus\/\",\"url\":\"https:\/\/www.manaus.am.gov.br\/semcom\/prefeitura-de-manaus-constroi-escada-de-madeira-para-levar-acessibilidade-a-moradores-do-bairro-cidade-de-deus\/\",\"name\":\"Prefeitura de Manaus constr\u00f3i escada de madeira para levar acessibilidade a moradores do bairro Cidade de Deus\",\"isPartOf\":{\"@id\":\"https:\/\/www.manaus.am.gov.br\/semcom\/#website\"},\"primaryImageOfPage\":{\"@id\":\"https:\/\/www.manaus.am.gov.br\/semcom\/prefeitura-de-manaus-constroi-escada-de-madeira-para-levar-acessibilidade-a-moradores-do-bairro-cidade-de-deus\/#primaryimage\"},\"image\":{\"@id\":\"https:\/\/www.manaus.am.gov.br\/semcom\/prefeitura-de-manaus-constroi-escada-de-madeira-para-levar-acessibilidade-a-moradores-do-bairro-cidade-de-deus\/#primaryimage\"},\"thumbnailUrl\":\"https:\/\/www.manaus.am.gov.br\/semcom\/wp-content\/uploads\/sites\/5\/2023\/02\/Prefeitura-constroi-escada-de-madeira-5.jpg\",\"datePublished\":\"2023-02-16T17:06:42+00:00\",\"dateModified\":\"2023-02-16T17:06:44+00:00\",\"author\":{\"@id\":\"https:\/\/www.manaus.am.gov.br\/semcom\/#\/schema\/person\/d0a166b5031154c33c77794ddc9a827e\"},\"description\":\"Cerca de 60 fam\u00edlias na rua Santa Terezinha, bairro Cidade de Deus, na zona Norte, sofriam, especialmente em dias de chuva, com a falta de acesso \u00e0s vias principais da \u00e1rea.\u00a0\",\"inLanguage\":\"pt-BR\",\"potentialAction\":[{\"@type\":\"ReadAction\",\"target\":[\"https:\/\/www.manaus.am.gov.br\/semcom\/prefeitura-de-manaus-constroi-escada-de-madeira-para-levar-acessibilidade-a-moradores-do-bairro-cidade-de-deus\/\"]}]},{\"@type\":\"ImageObject\",\"inLanguage\":\"pt-BR\",\"@id\":\"https:\/\/www.manaus.am.gov.br\/semcom\/prefeitura-de-manaus-constroi-escada-de-madeira-para-levar-acessibilidade-a-moradores-do-bairro-cidade-de-deus\/#primaryimage\",\"url\":\"https:\/\/www.manaus.am.gov.br\/semcom\/wp-content\/uploads\/sites\/5\/2023\/02\/Prefeitura-constroi-escada-de-madeira-5.jpg\",\"contentUrl\":\"https:\/\/www.manaus.am.gov.br\/semcom\/wp-content\/uploads\/sites\/5\/2023\/02\/Prefeitura-constroi-escada-de-madeira-5.jpg\",\"width\":1287,\"height\":779},{\"@type\":\"WebSite\",\"@id\":\"https:\/\/www.manaus.am.gov.br\/semcom\/#website\",\"url\":\"https:\/\/www.manaus.am.gov.br\/semcom\/\",\"name\":\"SEMCOM\",\"description\":\"Secretaria Municipal de Comunica\u00e7\u00e3o\",\"potentialAction\":[{\"@type\":\"SearchAction\",\"target\":{\"@type\":\"EntryPoint\",\"urlTemplate\":\"https:\/\/www.manaus.am.gov.br\/semcom\/?s={search_term_string}\"},\"query-input\":\"required name=search_term_string\"}],\"inLanguage\":\"pt-BR\"},{\"@type\":\"Person\",\"@id\":\"https:\/\/www.manaus.am.gov.br\/semcom\/#\/schema\/person\/d0a166b5031154c33c77794ddc9a827e\",\"name\":\"Cl\u00e1udia Barbosa\",\"image\":{\"@type\":\"ImageObject\",\"inLanguage\":\"pt-BR\",\"@id\":\"https:\/\/www.manaus.am.gov.br\/semcom\/#\/schema\/person\/image\/\",\"url\":\"https:\/\/secure.gravatar.com\/avatar\/42958a1cf007f1a00534009218c72590?s=96&d=mm&r=g\",\"contentUrl\":\"https:\/\/secure.gravatar.com\/avatar\/42958a1cf007f1a00534009218c72590?s=96&d=mm&r=g\",\"caption\":\"Cl\u00e1udia Barbosa\"}}]}<\/script>\n<!-- \/ Yoast SEO plugin. -->","yoast_head_json":{"title":"Prefeitura de Manaus constr\u00f3i escada de madeira para levar acessibilidade a moradores do bairro Cidade de Deus","description":"Cerca de 60 fam\u00edlias na rua Santa Terezinha, bairro Cidade de Deus, na zona Norte, sofriam, especialmente em dias de chuva, com a falta de acesso \u00e0s vias principais da \u00e1rea.\u00a0","robots":{"index":"index","follow":"follow","max-snippet":"max-snippet:-1","max-image-preview":"max-image-preview:large","max-video-preview":"max-video-preview:-1"},"canonical":"https:\/\/www.manaus.am.gov.br\/semcom\/prefeitura-de-manaus-constroi-escada-de-madeira-para-levar-acessibilidade-a-moradores-do-bairro-cidade-de-deus\/","og_locale":"pt_BR","og_type":"article","og_title":"Prefeitura de Manaus constr\u00f3i escada de madeira para levar acessibilidade a moradores do bairro Cidade de Deus","og_description":"Cerca de 60 fam\u00edlias na rua Santa Terezinha, bairro Cidade de Deus, na zona Norte, sofriam, especialmente em dias de chuva, com a falta de acesso \u00e0s vias principais da \u00e1rea.\u00a0","og_url":"https:\/\/www.manaus.am.gov.br\/semcom\/prefeitura-de-manaus-constroi-escada-de-madeira-para-levar-acessibilidade-a-moradores-do-bairro-cidade-de-deus\/","og_site_name":"SEMCOM","article_published_time":"2023-02-16T17:06:42+00:00","article_modified_time":"2023-02-16T17:06:44+00:00","og_image":[{"width":1287,"height":779,"url":"https:\/\/www.manaus.am.gov.br\/semcom\/wp-content\/uploads\/sites\/5\/2023\/02\/Prefeitura-constroi-escada-de-madeira-5.jpg","type":"image\/jpeg"}],"author":"Cl\u00e1udia Barbosa","twitter_card":"summary_large_image","twitter_misc":{"Written by":"Cl\u00e1udia Barbosa","Est. reading time":"2 minutos"},"schema":{"@context":"https:\/\/schema.org","@graph":[{"@type":"WebPage","@id":"https:\/\/www.manaus.am.gov.br\/semcom\/prefeitura-de-manaus-constroi-escada-de-madeira-para-levar-acessibilidade-a-moradores-do-bairro-cidade-de-deus\/","url":"https:\/\/www.manaus.am.gov.br\/semcom\/prefeitura-de-manaus-constroi-escada-de-madeira-para-levar-acessibilidade-a-moradores-do-bairro-cidade-de-deus\/","name":"Prefeitura de Manaus constr\u00f3i escada de madeira para levar acessibilidade a moradores do bairro Cidade de Deus","isPartOf":{"@id":"https:\/\/www.manaus.am.gov.br\/semcom\/#website"},"primaryImageOfPage":{"@id":"https:\/\/www.manaus.am.gov.br\/semcom\/prefeitura-de-manaus-constroi-escada-de-madeira-para-levar-acessibilidade-a-moradores-do-bairro-cidade-de-deus\/#primaryimage"},"image":{"@id":"https:\/\/www.manaus.am.gov.br\/semcom\/prefeitura-de-manaus-constroi-escada-de-madeira-para-levar-acessibilidade-a-moradores-do-bairro-cidade-de-deus\/#primaryimage"},"thumbnailUrl":"https:\/\/www.manaus.am.gov.br\/semcom\/wp-content\/uploads\/sites\/5\/2023\/02\/Prefeitura-constroi-escada-de-madeira-5.jpg","datePublished":"2023-02-16T17:06:42+00:00","dateModified":"2023-02-16T17:06:44+00:00","author":{"@id":"https:\/\/www.manaus.am.gov.br\/semcom\/#\/schema\/person\/d0a166b5031154c33c77794ddc9a827e"},"description":"Cerca de 60 fam\u00edlias na rua Santa Terezinha, bairro Cidade de Deus, na zona Norte, sofriam, especialmente em dias de chuva, com a falta de acesso \u00e0s vias principais da \u00e1rea.\u00a0","inLanguage":"pt-BR","potentialAction":[{"@type":"ReadAction","target":["https:\/\/www.manaus.am.gov.br\/semcom\/prefeitura-de-manaus-constroi-escada-de-madeira-para-levar-acessibilidade-a-moradores-do-bairro-cidade-de-deus\/"]}]},{"@type":"ImageObject","inLanguage":"pt-BR","@id":"https:\/\/www.manaus.am.gov.br\/semcom\/prefeitura-de-manaus-constroi-escada-de-madeira-para-levar-acessibilidade-a-moradores-do-bairro-cidade-de-deus\/#primaryimage","url":"https:\/\/www.manaus.am.gov.br\/semcom\/wp-content\/uploads\/sites\/5\/2023\/02\/Prefeitura-constroi-escada-de-madeira-5.jpg","contentUrl":"https:\/\/www.manaus.am.gov.br\/semcom\/wp-content\/uploads\/sites\/5\/2023\/02\/Prefeitura-constroi-escada-de-madeira-5.jpg","width":1287,"height":779},{"@type":"WebSite","@id":"https:\/\/www.manaus.am.gov.br\/semcom\/#website","url":"https:\/\/www.manaus.am.gov.br\/semcom\/","name":"SEMCOM","description":"Secretaria Municipal de Comunica\u00e7\u00e3o","potentialAction":[{"@type":"SearchAction","target":{"@type":"EntryPoint","urlTemplate":"https:\/\/www.manaus.am.gov.br\/semcom\/?s={search_term_string}"},"query-input":"required name=search_term_string"}],"inLanguage":"pt-BR"},{"@type":"Person","@id":"https:\/\/www.manaus.am.gov.br\/semcom\/#\/schema\/person\/d0a166b5031154c33c77794ddc9a827e","name":"Cl\u00e1udia Barbosa","image":{"@type":"ImageObject","inLanguage":"pt-BR","@id":"https:\/\/www.manaus.am.gov.br\/semcom\/#\/schema\/person\/image\/","url":"https:\/\/secure.gravatar.com\/avatar\/42958a1cf007f1a00534009218c72590?s=96&d=mm&r=g","contentUrl":"https:\/\/secure.gravatar.com\/avatar\/42958a1cf007f1a00534009218c72590?s=96&d=mm&r=g","caption":"Cl\u00e1udia Barbosa"}}]}},"_links":{"self":[{"href":"https:\/\/www.manaus.am.gov.br\/semcom\/wp-json\/wp\/v2\/posts\/209299"}],"collection":[{"href":"https:\/\/www.manaus.am.gov.br\/semcom\/wp-json\/wp\/v2\/posts"}],"about":[{"href":"https:\/\/www.manaus.am.gov.br\/semcom\/wp-json\/wp\/v2\/types\/post"}],"author":[{"embeddable":true,"href":"https:\/\/www.manaus.am.gov.br\/semcom\/wp-json\/wp\/v2\/users\/24"}],"replies":[{"embeddable":true,"href":"https:\/\/www.manaus.am.gov.br\/semcom\/wp-json\/wp\/v2\/comments?post=209299"}],"version-history":[{"count":0,"href":"https:\/\/www.manaus.am.gov.br\/semcom\/wp-json\/wp\/v2\/posts\/209299\/revisions"}],"wp:featuredmedia":[{"embeddable":true,"href":"https:\/\/www.manaus.am.gov.br\/semcom\/wp-json\/wp\/v2\/media\/209300"}],"wp:attachment":[{"href":"https:\/\/www.manaus.am.gov.br\/semcom\/wp-json\/wp\/v2\/media?parent=209299"}],"wp:term":[{"taxonomy":"category","embeddable":true,"href":"https:\/\/www.manaus.am.gov.br\/semcom\/wp-json\/wp\/v2\/categories?post=209299"},{"taxonomy":"post_tag","embeddable":true,"href":"https:\/\/www.manaus.am.gov.br\/semcom\/wp-json\/wp\/v2\/tags?post=209299"}],"curies":[{"name":"wp","href":"https:\/\/api.w.org\/{rel}","templated":true}]}}