{"id":209068,"date":"2023-02-12T13:18:43","date_gmt":"2023-02-12T16:18:43","guid":{"rendered":"https:\/\/www.manaus.am.gov.br\/semcom\/2023\/02\/12\/artista-indigena-lancado-pela-prefeitura-de-manaus-participa-de-exposicao-no-museu-historico-nacional-do-rio-de-janeiro\/"},"modified":"2023-02-13T12:35:19","modified_gmt":"2023-02-13T15:35:19","slug":"artista-indigena-lancado-pela-prefeitura-de-manaus-participa-de-exposicao-no-museu-historico-nacional-do-rio-de-janeiro","status":"publish","type":"post","link":"https:\/\/www.manaus.am.gov.br\/semcom\/artista-indigena-lancado-pela-prefeitura-de-manaus-participa-de-exposicao-no-museu-historico-nacional-do-rio-de-janeiro\/","title":{"rendered":"<strong>Artista ind\u00edgena lan\u00e7ado pela Prefeitura de Manaus participa de exposi\u00e7\u00e3o no Museu Hist\u00f3rico Nacional do Rio de Janeiro<\/strong>"},"content":{"rendered":"\n<p>O artista ind\u00edgena Jaime Diakara Dessana, lan\u00e7ado pela Prefeitura de Manaus, na Mostra de Arte Ind\u00edgena, tem obra em destaque, desde 9 fevereiro, no Museu Hist\u00f3rico Nacional, no Rio de Janeiro, na exposi\u00e7\u00e3o de longa dura\u00e7\u00e3o: \u201c\u00ceand\u00e9 \u2013 aqui est\u00e1vamos, aqui estamos\u201d.<\/p>\n\n\n\n<p>O artista do povo dessana participou das duas edi\u00e7\u00f5es da mostra ind\u00edgena de Manaus, realizadas pela Funda\u00e7\u00e3o Municipal de Cultura, Turismo e Eventos (Manauscult), por meio do Conselho Municipal de Cultura (Concultura), nos anos de 2021 e 2022.<\/p>\n\n\n\n<p>Para o presidente do Concultura, Ten\u00f3rio Telles, toda a realiza\u00e7\u00e3o art\u00edstica est\u00e1 entranhada pela cultura e pela mem\u00f3ria mais profunda de um povo. &#8220;Assim, o artista, ao criar sua obra, a reveste desses elementos que fundam sua hist\u00f3ria e seu olhar sobre o mundo. A pintura de Jaime Diakara \u00e9 uma representa\u00e7\u00e3o da identidade e do universo simb\u00f3lico do povo dessana. Sua cria\u00e7\u00e3o expressa o imemorial e o mitol\u00f3gico de sua gente, com especial destaque para a cosmogonia dos dessana. Ele interpreta a pintura de Diakara como uma viagem pela sua ancestralidade e mitos origin\u00e1rios\u201d, explicou Telles.<\/p>\n\n\n\n<p>Os curadores da mostra s\u00e3o o ind\u00edgena Denilson Baniwa e o pesquisador do MHN, Andr\u00e9 Amud Botelho, que tamb\u00e9m \u00e9 amazonense. &#8220;N\u00f3s, como um museu da hist\u00f3ria brasileira, queremos cada vez mais nos abrir para as outras e diversas hist\u00f3rias brasileiras. Um dos caminhos para isso \u00e9 pela arte. A pot\u00eancia da obra de Diakara nos permite refletir tamb\u00e9m sobre hist\u00f3rias de seu povo e, de modo geral, sobre o protagonismo hist\u00f3rico e cultural dos povos ind\u00edgenas no Brasil&#8221;, ressaltou.<\/p>\n\n\n\n<p>Jaime Diakara disse que a sua obra com o t\u00edtulo Gaapi Pahti &#8211; corpo c\u00f3smico da ayahuasca, um quadro 80cm x 60cm, de acr\u00edlica sobre tela, retrata o ritual da Ayuasca na cosmologia de seu povo dessana, origin\u00e1rio do Alto Rio Negro. &#8220;Mostro como a ayuasca abre o acesso deste para o mundo espiritual, a partir da minha disserta\u00e7\u00e3o de mestrado, mostro o ritual do consumo da bebida, o acesso do conhecimento da filosofia ind\u00edgena, dos saberes das dan\u00e7as, dos cantos, dos ritos e dos benzimentos&#8221;, destacou.<\/p>\n\n\n\n<p><strong>Exposi\u00e7\u00e3o<\/strong><\/p>\n\n\n\n<p>A exposi\u00e7\u00e3o conta com acervo arqueol\u00f3gico, art\u00edstico e cultural voltado \u00e0 hist\u00f3ria e cultura dos povos ind\u00edgenas brasileiros. &nbsp;O Museu Hist\u00f3rico Nacional come\u00e7ou, &nbsp;na quinta-feira, 9\/2, a exposi\u00e7\u00e3o de longa dura\u00e7\u00e3o \u201c\u00ceand\u00e9 \u2013 aqui est\u00e1vamos, aqui estamos\u201d, que aborda a trajet\u00f3ria dos povos origin\u00e1rios brasileiros desde antes da chegada dos portugueses at\u00e9 os dias atuais. A exposi\u00e7\u00e3o \u00e9 gratuita e funciona de quarta a sexta, das 10h \u00e0s 17h. Aos s\u00e1bados e domingos, funciona das 13h \u00e0s 17h.<\/p>\n\n\n\n<p>A inaugura\u00e7\u00e3o iniciou com a roda de conversa \u201cMem\u00f3rias e museus ind\u00edgenas\u201d,&nbsp; que contou com representantes dos povos Kanind\u00e9 (CE) e Yawanaw\u00e1 (AC), seguida de uma apresenta\u00e7\u00e3o cultural tamb\u00e9m no espa\u00e7o da exposi\u00e7\u00e3o, e ainda uma feira de arte ind\u00edgena.<\/p>\n\n\n\n<p>Artistas ind\u00edgenas, como Denilson Baniwa, Diakara Dessana, Mayra Karvalho e Tapixi Guajajara, tamb\u00e9m est\u00e3o presentes na exposi\u00e7\u00e3o com obras autorais.<\/p>\n\n\n\n<p>A exposi\u00e7\u00e3o leva ao p\u00fablico objetos etnogr\u00e1ficos, como o tacape, que pertenceu ao l\u00edder ind\u00edgena Tibiri\u00e7\u00e1 no s\u00e9culo 16 e um colar usado em rituais contempor\u00e2neos dos Yawanaw, e \u00e9 dividida em dois eixos tem\u00e1ticos: Arqueologia e Povos Origin\u00e1rios.<\/p>\n\n\n\n<p>&#8212; &#8212; &#8212;<\/p>\n\n\n\n<p><strong>Texto<\/strong> &#8211; Crist\u00f3v\u00e3o Nonato\/ Concultura com informa\u00e7\u00f5es da assessoria do MHN\/Beatriz Caillaux\/Midiarte.net.<\/p>\n\n\n\n<p><strong>Fotos<\/strong> &#8211; Jo\u00e3o Viana\/Semcom, Jaime Diakara e Divulga\u00e7\u00e3o\/MHN<\/p>\n\n\n\n<p><\/p>\n","protected":false},"excerpt":{"rendered":"","protected":false},"author":23,"featured_media":209069,"comment_status":"closed","ping_status":"closed","sticky":false,"template":"","format":"standard","meta":{"footnotes":""},"categories":[5],"tags":[695,1006,307,1007,1008,77],"acf":[],"yoast_head":"<!-- This site is optimized with the Yoast SEO plugin v23.0 - https:\/\/yoast.com\/wordpress\/plugins\/seo\/ -->\n<title>Artista ind\u00edgena lan\u00e7ado pela Prefeitura de Manaus participa de exposi\u00e7\u00e3o no Museu Hist\u00f3rico Nacional do Rio de Janeiro<\/title>\n<meta name=\"description\" content=\"O artista ind\u00edgena Jaime Diakara Dessana, lan\u00e7ado pela Prefeitura de Manaus, na Mostra de Arte Ind\u00edgena, tem obra em destaque, desde 9 fevereiro, no Museu Hist\u00f3rico Nacional, no Rio de Janeiro, na exposi\u00e7\u00e3o de longa dura\u00e7\u00e3o: \u201c\u00ceand\u00e9 \u2013 aqui est\u00e1vamos, aqui estamos\u201d.\" \/>\n<meta name=\"robots\" content=\"index, follow, max-snippet:-1, max-image-preview:large, max-video-preview:-1\" \/>\n<link rel=\"canonical\" href=\"https:\/\/www.manaus.am.gov.br\/semcom\/artista-indigena-lancado-pela-prefeitura-de-manaus-participa-de-exposicao-no-museu-historico-nacional-do-rio-de-janeiro\/\" \/>\n<meta property=\"og:locale\" content=\"pt_BR\" \/>\n<meta property=\"og:type\" content=\"article\" \/>\n<meta property=\"og:title\" content=\"Artista ind\u00edgena lan\u00e7ado pela Prefeitura de Manaus participa de exposi\u00e7\u00e3o no Museu Hist\u00f3rico Nacional do Rio de Janeiro\" \/>\n<meta property=\"og:description\" content=\"O artista ind\u00edgena Jaime Diakara Dessana, lan\u00e7ado pela Prefeitura de Manaus, na Mostra de Arte Ind\u00edgena, tem obra em destaque, desde 9 fevereiro, no Museu Hist\u00f3rico Nacional, no Rio de Janeiro, na exposi\u00e7\u00e3o de longa dura\u00e7\u00e3o: \u201c\u00ceand\u00e9 \u2013 aqui est\u00e1vamos, aqui estamos\u201d.\" \/>\n<meta property=\"og:url\" content=\"https:\/\/www.manaus.am.gov.br\/semcom\/artista-indigena-lancado-pela-prefeitura-de-manaus-participa-de-exposicao-no-museu-historico-nacional-do-rio-de-janeiro\/\" \/>\n<meta property=\"og:site_name\" content=\"SEMCOM\" \/>\n<meta property=\"article:published_time\" content=\"2023-02-12T16:18:43+00:00\" \/>\n<meta property=\"article:modified_time\" content=\"2023-02-13T15:35:19+00:00\" \/>\n<meta property=\"og:image\" content=\"https:\/\/www.manaus.am.gov.br\/semcom\/wp-content\/uploads\/sites\/5\/2023\/02\/WhatsApp-Image-2023-02-12-at-10.54.03.jpeg\" \/>\n\t<meta property=\"og:image:width\" content=\"1600\" \/>\n\t<meta property=\"og:image:height\" content=\"1066\" \/>\n\t<meta property=\"og:image:type\" content=\"image\/jpeg\" \/>\n<meta name=\"author\" content=\"Adriana Costa\" \/>\n<meta name=\"twitter:card\" content=\"summary_large_image\" \/>\n<meta name=\"twitter:label1\" content=\"Written by\" \/>\n\t<meta name=\"twitter:data1\" content=\"Adriana Costa\" \/>\n\t<meta name=\"twitter:label2\" content=\"Est. reading time\" \/>\n\t<meta name=\"twitter:data2\" content=\"3 minutos\" \/>\n<script type=\"application\/ld+json\" class=\"yoast-schema-graph\">{\"@context\":\"https:\/\/schema.org\",\"@graph\":[{\"@type\":\"WebPage\",\"@id\":\"https:\/\/www.manaus.am.gov.br\/semcom\/artista-indigena-lancado-pela-prefeitura-de-manaus-participa-de-exposicao-no-museu-historico-nacional-do-rio-de-janeiro\/\",\"url\":\"https:\/\/www.manaus.am.gov.br\/semcom\/artista-indigena-lancado-pela-prefeitura-de-manaus-participa-de-exposicao-no-museu-historico-nacional-do-rio-de-janeiro\/\",\"name\":\"Artista ind\u00edgena lan\u00e7ado pela Prefeitura de Manaus participa de exposi\u00e7\u00e3o no Museu Hist\u00f3rico Nacional do Rio de Janeiro\",\"isPartOf\":{\"@id\":\"https:\/\/www.manaus.am.gov.br\/semcom\/#website\"},\"primaryImageOfPage\":{\"@id\":\"https:\/\/www.manaus.am.gov.br\/semcom\/artista-indigena-lancado-pela-prefeitura-de-manaus-participa-de-exposicao-no-museu-historico-nacional-do-rio-de-janeiro\/#primaryimage\"},\"image\":{\"@id\":\"https:\/\/www.manaus.am.gov.br\/semcom\/artista-indigena-lancado-pela-prefeitura-de-manaus-participa-de-exposicao-no-museu-historico-nacional-do-rio-de-janeiro\/#primaryimage\"},\"thumbnailUrl\":\"https:\/\/www.manaus.am.gov.br\/semcom\/wp-content\/uploads\/sites\/5\/2023\/02\/WhatsApp-Image-2023-02-12-at-10.54.03.jpeg\",\"datePublished\":\"2023-02-12T16:18:43+00:00\",\"dateModified\":\"2023-02-13T15:35:19+00:00\",\"author\":{\"@id\":\"https:\/\/www.manaus.am.gov.br\/semcom\/#\/schema\/person\/4e49f4e267757a06ca072ec61b2b9968\"},\"description\":\"O artista ind\u00edgena Jaime Diakara Dessana, lan\u00e7ado pela Prefeitura de Manaus, na Mostra de Arte Ind\u00edgena, tem obra em destaque, desde 9 fevereiro, no Museu Hist\u00f3rico Nacional, no Rio de Janeiro, na exposi\u00e7\u00e3o de longa dura\u00e7\u00e3o: \u201c\u00ceand\u00e9 \u2013 aqui est\u00e1vamos, aqui estamos\u201d.\",\"inLanguage\":\"pt-BR\",\"potentialAction\":[{\"@type\":\"ReadAction\",\"target\":[\"https:\/\/www.manaus.am.gov.br\/semcom\/artista-indigena-lancado-pela-prefeitura-de-manaus-participa-de-exposicao-no-museu-historico-nacional-do-rio-de-janeiro\/\"]}]},{\"@type\":\"ImageObject\",\"inLanguage\":\"pt-BR\",\"@id\":\"https:\/\/www.manaus.am.gov.br\/semcom\/artista-indigena-lancado-pela-prefeitura-de-manaus-participa-de-exposicao-no-museu-historico-nacional-do-rio-de-janeiro\/#primaryimage\",\"url\":\"https:\/\/www.manaus.am.gov.br\/semcom\/wp-content\/uploads\/sites\/5\/2023\/02\/WhatsApp-Image-2023-02-12-at-10.54.03.jpeg\",\"contentUrl\":\"https:\/\/www.manaus.am.gov.br\/semcom\/wp-content\/uploads\/sites\/5\/2023\/02\/WhatsApp-Image-2023-02-12-at-10.54.03.jpeg\",\"width\":1600,\"height\":1066},{\"@type\":\"WebSite\",\"@id\":\"https:\/\/www.manaus.am.gov.br\/semcom\/#website\",\"url\":\"https:\/\/www.manaus.am.gov.br\/semcom\/\",\"name\":\"SEMCOM\",\"description\":\"Secretaria Municipal de Comunica\u00e7\u00e3o\",\"potentialAction\":[{\"@type\":\"SearchAction\",\"target\":{\"@type\":\"EntryPoint\",\"urlTemplate\":\"https:\/\/www.manaus.am.gov.br\/semcom\/?s={search_term_string}\"},\"query-input\":\"required name=search_term_string\"}],\"inLanguage\":\"pt-BR\"},{\"@type\":\"Person\",\"@id\":\"https:\/\/www.manaus.am.gov.br\/semcom\/#\/schema\/person\/4e49f4e267757a06ca072ec61b2b9968\",\"name\":\"Adriana Costa\",\"image\":{\"@type\":\"ImageObject\",\"inLanguage\":\"pt-BR\",\"@id\":\"https:\/\/www.manaus.am.gov.br\/semcom\/#\/schema\/person\/image\/\",\"url\":\"https:\/\/secure.gravatar.com\/avatar\/576258617ef7194f718179e766d57bd4?s=96&d=mm&r=g\",\"contentUrl\":\"https:\/\/secure.gravatar.com\/avatar\/576258617ef7194f718179e766d57bd4?s=96&d=mm&r=g\",\"caption\":\"Adriana Costa\"}}]}<\/script>\n<!-- \/ Yoast SEO plugin. -->","yoast_head_json":{"title":"Artista ind\u00edgena lan\u00e7ado pela Prefeitura de Manaus participa de exposi\u00e7\u00e3o no Museu Hist\u00f3rico Nacional do Rio de Janeiro","description":"O artista ind\u00edgena Jaime Diakara Dessana, lan\u00e7ado pela Prefeitura de Manaus, na Mostra de Arte Ind\u00edgena, tem obra em destaque, desde 9 fevereiro, no Museu Hist\u00f3rico Nacional, no Rio de Janeiro, na exposi\u00e7\u00e3o de longa dura\u00e7\u00e3o: \u201c\u00ceand\u00e9 \u2013 aqui est\u00e1vamos, aqui estamos\u201d.","robots":{"index":"index","follow":"follow","max-snippet":"max-snippet:-1","max-image-preview":"max-image-preview:large","max-video-preview":"max-video-preview:-1"},"canonical":"https:\/\/www.manaus.am.gov.br\/semcom\/artista-indigena-lancado-pela-prefeitura-de-manaus-participa-de-exposicao-no-museu-historico-nacional-do-rio-de-janeiro\/","og_locale":"pt_BR","og_type":"article","og_title":"Artista ind\u00edgena lan\u00e7ado pela Prefeitura de Manaus participa de exposi\u00e7\u00e3o no Museu Hist\u00f3rico Nacional do Rio de Janeiro","og_description":"O artista ind\u00edgena Jaime Diakara Dessana, lan\u00e7ado pela Prefeitura de Manaus, na Mostra de Arte Ind\u00edgena, tem obra em destaque, desde 9 fevereiro, no Museu Hist\u00f3rico Nacional, no Rio de Janeiro, na exposi\u00e7\u00e3o de longa dura\u00e7\u00e3o: \u201c\u00ceand\u00e9 \u2013 aqui est\u00e1vamos, aqui estamos\u201d.","og_url":"https:\/\/www.manaus.am.gov.br\/semcom\/artista-indigena-lancado-pela-prefeitura-de-manaus-participa-de-exposicao-no-museu-historico-nacional-do-rio-de-janeiro\/","og_site_name":"SEMCOM","article_published_time":"2023-02-12T16:18:43+00:00","article_modified_time":"2023-02-13T15:35:19+00:00","og_image":[{"width":1600,"height":1066,"url":"https:\/\/www.manaus.am.gov.br\/semcom\/wp-content\/uploads\/sites\/5\/2023\/02\/WhatsApp-Image-2023-02-12-at-10.54.03.jpeg","type":"image\/jpeg"}],"author":"Adriana Costa","twitter_card":"summary_large_image","twitter_misc":{"Written by":"Adriana Costa","Est. reading time":"3 minutos"},"schema":{"@context":"https:\/\/schema.org","@graph":[{"@type":"WebPage","@id":"https:\/\/www.manaus.am.gov.br\/semcom\/artista-indigena-lancado-pela-prefeitura-de-manaus-participa-de-exposicao-no-museu-historico-nacional-do-rio-de-janeiro\/","url":"https:\/\/www.manaus.am.gov.br\/semcom\/artista-indigena-lancado-pela-prefeitura-de-manaus-participa-de-exposicao-no-museu-historico-nacional-do-rio-de-janeiro\/","name":"Artista ind\u00edgena lan\u00e7ado pela Prefeitura de Manaus participa de exposi\u00e7\u00e3o no Museu Hist\u00f3rico Nacional do Rio de Janeiro","isPartOf":{"@id":"https:\/\/www.manaus.am.gov.br\/semcom\/#website"},"primaryImageOfPage":{"@id":"https:\/\/www.manaus.am.gov.br\/semcom\/artista-indigena-lancado-pela-prefeitura-de-manaus-participa-de-exposicao-no-museu-historico-nacional-do-rio-de-janeiro\/#primaryimage"},"image":{"@id":"https:\/\/www.manaus.am.gov.br\/semcom\/artista-indigena-lancado-pela-prefeitura-de-manaus-participa-de-exposicao-no-museu-historico-nacional-do-rio-de-janeiro\/#primaryimage"},"thumbnailUrl":"https:\/\/www.manaus.am.gov.br\/semcom\/wp-content\/uploads\/sites\/5\/2023\/02\/WhatsApp-Image-2023-02-12-at-10.54.03.jpeg","datePublished":"2023-02-12T16:18:43+00:00","dateModified":"2023-02-13T15:35:19+00:00","author":{"@id":"https:\/\/www.manaus.am.gov.br\/semcom\/#\/schema\/person\/4e49f4e267757a06ca072ec61b2b9968"},"description":"O artista ind\u00edgena Jaime Diakara Dessana, lan\u00e7ado pela Prefeitura de Manaus, na Mostra de Arte Ind\u00edgena, tem obra em destaque, desde 9 fevereiro, no Museu Hist\u00f3rico Nacional, no Rio de Janeiro, na exposi\u00e7\u00e3o de longa dura\u00e7\u00e3o: \u201c\u00ceand\u00e9 \u2013 aqui est\u00e1vamos, aqui estamos\u201d.","inLanguage":"pt-BR","potentialAction":[{"@type":"ReadAction","target":["https:\/\/www.manaus.am.gov.br\/semcom\/artista-indigena-lancado-pela-prefeitura-de-manaus-participa-de-exposicao-no-museu-historico-nacional-do-rio-de-janeiro\/"]}]},{"@type":"ImageObject","inLanguage":"pt-BR","@id":"https:\/\/www.manaus.am.gov.br\/semcom\/artista-indigena-lancado-pela-prefeitura-de-manaus-participa-de-exposicao-no-museu-historico-nacional-do-rio-de-janeiro\/#primaryimage","url":"https:\/\/www.manaus.am.gov.br\/semcom\/wp-content\/uploads\/sites\/5\/2023\/02\/WhatsApp-Image-2023-02-12-at-10.54.03.jpeg","contentUrl":"https:\/\/www.manaus.am.gov.br\/semcom\/wp-content\/uploads\/sites\/5\/2023\/02\/WhatsApp-Image-2023-02-12-at-10.54.03.jpeg","width":1600,"height":1066},{"@type":"WebSite","@id":"https:\/\/www.manaus.am.gov.br\/semcom\/#website","url":"https:\/\/www.manaus.am.gov.br\/semcom\/","name":"SEMCOM","description":"Secretaria Municipal de Comunica\u00e7\u00e3o","potentialAction":[{"@type":"SearchAction","target":{"@type":"EntryPoint","urlTemplate":"https:\/\/www.manaus.am.gov.br\/semcom\/?s={search_term_string}"},"query-input":"required name=search_term_string"}],"inLanguage":"pt-BR"},{"@type":"Person","@id":"https:\/\/www.manaus.am.gov.br\/semcom\/#\/schema\/person\/4e49f4e267757a06ca072ec61b2b9968","name":"Adriana Costa","image":{"@type":"ImageObject","inLanguage":"pt-BR","@id":"https:\/\/www.manaus.am.gov.br\/semcom\/#\/schema\/person\/image\/","url":"https:\/\/secure.gravatar.com\/avatar\/576258617ef7194f718179e766d57bd4?s=96&d=mm&r=g","contentUrl":"https:\/\/secure.gravatar.com\/avatar\/576258617ef7194f718179e766d57bd4?s=96&d=mm&r=g","caption":"Adriana Costa"}}]}},"_links":{"self":[{"href":"https:\/\/www.manaus.am.gov.br\/semcom\/wp-json\/wp\/v2\/posts\/209068"}],"collection":[{"href":"https:\/\/www.manaus.am.gov.br\/semcom\/wp-json\/wp\/v2\/posts"}],"about":[{"href":"https:\/\/www.manaus.am.gov.br\/semcom\/wp-json\/wp\/v2\/types\/post"}],"author":[{"embeddable":true,"href":"https:\/\/www.manaus.am.gov.br\/semcom\/wp-json\/wp\/v2\/users\/23"}],"replies":[{"embeddable":true,"href":"https:\/\/www.manaus.am.gov.br\/semcom\/wp-json\/wp\/v2\/comments?post=209068"}],"version-history":[{"count":1,"href":"https:\/\/www.manaus.am.gov.br\/semcom\/wp-json\/wp\/v2\/posts\/209068\/revisions"}],"predecessor-version":[{"id":209103,"href":"https:\/\/www.manaus.am.gov.br\/semcom\/wp-json\/wp\/v2\/posts\/209068\/revisions\/209103"}],"wp:featuredmedia":[{"embeddable":true,"href":"https:\/\/www.manaus.am.gov.br\/semcom\/wp-json\/wp\/v2\/media\/209069"}],"wp:attachment":[{"href":"https:\/\/www.manaus.am.gov.br\/semcom\/wp-json\/wp\/v2\/media?parent=209068"}],"wp:term":[{"taxonomy":"category","embeddable":true,"href":"https:\/\/www.manaus.am.gov.br\/semcom\/wp-json\/wp\/v2\/categories?post=209068"},{"taxonomy":"post_tag","embeddable":true,"href":"https:\/\/www.manaus.am.gov.br\/semcom\/wp-json\/wp\/v2\/tags?post=209068"}],"curies":[{"name":"wp","href":"https:\/\/api.w.org\/{rel}","templated":true}]}}