{"id":208963,"date":"2023-02-10T11:43:58","date_gmt":"2023-02-10T14:43:58","guid":{"rendered":"https:\/\/www.manaus.am.gov.br\/semcom\/2023\/02\/10\/prefeitura-de-manaus-abre-inscricoes-para-o-curso-de-cuidador-de-idoso-cuidadoso\/"},"modified":"2023-02-10T12:15:51","modified_gmt":"2023-02-10T15:15:51","slug":"prefeitura-de-manaus-abre-inscricoes-para-o-curso-de-cuidador-de-idoso-cuidadoso","status":"publish","type":"post","link":"https:\/\/www.manaus.am.gov.br\/semcom\/prefeitura-de-manaus-abre-inscricoes-para-o-curso-de-cuidador-de-idoso-cuidadoso\/","title":{"rendered":"<strong>Prefeitura de Manaus abre inscri\u00e7\u00f5es para o curso de\u00a0Cuidador de Idoso \u2018Cuidadoso\u2019<\/strong>"},"content":{"rendered":"\n<p>A Prefeitura de Manaus, por meio da Funda\u00e7\u00e3o de Apoio ao Idoso Dr. Thomas (FDT), em parceria com a Escola de Servi\u00e7o P\u00fablico Municipal e Inclus\u00e3o Socioeducacional (Espi) \u2013 vinculada \u00e0 Secretaria Municipal de Administra\u00e7\u00e3o, Planejamento e Gest\u00e3o (Semad) \u2013&nbsp;dar\u00e1 in\u00edcio \u00e0s inscri\u00e7\u00f5es&nbsp;para a primeira turma do curso&nbsp;Cuidador de Idoso \u201cCuidadoso\u201d&nbsp;do ano, nos dias 13 a 14\/2,&nbsp;at\u00e9 o preenchimento das vagas ofertadas no portal.<\/p>\n\n\n\n<p>A pr\u00e9-inscri\u00e7\u00e3o estar\u00e1 dispon\u00edvel&nbsp;a partir das 9h, por meio do site da FDT: &nbsp;<a href=\"http:\/\/doutorthomas.manaus.am.gov.br\/\" target=\"_blank\" rel=\"noreferrer noopener\">doutorthomas.manaus.am.gov.br<\/a>, onde&nbsp;o candidato dever\u00e1 preencher uma ficha de pr\u00e9-inscri\u00e7\u00e3o com os dados solicitados no edital, juntamente com o seu e-mail.<\/p>\n\n\n\n<p>Ser\u00e3o ofertadas 200 vagas&nbsp;na pr\u00e9-inscri\u00e7\u00e3o, por\u00e9m somente 80 candidatos ser\u00e3o aprovados para participar do curso, sendo 40 para o turno matutino e 40 para o vespertino.<\/p>\n\n\n\n<p>A rela\u00e7\u00e3o com os nomes dos 200 pr\u00e9-inscritos ser\u00e1 divulgada no dia 17\/2, a partir das 9h, no portal da Funda\u00e7\u00e3o Dr. Thomas, com a data e hor\u00e1rio agendado. Nos dias 17 e 18\/2, o candidato dever\u00e1 digitalizar e anexar no sistema os seguintes documentos:&nbsp;RG, CPF, certificado de conclus\u00e3o do ensino m\u00e9dio, comprovante de endere\u00e7o e comprovante da vacina contra a Covid-19. Todos devem ser em formato PDF e no tamanho m\u00e1ximo de 1MB.<\/p>\n\n\n\n<p>Com a data agendada, o candidato&nbsp;dever\u00e1 comparecer no audit\u00f3rio do Parque Municipal do Idoso&nbsp;(PMI), na rua Rio Mar, n\u00ba 1.324, bairro Nossa Senhora das Gra\u00e7as, zona Centro-Sul, a partir das 9h, para a execu\u00e7\u00e3o da avalia\u00e7\u00e3o, que ocorrer\u00e1 nos dias 23 e 24\/2, no hor\u00e1rio das 8h30 \u00e0s 12h30 e das 13h \u00e0s 16h.<\/p>\n\n\n\n<p>Nessa fase, os&nbsp;candidatos v\u00e3o&nbsp;passar pela equipe&nbsp;de psic\u00f3logos da FDT para realizar a avalia\u00e7\u00e3o, que ser\u00e1 um question\u00e1rio que inclui quest\u00f5es relativas \u00e0s expectativas sobre o curso e entendimento pr\u00e9vio sobre o envelhecimento humano e, logo ap\u00f3s, as entrevistas individuais.<\/p>\n\n\n\n<p>Na ocasi\u00e3o, dever\u00e3o obrigatoriamente estar providos dos seguintes documentos: RG, CPF, certificado de conclus\u00e3o do ensino m\u00e9dio (original e c\u00f3pia) e comprovante de vacina\u00e7\u00e3o contra a Covid-19, para fins de valida\u00e7\u00e3o de documentos.<\/p>\n\n\n\n<p>Por meio da Prefeitura de Manaus, com as parcerias da FDT, Espi e Sema, o \u201cCuidadoso\u201d \u00e9 o curso mais completo de Manaus, com o objetivo de ensinar sobre todos os cuidados que o profissional deve ter com a pessoa idosa, como ressalta a diretora-presidente da Funda\u00e7\u00e3o Dr. Thomas, Martha Moutinho.<\/p>\n\n\n\n<p>&#8220;Realizado desde 2009, o \u2018Cuidadoso\u2019 j\u00e1 formou mais de quatro mil alunos e a meta para 2023 \u00e9 aumentar o n\u00famero de profissionais, visando o bem-estar da terceira idade. O curso da FDT \u00e9 refer\u00eancia e o mais procurado da capital, com o preenchimento r\u00e1pido das vagas. Por isso, quem pretende se inscrever, deve ficar atento \u00e0s datas\u201d, afirmou Martha.<\/p>\n\n\n\n<p>A rela\u00e7\u00e3o final dos candidatos classificados ser\u00e1 divulgada a partir do dia 3\/3, no portal da FDT:&nbsp;<a href=\"http:\/\/doutorthomas.manaus.am.gov.br\/\" target=\"_blank\" rel=\"noreferrer noopener\">doutorthomas.manaus.am.gov.br<\/a><\/p>\n\n\n\n<p>A matr\u00edcula institucional acontecer\u00e1 de 13 a 15\/3, por meio do portal&nbsp;da Funda\u00e7\u00e3o Doutor Thomas, onde o candidato preencher\u00e1 um formul\u00e1rio confirmando os documentos apresentados na realiza\u00e7\u00e3o da avalia\u00e7\u00e3o e entrevista.&nbsp;N\u00e3o haver\u00e1 taxa de matr\u00edcula.<\/p>\n\n\n\n<p><strong>Capacita\u00e7\u00e3o e in\u00edcio das aulas<\/strong><\/p>\n\n\n\n<p>O curso possui 320 horas de dura\u00e7\u00e3o, sendo 220 de aulas te\u00f3ricas e 100 de est\u00e1gio supervisionado na FDT, contando com dez m\u00f3dulos que trabalham assuntos como \u00e9tica do cuidador, patologias do envelhecimento, aspectos psicol\u00f3gicos, no\u00e7\u00f5es b\u00e1sicas de enfermagem e aspectos nutricionais.&nbsp;<\/p>\n\n\n\n<p>As aulas acontecer\u00e3o na galeria dos Rem\u00e9dios, localizada na rua Miranda Le\u00e3o, n\u00b0 82, com in\u00edcio dia 17\/4 para as duas turmas;&nbsp;turno matutino, no hor\u00e1rio das 8h \u00e0s 12h; e vespertino 13h \u00e0s 17h.<\/p>\n\n\n\n<p>Para mais informa\u00e7\u00f5es ou d\u00favidas, entrar em contato com o n\u00famero (92) 98844-5609 ou-e-mail:&nbsp;<a href=\"mailto:nepemfdt@pmm.am.gov.br\" target=\"_blank\" rel=\"noreferrer noopener\">nepemfdt@pmm.am.gov.br<\/a><\/p>\n\n\n\n<p>&#8212; &#8212; &#8212;<\/p>\n\n\n\n<p><strong>Texto &#8211;<\/strong>&nbsp;Thyrso Matos&nbsp;\/ FDT<\/p>\n\n\n\n<p><strong>Fotos &#8211;<\/strong>&nbsp;Divulga\u00e7\u00e3o \/ FDT&nbsp;<\/p>\n\n\n\n<p>&#8212; &#8212; &#8212;<\/p>\n\n\n\n<p><\/p>\n","protected":false},"excerpt":{"rendered":"","protected":false},"author":24,"featured_media":208964,"comment_status":"closed","ping_status":"closed","sticky":false,"template":"","format":"standard","meta":{"footnotes":""},"categories":[931],"tags":[932,899,933,934,935,936,428,77,838],"acf":[],"yoast_head":"<!-- This site is optimized with the Yoast SEO plugin v23.0 - https:\/\/yoast.com\/wordpress\/plugins\/seo\/ -->\n<title>Prefeitura abre inscri\u00e7\u00f5es para o curso de Cuidador de Idoso \u2018Cuidadoso\u2019<\/title>\n<meta name=\"robots\" content=\"index, follow, max-snippet:-1, max-image-preview:large, max-video-preview:-1\" \/>\n<link rel=\"canonical\" href=\"https:\/\/www.manaus.am.gov.br\/semcom\/prefeitura-de-manaus-abre-inscricoes-para-o-curso-de-cuidador-de-idoso-cuidadoso\/\" \/>\n<meta property=\"og:locale\" content=\"pt_BR\" \/>\n<meta property=\"og:type\" content=\"article\" \/>\n<meta property=\"og:title\" content=\"Prefeitura abre inscri\u00e7\u00f5es para o curso de Cuidador de Idoso \u2018Cuidadoso\u2019\" \/>\n<meta property=\"og:url\" content=\"https:\/\/www.manaus.am.gov.br\/semcom\/prefeitura-de-manaus-abre-inscricoes-para-o-curso-de-cuidador-de-idoso-cuidadoso\/\" \/>\n<meta property=\"og:site_name\" content=\"SEMCOM\" \/>\n<meta property=\"article:published_time\" content=\"2023-02-10T14:43:58+00:00\" \/>\n<meta property=\"article:modified_time\" content=\"2023-02-10T15:15:51+00:00\" \/>\n<meta property=\"og:image\" content=\"https:\/\/www.manaus.am.gov.br\/semcom\/wp-content\/uploads\/sites\/5\/2023\/02\/Prefeitura-de-Manaus-abre-inscricoes-para-o-curso-de-Cuidador-de-idosos-\u2018Cuidadoso-2.jpeg\" \/>\n\t<meta property=\"og:image:width\" content=\"1350\" \/>\n\t<meta property=\"og:image:height\" content=\"901\" \/>\n\t<meta property=\"og:image:type\" content=\"image\/jpeg\" \/>\n<meta name=\"author\" content=\"Cl\u00e1udia Barbosa\" \/>\n<meta name=\"twitter:card\" content=\"summary_large_image\" \/>\n<meta name=\"twitter:label1\" content=\"Written by\" \/>\n\t<meta name=\"twitter:data1\" content=\"Cl\u00e1udia Barbosa\" \/>\n\t<meta name=\"twitter:label2\" content=\"Est. reading time\" \/>\n\t<meta name=\"twitter:data2\" content=\"4 minutos\" \/>\n<script type=\"application\/ld+json\" class=\"yoast-schema-graph\">{\"@context\":\"https:\/\/schema.org\",\"@graph\":[{\"@type\":\"WebPage\",\"@id\":\"https:\/\/www.manaus.am.gov.br\/semcom\/prefeitura-de-manaus-abre-inscricoes-para-o-curso-de-cuidador-de-idoso-cuidadoso\/\",\"url\":\"https:\/\/www.manaus.am.gov.br\/semcom\/prefeitura-de-manaus-abre-inscricoes-para-o-curso-de-cuidador-de-idoso-cuidadoso\/\",\"name\":\"Prefeitura abre inscri\u00e7\u00f5es para o curso de Cuidador de Idoso \u2018Cuidadoso\u2019\",\"isPartOf\":{\"@id\":\"https:\/\/www.manaus.am.gov.br\/semcom\/#website\"},\"primaryImageOfPage\":{\"@id\":\"https:\/\/www.manaus.am.gov.br\/semcom\/prefeitura-de-manaus-abre-inscricoes-para-o-curso-de-cuidador-de-idoso-cuidadoso\/#primaryimage\"},\"image\":{\"@id\":\"https:\/\/www.manaus.am.gov.br\/semcom\/prefeitura-de-manaus-abre-inscricoes-para-o-curso-de-cuidador-de-idoso-cuidadoso\/#primaryimage\"},\"thumbnailUrl\":\"https:\/\/www.manaus.am.gov.br\/semcom\/wp-content\/uploads\/sites\/5\/2023\/02\/Prefeitura-de-Manaus-abre-inscricoes-para-o-curso-de-Cuidador-de-idosos-\u2018Cuidadoso-2.jpeg\",\"datePublished\":\"2023-02-10T14:43:58+00:00\",\"dateModified\":\"2023-02-10T15:15:51+00:00\",\"author\":{\"@id\":\"https:\/\/www.manaus.am.gov.br\/semcom\/#\/schema\/person\/d0a166b5031154c33c77794ddc9a827e\"},\"inLanguage\":\"pt-BR\",\"potentialAction\":[{\"@type\":\"ReadAction\",\"target\":[\"https:\/\/www.manaus.am.gov.br\/semcom\/prefeitura-de-manaus-abre-inscricoes-para-o-curso-de-cuidador-de-idoso-cuidadoso\/\"]}]},{\"@type\":\"ImageObject\",\"inLanguage\":\"pt-BR\",\"@id\":\"https:\/\/www.manaus.am.gov.br\/semcom\/prefeitura-de-manaus-abre-inscricoes-para-o-curso-de-cuidador-de-idoso-cuidadoso\/#primaryimage\",\"url\":\"https:\/\/www.manaus.am.gov.br\/semcom\/wp-content\/uploads\/sites\/5\/2023\/02\/Prefeitura-de-Manaus-abre-inscricoes-para-o-curso-de-Cuidador-de-idosos-\u2018Cuidadoso-2.jpeg\",\"contentUrl\":\"https:\/\/www.manaus.am.gov.br\/semcom\/wp-content\/uploads\/sites\/5\/2023\/02\/Prefeitura-de-Manaus-abre-inscricoes-para-o-curso-de-Cuidador-de-idosos-\u2018Cuidadoso-2.jpeg\",\"width\":1350,\"height\":901},{\"@type\":\"WebSite\",\"@id\":\"https:\/\/www.manaus.am.gov.br\/semcom\/#website\",\"url\":\"https:\/\/www.manaus.am.gov.br\/semcom\/\",\"name\":\"SEMCOM\",\"description\":\"Secretaria Municipal de Comunica\u00e7\u00e3o\",\"potentialAction\":[{\"@type\":\"SearchAction\",\"target\":{\"@type\":\"EntryPoint\",\"urlTemplate\":\"https:\/\/www.manaus.am.gov.br\/semcom\/?s={search_term_string}\"},\"query-input\":\"required name=search_term_string\"}],\"inLanguage\":\"pt-BR\"},{\"@type\":\"Person\",\"@id\":\"https:\/\/www.manaus.am.gov.br\/semcom\/#\/schema\/person\/d0a166b5031154c33c77794ddc9a827e\",\"name\":\"Cl\u00e1udia Barbosa\",\"image\":{\"@type\":\"ImageObject\",\"inLanguage\":\"pt-BR\",\"@id\":\"https:\/\/www.manaus.am.gov.br\/semcom\/#\/schema\/person\/image\/\",\"url\":\"https:\/\/secure.gravatar.com\/avatar\/42958a1cf007f1a00534009218c72590?s=96&d=mm&r=g\",\"contentUrl\":\"https:\/\/secure.gravatar.com\/avatar\/42958a1cf007f1a00534009218c72590?s=96&d=mm&r=g\",\"caption\":\"Cl\u00e1udia Barbosa\"}}]}<\/script>\n<!-- \/ Yoast SEO plugin. -->","yoast_head_json":{"title":"Prefeitura abre inscri\u00e7\u00f5es para o curso de Cuidador de Idoso \u2018Cuidadoso\u2019","robots":{"index":"index","follow":"follow","max-snippet":"max-snippet:-1","max-image-preview":"max-image-preview:large","max-video-preview":"max-video-preview:-1"},"canonical":"https:\/\/www.manaus.am.gov.br\/semcom\/prefeitura-de-manaus-abre-inscricoes-para-o-curso-de-cuidador-de-idoso-cuidadoso\/","og_locale":"pt_BR","og_type":"article","og_title":"Prefeitura abre inscri\u00e7\u00f5es para o curso de Cuidador de Idoso \u2018Cuidadoso\u2019","og_url":"https:\/\/www.manaus.am.gov.br\/semcom\/prefeitura-de-manaus-abre-inscricoes-para-o-curso-de-cuidador-de-idoso-cuidadoso\/","og_site_name":"SEMCOM","article_published_time":"2023-02-10T14:43:58+00:00","article_modified_time":"2023-02-10T15:15:51+00:00","og_image":[{"width":1350,"height":901,"url":"https:\/\/www.manaus.am.gov.br\/semcom\/wp-content\/uploads\/sites\/5\/2023\/02\/Prefeitura-de-Manaus-abre-inscricoes-para-o-curso-de-Cuidador-de-idosos-\u2018Cuidadoso-2.jpeg","type":"image\/jpeg"}],"author":"Cl\u00e1udia Barbosa","twitter_card":"summary_large_image","twitter_misc":{"Written by":"Cl\u00e1udia Barbosa","Est. reading time":"4 minutos"},"schema":{"@context":"https:\/\/schema.org","@graph":[{"@type":"WebPage","@id":"https:\/\/www.manaus.am.gov.br\/semcom\/prefeitura-de-manaus-abre-inscricoes-para-o-curso-de-cuidador-de-idoso-cuidadoso\/","url":"https:\/\/www.manaus.am.gov.br\/semcom\/prefeitura-de-manaus-abre-inscricoes-para-o-curso-de-cuidador-de-idoso-cuidadoso\/","name":"Prefeitura abre inscri\u00e7\u00f5es para o curso de Cuidador de Idoso \u2018Cuidadoso\u2019","isPartOf":{"@id":"https:\/\/www.manaus.am.gov.br\/semcom\/#website"},"primaryImageOfPage":{"@id":"https:\/\/www.manaus.am.gov.br\/semcom\/prefeitura-de-manaus-abre-inscricoes-para-o-curso-de-cuidador-de-idoso-cuidadoso\/#primaryimage"},"image":{"@id":"https:\/\/www.manaus.am.gov.br\/semcom\/prefeitura-de-manaus-abre-inscricoes-para-o-curso-de-cuidador-de-idoso-cuidadoso\/#primaryimage"},"thumbnailUrl":"https:\/\/www.manaus.am.gov.br\/semcom\/wp-content\/uploads\/sites\/5\/2023\/02\/Prefeitura-de-Manaus-abre-inscricoes-para-o-curso-de-Cuidador-de-idosos-\u2018Cuidadoso-2.jpeg","datePublished":"2023-02-10T14:43:58+00:00","dateModified":"2023-02-10T15:15:51+00:00","author":{"@id":"https:\/\/www.manaus.am.gov.br\/semcom\/#\/schema\/person\/d0a166b5031154c33c77794ddc9a827e"},"inLanguage":"pt-BR","potentialAction":[{"@type":"ReadAction","target":["https:\/\/www.manaus.am.gov.br\/semcom\/prefeitura-de-manaus-abre-inscricoes-para-o-curso-de-cuidador-de-idoso-cuidadoso\/"]}]},{"@type":"ImageObject","inLanguage":"pt-BR","@id":"https:\/\/www.manaus.am.gov.br\/semcom\/prefeitura-de-manaus-abre-inscricoes-para-o-curso-de-cuidador-de-idoso-cuidadoso\/#primaryimage","url":"https:\/\/www.manaus.am.gov.br\/semcom\/wp-content\/uploads\/sites\/5\/2023\/02\/Prefeitura-de-Manaus-abre-inscricoes-para-o-curso-de-Cuidador-de-idosos-\u2018Cuidadoso-2.jpeg","contentUrl":"https:\/\/www.manaus.am.gov.br\/semcom\/wp-content\/uploads\/sites\/5\/2023\/02\/Prefeitura-de-Manaus-abre-inscricoes-para-o-curso-de-Cuidador-de-idosos-\u2018Cuidadoso-2.jpeg","width":1350,"height":901},{"@type":"WebSite","@id":"https:\/\/www.manaus.am.gov.br\/semcom\/#website","url":"https:\/\/www.manaus.am.gov.br\/semcom\/","name":"SEMCOM","description":"Secretaria Municipal de Comunica\u00e7\u00e3o","potentialAction":[{"@type":"SearchAction","target":{"@type":"EntryPoint","urlTemplate":"https:\/\/www.manaus.am.gov.br\/semcom\/?s={search_term_string}"},"query-input":"required name=search_term_string"}],"inLanguage":"pt-BR"},{"@type":"Person","@id":"https:\/\/www.manaus.am.gov.br\/semcom\/#\/schema\/person\/d0a166b5031154c33c77794ddc9a827e","name":"Cl\u00e1udia Barbosa","image":{"@type":"ImageObject","inLanguage":"pt-BR","@id":"https:\/\/www.manaus.am.gov.br\/semcom\/#\/schema\/person\/image\/","url":"https:\/\/secure.gravatar.com\/avatar\/42958a1cf007f1a00534009218c72590?s=96&d=mm&r=g","contentUrl":"https:\/\/secure.gravatar.com\/avatar\/42958a1cf007f1a00534009218c72590?s=96&d=mm&r=g","caption":"Cl\u00e1udia Barbosa"}}]}},"_links":{"self":[{"href":"https:\/\/www.manaus.am.gov.br\/semcom\/wp-json\/wp\/v2\/posts\/208963"}],"collection":[{"href":"https:\/\/www.manaus.am.gov.br\/semcom\/wp-json\/wp\/v2\/posts"}],"about":[{"href":"https:\/\/www.manaus.am.gov.br\/semcom\/wp-json\/wp\/v2\/types\/post"}],"author":[{"embeddable":true,"href":"https:\/\/www.manaus.am.gov.br\/semcom\/wp-json\/wp\/v2\/users\/24"}],"replies":[{"embeddable":true,"href":"https:\/\/www.manaus.am.gov.br\/semcom\/wp-json\/wp\/v2\/comments?post=208963"}],"version-history":[{"count":1,"href":"https:\/\/www.manaus.am.gov.br\/semcom\/wp-json\/wp\/v2\/posts\/208963\/revisions"}],"predecessor-version":[{"id":208977,"href":"https:\/\/www.manaus.am.gov.br\/semcom\/wp-json\/wp\/v2\/posts\/208963\/revisions\/208977"}],"wp:featuredmedia":[{"embeddable":true,"href":"https:\/\/www.manaus.am.gov.br\/semcom\/wp-json\/wp\/v2\/media\/208964"}],"wp:attachment":[{"href":"https:\/\/www.manaus.am.gov.br\/semcom\/wp-json\/wp\/v2\/media?parent=208963"}],"wp:term":[{"taxonomy":"category","embeddable":true,"href":"https:\/\/www.manaus.am.gov.br\/semcom\/wp-json\/wp\/v2\/categories?post=208963"},{"taxonomy":"post_tag","embeddable":true,"href":"https:\/\/www.manaus.am.gov.br\/semcom\/wp-json\/wp\/v2\/tags?post=208963"}],"curies":[{"name":"wp","href":"https:\/\/api.w.org\/{rel}","templated":true}]}}