{"id":208892,"date":"2023-02-09T16:13:34","date_gmt":"2023-02-09T19:13:34","guid":{"rendered":"https:\/\/www.manaus.am.gov.br\/semcom\/2023\/02\/09\/prefeitura-de-manaus-convoca-professores-das-disciplinas-de-matematica-e-ciencias\/"},"modified":"2023-02-10T12:32:43","modified_gmt":"2023-02-10T15:32:43","slug":"prefeitura-de-manaus-convoca-professores-das-disciplinas-de-matematica-e-ciencias","status":"publish","type":"post","link":"https:\/\/www.manaus.am.gov.br\/semcom\/prefeitura-de-manaus-convoca-professores-das-disciplinas-de-matematica-e-ciencias\/","title":{"rendered":"<strong>Prefeitura de Manaus convoca professores das disciplinas de matem\u00e1tica e ci\u00eancias<\/strong>"},"content":{"rendered":"\n<p><\/p>\n\n\n\n<p>A Prefeitura de <a href=\"http:\/\/www.manaus.am.gov.br\" target=\"_blank\" rel=\"noreferrer noopener\">Manaus<\/a>, por meio da Secretaria Municipal de Educa\u00e7\u00e3o (<a href=\"https:\/\/www.manaus.am.gov.br\/semed\/\" target=\"_blank\" rel=\"noreferrer noopener\">Semed<\/a>), publicou, no Di\u00e1rio Oficial do Munic\u00edpio (DOM) de quarta-feira, 8\/2, a convoca\u00e7\u00e3o de 20 professores substitutos para as disciplinas de ci\u00eancias e matem\u00e1tica, com atendimento de forma remota.<\/p>\n\n\n\n<p>Os educadores v\u00e3o ser direcionados \u00e0s escolas da Divis\u00e3o Distrital Zonal (DDZ) Rural e iniciam as atividades na rede municipal de ensino,&nbsp;a partir do dia 1\u00ba de mar\u00e7o, sendo que as vagas s\u00e3o de 11 educadores para matem\u00e1tica e nove para ci\u00eancias.<\/p>\n\n\n\n<p>\u201cA convoca\u00e7\u00e3o significa mais professores em sala de aula e mais qualidade no ensino dos nossos estudantes. Este ano, todos os esfor\u00e7os est\u00e3o voltados para elevar o \u00cdndice de Desenvolvimento da Educa\u00e7\u00e3o B\u00e1sica (Saeb) dos alunos da rede municipal e, assim, colocar Manaus como uma das melhores educa\u00e7\u00f5es do pa\u00eds\u201d, ressaltou a secret\u00e1ria da Semed, professora Dulce Almeida.<\/p>\n\n\n\n<p>Essa \u00e9 a 7\u00aa convoca\u00e7\u00e3o do Processo Seletivo Simplificado (PSS), relativo ao edital 001\/2021, de 24 de junho de 2021, destinado \u00e0s disciplinas de matem\u00e1tica e ci\u00eancias. Os candidatos t\u00eam at\u00e9 o dia 22 de fevereiro para entregar a documenta\u00e7\u00e3o.<\/p>\n\n\n\n<p>Para facilitar o atendimento dos convocados, todos os professores j\u00e1 receberam um e-mail da Comiss\u00e3o de Investidura da Semed. Cada candidato ter\u00e1 um assessor exclusivo da secretaria, para manter contato por e-mail ou pelo WhatsApp sobre qualquer d\u00favida sobre o processo.<\/p>\n\n\n\n<p>Segundo a chefe da Comiss\u00e3o de Investidura da Semed, Elisangela Bastos, \u00e9 importante que todos fiquem atentos ao per\u00edodo de apresenta\u00e7\u00e3o e \u00e0s informa\u00e7\u00f5es passadas pela secretaria.&nbsp;<\/p>\n\n\n\n<p>\u201c\u00c9 importante que cada candidato observe o e-mail que recebeu. L\u00e1 cont\u00e9m todas as informa\u00e7\u00f5es, tem tamb\u00e9m o contato de uma assessora exclusiva, que vai atender cada um deles, tirar d\u00favidas, responder questionamentos e auxiliar no processo de contrata\u00e7\u00e3o. O atendimento vai ser de forma remota, como j\u00e1 \u00e9 feito desde 2020 e tem dado certo\u201d, explicou.<\/p>\n\n\n\n<p>&#8212; &#8212; &#8212;<\/p>\n\n\n\n<p><strong>Texto<\/strong>&nbsp;&#8211; Paulo Rog\u00e9rio\/ Semed<\/p>\n\n\n\n<p><strong>Fotos<\/strong>&nbsp;&#8211; M\u00e1rio Oliveira\/ Arquivo Semed<\/p>\n\n\n\n<p><strong>Dispon\u00edveis em<\/strong>&nbsp;&#8211;&nbsp;<a href=\"https:\/\/flic.kr\/s\/aHBqjA9G2c\" target=\"_blank\" rel=\"noreferrer noopener\">https:\/\/flic.kr\/s\/aHBqjA9G2c<\/a><\/p>\n\n\n\n<p><\/p>\n","protected":false},"excerpt":{"rendered":"","protected":false},"author":23,"featured_media":208893,"comment_status":"closed","ping_status":"closed","sticky":false,"template":"","format":"standard","meta":{"footnotes":""},"categories":[904],"tags":[141,622,940,62],"acf":[],"yoast_head":"<!-- This site is optimized with the Yoast SEO plugin v23.0 - https:\/\/yoast.com\/wordpress\/plugins\/seo\/ -->\n<title>Prefeitura de Manaus convoca professores do PSS<\/title>\n<meta name=\"description\" content=\"A Prefeitura de Manaus, publicou, no Di\u00e1rio Oficial do Munic\u00edpio (DOM) de quarta-feira, 8\/2, a convoca\u00e7\u00e3o de 20 professores substitutos\" \/>\n<meta name=\"robots\" content=\"index, follow, max-snippet:-1, max-image-preview:large, max-video-preview:-1\" \/>\n<link rel=\"canonical\" href=\"https:\/\/www.manaus.am.gov.br\/semcom\/prefeitura-de-manaus-convoca-professores-das-disciplinas-de-matematica-e-ciencias\/\" \/>\n<meta property=\"og:locale\" content=\"pt_BR\" \/>\n<meta property=\"og:type\" content=\"article\" \/>\n<meta property=\"og:title\" content=\"Prefeitura de Manaus convoca professores do PSS\" \/>\n<meta property=\"og:description\" content=\"A Prefeitura de Manaus, publicou, no Di\u00e1rio Oficial do Munic\u00edpio (DOM) de quarta-feira, 8\/2, a convoca\u00e7\u00e3o de 20 professores substitutos\" \/>\n<meta property=\"og:url\" content=\"https:\/\/www.manaus.am.gov.br\/semcom\/prefeitura-de-manaus-convoca-professores-das-disciplinas-de-matematica-e-ciencias\/\" \/>\n<meta property=\"og:site_name\" content=\"SEMCOM\" \/>\n<meta property=\"article:published_time\" content=\"2023-02-09T19:13:34+00:00\" \/>\n<meta property=\"article:modified_time\" content=\"2023-02-10T15:32:43+00:00\" \/>\n<meta property=\"og:image\" content=\"https:\/\/www.manaus.am.gov.br\/semcom\/wp-content\/uploads\/sites\/5\/2023\/02\/52402734816_430d0c4e14_c.jpg\" \/>\n\t<meta property=\"og:image:width\" content=\"799\" \/>\n\t<meta property=\"og:image:height\" content=\"533\" \/>\n\t<meta property=\"og:image:type\" content=\"image\/jpeg\" \/>\n<meta name=\"author\" content=\"Adriana Costa\" \/>\n<meta name=\"twitter:card\" content=\"summary_large_image\" \/>\n<meta name=\"twitter:label1\" content=\"Written by\" \/>\n\t<meta name=\"twitter:data1\" content=\"Adriana Costa\" \/>\n\t<meta name=\"twitter:label2\" content=\"Est. reading time\" \/>\n\t<meta name=\"twitter:data2\" content=\"2 minutos\" \/>\n<script type=\"application\/ld+json\" class=\"yoast-schema-graph\">{\"@context\":\"https:\/\/schema.org\",\"@graph\":[{\"@type\":\"WebPage\",\"@id\":\"https:\/\/www.manaus.am.gov.br\/semcom\/prefeitura-de-manaus-convoca-professores-das-disciplinas-de-matematica-e-ciencias\/\",\"url\":\"https:\/\/www.manaus.am.gov.br\/semcom\/prefeitura-de-manaus-convoca-professores-das-disciplinas-de-matematica-e-ciencias\/\",\"name\":\"Prefeitura de Manaus convoca professores do PSS\",\"isPartOf\":{\"@id\":\"https:\/\/www.manaus.am.gov.br\/semcom\/#website\"},\"primaryImageOfPage\":{\"@id\":\"https:\/\/www.manaus.am.gov.br\/semcom\/prefeitura-de-manaus-convoca-professores-das-disciplinas-de-matematica-e-ciencias\/#primaryimage\"},\"image\":{\"@id\":\"https:\/\/www.manaus.am.gov.br\/semcom\/prefeitura-de-manaus-convoca-professores-das-disciplinas-de-matematica-e-ciencias\/#primaryimage\"},\"thumbnailUrl\":\"https:\/\/www.manaus.am.gov.br\/semcom\/wp-content\/uploads\/sites\/5\/2023\/02\/52402734816_430d0c4e14_c.jpg\",\"datePublished\":\"2023-02-09T19:13:34+00:00\",\"dateModified\":\"2023-02-10T15:32:43+00:00\",\"author\":{\"@id\":\"https:\/\/www.manaus.am.gov.br\/semcom\/#\/schema\/person\/4e49f4e267757a06ca072ec61b2b9968\"},\"description\":\"A Prefeitura de Manaus, publicou, no Di\u00e1rio Oficial do Munic\u00edpio (DOM) de quarta-feira, 8\/2, a convoca\u00e7\u00e3o de 20 professores substitutos\",\"inLanguage\":\"pt-BR\",\"potentialAction\":[{\"@type\":\"ReadAction\",\"target\":[\"https:\/\/www.manaus.am.gov.br\/semcom\/prefeitura-de-manaus-convoca-professores-das-disciplinas-de-matematica-e-ciencias\/\"]}]},{\"@type\":\"ImageObject\",\"inLanguage\":\"pt-BR\",\"@id\":\"https:\/\/www.manaus.am.gov.br\/semcom\/prefeitura-de-manaus-convoca-professores-das-disciplinas-de-matematica-e-ciencias\/#primaryimage\",\"url\":\"https:\/\/www.manaus.am.gov.br\/semcom\/wp-content\/uploads\/sites\/5\/2023\/02\/52402734816_430d0c4e14_c.jpg\",\"contentUrl\":\"https:\/\/www.manaus.am.gov.br\/semcom\/wp-content\/uploads\/sites\/5\/2023\/02\/52402734816_430d0c4e14_c.jpg\",\"width\":799,\"height\":533},{\"@type\":\"WebSite\",\"@id\":\"https:\/\/www.manaus.am.gov.br\/semcom\/#website\",\"url\":\"https:\/\/www.manaus.am.gov.br\/semcom\/\",\"name\":\"SEMCOM\",\"description\":\"Secretaria Municipal de Comunica\u00e7\u00e3o\",\"potentialAction\":[{\"@type\":\"SearchAction\",\"target\":{\"@type\":\"EntryPoint\",\"urlTemplate\":\"https:\/\/www.manaus.am.gov.br\/semcom\/?s={search_term_string}\"},\"query-input\":\"required name=search_term_string\"}],\"inLanguage\":\"pt-BR\"},{\"@type\":\"Person\",\"@id\":\"https:\/\/www.manaus.am.gov.br\/semcom\/#\/schema\/person\/4e49f4e267757a06ca072ec61b2b9968\",\"name\":\"Adriana Costa\",\"image\":{\"@type\":\"ImageObject\",\"inLanguage\":\"pt-BR\",\"@id\":\"https:\/\/www.manaus.am.gov.br\/semcom\/#\/schema\/person\/image\/\",\"url\":\"https:\/\/secure.gravatar.com\/avatar\/576258617ef7194f718179e766d57bd4?s=96&d=mm&r=g\",\"contentUrl\":\"https:\/\/secure.gravatar.com\/avatar\/576258617ef7194f718179e766d57bd4?s=96&d=mm&r=g\",\"caption\":\"Adriana Costa\"}}]}<\/script>\n<!-- \/ Yoast SEO plugin. -->","yoast_head_json":{"title":"Prefeitura de Manaus convoca professores do PSS","description":"A Prefeitura de Manaus, publicou, no Di\u00e1rio Oficial do Munic\u00edpio (DOM) de quarta-feira, 8\/2, a convoca\u00e7\u00e3o de 20 professores substitutos","robots":{"index":"index","follow":"follow","max-snippet":"max-snippet:-1","max-image-preview":"max-image-preview:large","max-video-preview":"max-video-preview:-1"},"canonical":"https:\/\/www.manaus.am.gov.br\/semcom\/prefeitura-de-manaus-convoca-professores-das-disciplinas-de-matematica-e-ciencias\/","og_locale":"pt_BR","og_type":"article","og_title":"Prefeitura de Manaus convoca professores do PSS","og_description":"A Prefeitura de Manaus, publicou, no Di\u00e1rio Oficial do Munic\u00edpio (DOM) de quarta-feira, 8\/2, a convoca\u00e7\u00e3o de 20 professores substitutos","og_url":"https:\/\/www.manaus.am.gov.br\/semcom\/prefeitura-de-manaus-convoca-professores-das-disciplinas-de-matematica-e-ciencias\/","og_site_name":"SEMCOM","article_published_time":"2023-02-09T19:13:34+00:00","article_modified_time":"2023-02-10T15:32:43+00:00","og_image":[{"width":799,"height":533,"url":"https:\/\/www.manaus.am.gov.br\/semcom\/wp-content\/uploads\/sites\/5\/2023\/02\/52402734816_430d0c4e14_c.jpg","type":"image\/jpeg"}],"author":"Adriana Costa","twitter_card":"summary_large_image","twitter_misc":{"Written by":"Adriana Costa","Est. reading time":"2 minutos"},"schema":{"@context":"https:\/\/schema.org","@graph":[{"@type":"WebPage","@id":"https:\/\/www.manaus.am.gov.br\/semcom\/prefeitura-de-manaus-convoca-professores-das-disciplinas-de-matematica-e-ciencias\/","url":"https:\/\/www.manaus.am.gov.br\/semcom\/prefeitura-de-manaus-convoca-professores-das-disciplinas-de-matematica-e-ciencias\/","name":"Prefeitura de Manaus convoca professores do PSS","isPartOf":{"@id":"https:\/\/www.manaus.am.gov.br\/semcom\/#website"},"primaryImageOfPage":{"@id":"https:\/\/www.manaus.am.gov.br\/semcom\/prefeitura-de-manaus-convoca-professores-das-disciplinas-de-matematica-e-ciencias\/#primaryimage"},"image":{"@id":"https:\/\/www.manaus.am.gov.br\/semcom\/prefeitura-de-manaus-convoca-professores-das-disciplinas-de-matematica-e-ciencias\/#primaryimage"},"thumbnailUrl":"https:\/\/www.manaus.am.gov.br\/semcom\/wp-content\/uploads\/sites\/5\/2023\/02\/52402734816_430d0c4e14_c.jpg","datePublished":"2023-02-09T19:13:34+00:00","dateModified":"2023-02-10T15:32:43+00:00","author":{"@id":"https:\/\/www.manaus.am.gov.br\/semcom\/#\/schema\/person\/4e49f4e267757a06ca072ec61b2b9968"},"description":"A Prefeitura de Manaus, publicou, no Di\u00e1rio Oficial do Munic\u00edpio (DOM) de quarta-feira, 8\/2, a convoca\u00e7\u00e3o de 20 professores substitutos","inLanguage":"pt-BR","potentialAction":[{"@type":"ReadAction","target":["https:\/\/www.manaus.am.gov.br\/semcom\/prefeitura-de-manaus-convoca-professores-das-disciplinas-de-matematica-e-ciencias\/"]}]},{"@type":"ImageObject","inLanguage":"pt-BR","@id":"https:\/\/www.manaus.am.gov.br\/semcom\/prefeitura-de-manaus-convoca-professores-das-disciplinas-de-matematica-e-ciencias\/#primaryimage","url":"https:\/\/www.manaus.am.gov.br\/semcom\/wp-content\/uploads\/sites\/5\/2023\/02\/52402734816_430d0c4e14_c.jpg","contentUrl":"https:\/\/www.manaus.am.gov.br\/semcom\/wp-content\/uploads\/sites\/5\/2023\/02\/52402734816_430d0c4e14_c.jpg","width":799,"height":533},{"@type":"WebSite","@id":"https:\/\/www.manaus.am.gov.br\/semcom\/#website","url":"https:\/\/www.manaus.am.gov.br\/semcom\/","name":"SEMCOM","description":"Secretaria Municipal de Comunica\u00e7\u00e3o","potentialAction":[{"@type":"SearchAction","target":{"@type":"EntryPoint","urlTemplate":"https:\/\/www.manaus.am.gov.br\/semcom\/?s={search_term_string}"},"query-input":"required name=search_term_string"}],"inLanguage":"pt-BR"},{"@type":"Person","@id":"https:\/\/www.manaus.am.gov.br\/semcom\/#\/schema\/person\/4e49f4e267757a06ca072ec61b2b9968","name":"Adriana Costa","image":{"@type":"ImageObject","inLanguage":"pt-BR","@id":"https:\/\/www.manaus.am.gov.br\/semcom\/#\/schema\/person\/image\/","url":"https:\/\/secure.gravatar.com\/avatar\/576258617ef7194f718179e766d57bd4?s=96&d=mm&r=g","contentUrl":"https:\/\/secure.gravatar.com\/avatar\/576258617ef7194f718179e766d57bd4?s=96&d=mm&r=g","caption":"Adriana Costa"}}]}},"_links":{"self":[{"href":"https:\/\/www.manaus.am.gov.br\/semcom\/wp-json\/wp\/v2\/posts\/208892"}],"collection":[{"href":"https:\/\/www.manaus.am.gov.br\/semcom\/wp-json\/wp\/v2\/posts"}],"about":[{"href":"https:\/\/www.manaus.am.gov.br\/semcom\/wp-json\/wp\/v2\/types\/post"}],"author":[{"embeddable":true,"href":"https:\/\/www.manaus.am.gov.br\/semcom\/wp-json\/wp\/v2\/users\/23"}],"replies":[{"embeddable":true,"href":"https:\/\/www.manaus.am.gov.br\/semcom\/wp-json\/wp\/v2\/comments?post=208892"}],"version-history":[{"count":1,"href":"https:\/\/www.manaus.am.gov.br\/semcom\/wp-json\/wp\/v2\/posts\/208892\/revisions"}],"predecessor-version":[{"id":208985,"href":"https:\/\/www.manaus.am.gov.br\/semcom\/wp-json\/wp\/v2\/posts\/208892\/revisions\/208985"}],"wp:featuredmedia":[{"embeddable":true,"href":"https:\/\/www.manaus.am.gov.br\/semcom\/wp-json\/wp\/v2\/media\/208893"}],"wp:attachment":[{"href":"https:\/\/www.manaus.am.gov.br\/semcom\/wp-json\/wp\/v2\/media?parent=208892"}],"wp:term":[{"taxonomy":"category","embeddable":true,"href":"https:\/\/www.manaus.am.gov.br\/semcom\/wp-json\/wp\/v2\/categories?post=208892"},{"taxonomy":"post_tag","embeddable":true,"href":"https:\/\/www.manaus.am.gov.br\/semcom\/wp-json\/wp\/v2\/tags?post=208892"}],"curies":[{"name":"wp","href":"https:\/\/api.w.org\/{rel}","templated":true}]}}