{"id":208829,"date":"2023-02-08T17:51:59","date_gmt":"2023-02-08T20:51:59","guid":{"rendered":"https:\/\/www.manaus.am.gov.br\/semcom\/2023\/02\/08\/prefeitura-de-manaus-atua-em-obra-de-contencao-de-erosao-no-bairro-colonia-antonio-aleixo\/"},"modified":"2023-02-10T10:50:15","modified_gmt":"2023-02-10T13:50:15","slug":"prefeitura-de-manaus-atua-em-obra-de-contencao-de-erosao-no-bairro-colonia-antonio-aleixo","status":"publish","type":"post","link":"https:\/\/www.manaus.am.gov.br\/semcom\/prefeitura-de-manaus-atua-em-obra-de-contencao-de-erosao-no-bairro-colonia-antonio-aleixo\/","title":{"rendered":"<strong>Prefeitura de Manaus atua em obra de conten\u00e7\u00e3o de eros\u00e3o no bairro Col\u00f4nia Ant\u00f4nio Aleixo<\/strong>"},"content":{"rendered":"\n<p>Dando continuidade aos trabalhos de conten\u00e7\u00e3o de eros\u00f5es na cidade, a Prefeitura de <a href=\"http:\/\/www.manaus.am.gov.br\" target=\"_blank\" rel=\"noreferrer noopener\">Manaus<\/a>, por meio da Secretaria Municipal de Infraestrutura (<a href=\"https:\/\/www.manaus.am.gov.br\/seminf\/\" target=\"_blank\" rel=\"noreferrer noopener\">Seminf<\/a>), atua, nesta quarta-feira, 8\/2, em obra de conten\u00e7\u00e3o de eros\u00e3o com 20 metros de altura nas ruas Alberto Campainha e Danilo Areosa, bairro Col\u00f4nia Ant\u00f4nio Aleixo, na zona Leste.&nbsp;<\/p>\n\n\n\n<p>A obra iniciou ap\u00f3s uma eros\u00e3o se formar no local, devido ao escoamento inadequado da chuva. O engenheiro e fiscal da obra, \u00c9dson Junior, explica que sem escada hidr\u00e1ulica, a \u00e1gua da chuva cai de forma \u201cbrusca\u201d e \u201cdesordenada\u201d. \u201cA escada, nesses casos, serve para uma queda mais branda, de modo que n\u00e3o corrompa o solo\u201d, afirmou.<\/p>\n\n\n\n<p>S\u00e3o 15 servidores trabalhando com a ajuda de escavadeiras hidr\u00e1ulicas, rolos p\u00e9 de carneiro e ca\u00e7ambas, primeiro no aterro do terreno, para solucionar os problemas de deslizamento na \u00e1rea. Na sequ\u00eancia, as equipes ir\u00e3o implantar dez metros de nova tubula\u00e7\u00e3o em concreto, finalizando os servi\u00e7os com a implanta\u00e7\u00e3o da escada hidr\u00e1ulica, que vai auxiliar na queda correta das \u00e1guas pluviais, evitando novos processos erosivos.<\/p>\n\n\n\n<p>De acordo com \u00c9dson J\u00fanior, o servi\u00e7o na \u00e1rea \u00e9 de grande porte devido \u00e0 profundidade da eros\u00e3o, que colocava em risco a rua e as casas no entorno.<\/p>\n\n\n\n<p>\u201cO problema na via ser\u00e1 solucionado de forma definitiva, como determinou o prefeito David Almeida e o secret\u00e1rio de Obras, Renato Junior. Esse tipo de obra, que \u00e9 emergencial, \u00e9 realizado de forma c\u00e9lere, para minimizar os danos sofridos pelos moradores. Aqui no bairro Col\u00f4nia Ant\u00f4nio Aleixo, esse problema de eros\u00e3o ocorria h\u00e1 muitos anos, e agora ter\u00e1 solu\u00e7\u00e3o. N\u00f3s estamos trabalhando de forma engajada, empregando todos os esfor\u00e7os poss\u00edveis, para dar melhores condi\u00e7\u00f5es de vida aos moradores\u201d, afirmou o engenheiro.<\/p>\n\n\n\n<p>A obra \u00e9 realizada de forma cautelosa, por se tratar de uma \u00e1rea erosiva.&nbsp; Ap\u00f3s a conten\u00e7\u00e3o da eros\u00e3o, as equipes ir\u00e3o atuar nos servi\u00e7os de drenagem superficial, com a recomposi\u00e7\u00e3o de sarjeta e meio-fio, finalizando com a implanta\u00e7\u00e3o do asfalto no local.<\/p>\n\n\n\n<p>&#8212; &#8212; &#8212;<\/p>\n\n\n\n<p><strong>Texto \u2013<\/strong> Mariana Rocha \/ Seminf<\/p>\n\n\n\n<p><strong>Fotos \u2013<\/strong> M\u00e1rcio Melo \/ Seminf&nbsp;<\/p>\n\n\n\n<p><strong>Dispon\u00edveis em &#8211; <\/strong><a href=\"https:\/\/flic.kr\/s\/aHBqjAroun\" target=\"_blank\" rel=\"noreferrer noopener\">https:\/\/flic.kr\/s\/aHBqjAroun<\/a><\/p>\n","protected":false},"excerpt":{"rendered":"","protected":false},"author":24,"featured_media":208830,"comment_status":"closed","ping_status":"closed","sticky":false,"template":"","format":"standard","meta":{"footnotes":""},"categories":[127],"tags":[38,35,871,872,77,873,874,104,33,108],"acf":[],"yoast_head":"<!-- This site is optimized with the Yoast SEO plugin v23.0 - https:\/\/yoast.com\/wordpress\/plugins\/seo\/ -->\n<title>Prefeitura atua em conten\u00e7\u00e3o de eros\u00e3o no Col\u00f4nia Ant\u00f4nio Aleixo<\/title>\n<meta name=\"description\" content=\"A Prefeitura de Manaus, por meio da Secretaria Municipal de Infraestrutura (Seminf), atua, nesta quarta-feira, 8\/2, em obra de conten\u00e7\u00e3o de eros\u00e3o com 20 metros de altura\" \/>\n<meta name=\"robots\" content=\"index, follow, max-snippet:-1, max-image-preview:large, max-video-preview:-1\" \/>\n<link rel=\"canonical\" href=\"https:\/\/www.manaus.am.gov.br\/semcom\/prefeitura-de-manaus-atua-em-obra-de-contencao-de-erosao-no-bairro-colonia-antonio-aleixo\/\" \/>\n<meta property=\"og:locale\" content=\"pt_BR\" \/>\n<meta property=\"og:type\" content=\"article\" \/>\n<meta property=\"og:title\" content=\"Prefeitura atua em conten\u00e7\u00e3o de eros\u00e3o no Col\u00f4nia Ant\u00f4nio Aleixo\" \/>\n<meta property=\"og:description\" content=\"A Prefeitura de Manaus, por meio da Secretaria Municipal de Infraestrutura (Seminf), atua, nesta quarta-feira, 8\/2, em obra de conten\u00e7\u00e3o de eros\u00e3o com 20 metros de altura\" \/>\n<meta property=\"og:url\" content=\"https:\/\/www.manaus.am.gov.br\/semcom\/prefeitura-de-manaus-atua-em-obra-de-contencao-de-erosao-no-bairro-colonia-antonio-aleixo\/\" \/>\n<meta property=\"og:site_name\" content=\"SEMCOM\" \/>\n<meta property=\"article:published_time\" content=\"2023-02-08T20:51:59+00:00\" \/>\n<meta property=\"article:modified_time\" content=\"2023-02-10T13:50:15+00:00\" \/>\n<meta property=\"og:image\" content=\"https:\/\/www.manaus.am.gov.br\/semcom\/wp-content\/uploads\/sites\/5\/2023\/02\/Prefeitura-de-Manaus-atua-em-obra-de-contencao-de-erosao-no-bairro-Colonia-Antonio-Aleixo-2.jpg\" \/>\n\t<meta property=\"og:image:width\" content=\"1500\" \/>\n\t<meta property=\"og:image:height\" content=\"1000\" \/>\n\t<meta property=\"og:image:type\" content=\"image\/jpeg\" \/>\n<meta name=\"author\" content=\"Cl\u00e1udia Barbosa\" \/>\n<meta name=\"twitter:card\" content=\"summary_large_image\" \/>\n<meta name=\"twitter:label1\" content=\"Written by\" \/>\n\t<meta name=\"twitter:data1\" content=\"Cl\u00e1udia Barbosa\" \/>\n\t<meta name=\"twitter:label2\" content=\"Est. reading time\" \/>\n\t<meta name=\"twitter:data2\" content=\"2 minutos\" \/>\n<script type=\"application\/ld+json\" class=\"yoast-schema-graph\">{\"@context\":\"https:\/\/schema.org\",\"@graph\":[{\"@type\":\"WebPage\",\"@id\":\"https:\/\/www.manaus.am.gov.br\/semcom\/prefeitura-de-manaus-atua-em-obra-de-contencao-de-erosao-no-bairro-colonia-antonio-aleixo\/\",\"url\":\"https:\/\/www.manaus.am.gov.br\/semcom\/prefeitura-de-manaus-atua-em-obra-de-contencao-de-erosao-no-bairro-colonia-antonio-aleixo\/\",\"name\":\"Prefeitura atua em conten\u00e7\u00e3o de eros\u00e3o no Col\u00f4nia Ant\u00f4nio Aleixo\",\"isPartOf\":{\"@id\":\"https:\/\/www.manaus.am.gov.br\/semcom\/#website\"},\"primaryImageOfPage\":{\"@id\":\"https:\/\/www.manaus.am.gov.br\/semcom\/prefeitura-de-manaus-atua-em-obra-de-contencao-de-erosao-no-bairro-colonia-antonio-aleixo\/#primaryimage\"},\"image\":{\"@id\":\"https:\/\/www.manaus.am.gov.br\/semcom\/prefeitura-de-manaus-atua-em-obra-de-contencao-de-erosao-no-bairro-colonia-antonio-aleixo\/#primaryimage\"},\"thumbnailUrl\":\"https:\/\/www.manaus.am.gov.br\/semcom\/wp-content\/uploads\/sites\/5\/2023\/02\/Prefeitura-de-Manaus-atua-em-obra-de-contencao-de-erosao-no-bairro-Colonia-Antonio-Aleixo-2.jpg\",\"datePublished\":\"2023-02-08T20:51:59+00:00\",\"dateModified\":\"2023-02-10T13:50:15+00:00\",\"author\":{\"@id\":\"https:\/\/www.manaus.am.gov.br\/semcom\/#\/schema\/person\/d0a166b5031154c33c77794ddc9a827e\"},\"description\":\"A Prefeitura de Manaus, por meio da Secretaria Municipal de Infraestrutura (Seminf), atua, nesta quarta-feira, 8\/2, em obra de conten\u00e7\u00e3o de eros\u00e3o com 20 metros de altura\",\"inLanguage\":\"pt-BR\",\"potentialAction\":[{\"@type\":\"ReadAction\",\"target\":[\"https:\/\/www.manaus.am.gov.br\/semcom\/prefeitura-de-manaus-atua-em-obra-de-contencao-de-erosao-no-bairro-colonia-antonio-aleixo\/\"]}]},{\"@type\":\"ImageObject\",\"inLanguage\":\"pt-BR\",\"@id\":\"https:\/\/www.manaus.am.gov.br\/semcom\/prefeitura-de-manaus-atua-em-obra-de-contencao-de-erosao-no-bairro-colonia-antonio-aleixo\/#primaryimage\",\"url\":\"https:\/\/www.manaus.am.gov.br\/semcom\/wp-content\/uploads\/sites\/5\/2023\/02\/Prefeitura-de-Manaus-atua-em-obra-de-contencao-de-erosao-no-bairro-Colonia-Antonio-Aleixo-2.jpg\",\"contentUrl\":\"https:\/\/www.manaus.am.gov.br\/semcom\/wp-content\/uploads\/sites\/5\/2023\/02\/Prefeitura-de-Manaus-atua-em-obra-de-contencao-de-erosao-no-bairro-Colonia-Antonio-Aleixo-2.jpg\",\"width\":1500,\"height\":1000},{\"@type\":\"WebSite\",\"@id\":\"https:\/\/www.manaus.am.gov.br\/semcom\/#website\",\"url\":\"https:\/\/www.manaus.am.gov.br\/semcom\/\",\"name\":\"SEMCOM\",\"description\":\"Secretaria Municipal de Comunica\u00e7\u00e3o\",\"potentialAction\":[{\"@type\":\"SearchAction\",\"target\":{\"@type\":\"EntryPoint\",\"urlTemplate\":\"https:\/\/www.manaus.am.gov.br\/semcom\/?s={search_term_string}\"},\"query-input\":\"required name=search_term_string\"}],\"inLanguage\":\"pt-BR\"},{\"@type\":\"Person\",\"@id\":\"https:\/\/www.manaus.am.gov.br\/semcom\/#\/schema\/person\/d0a166b5031154c33c77794ddc9a827e\",\"name\":\"Cl\u00e1udia Barbosa\",\"image\":{\"@type\":\"ImageObject\",\"inLanguage\":\"pt-BR\",\"@id\":\"https:\/\/www.manaus.am.gov.br\/semcom\/#\/schema\/person\/image\/\",\"url\":\"https:\/\/secure.gravatar.com\/avatar\/42958a1cf007f1a00534009218c72590?s=96&d=mm&r=g\",\"contentUrl\":\"https:\/\/secure.gravatar.com\/avatar\/42958a1cf007f1a00534009218c72590?s=96&d=mm&r=g\",\"caption\":\"Cl\u00e1udia Barbosa\"}}]}<\/script>\n<!-- \/ Yoast SEO plugin. -->","yoast_head_json":{"title":"Prefeitura atua em conten\u00e7\u00e3o de eros\u00e3o no Col\u00f4nia Ant\u00f4nio Aleixo","description":"A Prefeitura de Manaus, por meio da Secretaria Municipal de Infraestrutura (Seminf), atua, nesta quarta-feira, 8\/2, em obra de conten\u00e7\u00e3o de eros\u00e3o com 20 metros de altura","robots":{"index":"index","follow":"follow","max-snippet":"max-snippet:-1","max-image-preview":"max-image-preview:large","max-video-preview":"max-video-preview:-1"},"canonical":"https:\/\/www.manaus.am.gov.br\/semcom\/prefeitura-de-manaus-atua-em-obra-de-contencao-de-erosao-no-bairro-colonia-antonio-aleixo\/","og_locale":"pt_BR","og_type":"article","og_title":"Prefeitura atua em conten\u00e7\u00e3o de eros\u00e3o no Col\u00f4nia Ant\u00f4nio Aleixo","og_description":"A Prefeitura de Manaus, por meio da Secretaria Municipal de Infraestrutura (Seminf), atua, nesta quarta-feira, 8\/2, em obra de conten\u00e7\u00e3o de eros\u00e3o com 20 metros de altura","og_url":"https:\/\/www.manaus.am.gov.br\/semcom\/prefeitura-de-manaus-atua-em-obra-de-contencao-de-erosao-no-bairro-colonia-antonio-aleixo\/","og_site_name":"SEMCOM","article_published_time":"2023-02-08T20:51:59+00:00","article_modified_time":"2023-02-10T13:50:15+00:00","og_image":[{"width":1500,"height":1000,"url":"https:\/\/www.manaus.am.gov.br\/semcom\/wp-content\/uploads\/sites\/5\/2023\/02\/Prefeitura-de-Manaus-atua-em-obra-de-contencao-de-erosao-no-bairro-Colonia-Antonio-Aleixo-2.jpg","type":"image\/jpeg"}],"author":"Cl\u00e1udia Barbosa","twitter_card":"summary_large_image","twitter_misc":{"Written by":"Cl\u00e1udia Barbosa","Est. reading time":"2 minutos"},"schema":{"@context":"https:\/\/schema.org","@graph":[{"@type":"WebPage","@id":"https:\/\/www.manaus.am.gov.br\/semcom\/prefeitura-de-manaus-atua-em-obra-de-contencao-de-erosao-no-bairro-colonia-antonio-aleixo\/","url":"https:\/\/www.manaus.am.gov.br\/semcom\/prefeitura-de-manaus-atua-em-obra-de-contencao-de-erosao-no-bairro-colonia-antonio-aleixo\/","name":"Prefeitura atua em conten\u00e7\u00e3o de eros\u00e3o no Col\u00f4nia Ant\u00f4nio Aleixo","isPartOf":{"@id":"https:\/\/www.manaus.am.gov.br\/semcom\/#website"},"primaryImageOfPage":{"@id":"https:\/\/www.manaus.am.gov.br\/semcom\/prefeitura-de-manaus-atua-em-obra-de-contencao-de-erosao-no-bairro-colonia-antonio-aleixo\/#primaryimage"},"image":{"@id":"https:\/\/www.manaus.am.gov.br\/semcom\/prefeitura-de-manaus-atua-em-obra-de-contencao-de-erosao-no-bairro-colonia-antonio-aleixo\/#primaryimage"},"thumbnailUrl":"https:\/\/www.manaus.am.gov.br\/semcom\/wp-content\/uploads\/sites\/5\/2023\/02\/Prefeitura-de-Manaus-atua-em-obra-de-contencao-de-erosao-no-bairro-Colonia-Antonio-Aleixo-2.jpg","datePublished":"2023-02-08T20:51:59+00:00","dateModified":"2023-02-10T13:50:15+00:00","author":{"@id":"https:\/\/www.manaus.am.gov.br\/semcom\/#\/schema\/person\/d0a166b5031154c33c77794ddc9a827e"},"description":"A Prefeitura de Manaus, por meio da Secretaria Municipal de Infraestrutura (Seminf), atua, nesta quarta-feira, 8\/2, em obra de conten\u00e7\u00e3o de eros\u00e3o com 20 metros de altura","inLanguage":"pt-BR","potentialAction":[{"@type":"ReadAction","target":["https:\/\/www.manaus.am.gov.br\/semcom\/prefeitura-de-manaus-atua-em-obra-de-contencao-de-erosao-no-bairro-colonia-antonio-aleixo\/"]}]},{"@type":"ImageObject","inLanguage":"pt-BR","@id":"https:\/\/www.manaus.am.gov.br\/semcom\/prefeitura-de-manaus-atua-em-obra-de-contencao-de-erosao-no-bairro-colonia-antonio-aleixo\/#primaryimage","url":"https:\/\/www.manaus.am.gov.br\/semcom\/wp-content\/uploads\/sites\/5\/2023\/02\/Prefeitura-de-Manaus-atua-em-obra-de-contencao-de-erosao-no-bairro-Colonia-Antonio-Aleixo-2.jpg","contentUrl":"https:\/\/www.manaus.am.gov.br\/semcom\/wp-content\/uploads\/sites\/5\/2023\/02\/Prefeitura-de-Manaus-atua-em-obra-de-contencao-de-erosao-no-bairro-Colonia-Antonio-Aleixo-2.jpg","width":1500,"height":1000},{"@type":"WebSite","@id":"https:\/\/www.manaus.am.gov.br\/semcom\/#website","url":"https:\/\/www.manaus.am.gov.br\/semcom\/","name":"SEMCOM","description":"Secretaria Municipal de Comunica\u00e7\u00e3o","potentialAction":[{"@type":"SearchAction","target":{"@type":"EntryPoint","urlTemplate":"https:\/\/www.manaus.am.gov.br\/semcom\/?s={search_term_string}"},"query-input":"required name=search_term_string"}],"inLanguage":"pt-BR"},{"@type":"Person","@id":"https:\/\/www.manaus.am.gov.br\/semcom\/#\/schema\/person\/d0a166b5031154c33c77794ddc9a827e","name":"Cl\u00e1udia Barbosa","image":{"@type":"ImageObject","inLanguage":"pt-BR","@id":"https:\/\/www.manaus.am.gov.br\/semcom\/#\/schema\/person\/image\/","url":"https:\/\/secure.gravatar.com\/avatar\/42958a1cf007f1a00534009218c72590?s=96&d=mm&r=g","contentUrl":"https:\/\/secure.gravatar.com\/avatar\/42958a1cf007f1a00534009218c72590?s=96&d=mm&r=g","caption":"Cl\u00e1udia Barbosa"}}]}},"_links":{"self":[{"href":"https:\/\/www.manaus.am.gov.br\/semcom\/wp-json\/wp\/v2\/posts\/208829"}],"collection":[{"href":"https:\/\/www.manaus.am.gov.br\/semcom\/wp-json\/wp\/v2\/posts"}],"about":[{"href":"https:\/\/www.manaus.am.gov.br\/semcom\/wp-json\/wp\/v2\/types\/post"}],"author":[{"embeddable":true,"href":"https:\/\/www.manaus.am.gov.br\/semcom\/wp-json\/wp\/v2\/users\/24"}],"replies":[{"embeddable":true,"href":"https:\/\/www.manaus.am.gov.br\/semcom\/wp-json\/wp\/v2\/comments?post=208829"}],"version-history":[{"count":2,"href":"https:\/\/www.manaus.am.gov.br\/semcom\/wp-json\/wp\/v2\/posts\/208829\/revisions"}],"predecessor-version":[{"id":208949,"href":"https:\/\/www.manaus.am.gov.br\/semcom\/wp-json\/wp\/v2\/posts\/208829\/revisions\/208949"}],"wp:featuredmedia":[{"embeddable":true,"href":"https:\/\/www.manaus.am.gov.br\/semcom\/wp-json\/wp\/v2\/media\/208830"}],"wp:attachment":[{"href":"https:\/\/www.manaus.am.gov.br\/semcom\/wp-json\/wp\/v2\/media?parent=208829"}],"wp:term":[{"taxonomy":"category","embeddable":true,"href":"https:\/\/www.manaus.am.gov.br\/semcom\/wp-json\/wp\/v2\/categories?post=208829"},{"taxonomy":"post_tag","embeddable":true,"href":"https:\/\/www.manaus.am.gov.br\/semcom\/wp-json\/wp\/v2\/tags?post=208829"}],"curies":[{"name":"wp","href":"https:\/\/api.w.org\/{rel}","templated":true}]}}