{"id":208767,"date":"2023-02-07T18:00:07","date_gmt":"2023-02-07T21:00:07","guid":{"rendered":"https:\/\/www.manaus.am.gov.br\/semcom\/2023\/02\/07\/sine-manaus-oferta-179-vagas-de-emprego-nesta-quarta-feira-8-2\/"},"modified":"2023-02-07T18:00:08","modified_gmt":"2023-02-07T21:00:08","slug":"sine-manaus-oferta-179-vagas-de-emprego-nesta-quarta-feira-8-2","status":"publish","type":"post","link":"https:\/\/www.manaus.am.gov.br\/semcom\/sine-manaus-oferta-179-vagas-de-emprego-nesta-quarta-feira-8-2\/","title":{"rendered":"<strong>Sine Manaus oferta 179 vagas de emprego nesta quarta-feira, 8\/2<\/strong>"},"content":{"rendered":"\n<p>A Prefeitura de Manaus, por meio do Sine Manaus, oferta 179 vagas de emprego em v\u00e1rias \u00e1reas de atua\u00e7\u00e3o, nesta quarta-feira, 8\/2, de 8h \u00e0s 16h. O candidato precisa validar a Carteira Digital e Previd\u00eancia Social (CTPS) no aplicativo \u201cCarteira de Trabalho Digital\u201d ou acessar o site&nbsp;<a href=\"http:\/\/gov.br\/trabalho\" target=\"_blank\" rel=\"noreferrer noopener\">http:\/\/gov.br\/trabalho<\/a>&nbsp;e para concorrer \u00e0s vagas, deve acessar o site&nbsp;<a href=\"http:\/\/empregabrasil.mte.gov.br\/\" target=\"_blank\" rel=\"noreferrer noopener\">http:\/\/empregabrasil.mte.gov.br<\/a>&nbsp;para fazer a solicita\u00e7\u00e3o de cadastro.<\/p>\n\n\n\n<p>Para participar da pr\u00e9-sele\u00e7\u00e3o e concorrer a uma das vagas dispon\u00edveis, ou receber orienta\u00e7\u00e3o de cadastro, Carteira de Trabalho Digital e seguro-desemprego, os candidatos devem comparecer a um dos postos do Sine Manaus: na avenida Constantino Nery, n\u00ba 1.272, bairro S\u00e3o Geraldo, zona Centro-Sul; ou no shopping Phelippe Daou, na avenida Camapu\u00e3, n\u00ba 2.939, bairro Cidade de Deus, zona Norte.<\/p>\n\n\n\n<p>A Semtepi informa que o atendimento no posto do shopping Phelippe Daou foi reduzido em virtude de reforma no espa\u00e7o, e orienta os cidad\u00e3os a comparecerem, preferencialmente, ao posto da avenida Constantino Nery.<\/p>\n\n\n\n<p>Os interessados devem estar munidos do comprovante de vacina\u00e7\u00e3o (Covid-19), curr\u00edculo e documentos pessoais (RG, CPF, PIS, CTPS, comprovante de escolaridade e resid\u00eancia). N\u00e3o \u00e9 necess\u00e1rio apresentar c\u00f3pias, somente os documentos originais.<\/p>\n\n\n\n<p><strong>Vagas Novas \u2013 37<\/strong><\/p>\n\n\n\n<p><strong>1 vaga \u2013 Auxiliar Mec\u00e2nico<\/strong><\/p>\n\n\n\n<p>Escolaridade \u2013 ensino fundamental completo;<\/p>\n\n\n\n<p>Experi\u00eancia \u2013 registrado na Carteira de Trabalho;<\/p>\n\n\n\n<p>Requisitos obrigat\u00f3rios \u2013 morar na Zona Norte ou bairros adjacentes da AM 010;<\/p>\n\n\n\n<p>Atividades \u2013 auxiliar na manuten\u00e7\u00e3o de m\u00e1quinas, motores e equipamentos industriais. Realizar transporte de equipamentos e ferramentas necess\u00e1rios ao trabalho. Realizar a limpeza, conserva\u00e7\u00e3o e guarda das pe\u00e7as e de ferramentas e equipamentos utilizados.<\/p>\n\n\n\n<p>Dispon\u00edvel at\u00e9 10\/2\/2023 ou encerramento da vaga.<\/p>\n\n\n\n<p><strong>1 vaga \u2013 Lubrificador de Ve\u00edculos<\/strong><\/p>\n\n\n\n<p>Escolaridade \u2013 ensino m\u00e9dio completo;<\/p>\n\n\n\n<p>Experi\u00eancia \u2013 seis meses na Carteira de Trabalho;<\/p>\n\n\n\n<p>&nbsp;Atividades \u2013 Lubrifica m\u00e1quinas e equipamentos, selecionando o material de limpeza e ferramentas necess\u00e1rios. Realiza inspe\u00e7\u00f5es preventivas, preenche relat\u00f3rios e registros de ocorr\u00eancias.<\/p>\n\n\n\n<p>Dispon\u00edvel at\u00e9 9\/2\/2023 ou encerramento da vaga.<\/p>\n\n\n\n<p><strong>1 vaga \u2013 Auxiliar Administrativo (Est\u00e1gio)<\/strong><\/p>\n\n\n\n<p>Escolaridade \u2013 ensino superior cursando Administra\u00e7\u00e3o ou \u00e1reas afins;<\/p>\n\n\n\n<p>Experi\u00eancia \u2013 seis meses na Carteira de Trabalho;<\/p>\n\n\n\n<p>Requisitos obrigat\u00f3rios \u2013 ter conhecimento em Pacote Office, Excel, Power Point, capacidade de racioc\u00ednio, boa desenvoltura, saber trabalhar em equipe, pois ir\u00e1 auxiliar na parte administrativa da empresa;<\/p>\n\n\n\n<p>&nbsp;Atividades \u2013 garantir suporte administrativo e operacional \u00e0s demais \u00e1reas da empresa, com o atendimento telef\u00f4nico, organiza\u00e7\u00e3o de arquivos, envio de documentos, gest\u00e3o de planilhas etc.<\/p>\n\n\n\n<p>Dispon\u00edvel at\u00e9 8\/2\/2023 ou encerramento da vaga.<\/p>\n\n\n\n<p><strong>1 vaga \u2013 Confeiteiro<\/strong><\/p>\n\n\n\n<p>Escolaridade \u2013 ensino m\u00e9dio completo;<\/p>\n\n\n\n<p>Experi\u00eancia \u2013 registrada na Carteira de Trabalho;<\/p>\n\n\n\n<p>Requisitos obrigat\u00f3rios \u2013 morar no bairro Tarum\u00e3 ou adjac\u00eancias;<\/p>\n\n\n\n<p>&nbsp;Atividades \u2013 preparar bolos, cookies, tortas, salgados, etc., seguindo receitas tradicionais e modernas conforme padr\u00e3o da empresa. Criar sobremesas para renovar card\u00e1pios. Decorar os doces de forma atrativa. Monitorar estoques de ingredientes de panifica\u00e7\u00e3o, solicitar produtos para o setor de compras, entre outras atividades correlatas.<\/p>\n\n\n\n<p>Dispon\u00edvel at\u00e9 9\/2\/2023 ou encerramento da vaga.<\/p>\n\n\n\n<p><strong>1 vaga \u2013 Cozinheiro<\/strong><\/p>\n\n\n\n<p>Escolaridade \u2013 ensino m\u00e9dio completo;<\/p>\n\n\n\n<p>Experi\u00eancia \u2013 registrada na Carteira de Trabalho;<\/p>\n\n\n\n<p>Requisitos obrigat\u00f3rios \u2013 morar no bairro Tarum\u00e3 ou adjac\u00eancias;<\/p>\n\n\n\n<p>&nbsp;Atividades \u2013 preparar pratos, lanches e salgados, separar os alimentos para o card\u00e1pio do dia, higienizar, fatiar carnes ou outros componentes, refogar, assar, fritar e temperar zelando pela qualidade, sabor, aroma e apresenta\u00e7\u00e3o dos pratos. Fazer a higieniza\u00e7\u00e3o do local, dos pratos, talheres, panelas, mesas, balc\u00f5es, cubas e do maquin\u00e1rio. Organizar o local de estocagem dos produtos e material de limpeza, entre outras atividades correlatas.<\/p>\n\n\n\n<p>Dispon\u00edvel at\u00e9 9\/2\/2023 ou encerramento da vaga.<\/p>\n\n\n\n<p><strong>2 vagas \u2013 Atendente de Padaria<\/strong><\/p>\n\n\n\n<p>Escolaridade \u2013 ensino m\u00e9dio completo;<\/p>\n\n\n\n<p>Experi\u00eancia \u2013 n\u00e3o \u00e9 necess\u00e1rio;<\/p>\n\n\n\n<p>Requisitos obrigat\u00f3rios \u2013 morar no bairro Tarum\u00e3 ou adjac\u00eancias;<\/p>\n\n\n\n<p>Atividades \u2013 realizar o atendimento aos clientes, o recebimento e tratamento de reclama\u00e7\u00f5es, apoio com a limpeza e organiza\u00e7\u00e3o do ambiente, layout e precifica\u00e7\u00e3o de mercadorias, preparo dos pedidos que foi recebido para expedi\u00e7\u00e3o (vendas externas), elabora\u00e7\u00e3o e manuten\u00e7\u00e3o de planilhas de controle.<\/p>\n\n\n\n<p>Dispon\u00edvel at\u00e9 8\/2\/2023 ou encerramento da vaga.<\/p>\n\n\n\n<p><strong>2 vagas \u2013 Vendedor de Servi\u00e7os Hospitalares<\/strong><\/p>\n\n\n\n<p>Escolaridade \u2013 ensino m\u00e9dio completo;<\/p>\n\n\n\n<p>Experi\u00eancia \u2013 registrada na Carteira de Trabalho;<\/p>\n\n\n\n<p>Requisitos obrigat\u00f3rios \u2013 ter uma boa apresenta\u00e7\u00e3o pessoal e disponibilidade de hor\u00e1rio;<\/p>\n\n\n\n<p>Atividades \u2013 respons\u00e1vel por intermediar o plano entre a operadora ou mesmo ao servi\u00e7o que oferece esse plano. Cabe a esse profissional informar tudo sobre o plano de sa\u00fade que o consumidor tem interesse em fazer a ades\u00e3o, como valores, benef\u00edcios, acomoda\u00e7\u00f5es, rede credenciada, car\u00eancias, coberturas e muito mais.<\/p>\n\n\n\n<p>Dispon\u00edvel at\u00e9 13\/2\/2023 ou encerramento da vaga.<\/p>\n\n\n\n<p><strong>1 vaga \u2013 Gerente Comercial<\/strong><\/p>\n\n\n\n<p>Escolaridade \u2013 ensino m\u00e9dio completo;<\/p>\n\n\n\n<p>Experi\u00eancia \u2013 seis meses na Carteira de Trabalho;<\/p>\n\n\n\n<p>Requisitos obrigat\u00f3rios \u2013 ter uma boa apresenta\u00e7\u00e3o pessoal e disponibilidade de hor\u00e1rio;<\/p>\n\n\n\n<p>Atividades \u2013 respons\u00e1vel por todo processo de relacionamento com os clientes: da prospec\u00e7\u00e3o at\u00e9 o p\u00f3s-venda. Realiza diariamente algumas atividades como: atendimento ao cliente, atrav\u00e9s de contato telef\u00f4nico ou presencial, lan\u00e7amento de pedidos e or\u00e7amentos, entre outras.<\/p>\n\n\n\n<p>Dispon\u00edvel at\u00e9 9\/2\/2023 ou encerramento da vaga.<\/p>\n\n\n\n<p><strong>1 vaga \u2013 Gerente de Contabilidade<\/strong><\/p>\n\n\n\n<p>Escolaridade \u2013 ensino m\u00e9dio completo, t\u00e9cnico em contabilidade ou cursando contabilidade;<\/p>\n\n\n\n<p>Experi\u00eancia \u2013 seis meses na Carteira de Trabalho;<\/p>\n\n\n\n<p>Requisitos obrigat\u00f3rios \u2013 ter uma boa apresenta\u00e7\u00e3o pessoal e disponibilidade de hor\u00e1rio;<\/p>\n\n\n\n<p>Atividades \u2013 Respons\u00e1vel por garantir os procedimentos fiscais, auditorias, e acompanhar fiscaliza\u00e7\u00f5es, emitir pedidos e notas fiscais de entrada e sa\u00edda, atualizar e renovar licen\u00e7as e Certid\u00f5es para atender os requisitos legais em conformidade com a legisla\u00e7\u00e3o municipal, estadual e federal. Fazer e elaborar relat\u00f3rios mensais com o Ceipim, Policia Federal, Exercito de produtos controlados entre outras.<\/p>\n\n\n\n<p>Dispon\u00edvel at\u00e9 9\/2\/2023 ou encerramento da vaga.<\/p>\n\n\n\n<p><strong>1 vaga \u2013 Operador de Empilhadeira<\/strong><\/p>\n\n\n\n<p>Escolaridade \u2013 ensino m\u00e9dio completo;<\/p>\n\n\n\n<p>Experi\u00eancia \u2013 seis meses na Carteira de Trabalho;<\/p>\n\n\n\n<p>Requisitos obrigat\u00f3rios \u2013 ter uma boa apresenta\u00e7\u00e3o pessoal e disponibilidade de hor\u00e1rio;<\/p>\n\n\n\n<p>Atividades \u2013 respons\u00e1vel por todo processo de relacionamento com os clientes: da prospec\u00e7\u00e3o at\u00e9 o p\u00f3s-venda. Realiza diariamente algumas atividades como: atendimento ao cliente, atrav\u00e9s de contato telef\u00f4nico ou presencial, lan\u00e7amento de pedidos e or\u00e7amentos, entre outras.&nbsp;<\/p>\n\n\n\n<p>Dispon\u00edvel at\u00e9 9\/2\/2023 ou encerramento da vaga.<\/p>\n\n\n\n<p><strong>1 vaga \u2013 Gerente de Compras<\/strong><\/p>\n\n\n\n<p>Escolaridade \u2013 ensino m\u00e9dio completo;<\/p>\n\n\n\n<p>Experi\u00eancia \u2013 seis meses na Carteira de Trabalho;<\/p>\n\n\n\n<p>Requisitos obrigat\u00f3rios \u2013 ter uma boa apresenta\u00e7\u00e3o pessoal e disponibilidade de hor\u00e1rio;<\/p>\n\n\n\n<p>Atividades \u2013 respons\u00e1vel por garantir o funcionamento org\u00e2nico e eficiente da empresa. Realizar atividades como: Determina\u00e7\u00e3o das especifica\u00e7\u00f5es de compra, prospec\u00e7\u00e3o de novos fornecedores, negocia\u00e7\u00e3o de termos e condi\u00e7\u00f5es de aquisi\u00e7\u00e3o, emiss\u00e3o e administra\u00e7\u00e3o de pedido de compras entre outras<\/p>\n\n\n\n<p>Dispon\u00edvel at\u00e9 9\/2\/2023 ou encerramento da vaga.<\/p>\n\n\n\n<p><strong>1 vaga \u2013 Forneiro de Panificadora<\/strong><\/p>\n\n\n\n<p>Escolaridade \u2013 ensino fundamental completo;<\/p>\n\n\n\n<p>Experi\u00eancia \u2013 seis meses na Carteira de Trabalho;<\/p>\n\n\n\n<p>Atividades \u2013 operar forno de panificadora com zelo, pontualidade, cuidados e responsabilidade; assar p\u00e3es, biscoitos, p\u00e3es de queijo, salgados e bolos; pincelar produtos; organizar os produtos para assar; fazer as pestanas nos p\u00e3es para assar, manusear os carrinhos de p\u00e3es e fazer as prepara\u00e7\u00f5es para assar; transportar os produtos para a loja e abastecer com produtos rec\u00e9m-assados.<\/p>\n\n\n\n<p>Dispon\u00edvel at\u00e9 8\/2\/2023 ou encerramento da vaga.<\/p>\n\n\n\n<p><strong>3 vagas \u2013 Auxiliar de Cozinha<\/strong><\/p>\n\n\n\n<p>Escolaridade \u2013 ensino fundamental completo;<\/p>\n\n\n\n<p>Experi\u00eancia \u2013 seis meses na Carteira de Trabalho;<\/p>\n\n\n\n<p>Requisitos obrigat\u00f3rios \u2013 experi\u00eancia comprovada em cozinha Industrial com alta demanda;<\/p>\n\n\n\n<p>Atividades \u2013 trabalha no suporte ao cozinheiro, fazendo a separa\u00e7\u00e3o e a limpeza dos objetos e dos alimentos. Descasca, corta, rala e faz outras a\u00e7\u00f5es no manejo da comida, conforme as orienta\u00e7\u00f5es de um nutricionista ou chefe de cozinha.<\/p>\n\n\n\n<p>Dispon\u00edvel at\u00e9 8\/2\/2023 ou encerramento da vaga.<\/p>\n\n\n\n<p><strong>3 vagas \u2013 Cozinheiro Geral<\/strong><\/p>\n\n\n\n<p>Escolaridade \u2013 ensino m\u00e9dio completo;<\/p>\n\n\n\n<p>Experi\u00eancia \u2013 seis meses na Carteira de Trabalho;<\/p>\n\n\n\n<p>Requisitos obrigat\u00f3rios \u2013 experi\u00eancia comprovada em cozinha Industrial com alta demanda;<\/p>\n\n\n\n<p>Atividades \u2013 preparar alimentos sob supervis\u00e3o de nutricionista, de modo que assegure a qualidade, higiene, sabor, aroma e apresenta\u00e7\u00e3o da refei\u00e7\u00e3o a ser servida. Inspecionar a higieniza\u00e7\u00e3o de equipamentos e utens\u00edlios.<\/p>\n\n\n\n<p>Dispon\u00edvel at\u00e9 8\/2\/2023 ou encerramento da vaga.<\/p>\n\n\n\n<p><strong>1 vaga \u2013 Auxiliar de Expedi\u00e7\u00e3o<\/strong><\/p>\n\n\n\n<p>Escolaridade \u2013 ensino m\u00e9dio ou superior em log\u00edstica completo;<\/p>\n\n\n\n<p>Experi\u00eancia \u2013 seis meses na Carteira de Trabalho;<\/p>\n\n\n\n<p>Atividades \u2013 receber produtos e fazer a distribui\u00e7\u00e3o interna e externa. Receber pedidos e notas fiscais; localizar os expedidos pesar produtos; fazer a separa\u00e7\u00e3o dos produtos para retirada e\/ou entrega ao cliente\/fornecedor;<\/p>\n\n\n\n<p>Verificar se os produtos est\u00e3o em conformidade, conferir a quantidade de volumes e registrar a sa\u00edda do material na nota; embalar e identificar as mercadorias para clientes, utilizando strech, sacolas, fitilho e outros tipos de embalagens para o despacho; dentre outras atividades relacionadas ao cargo.<\/p>\n\n\n\n<p>Dispon\u00edvel at\u00e9 8\/2\/2023 ou encerramento da vaga.<\/p>\n\n\n\n<p><strong>1 vaga \u2013 Assistente em RH<\/strong><\/p>\n\n\n\n<p>Escolaridade \u2013 ensino superior completo em administra\u00e7\u00e3o;<\/p>\n\n\n\n<p>Experi\u00eancia \u2013 seis meses na Carteira de Trabalho;<\/p>\n\n\n\n<p>Atividades \u2013 atuar como um suporte ao setor, realizando tarefas mais operacionais e burocr\u00e1ticas como escancear e tramitar documentos de admiss\u00e3o e demiss\u00e3o, realizar homologa\u00e7\u00f5es e preencher dados em planilhas.<\/p>\n\n\n\n<p>Dispon\u00edvel at\u00e9 8\/2\/2023 ou encerramento da vaga.<\/p>\n\n\n\n<p><strong>1 vaga \u2013 Auxiliar de Departamento Pessoal<\/strong><\/p>\n\n\n\n<p>Escolaridade \u2013 ensino superior completo em administra\u00e7\u00e3o;<\/p>\n\n\n\n<p>Experi\u00eancia \u2013 seis meses na Carteira de Trabalho;<\/p>\n\n\n\n<p>Requisitos obrigat\u00f3rios \u2013 \u00e9 desej\u00e1vel cursos nas \u00e1reas;<\/p>\n\n\n\n<p>Atividades \u2013 realizar os processos de todo o departamento pessoal, que abrangem desde o controle de frequ\u00eancia dos funcion\u00e1rios e c\u00e1lculo da folha de pagamento, at\u00e9 o lan\u00e7amento de dados em sistemas de gest\u00e3o, coleta de assinaturas em holerites e outras rotinas pertinentes ao setor.<\/p>\n\n\n\n<p>Dispon\u00edvel at\u00e9 8\/2\/2023 ou encerramento da vaga.<\/p>\n\n\n\n<p><strong>5 vagas \u2013 Ajudante de Obras<\/strong><\/p>\n\n\n\n<p>Escolaridade \u2013 ensino fundamental completo;<\/p>\n\n\n\n<p>Experi\u00eancia \u2013 registrada na Carteira de Trabalho;<\/p>\n\n\n\n<p>Atividades \u2013 Misturar cimento, areia, \u00e1gua, brita e outros materiais, atrav\u00e9s de processos manuais ou mec\u00e2nicos, obtendo concreto ou argamassa. Preparar e transportar materiais, ferramentas, aparelhos ou qualquer pe\u00e7a, limpando-as e arrumando-as de acordo com instru\u00e7\u00f5es.<\/p>\n\n\n\n<p>Dispon\u00edvel at\u00e9 8\/2\/2023 ou encerramento da vaga.<\/p>\n\n\n\n<p><strong>1 vaga \u2013 T\u00e9cnico de Edifica\u00e7\u00f5es<\/strong><\/p>\n\n\n\n<p>Escolaridade \u2013 ensino superior cursando engenharia;<\/p>\n\n\n\n<p>Experi\u00eancia \u2013 registrada na Carteira de Trabalho;<\/p>\n\n\n\n<p>Requisitos obrigat\u00f3rios \u2013 ter curso T\u00e9cnico em Edifica\u00e7\u00f5es;<\/p>\n\n\n\n<p>Atividades \u2013 Acompanhar a equipe no canteiro de obras, fazer levantamento planialtim\u00e9trico, conferir cotas e medidas e coletar dados do local e do cliente, fazer levantamentos t\u00e9cnicos dos materiais de m\u00e3o de obra, interpretar e conferir projetos<\/p>\n\n\n\n<p>Dispon\u00edvel at\u00e9 8\/2\/2023 ou encerramento da vaga.<\/p>\n\n\n\n<p><strong>4 vagas \u2013 Repositor de Mercadorias \u2013 vagas exclusivas para Pessoas com Defici\u00eancia (PCD)<\/strong><\/p>\n\n\n\n<p>Escolaridade \u2013 ensino m\u00e9dio completo;<\/p>\n\n\n\n<p>Experi\u00eancia \u2013 n\u00e3o \u00e9 necess\u00e1rio;<\/p>\n\n\n\n<p>Atividades \u2013 organizar, repor, conservar e precificar os produtos de um estabelecimento. Sua tarefa tamb\u00e9m \u00e9 controlar os n\u00edveis de estoque, solicitando a compra dos materiais necess\u00e1rios<\/p>\n\n\n\n<p>Dispon\u00edvel at\u00e9 8\/2\/2023 ou encerramento da vaga.<\/p>\n\n\n\n<p><strong>3 vagas \u2013 Fiscal de preven\u00e7\u00e3o de Perdas \u2013 vagas exclusivas para Pessoas com Defici\u00eancia (PCD)<\/strong><\/p>\n\n\n\n<p>Escolaridade \u2013 ensino m\u00e9dio completo;<\/p>\n\n\n\n<p>Experi\u00eancia \u2013 n\u00e3o \u00e9 necess\u00e1rio;<\/p>\n\n\n\n<p>Atividades \u2013 respons\u00e1vel por assegurar que estabelecimentos, como supermercados, atacarejos, hipermercados e afins, reduzam perdas, furtos e descartes irregulares de produtos em todos os setores da loja.<\/p>\n\n\n\n<p>Dispon\u00edvel at\u00e9 8\/2\/2023 ou encerramento da vaga.<\/p>\n\n\n\n<p><strong>1 vaga \u2013 Cozinheiro<\/strong><\/p>\n\n\n\n<p>Escolaridade \u2013b ensino fundamental completo;<\/p>\n\n\n\n<p>Experi\u00eancia \u2013 seis meses na Carteira de Trabalho<\/p>\n\n\n\n<p>Atividades \u2013 Preparar alimentos sob supervis\u00e3o de nutricionista, de modo que assegure a qualidade, higiene, sabor, aroma e apresenta\u00e7\u00e3o da refei\u00e7\u00e3o a ser servida. Inspecionar a higieniza\u00e7\u00e3o de equipamentos e utens\u00edlios. Auxiliar na requisi\u00e7\u00e3o do material necess\u00e1rio para a prepara\u00e7\u00e3o dos alimentos.<\/p>\n\n\n\n<p>Dispon\u00edvel at\u00e9 8\/2\/2023 ou encerramento da vaga.<\/p>\n\n\n\n<p><strong>Vagas Com\u00e9rcio \u2013 23<\/strong><\/p>\n\n\n\n<p><strong>3 vagas \u2013 A\u00e7ougueiro<\/strong><\/p>\n\n\n\n<p>Escolaridade \u2013 ensino m\u00e9dio completo;<\/p>\n\n\n\n<p>Experi\u00eancia \u2013 seis meses na Carteira de Trabalho;<\/p>\n\n\n\n<p>Requisitos Obrigat\u00f3rios \u2013 morar nas proximidades da Cidade Nova, Zumbi e L\u00edrio do Vale;<\/p>\n\n\n\n<p>Atividades \u2013 atendimento, cortes normais e especiais e a limpeza do setor;<\/p>\n\n\n\n<p>Vaga dispon\u00edvel at\u00e9 8\/2\/2023 ou at\u00e9 encerramento da vaga.<\/p>\n\n\n\n<p><strong>2 vagas \u2013 Auxiliar de Limpeza \u2013 vagas exclusivas para Pessoas com Defici\u00eancia (PcD)<\/strong><\/p>\n\n\n\n<p>Escolaridade \u2013 ensino fundamental completo;<\/p>\n\n\n\n<p>Experi\u00eancia \u2013 tr\u00eas meses na Carteira de Trabalho;<\/p>\n\n\n\n<p>Atividades \u2013 executar servi\u00e7os de limpeza e conserva\u00e7\u00e3o em geral e rotinas previamente estabelecidas;<\/p>\n\n\n\n<p>Dispon\u00edvel at\u00e9 8\/2\/2023 ou encerramento da vaga.<\/p>\n\n\n\n<p><strong>3 vagas \u2013 Auxiliar de Limpeza \u2013 vagas exclusivas para Pessoas com Defici\u00eancia (PcD)<\/strong><\/p>\n\n\n\n<p>Escolaridade \u2013 ensino fundamental completo;<\/p>\n\n\n\n<p>Experi\u00eancia \u2013 seis meses na Carteira de Trabalho;<\/p>\n\n\n\n<p>Atividades \u2013 atuar na limpeza e organiza\u00e7\u00e3o.<\/p>\n\n\n\n<p>Dispon\u00edvel at\u00e9 8\/2\/2023 ou encerramento da vaga.<\/p>\n\n\n\n<p><strong>1 vaga \u2013 Auxiliar de Escrit\u00f3rio \u2013 vaga exclusiva para Pessoa com Defici\u00eancia (PcD)<\/strong><\/p>\n\n\n\n<p>Escolaridade \u2013 ensino m\u00e9dio completo;<\/p>\n\n\n\n<p>Experi\u00eancia \u2013 seis meses na Carteira de Trabalho;<\/p>\n\n\n\n<p>Requisitos obrigat\u00f3rios \u2013 ter curso de inform\u00e1tica b\u00e1sica;<\/p>\n\n\n\n<p>Atividades \u2013 executar servi\u00e7os de apoio nas \u00e1reas de recursos humanos, administra\u00e7\u00e3o, finan\u00e7as e log\u00edstica. Atender fornecedores e clientes, fornecer e receber informa\u00e7\u00f5es sobre produtos e servi\u00e7os, tratar de documentos variados. Atuar na concess\u00e3o de microcr\u00e9dito a microempres\u00e1rios, atendendo clientes em campo e nas ag\u00eancias, prospectando clientes, entre outras atividades correlatas.<\/p>\n\n\n\n<p>Dispon\u00edvel at\u00e9 8\/2\/2023 ou encerramento da vaga.<\/p>\n\n\n\n<p><strong>1 vaga \u2013 Gerente de Showroom<\/strong><\/p>\n\n\n\n<p>Escolaridade \u2013 ensino m\u00e9dio completo;<\/p>\n\n\n\n<p>Experi\u00eancia \u2013 seis meses na Carteira de Trabalho;<\/p>\n\n\n\n<p>Atividades \u2013 supervisionar a \u00e1rea de vendas de uma opera\u00e7\u00e3o de varejo, geralmente uma que envolve ve\u00edculos ou outros produtos de alto valor. Eles lideram e supervisionam uma equipe de especialistas de vendas e pessoal de apoio.<\/p>\n\n\n\n<p>Dispon\u00edvel at\u00e9 8\/2\/2023 ou encerramento da vaga.<\/p>\n\n\n\n<p><strong>2 vagas \u2013 Vendedor Porta a Porta<\/strong><\/p>\n\n\n\n<p>Escolaridade \u2013 ensino m\u00e9dio completo;<\/p>\n\n\n\n<p>Experi\u00eancia \u2013 n\u00e3o \u00e9 necess\u00e1rio;<\/p>\n\n\n\n<p>Atividades \u2013 realiza a prospec\u00e7\u00e3o de novos clientes para a empresa, priorizando a identifica\u00e7\u00e3o das necessidades desses potenciais clientes e oferecendo as melhores solu\u00e7\u00f5es de acordo com as demandas e o fit deles em rela\u00e7\u00e3o \u00e0 sua oferta. Din\u00e2mico, comunicativo, que saiba trabalhar em equipe e com metas, resiliente, disposi\u00e7\u00e3o para caminhar no sol e deslocar-se pela cidade.<\/p>\n\n\n\n<p>Dispon\u00edvel at\u00e9 8\/2\/2023 ou encerramento da vaga.<\/p>\n\n\n\n<p><strong>5 vagas \u2013 Consultor de Vendas<\/strong><\/p>\n\n\n\n<p>Escolaridade \u2013 ensino m\u00e9dio completo;<\/p>\n\n\n\n<p>Experi\u00eancia \u2013 seis meses na Carteira de Trabalho;<\/p>\n\n\n\n<p>Atividades \u2013 realizar a oferta e venda dos planos, cadastro de biometria de novos clientes, entre outras atividades correlatas.<\/p>\n\n\n\n<p>Dispon\u00edvel at\u00e9 9\/2\/2023 ou encerramento da vaga.<\/p>\n\n\n\n<p><strong>1 vaga \u2013 Recepcionista<\/strong><\/p>\n\n\n\n<p>Escolaridade \u2013 ensino m\u00e9dio completo;<\/p>\n\n\n\n<p>Experi\u00eancia \u2013 seis meses na Carteira de Trabalho;<\/p>\n\n\n\n<p>Requisitos obrigat\u00f3rios \u2013 ter curso de inform\u00e1tica b\u00e1sica e\/ou pacote office;<\/p>\n\n\n\n<p>Atividades \u2013 atender chamadas telef\u00f4nicas. Anotar recados. Prestar informa\u00e7\u00f5es. Registrar as visitas e os telefonemas recebidos.<\/p>\n\n\n\n<p>Dispon\u00edvel at\u00e9 8\/2\/2023 ou encerramento da vaga.<\/p>\n\n\n\n<p><strong>1 vaga \u2013 Designer Gr\u00e1fico<\/strong><\/p>\n\n\n\n<p>Escolaridade \u2013 ensino m\u00e9dio completo;<\/p>\n\n\n\n<p>Experi\u00eancia \u2013 seis meses na Carteira de Trabalho;<\/p>\n\n\n\n<p>Atividades \u2013 concebem e desenvolvem obras de arte e projetos de design, elaboram e executam projetos de restaura\u00e7\u00e3o e conserva\u00e7\u00e3o preventiva de bens culturais m\u00f3veis e integrados, para tanto realizam pesquisas, elaboram propostas e divulgam suas obras de arte, produtos e servi\u00e7os.<\/p>\n\n\n\n<p>Dispon\u00edvel at\u00e9 8\/2\/2023 ou encerramento da vaga.<\/p>\n\n\n\n<p><strong>4 vagas \u2013 Vendedor Interno<\/strong><\/p>\n\n\n\n<p>Escolaridade \u2013 ensino fundamental completo;<\/p>\n\n\n\n<p>Experi\u00eancia \u2013 seis meses na Carteira de Trabalho ou declara\u00e7\u00e3o;<\/p>\n\n\n\n<p>Atividades \u2013 Atua nas depend\u00eancias da empresa e realiza as suas vendas por meio de diversos canais de comunica\u00e7\u00e3o, tais como telefone, videochamada, mensagens, redes sociais, e-mails e demais recursos que permitam realizar o processo de negocia\u00e7\u00e3o com os clientes.<\/p>\n\n\n\n<p>Dispon\u00edvel at\u00e9 8\/2\/2023 ou encerramento da vaga.<\/p>\n\n\n\n<p><strong>Vagas Ind\u00fastria \u2013 22<\/strong><\/p>\n\n\n\n<p><strong>2 vagas \u2013 Auxiliar de Limpeza \u2013 vagas exclusivas para Pessoas com Defici\u00eancia (PcD)<\/strong><\/p>\n\n\n\n<p>Escolaridade \u2013 ensino fundamental completo;<\/p>\n\n\n\n<p>Experi\u00eancia \u2013 seis meses na Carteira de Trabalho;<\/p>\n\n\n\n<p>Requisitos obrigat\u00f3rios \u2013 candidatos devem residir em bairros pr\u00f3ximos \u00e0 empresa;<\/p>\n\n\n\n<p>Atividades \u2013 realizar limpeza em geral, \u00e1reas internas e externas;<\/p>\n\n\n\n<p>Dispon\u00edvel at\u00e9 9\/2\/2023 ou encerramento da vaga.<\/p>\n\n\n\n<p><strong>1 vaga \u2013 Limpador de Piscina<\/strong><\/p>\n\n\n\n<p>Escolaridade \u2013 ensino fundamental completo;<\/p>\n\n\n\n<p>Experi\u00eancia \u2013 seis meses na Carteira de Trabalho;<\/p>\n\n\n\n<p>Atividades \u2013 executam servi\u00e7os de manuten\u00e7\u00e3o el\u00e9trica, mec\u00e2nica, hidr\u00e1ulica, carpintaria e alvenaria, substituindo, trocando, limpando, reparando e instalando pe\u00e7as, componentes e equipamentos. Conservam vidros e fachadas, limpam recintos e acess\u00f3rios e tratam de piscinas, trabalhar seguindo normas de seguran\u00e7a, higiene, qualidade e prote\u00e7\u00e3o ao meio ambiente.<\/p>\n\n\n\n<p>Dispon\u00edvel at\u00e9 8\/2\/2023 ou encerramento da vaga.<\/p>\n\n\n\n<p><strong>2 vagas \u2013 T\u00e9cnico de Panifica\u00e7\u00e3o<\/strong><\/p>\n\n\n\n<p>Escolaridade \u2013 ensino m\u00e9dio completo;<\/p>\n\n\n\n<p>Experi\u00eancia \u2013 seis meses na Carteira de Trabalho;<\/p>\n\n\n\n<p>Atividades \u2013 realizar a produ\u00e7\u00e3o de p\u00e3es, massas, pizzas e salgados de maneira artesanal e industrializada. Organizar a \u00e1rea de trabalho e mat\u00e9ria-prima nas produ\u00e7\u00f5es e executar pr\u00e1ticas de manipula\u00e7\u00e3o de alimentos;<\/p>\n\n\n\n<p>Dispon\u00edvel at\u00e9 8\/2\/2023 ou encerramento da vaga.<\/p>\n\n\n\n<p><strong>1 vaga \u2013 Projetista de M\u00f3veis<\/strong><\/p>\n\n\n\n<p>Escolaridade \u2013 ensino m\u00e9dio completo;<\/p>\n\n\n\n<p>Experi\u00eancia \u2013 seis meses na Carteira de Trabalho;<\/p>\n\n\n\n<p>Requisitos obrigat\u00f3rios \u2013 ter disponibilidade para in\u00edcio imediato;<\/p>\n\n\n\n<p>Atividades \u2013 desenvolve projetos de m\u00f3veis, analisa medidas, define mat\u00e9ria-prima e elabora pre\u00e7o de venda do produto.<\/p>\n\n\n\n<p>Dispon\u00edvel at\u00e9 8\/2\/2023 ou encerramento da vaga.<\/p>\n\n\n\n<p><strong>1 vaga \u2013 Oficial de Limpeza \u2013 vaga exclusiva para Pessoa com Defici\u00eancia (PcD)<\/strong><\/p>\n\n\n\n<p>Escolaridade \u2013 ensino fundamental completo;<\/p>\n\n\n\n<p>Experi\u00eancia \u2013 n\u00e3o \u00e9 necess\u00e1rio;<\/p>\n\n\n\n<p>Atividades \u2013 atuar na limpeza e conserva\u00e7\u00e3o de banheiros, p\u00e1tios e salas comerciais.<\/p>\n\n\n\n<p>Dispon\u00edvel at\u00e9 8\/2\/2023 ou encerramento da vaga.<\/p>\n\n\n\n<p><strong>15 vagas \u2013 Instalador de TV a Cabo<\/strong><\/p>\n\n\n\n<p>Escolaridade \u2013 ensino m\u00e9dio completo;<\/p>\n\n\n\n<p>Experi\u00eancia \u2013 seis meses na Carteira De Trabalho;<\/p>\n\n\n\n<p>Requisitos obrigat\u00f3rios \u2013 morar na Zona Sul;<\/p>\n\n\n\n<p>Atividades \u2013 realizar a instala\u00e7\u00e3o e manuten\u00e7\u00e3o de TV a cabo, verificar passagens de fios, fazer testes e configurar canais.<\/p>\n\n\n\n<p>Dispon\u00edvel at\u00e9 12\/2\/2023 ou encerramento da vaga.<\/p>\n\n\n\n<p><strong>Vagas Servi\u00e7os \u2013 97<\/strong><\/p>\n\n\n\n<p><strong>1 vaga \u2013 Professor de L\u00edngua Inglesa<\/strong><\/p>\n\n\n\n<p>Escolaridade \u2013 ensino superior em L\u00edngua Inglesa completo;<\/p>\n\n\n\n<p>Experi\u00eancia \u2013 registrada na Carteira de Trabalho;<\/p>\n\n\n\n<p>Atividades \u2013 estimular o estudante para que aprenda de forma ativa, ou seja, com verdadeiro interesse pelo aprendizado; incentivar essa dedica\u00e7\u00e3o para que o aluno se exponha de maneira natural ao idioma.<\/p>\n\n\n\n<p>Dispon\u00edvel at\u00e9 8\/2\/2023 ou encerramento da vaga.<\/p>\n\n\n\n<p><strong>1 vaga \u2013 Montador de Esquadria<\/strong><\/p>\n\n\n\n<p>Escolaridade \u2013 ensino m\u00e9dio completo;<\/p>\n\n\n\n<p>Experi\u00eancia \u2013 seis meses na Carteira de Trabalho;<\/p>\n\n\n\n<p>Atividades \u2013 realizar a montagem, instala\u00e7\u00e3o, manuten\u00e7\u00e3o e acabamento de esquadrias de alum\u00ednio, madeiras, entre outros materiais.<\/p>\n\n\n\n<p>Dispon\u00edvel at\u00e9 8\/2\/2023 ou encerramento da vaga.<\/p>\n\n\n\n<p><strong>2 vagas \u2013 Operador de M\u00e1quinas Pesadas<\/strong><\/p>\n\n\n\n<p>Escolaridade \u2013 ensino fundamental completo;<\/p>\n\n\n\n<p>Experi\u00eancia \u2013 seis meses na Carteira de Trabalho;<\/p>\n\n\n\n<p>Requisitos obrigat\u00f3rios \u2013 ter certificado de capacidade t\u00e9cnica como Operador de Escavadeira Hidr\u00e1ulica, Carteira Nacional de Habilita\u00e7\u00e3o D dentro do prazo de validade, ter as 4 doses da vacina\u00e7\u00e3o da COVID e demais (Sarampo, T\u00e9tano, Febre Amarela, H1N1) em dias;<\/p>\n\n\n\n<p>Atividades \u2013 operar m\u00e1quinas em obras, realizar demoli\u00e7\u00f5es, escava\u00e7\u00f5es, carregamento de ca\u00e7ambas e terraplenagem em solos. Verifica condi\u00e7\u00f5es dos acess\u00f3rios e funcionamento do sistema hidr\u00e1ulico e el\u00e9trico.<\/p>\n\n\n\n<p>Dispon\u00edvel at\u00e9 8\/2\/2023 ou encerramento da vaga.<\/p>\n\n\n\n<p><strong>1 vaga \u2013 Analista Fiscal<\/strong><\/p>\n\n\n\n<p>Escolaridade \u2013 ensino superior completo em Contabilidade<\/p>\n\n\n\n<p>Experi\u00eancia \u2013 seis meses na Carteira de Trabalho;<\/p>\n\n\n\n<p>Atividades \u2013 analisam o ambiente econ\u00f4mico; elaboram e executam projetos de pesquisa econ\u00f4mica, de mercado e de viabilidade econ\u00f4mica, dentre outros. Participam do planejamento estrat\u00e9gico e de curto prazo e avaliam pol\u00edticas de impacto coletivo para o governo, ong e outras organiza\u00e7\u00f5es. Gerem programa\u00e7\u00e3o econ\u00f4mico-financeira; atuam nos mercados internos e externos; examinar finan\u00e7as empresariais. Podem exercer media\u00e7\u00e3o, per\u00edcia e arbitragem.<\/p>\n\n\n\n<p>Dispon\u00edvel at\u00e9 8\/2\/2023 ou encerramento da vaga.<\/p>\n\n\n\n<p><strong>1 vaga \u2013 Eletricista Veicular<\/strong><\/p>\n\n\n\n<p>Escolaridade \u2013 ensino m\u00e9dio ou t\u00e9cnico em el\u00e9trica ou mec\u00e2nica completo;<\/p>\n\n\n\n<p>Experi\u00eancia \u2013 registrada na Carteira de Trabalho;<\/p>\n\n\n\n<p>Requisitos obrigat\u00f3rios \u2013 ter experi\u00eancia em Scania, Volvo, Mercedes; Cursos na \u00e1rea, resida no Aleixo ou adjac\u00eancias e desej\u00e1vel possuir Carteira Nacional de Habilita\u00e7\u00e3o categoria D dentro do prazo de validade;<\/p>\n\n\n\n<p>Atividades \u2013 planejam servi\u00e7os de instala\u00e7\u00e3o e manuten\u00e7\u00e3o eletroeletr\u00f4nicos em ve\u00edculos, estabelecendo cronogramas e estimando prazos. Instalam sistemas e componentes eletroeletr\u00f4nicos em ve\u00edculos. Interpretando e corrigindo esquemas, conectando cabos aos equipamentos e acess\u00f3rios e testando o funcionamento de m\u00e1quinas, equipamentos e sistemas para opera\u00e7\u00e3o. Realizam manuten\u00e7\u00f5es preventiva, preditiva e corretiva, inspecionando visualmente m\u00e1quinas e equipamentos, diagnosticando defeitos eletroeletr\u00f4nicos, desmontando, reparando, lubrificando, substituindo e montando componentes, ajustando componentes e pe\u00e7as e simulando o funcionamento de componentes e equipamentos. Elaboram documenta\u00e7\u00e3o t\u00e9cnica, cumprem normas de seguran\u00e7a, meio ambiente e sa\u00fade e realizam com qualidade as instala\u00e7\u00f5es eletroeletr\u00f4nicas.<\/p>\n\n\n\n<p>Dispon\u00edvel at\u00e9 8\/2\/2023 ou encerramento da vaga.<\/p>\n\n\n\n<p><strong>2 vagas \u2013 Mec\u00e2nico de Ve\u00edculos<\/strong><\/p>\n\n\n\n<p>Escolaridade \u2013 ensino m\u00e9dio completo;<\/p>\n\n\n\n<p>Experi\u00eancia \u2013 registrada na Carteira de Trabalho;<\/p>\n\n\n\n<p>Requisitos obrigat\u00f3rios \u2013 ter cursos na \u00e1rea e disponibilidade para viagem;<\/p>\n\n\n\n<p>Atividades \u2013 realizar manuten\u00e7\u00e3o mec\u00e2nica preventiva e corretiva de ve\u00edculos (\u00f4nibus, micro\u00f4nibus), montar e trocar pe\u00e7as, lubrificar motor, regular mecanismos e alinhar dire\u00e7\u00e3o.<\/p>\n\n\n\n<p>Dispon\u00edvel at\u00e9 8\/2\/2023 ou encerramento da vaga.<\/p>\n\n\n\n<p><strong>1 vaga \u2013 Mec\u00e2nico Eletricista<\/strong><\/p>\n\n\n\n<p>Escolaridade \u2013 ensino m\u00e9dio completo;<\/p>\n\n\n\n<p>Experi\u00eancia \u2013 um ano na Carteira de Trabalho;<\/p>\n\n\n\n<p>Requisitos obrigat\u00f3rios \u2013 ter Curso NR 35 e disponibilidade para viagem;<\/p>\n\n\n\n<p>Atividades \u2013 realizar instala\u00e7\u00e3o e manuten\u00e7\u00e3o el\u00e9trica preventiva e corretiva em ve\u00edculos, analisar as necessidades de troca e regulagem, montar sistemas e aplicar testes de funcionamento.<\/p>\n\n\n\n<p>Dispon\u00edvel at\u00e9 8\/2\/2023 ou encerramento da vaga.<\/p>\n\n\n\n<p><strong>1 vaga \u2013 Analista Cont\u00e1bil<\/strong><\/p>\n\n\n\n<p>Escolaridade \u2013 ensino superior cursando ou completo em ci\u00eancias cont\u00e1beis;<\/p>\n\n\n\n<p>Experi\u00eancia \u2013 seis meses na Carteira de Trabalho;<\/p>\n\n\n\n<p>Requisitos obrigat\u00f3rios \u2013 ter experi\u00eancia no sistema Sankhya;<\/p>\n\n\n\n<p>Atividades \u2013 organizam documentos e efetuam sua classifica\u00e7\u00e3o cont\u00e1bil; geram lan\u00e7amentos cont\u00e1beis, auxiliam na apura\u00e7\u00e3o dos impostos, conciliam contas e preenchimento de guias de recolhimento e solicita\u00e7\u00f5es.<\/p>\n\n\n\n<p>Dispon\u00edvel at\u00e9 8\/2\/2023 ou encerramento da vaga.<\/p>\n\n\n\n<p><strong>1 vaga \u2013 Auxiliar Administrativo \u2013 vaga exclusiva para Pessoa com Defici\u00eancia \u2013 (PcD)&nbsp;<\/strong><\/p>\n\n\n\n<p>Escolaridade \u2013 ensino m\u00e9dio completo;<\/p>\n\n\n\n<p>Experi\u00eancia \u2013 registrada na Carteira de Trabalho;<\/p>\n\n\n\n<p>Requisitos obrigat\u00f3rios \u2013 ter carteira da Covid atualizada;<\/p>\n\n\n\n<p>Atividades \u2013 Atendimento telef\u00f4nico, suporte administrativo, organiza\u00e7\u00e3o de arquivos.<\/p>\n\n\n\n<p>Dispon\u00edvel at\u00e9 8\/2\/2023 ou encerramento da vaga.<\/p>\n\n\n\n<p><strong>1 vaga \u2013 Borracheiro<\/strong><\/p>\n\n\n\n<p>Escolaridade \u2013 ensino m\u00e9dio completo;<\/p>\n\n\n\n<p>Experi\u00eancia \u2013 registrada na Carteira de Trabalho;<\/p>\n\n\n\n<p>Requisitos obrigat\u00f3rios \u2013 ter carteira de vacina\u00e7\u00e3o contra covid-19 atualizada;<\/p>\n\n\n\n<p>Atividades \u2013 executar servi\u00e7os de troca, reposi\u00e7\u00e3o, conserto, montagem e desmontagem de pneus, c\u00e2maras e assemelhados que a fun\u00e7\u00e3o recomendar e lhe for determinado pela chefia; proceder na lubrifica\u00e7\u00e3o de ve\u00edculos e equipamentos pertencentes \u00e0 frota municipal; proceder na lavagem em geral dos ve\u00edculos e equipamentos; executar outras tarefas afins.<\/p>\n\n\n\n<p>Dispon\u00edvel at\u00e9 8\/2\/2023 ou encerramento da vaga.<\/p>\n\n\n\n<p><strong>1 vaga \u2013 Comprador<\/strong><\/p>\n\n\n\n<p>Escolaridade \u2013 ensino superior em contabilidade, gest\u00e3o de recursos humanos, administra\u00e7\u00e3o ou ci\u00eancias cont\u00e1beis completas;<\/p>\n\n\n\n<p>Experi\u00eancia \u2013 registrada na Carteira de Trabalho;<\/p>\n\n\n\n<p>Requisitos obrigat\u00f3rios \u2013 ter experi\u00eancia no ramo Farmac\u00eautico;<\/p>\n\n\n\n<p>Atividades \u2013 Analisar a compra de materiais, equipamentos, mat\u00e9rias-primas e servi\u00e7os, realiza cota\u00e7\u00e3o e negocia\u00e7\u00e3o com fornecedores, emite pedidos e acompanha o fluxo de entrega para cumprimento de todas as condi\u00e7\u00f5es negociadas.<\/p>\n\n\n\n<p>Dispon\u00edvel at\u00e9 8\/2\/2023 ou encerramento da vaga.<\/p>\n\n\n\n<p><strong>1 vaga \u2013 Analista Fiscal<\/strong><\/p>\n\n\n\n<p>Escolaridade \u2013 ensino superior em contabilidade, gest\u00e3o de recursos humanos, administra\u00e7\u00e3o ou ci\u00eancias cont\u00e1beis completas;<\/p>\n\n\n\n<p>Experi\u00eancia \u2013 registrada meses na Carteira de Trabalho;<\/p>\n\n\n\n<p>Requisitos obrigat\u00f3rios \u2013 ter experi\u00eancia no ramo Farmac\u00eautico;<\/p>\n\n\n\n<p>Atividades \u2013 atuar na apura\u00e7\u00e3o e declara\u00e7\u00e3o de impostos diretos e indiretos, realiza escritura\u00e7\u00e3o fiscal, atende fiscaliza\u00e7\u00f5es e participa na an\u00e1lise dos procedimentos fiscais da empresa.<\/p>\n\n\n\n<p>Dispon\u00edvel at\u00e9 8\/2\/2023 ou encerramento da vaga.<\/p>\n\n\n\n<p><strong>1 vaga \u2013 Vendedor Interno<\/strong><\/p>\n\n\n\n<p>Escolaridade \u2013 ensino m\u00e9dio completo;<\/p>\n\n\n\n<p>Experi\u00eancia \u2013 seis meses na Carteira de Trabalho;<\/p>\n\n\n\n<p>Requisitos obrigat\u00f3rios \u2013 ter experi\u00eancia com Material de Constru\u00e7\u00e3o e curso de Inform\u00e1tica B\u00e1sico-Avan\u00e7ada ou Pacote Office.<\/p>\n\n\n\n<p>Atividades \u2013 atender clientes presencialmente e via telefone; processar e gerenciar pedidos de clientes; processa vendas \u00e0 vista ou a prazo; cadastra clientes; promove os servi\u00e7os da empresa; participa da an\u00e1lise de relat\u00f3rios; administra carteira de clientes; prospectar clientes, organizar a \u00e1rea de vendas, repor mercadoria, participar de invent\u00e1rio, fazer p\u00f3s-venda, acompanhar as vendas realizadas in\u00edcio e fim.<\/p>\n\n\n\n<p>Dispon\u00edvel at\u00e9 8\/2\/2023 ou encerramento da vaga.<\/p>\n\n\n\n<p><strong>2 vagas \u2013 Borracheiro<\/strong><\/p>\n\n\n\n<p>Escolaridade \u2013 ensino m\u00e9dio completo;<\/p>\n\n\n\n<p>Experi\u00eancia \u2013 registrada na Carteira de Trabalho;<\/p>\n\n\n\n<p>Requisitos obrigat\u00f3rios \u2013 ter experi\u00eancia na fun\u00e7\u00e3o e parte el\u00e9trica;<\/p>\n\n\n\n<p>Atividades \u2013 realizar instala\u00e7\u00e3o, manuten\u00e7\u00e3o preventiva e corretiva de ve\u00edculos; analisar as necessidades de troca e regulagem dos ve\u00edculos.<\/p>\n\n\n\n<p>Dispon\u00edvel at\u00e9 8\/2\/2023 ou encerramento da vaga.<\/p>\n\n\n\n<p><strong>1 vaga \u2013 Mec\u00e2nico Eletricista<\/strong><\/p>\n\n\n\n<p>Escolaridade \u2013 ensino m\u00e9dio completo;<\/p>\n\n\n\n<p>Experi\u00eancia \u2013 registrada na Carteira de Trabalho;<\/p>\n\n\n\n<p>Requisitos obrigat\u00f3rios \u2013 ter experi\u00eancia na fun\u00e7\u00e3o e parte el\u00e9trica; conhecimento em ve\u00edculos pesados;<\/p>\n\n\n\n<p>Atividades \u2013 realizar instala\u00e7\u00e3o, manuten\u00e7\u00e3o preventiva e corretiva em ve\u00edculos, analisar as necessidades de troca e regulagem dos ve\u00edculos.<\/p>\n\n\n\n<p>Dispon\u00edvel at\u00e9 8\/2\/2023 ou encerramento da vaga.<\/p>\n\n\n\n<p><strong>1 vaga \u2013 Mensageiro de Hotel<\/strong><\/p>\n\n\n\n<p>Escolaridade \u2013 ensino m\u00e9dio completo;<\/p>\n\n\n\n<p>Experi\u00eancia \u2013 seis meses na Carteira de Trabalho;<\/p>\n\n\n\n<p>Atividades \u2013 realizar atendimento ao p\u00fablico, carregar bagagens, conferir apartamentos, entre outras atividades correlatas.<\/p>\n\n\n\n<p>Dispon\u00edvel at\u00e9 8\/2\/2023 ou encerramento da vaga.<\/p>\n\n\n\n<p><strong>1 vaga \u2013 Recepcionista de Hotel<\/strong><\/p>\n\n\n\n<p>Escolaridade \u2013 ensino m\u00e9dio completo;<\/p>\n\n\n\n<p>Experi\u00eancia \u2013 seis meses na Carteira de Trabalho;<\/p>\n\n\n\n<p>Requisitos obrigat\u00f3rios \u2013 ter experi\u00eancia no sistema Desbravador;<\/p>\n\n\n\n<p>Atividades \u2013 realizar registro dos h\u00f3spedes, gerenciar reservas e fornece informa\u00e7\u00f5es sobre quartos, tarifas e conveni\u00eancias, entre outras atividades correlatas.<\/p>\n\n\n\n<p>Dispon\u00edvel at\u00e9 8\/2\/2023 ou encerramento da vaga.<\/p>\n\n\n\n<p><strong>1 vaga \u2013 Assistente de Recursos Humanos<\/strong><\/p>\n\n\n\n<p>Escolaridade \u2013 ensino superior completo em Recursos Humanos ou Administra\u00e7\u00e3o;<\/p>\n\n\n\n<p>Experi\u00eancia \u2013 seis meses na Carteira de Trabalho;<\/p>\n\n\n\n<p>Requisitos obrigat\u00f3rios \u2013 ter experi\u00eancia com rotinas de Departamento Pessoal (folha de ponto, folha de pagamento, rescis\u00e3o, admiss\u00e3o e demiss\u00e3o, 13\u00ba sal\u00e1rio.) e Pacote Office.<\/p>\n\n\n\n<p>Atividades &#8211; Realizar recrutamento e sele\u00e7\u00e3o, avalia\u00e7\u00e3o de desempenho, eventos, indicadores de RH, pesquisa de clima organizacional, entre outras atividades correlatas.<\/p>\n\n\n\n<p>Dispon\u00edvel at\u00e9 8\/2\/2023 ou encerramento da vaga.<\/p>\n\n\n\n<p><strong>1 vaga \u2013 Bab\u00e1<\/strong><\/p>\n\n\n\n<p>Escolaridade \u2013 ensino m\u00e9dio completo;<\/p>\n\n\n\n<p>Experi\u00eancia \u2013 seis meses na Carteira de Trabalho;<\/p>\n\n\n\n<p>Requisitos obrigat\u00f3rios \u2013 necess\u00e1rio que apresentem carta de recomenda\u00e7\u00e3o do \u00faltimo emprego;<\/p>\n\n\n\n<p>Atividades \u2013 cuidar de beb\u00eas e crian\u00e7as, zelando pelo bem-estar, sa\u00fade, alimenta\u00e7\u00e3o, higiene pessoal, educa\u00e7\u00e3o, cultura, recrea\u00e7\u00e3o e lazer. Acompanha hor\u00e1rios dos medicamentos, alimenta\u00e7\u00e3o, escola e banho. Realiza atividades que estimulam o desenvolvimento f\u00edsico, emocional e motor da crian\u00e7a, viagens e consultas m\u00e9dicas.<\/p>\n\n\n\n<p>Dispon\u00edvel at\u00e9 8\/2\/2023 ou encerramento da vaga.<\/p>\n\n\n\n<p><strong>1 vaga \u2013 Operador de Empilhadeira<\/strong><\/p>\n\n\n\n<p>Escolaridade \u2013 ensino m\u00e9dio completo;<\/p>\n\n\n\n<p>Experi\u00eancia \u2013 registrada na Carteira de Trabalho;<\/p>\n\n\n\n<p>Atividades \u2013 alimenta\u00e7\u00e3o de produ\u00e7\u00e3o, armazenamento de produtos acabados em estoque e demais atividades da fun\u00e7\u00e3o.<\/p>\n\n\n\n<p>Dispon\u00edvel at\u00e9 8\/2\/2023 ou encerramento da vaga.<\/p>\n\n\n\n<p><strong>5 vagas \u2013 Auxiliar de Manuten\u00e7\u00e3o Mec\u00e2nica<\/strong><\/p>\n\n\n\n<p>Escolaridade \u2013 ensino fundamental completo;<\/p>\n\n\n\n<p>Experi\u00eancia \u2013 registrada na Carteira de Trabalho;<\/p>\n\n\n\n<p>Atividades \u2013 realizar transporte de equipamentos e ferramentas necess\u00e1rios ao trabalho. Realizar a limpeza, conserva\u00e7\u00e3o e guarda das pe\u00e7as e de ferramentas e equipamentos utilizados. Necess\u00e1rio ter experi\u00eancia com Autom\u00f3veis.<\/p>\n\n\n\n<p>Dispon\u00edvel at\u00e9 8\/2\/2023 ou encerramento da vaga.<\/p>\n\n\n\n<p><strong>3 vagas \u2013 Servente de Obras \u2013 vagas exclusivas para Pessoas com Defici\u00eancia (PcD)<\/strong><\/p>\n\n\n\n<p>Escolaridade \u2013 ensino m\u00e9dio completo;<\/p>\n\n\n\n<p>Experi\u00eancia \u2013 registrada na Carteira de Trabalho;<\/p>\n\n\n\n<p>Atividades \u2013 executar tarefas manuais simples na constru\u00e7\u00e3o civil para auxiliar na edifica\u00e7\u00e3o e reforma de constru\u00e7\u00e3o civil. Auxiliar nas atividades de ensino, pesquisa e extens\u00e3o.<\/p>\n\n\n\n<p>Dispon\u00edvel at\u00e9 8\/2\/2023 ou encerramento da vaga.<\/p>\n\n\n\n<p><strong>1 vaga \u2013 T\u00e9cnico em Manuten\u00e7\u00e3o de Estradas<\/strong><\/p>\n\n\n\n<p>Escolaridade \u2013 ensino t\u00e9cnico em edifica\u00e7\u00f5es ou estradas completas;<\/p>\n\n\n\n<p>Experi\u00eancia \u2013 registrada na Carteira de Trabalho;<\/p>\n\n\n\n<p>Requisitos obrigat\u00f3rios \u2013 ter experi\u00eancia em manuten\u00e7\u00e3o de estradas n\u00e3o pavimentadas ou servi\u00e7os de terraplanagem; Conhecimentos em leituras e interpreta\u00e7\u00e3o de projetos; cursos de pacotes office, autocad e project;<\/p>\n\n\n\n<p>Atividades \u2013 planejar e implantar projetos de estradas, pontes e viadutos e manuten\u00e7\u00e3o de vias terrestres, auxilia na supervis\u00e3o de canteiros de obras, elabora levantamento topogr\u00e1fico e realiza demarca\u00e7\u00f5es de terrenos.<\/p>\n\n\n\n<p>Dispon\u00edvel at\u00e9 8\/2\/2023 ou encerramento da vaga.<\/p>\n\n\n\n<p><strong>1 vaga \u2013 T\u00e9cnico em Automa\u00e7\u00e3o e Instrumenta\u00e7\u00e3o<\/strong><\/p>\n\n\n\n<p>Escolaridade \u2013 ensino t\u00e9cnico em instrumenta\u00e7\u00e3o, automa\u00e7\u00e3o ou eletroeletr\u00f4nica completo;<\/p>\n\n\n\n<p>Experi\u00eancia \u2013 registrada na Carteira de Trabalho;<\/p>\n\n\n\n<p>Requisitos obrigat\u00f3rios \u2013 ter pacote office, CFT ativo e cursos de NR-12, NR-10 e SEP em dias;<\/p>\n\n\n\n<p>Atividades \u2013 fazer instala\u00e7\u00f5es e manuten\u00e7\u00e3o de pain\u00e9is el\u00e9tricos e de redes industriais (como a Ethernet); parametrizar inversores de frequ\u00eancia, soft-starters, transmissores, rel\u00e9s, multimedidores etc. Executar manuten\u00e7\u00f5es corretivas el\u00e9tricas, preditivas e programadas.<\/p>\n\n\n\n<p>Dispon\u00edvel at\u00e9 8\/2\/2023 ou encerramento da vaga.<\/p>\n\n\n\n<p><strong>1 vaga \u2013 Planejador de Manuten\u00e7\u00e3o PL<\/strong><\/p>\n\n\n\n<p>Escolaridade \u2013 ensino m\u00e9dio completo;<\/p>\n\n\n\n<p>Experi\u00eancia \u2013 registrada na Carteira de Trabalho;<\/p>\n\n\n\n<p>Requisitos obrigat\u00f3rios \u2013 ter disponibilidade para trabalhar em escala de 5&#215;2 e pacote Office;<\/p>\n\n\n\n<p>Atividades \u2013 realizar programa\u00e7\u00e3o de manuten\u00e7\u00e3o corretiva, preventiva, preditiva e de rotina, controle de reforma de componentes; ter conhecimentos em gest\u00e3o de pe\u00e7as, aprovisionamento de mat\u00e9rias, abertura e fechamentos de ordem de servi\u00e7os e suportes administrativos<\/p>\n\n\n\n<p>Dispon\u00edvel at\u00e9 8\/2\/2023 ou encerramento da vaga.<\/p>\n\n\n\n<p><strong>1 vaga \u2013 Auxiliar Administrativo \u2013 vaga exclusiva para Pessoa com Defici\u00eancia (PcD)<\/strong><\/p>\n\n\n\n<p>Escolaridade \u2013 ensino m\u00e9dio completo;<\/p>\n\n\n\n<p>Experi\u00eancia \u2013 seis meses na Carteira de Trabalho;<\/p>\n\n\n\n<p>Atividades \u2013 atendimento telef\u00f4nico, suporte administrativo, organiza\u00e7\u00e3o de arquivos.<\/p>\n\n\n\n<p>Dispon\u00edvel at\u00e9 8\/2\/2023 ou encerramento da vaga.<\/p>\n\n\n\n<p><strong>1 vaga \u2013 T\u00e9cnico em Seguran\u00e7a do Trabalho<\/strong><\/p>\n\n\n\n<p>Escolaridade \u2013 ensino t\u00e9cnico em seguran\u00e7a do trabalho completo;<\/p>\n\n\n\n<p>Experi\u00eancia \u2013 seis meses na Carteira de Trabalho;<\/p>\n\n\n\n<p>Requisitos obrigat\u00f3rios \u2013 ter as 4 doses da vacina\u00e7\u00e3o contra covid-19 e demais (Sarampo, T\u00e9tano, Febre Amarela, H1N1) em dias;<\/p>\n\n\n\n<p>Atividades \u2013 elaborar e orientar atividades de seguran\u00e7a do trabalho e preserva\u00e7\u00e3o f\u00edsica dos funcion\u00e1rios; inspecionar equipamentos e condi\u00e7\u00f5es de trabalho, investigar e analisar causas de acidentes para eliminar riscos; realizar palestras, DDS di\u00e1rios e participar de reuni\u00f5es.<\/p>\n\n\n\n<p>Dispon\u00edvel at\u00e9 8\/2\/2023 ou encerramento da vaga.<\/p>\n\n\n\n<p><strong>1 vaga \u2013 Assistente T\u00e9cnico Eletr\u00f4nico Industrial<\/strong><\/p>\n\n\n\n<p>Escolaridade \u2013 ensino t\u00e9cnico em El\u00e9trica e Eletrot\u00e9cnica completo;<\/p>\n\n\n\n<p>Experi\u00eancia \u2013 seis meses na Carteira de Trabalho;<\/p>\n\n\n\n<p>Requisitos obrigat\u00f3rios \u2013 ter cursos de: NR 10; NR 33; NR 35, SEP, Comandos El\u00e9tricos, CLP B\u00e1sico e Sistema SAP; ter habilidades em M\u00e1quinas de Usinagem e CNC como: Fanuc, Okuma, Mitsubishi e Siemens, Prensas e Rob\u00f4s; ter conhecimentos b\u00e1sicos em sensores e suas fun\u00e7\u00f5es (PNP\/NPN);<\/p>\n\n\n\n<p>Atividades \u2013 executar servi\u00e7os de manuten\u00e7\u00e3o preventiva e corretiva, aplica\u00e7\u00e3o de melhorias e reforma em m\u00e1quinas e equipamentos; Instala\u00e7\u00e3o e manuten\u00e7\u00e3o, realizando o controle de desenergiza\u00e7\u00e3o de equipamentos; Montagem de pain\u00e9is el\u00e9tricos, disjuntores, motores el\u00e9tricos, transformadores de m\u00e1quinas e equipamentos; Aplica\u00e7\u00e3o de melhorias de m\u00e1quinas e equipamentos.<\/p>\n\n\n\n<p>Dispon\u00edvel at\u00e9 8\/2\/2023 ou encerramento da vaga.<\/p>\n\n\n\n<p><strong>2 vagas \u2013 Assistente T\u00e9cnico Mec\u00e2nico Industrial<\/strong><\/p>\n\n\n\n<p>Escolaridade \u2013 ensino t\u00e9cnico em mec\u00e2nica ou automa\u00e7\u00e3o completo;<\/p>\n\n\n\n<p>Experi\u00eancia \u2013 seis meses na Carteira de Trabalho;<\/p>\n\n\n\n<p>Requisitos obrigat\u00f3rios \u2013 ter cursos NR 33; NR 35, Metrologia, Leitura de Desenho T\u00e9cnico Mec\u00e2nico, Mec\u00e2nico de Usinagem; Curso B\u00e1sico em Sistema Pneum\u00e1tico e Hidr\u00e1ulico; ter habilidades em M\u00e1quinas de Usinagem e CNC como: Fanuc, Okuma, Mitsubishi e Siemens, Prensas e Rob\u00f4s; ter conhecimentos b\u00e1sicos em sensores e suas fun\u00e7\u00f5es (PNP\/NPN); no m\u00ednimo 2 doses da vacina da Covid 19;<\/p>\n\n\n\n<p>Atividades \u2013 efetuar as inspe\u00e7\u00f5es de rotina de equipamentos vitais e espec\u00edficos de m\u00e1quinas; realizar manuten\u00e7\u00e3o corretiva, preventiva de m\u00e1quinas e equipamentos; utilizar ferramentas e instrumentos de aferi\u00e7\u00e3o compat\u00edveis com cada tipo de servi\u00e7o (Paqu\u00edmetro, Micr\u00f4metro, Apalpadores e outros); executar os trabalhos de limpeza e conserva\u00e7\u00e3o dos equipamentos; Aplica\u00e7\u00e3o de melhorias em m\u00e1quinas, equipamentos e setorial.<\/p>\n\n\n\n<p>Dispon\u00edvel at\u00e9 8\/2\/2023 ou encerramento da vaga.<\/p>\n\n\n\n<p><strong>1 vaga \u2013 Assistente de Compras<\/strong><\/p>\n\n\n\n<p>Escolaridade \u2013 ensino m\u00e9dio completo;<\/p>\n\n\n\n<p>Experi\u00eancia \u2013 seis meses na Carteira de Trabalho;<\/p>\n\n\n\n<p>Atividades \u2013 monitorar n\u00edveis de estoque e identificar necessidades de compra. Pesquisar fornecedores em potencial. Monitorar pedidos e garantir entregas no prazo.<\/p>\n\n\n\n<p>Dispon\u00edvel at\u00e9 8\/2\/2023 ou encerramento da vaga.<\/p>\n\n\n\n<p><strong>19 vagas \u2013 Eletricista de Linha Viva<\/strong><\/p>\n\n\n\n<p>Escolaridade \u2013 ensino m\u00e9dio completo;<\/p>\n\n\n\n<p>Experi\u00eancia \u2013 registrada na Carteira de Trabalho;<\/p>\n\n\n\n<p>Requisitos obrigat\u00f3rios \u2013 ter curso de Linha Viva, NR10, SEP, NR35 e disponibilidade para viajar;<\/p>\n\n\n\n<p>Atividades \u2013 atuar com redes de distribui\u00e7\u00e3o de energia el\u00e9trica de baixa e m\u00e9dia tens\u00e3o, promovendo assim, uma energia e servi\u00e7os com qualidade.<\/p>\n\n\n\n<p>Dispon\u00edvel at\u00e9 8\/2\/2023 ou encerramento da vaga.<\/p>\n\n\n\n<p><strong>2 vagas \u2013 Motorista Operador Muck<\/strong><\/p>\n\n\n\n<p>Escolaridade \u2013 ensino m\u00e9dio completo;<\/p>\n\n\n\n<p>Experi\u00eancia \u2013 seis meses na Carteira de Trabalho;<\/p>\n\n\n\n<p>Requisitos obrigat\u00f3rios \u2013 ter cursos de dire\u00e7\u00e3o defensiva e operador de caminh\u00e3o munck e Carteira Nacional de Habilita\u00e7\u00e3o D dentro do prazo de validade;<\/p>\n\n\n\n<p>Atividades \u2013 realizar cargas, transporte e descarga de materiais pesados, garantir o zelo e a conserva\u00e7\u00e3o do ve\u00edculo e do munck.<\/p>\n\n\n\n<p>Dispon\u00edvel at\u00e9 8\/2\/2023 ou encerramento da vaga.<\/p>\n\n\n\n<p><strong>4 vagas \u2013 Vendedor Porta a Porta<\/strong><\/p>\n\n\n\n<p>Escolaridade \u2013 ensino fundamental completo;<\/p>\n\n\n\n<p>Experi\u00eancia \u2013 n\u00e3o \u00e9 necess\u00e1rio;<\/p>\n\n\n\n<p>Requisitos obrigat\u00f3rios \u2013 ser din\u00e2mico, comunicativo, que saiba trabalhar em equipe e com metas, resiliente, disposi\u00e7\u00e3o para caminhar no sol e deslocar-se pela cidade;<\/p>\n\n\n\n<p>Atividades \u2013 realizar a prospec\u00e7\u00e3o de novos clientes para a empresa, priorizando a identifica\u00e7\u00e3o das necessidades desses potenciais clientes e oferecendo as melhores solu\u00e7\u00f5es de acordo com as demandas e o fit deles em rela\u00e7\u00e3o \u00e0 sua oferta.<\/p>\n\n\n\n<p>Dispon\u00edvel at\u00e9 8\/2\/2023 ou encerramento da vaga.<\/p>\n\n\n\n<p><strong>30 vagas \u2013 Consultor de Vendas \u2013 vagas exclusivas para Pessoas com Defici\u00eancia (PCD)<\/strong><\/p>\n\n\n\n<p>Escolaridade \u2013 ensino m\u00e9dio completo;<\/p>\n\n\n\n<p>Experi\u00eancia \u2013 seis meses na Carteira de Trabalho;<\/p>\n\n\n\n<p>Requisitos obrigat\u00f3rios \u2013 ter curso de Inform\u00e1tica B\u00e1sica e Pacote Office; Experi\u00eancia ao p\u00fablico; ter no m\u00ednimo 50 Mb de internet para realiza\u00e7\u00e3o do teletrabalho.<\/p>\n\n\n\n<p>Atividades \u2013 realizar a oferta e venda dos planos. Levantar as necessidades do cliente, identificar os problemas, propor solu\u00e7\u00f5es, implantar e viabilizar o projeto de acordo com cada profissional ou empresa que atende e, por fim, fazer a avalia\u00e7\u00e3o.<\/p>\n\n\n\n<p>Dispon\u00edvel at\u00e9 8\/2\/2023 ou encerramento da vaga.<\/p>\n\n\n\n<p><strong>1 vaga \u2013 Eletricista Veicular<\/strong><\/p>\n\n\n\n<p>Escolaridade \u2013 ensino fundamental completo;<\/p>\n\n\n\n<p>Experi\u00eancia \u2013 seis meses na Carteira de Trabalho;<\/p>\n\n\n\n<p>Atividades \u2013 manuten\u00e7\u00e3o de sistemas el\u00e9tricos de ve\u00edculos de transporte urbano, inspe\u00e7\u00e3o, manuten\u00e7\u00e3o preventiva e corretiva.<\/p>\n\n\n\n<p>Dispon\u00edvel at\u00e9 8\/2\/2023 ou encerramento da vaga.<\/p>\n\n\n\n<p><strong>1 vaga \u2013 Mec\u00e2nico Veicular<\/strong><\/p>\n\n\n\n<p>Escolaridade \u2013 ensino fundamental completo;<\/p>\n\n\n\n<p>Experi\u00eancia \u2013 seis meses na Carteira de Trabalho;<\/p>\n\n\n\n<p>Requisitos obrigat\u00f3rios \u2013 ter experi\u00eancia mec\u00e2nico de autom\u00f3vel leve ou pesado;<\/p>\n\n\n\n<p>Atividades \u2013 realizar manuten\u00e7\u00e3o mec\u00e2nica preventiva e corretiva de ve\u00edculos, montar e trocar pe\u00e7as, lubrificar motor, regular mecanismos e alinhar dire\u00e7\u00e3o. Auxiliar o cliente quanto \u00e0 substitui\u00e7\u00e3o e aproveitamento de componentes.<\/p>\n\n\n\n<p>Dispon\u00edvel at\u00e9 8\/2\/2023 ou encerramento da vaga.<\/p>\n\n\n\n<p>&#8212; &#8212; &#8212; &nbsp;<\/p>\n\n\n\n<p><strong>Texto \u2013 <\/strong>Divulga\u00e7\u00e3o \/ Semtepi<\/p>\n\n\n\n<p><strong>Fotos \u2013<\/strong> Marcely Gomes \/ Arquivo Semcom<\/p>\n\n\n\n<p><strong>Dispon\u00edveis em &#8211;<\/strong> <a href=\"https:\/\/flic.kr\/s\/aHsmVXH7aC\">https:\/\/flic.kr\/s\/aHsmVXH7aC<\/a><\/p>\n","protected":false},"excerpt":{"rendered":"","protected":false},"author":24,"featured_media":208768,"comment_status":"closed","ping_status":"closed","sticky":false,"template":"","format":"standard","meta":{"footnotes":""},"categories":[20],"tags":[333,334,206,337,23,820,126],"acf":[],"yoast_head":"<!-- This site is optimized with the Yoast SEO plugin v23.0 - https:\/\/yoast.com\/wordpress\/plugins\/seo\/ -->\n<title>Sine Manaus oferta 179 vagas de emprego nesta quarta-feira, 8\/2<\/title>\n<meta name=\"description\" content=\"A Prefeitura de Manaus, por meio do Sine Manaus, oferta 179 vagas de emprego em v\u00e1rias \u00e1reas de atua\u00e7\u00e3o, nesta quarta-feira, 8\/2, de 8h \u00e0s 16h\" \/>\n<meta name=\"robots\" content=\"index, follow, max-snippet:-1, max-image-preview:large, max-video-preview:-1\" \/>\n<link rel=\"canonical\" href=\"https:\/\/www.manaus.am.gov.br\/semcom\/sine-manaus-oferta-179-vagas-de-emprego-nesta-quarta-feira-8-2\/\" \/>\n<meta property=\"og:locale\" content=\"pt_BR\" \/>\n<meta property=\"og:type\" content=\"article\" \/>\n<meta property=\"og:title\" content=\"Sine Manaus oferta 179 vagas de emprego nesta quarta-feira, 8\/2\" \/>\n<meta property=\"og:description\" content=\"A Prefeitura de Manaus, por meio do Sine Manaus, oferta 179 vagas de emprego em v\u00e1rias \u00e1reas de atua\u00e7\u00e3o, nesta quarta-feira, 8\/2, de 8h \u00e0s 16h\" \/>\n<meta property=\"og:url\" content=\"https:\/\/www.manaus.am.gov.br\/semcom\/sine-manaus-oferta-179-vagas-de-emprego-nesta-quarta-feira-8-2\/\" \/>\n<meta property=\"og:site_name\" content=\"SEMCOM\" \/>\n<meta property=\"article:published_time\" content=\"2023-02-07T21:00:07+00:00\" \/>\n<meta property=\"article:modified_time\" content=\"2023-02-07T21:00:08+00:00\" \/>\n<meta property=\"og:image\" content=\"https:\/\/www.manaus.am.gov.br\/semcom\/wp-content\/uploads\/sites\/5\/2023\/02\/Sine-Manaus-oferta-179-vagas-de-emprego-nesta-quarta-feira-82-scaled.jpg\" \/>\n\t<meta property=\"og:image:width\" content=\"2560\" \/>\n\t<meta property=\"og:image:height\" content=\"1707\" \/>\n\t<meta property=\"og:image:type\" content=\"image\/jpeg\" \/>\n<meta name=\"author\" content=\"Cl\u00e1udia Barbosa\" \/>\n<meta name=\"twitter:card\" content=\"summary_large_image\" \/>\n<meta name=\"twitter:label1\" content=\"Written by\" \/>\n\t<meta name=\"twitter:data1\" content=\"Cl\u00e1udia Barbosa\" \/>\n\t<meta name=\"twitter:label2\" content=\"Est. reading time\" \/>\n\t<meta name=\"twitter:data2\" content=\"29 minutos\" \/>\n<script type=\"application\/ld+json\" class=\"yoast-schema-graph\">{\"@context\":\"https:\/\/schema.org\",\"@graph\":[{\"@type\":\"WebPage\",\"@id\":\"https:\/\/www.manaus.am.gov.br\/semcom\/sine-manaus-oferta-179-vagas-de-emprego-nesta-quarta-feira-8-2\/\",\"url\":\"https:\/\/www.manaus.am.gov.br\/semcom\/sine-manaus-oferta-179-vagas-de-emprego-nesta-quarta-feira-8-2\/\",\"name\":\"Sine Manaus oferta 179 vagas de emprego nesta quarta-feira, 8\/2\",\"isPartOf\":{\"@id\":\"https:\/\/www.manaus.am.gov.br\/semcom\/#website\"},\"primaryImageOfPage\":{\"@id\":\"https:\/\/www.manaus.am.gov.br\/semcom\/sine-manaus-oferta-179-vagas-de-emprego-nesta-quarta-feira-8-2\/#primaryimage\"},\"image\":{\"@id\":\"https:\/\/www.manaus.am.gov.br\/semcom\/sine-manaus-oferta-179-vagas-de-emprego-nesta-quarta-feira-8-2\/#primaryimage\"},\"thumbnailUrl\":\"https:\/\/www.manaus.am.gov.br\/semcom\/wp-content\/uploads\/sites\/5\/2023\/02\/Sine-Manaus-oferta-179-vagas-de-emprego-nesta-quarta-feira-82-scaled.jpg\",\"datePublished\":\"2023-02-07T21:00:07+00:00\",\"dateModified\":\"2023-02-07T21:00:08+00:00\",\"author\":{\"@id\":\"https:\/\/www.manaus.am.gov.br\/semcom\/#\/schema\/person\/d0a166b5031154c33c77794ddc9a827e\"},\"description\":\"A Prefeitura de Manaus, por meio do Sine Manaus, oferta 179 vagas de emprego em v\u00e1rias \u00e1reas de atua\u00e7\u00e3o, nesta quarta-feira, 8\/2, de 8h \u00e0s 16h\",\"inLanguage\":\"pt-BR\",\"potentialAction\":[{\"@type\":\"ReadAction\",\"target\":[\"https:\/\/www.manaus.am.gov.br\/semcom\/sine-manaus-oferta-179-vagas-de-emprego-nesta-quarta-feira-8-2\/\"]}]},{\"@type\":\"ImageObject\",\"inLanguage\":\"pt-BR\",\"@id\":\"https:\/\/www.manaus.am.gov.br\/semcom\/sine-manaus-oferta-179-vagas-de-emprego-nesta-quarta-feira-8-2\/#primaryimage\",\"url\":\"https:\/\/www.manaus.am.gov.br\/semcom\/wp-content\/uploads\/sites\/5\/2023\/02\/Sine-Manaus-oferta-179-vagas-de-emprego-nesta-quarta-feira-82-scaled.jpg\",\"contentUrl\":\"https:\/\/www.manaus.am.gov.br\/semcom\/wp-content\/uploads\/sites\/5\/2023\/02\/Sine-Manaus-oferta-179-vagas-de-emprego-nesta-quarta-feira-82-scaled.jpg\",\"width\":2560,\"height\":1707},{\"@type\":\"WebSite\",\"@id\":\"https:\/\/www.manaus.am.gov.br\/semcom\/#website\",\"url\":\"https:\/\/www.manaus.am.gov.br\/semcom\/\",\"name\":\"SEMCOM\",\"description\":\"Secretaria Municipal de Comunica\u00e7\u00e3o\",\"potentialAction\":[{\"@type\":\"SearchAction\",\"target\":{\"@type\":\"EntryPoint\",\"urlTemplate\":\"https:\/\/www.manaus.am.gov.br\/semcom\/?s={search_term_string}\"},\"query-input\":\"required name=search_term_string\"}],\"inLanguage\":\"pt-BR\"},{\"@type\":\"Person\",\"@id\":\"https:\/\/www.manaus.am.gov.br\/semcom\/#\/schema\/person\/d0a166b5031154c33c77794ddc9a827e\",\"name\":\"Cl\u00e1udia Barbosa\",\"image\":{\"@type\":\"ImageObject\",\"inLanguage\":\"pt-BR\",\"@id\":\"https:\/\/www.manaus.am.gov.br\/semcom\/#\/schema\/person\/image\/\",\"url\":\"https:\/\/secure.gravatar.com\/avatar\/42958a1cf007f1a00534009218c72590?s=96&d=mm&r=g\",\"contentUrl\":\"https:\/\/secure.gravatar.com\/avatar\/42958a1cf007f1a00534009218c72590?s=96&d=mm&r=g\",\"caption\":\"Cl\u00e1udia Barbosa\"}}]}<\/script>\n<!-- \/ Yoast SEO plugin. -->","yoast_head_json":{"title":"Sine Manaus oferta 179 vagas de emprego nesta quarta-feira, 8\/2","description":"A Prefeitura de Manaus, por meio do Sine Manaus, oferta 179 vagas de emprego em v\u00e1rias \u00e1reas de atua\u00e7\u00e3o, nesta quarta-feira, 8\/2, de 8h \u00e0s 16h","robots":{"index":"index","follow":"follow","max-snippet":"max-snippet:-1","max-image-preview":"max-image-preview:large","max-video-preview":"max-video-preview:-1"},"canonical":"https:\/\/www.manaus.am.gov.br\/semcom\/sine-manaus-oferta-179-vagas-de-emprego-nesta-quarta-feira-8-2\/","og_locale":"pt_BR","og_type":"article","og_title":"Sine Manaus oferta 179 vagas de emprego nesta quarta-feira, 8\/2","og_description":"A Prefeitura de Manaus, por meio do Sine Manaus, oferta 179 vagas de emprego em v\u00e1rias \u00e1reas de atua\u00e7\u00e3o, nesta quarta-feira, 8\/2, de 8h \u00e0s 16h","og_url":"https:\/\/www.manaus.am.gov.br\/semcom\/sine-manaus-oferta-179-vagas-de-emprego-nesta-quarta-feira-8-2\/","og_site_name":"SEMCOM","article_published_time":"2023-02-07T21:00:07+00:00","article_modified_time":"2023-02-07T21:00:08+00:00","og_image":[{"width":2560,"height":1707,"url":"https:\/\/www.manaus.am.gov.br\/semcom\/wp-content\/uploads\/sites\/5\/2023\/02\/Sine-Manaus-oferta-179-vagas-de-emprego-nesta-quarta-feira-82-scaled.jpg","type":"image\/jpeg"}],"author":"Cl\u00e1udia Barbosa","twitter_card":"summary_large_image","twitter_misc":{"Written by":"Cl\u00e1udia Barbosa","Est. reading time":"29 minutos"},"schema":{"@context":"https:\/\/schema.org","@graph":[{"@type":"WebPage","@id":"https:\/\/www.manaus.am.gov.br\/semcom\/sine-manaus-oferta-179-vagas-de-emprego-nesta-quarta-feira-8-2\/","url":"https:\/\/www.manaus.am.gov.br\/semcom\/sine-manaus-oferta-179-vagas-de-emprego-nesta-quarta-feira-8-2\/","name":"Sine Manaus oferta 179 vagas de emprego nesta quarta-feira, 8\/2","isPartOf":{"@id":"https:\/\/www.manaus.am.gov.br\/semcom\/#website"},"primaryImageOfPage":{"@id":"https:\/\/www.manaus.am.gov.br\/semcom\/sine-manaus-oferta-179-vagas-de-emprego-nesta-quarta-feira-8-2\/#primaryimage"},"image":{"@id":"https:\/\/www.manaus.am.gov.br\/semcom\/sine-manaus-oferta-179-vagas-de-emprego-nesta-quarta-feira-8-2\/#primaryimage"},"thumbnailUrl":"https:\/\/www.manaus.am.gov.br\/semcom\/wp-content\/uploads\/sites\/5\/2023\/02\/Sine-Manaus-oferta-179-vagas-de-emprego-nesta-quarta-feira-82-scaled.jpg","datePublished":"2023-02-07T21:00:07+00:00","dateModified":"2023-02-07T21:00:08+00:00","author":{"@id":"https:\/\/www.manaus.am.gov.br\/semcom\/#\/schema\/person\/d0a166b5031154c33c77794ddc9a827e"},"description":"A Prefeitura de Manaus, por meio do Sine Manaus, oferta 179 vagas de emprego em v\u00e1rias \u00e1reas de atua\u00e7\u00e3o, nesta quarta-feira, 8\/2, de 8h \u00e0s 16h","inLanguage":"pt-BR","potentialAction":[{"@type":"ReadAction","target":["https:\/\/www.manaus.am.gov.br\/semcom\/sine-manaus-oferta-179-vagas-de-emprego-nesta-quarta-feira-8-2\/"]}]},{"@type":"ImageObject","inLanguage":"pt-BR","@id":"https:\/\/www.manaus.am.gov.br\/semcom\/sine-manaus-oferta-179-vagas-de-emprego-nesta-quarta-feira-8-2\/#primaryimage","url":"https:\/\/www.manaus.am.gov.br\/semcom\/wp-content\/uploads\/sites\/5\/2023\/02\/Sine-Manaus-oferta-179-vagas-de-emprego-nesta-quarta-feira-82-scaled.jpg","contentUrl":"https:\/\/www.manaus.am.gov.br\/semcom\/wp-content\/uploads\/sites\/5\/2023\/02\/Sine-Manaus-oferta-179-vagas-de-emprego-nesta-quarta-feira-82-scaled.jpg","width":2560,"height":1707},{"@type":"WebSite","@id":"https:\/\/www.manaus.am.gov.br\/semcom\/#website","url":"https:\/\/www.manaus.am.gov.br\/semcom\/","name":"SEMCOM","description":"Secretaria Municipal de Comunica\u00e7\u00e3o","potentialAction":[{"@type":"SearchAction","target":{"@type":"EntryPoint","urlTemplate":"https:\/\/www.manaus.am.gov.br\/semcom\/?s={search_term_string}"},"query-input":"required name=search_term_string"}],"inLanguage":"pt-BR"},{"@type":"Person","@id":"https:\/\/www.manaus.am.gov.br\/semcom\/#\/schema\/person\/d0a166b5031154c33c77794ddc9a827e","name":"Cl\u00e1udia Barbosa","image":{"@type":"ImageObject","inLanguage":"pt-BR","@id":"https:\/\/www.manaus.am.gov.br\/semcom\/#\/schema\/person\/image\/","url":"https:\/\/secure.gravatar.com\/avatar\/42958a1cf007f1a00534009218c72590?s=96&d=mm&r=g","contentUrl":"https:\/\/secure.gravatar.com\/avatar\/42958a1cf007f1a00534009218c72590?s=96&d=mm&r=g","caption":"Cl\u00e1udia Barbosa"}}]}},"_links":{"self":[{"href":"https:\/\/www.manaus.am.gov.br\/semcom\/wp-json\/wp\/v2\/posts\/208767"}],"collection":[{"href":"https:\/\/www.manaus.am.gov.br\/semcom\/wp-json\/wp\/v2\/posts"}],"about":[{"href":"https:\/\/www.manaus.am.gov.br\/semcom\/wp-json\/wp\/v2\/types\/post"}],"author":[{"embeddable":true,"href":"https:\/\/www.manaus.am.gov.br\/semcom\/wp-json\/wp\/v2\/users\/24"}],"replies":[{"embeddable":true,"href":"https:\/\/www.manaus.am.gov.br\/semcom\/wp-json\/wp\/v2\/comments?post=208767"}],"version-history":[{"count":0,"href":"https:\/\/www.manaus.am.gov.br\/semcom\/wp-json\/wp\/v2\/posts\/208767\/revisions"}],"wp:featuredmedia":[{"embeddable":true,"href":"https:\/\/www.manaus.am.gov.br\/semcom\/wp-json\/wp\/v2\/media\/208768"}],"wp:attachment":[{"href":"https:\/\/www.manaus.am.gov.br\/semcom\/wp-json\/wp\/v2\/media?parent=208767"}],"wp:term":[{"taxonomy":"category","embeddable":true,"href":"https:\/\/www.manaus.am.gov.br\/semcom\/wp-json\/wp\/v2\/categories?post=208767"},{"taxonomy":"post_tag","embeddable":true,"href":"https:\/\/www.manaus.am.gov.br\/semcom\/wp-json\/wp\/v2\/tags?post=208767"}],"curies":[{"name":"wp","href":"https:\/\/api.w.org\/{rel}","templated":true}]}}