{"id":208533,"date":"2023-02-02T15:30:56","date_gmt":"2023-02-02T18:30:56","guid":{"rendered":"https:\/\/www.manaus.am.gov.br\/semcom\/2023\/02\/02\/colaboradores-da-ageman-participam-de-oficina-de-fotografia-video-e-redes-sociais-no-smartphone\/"},"modified":"2023-10-16T12:10:52","modified_gmt":"2023-10-16T15:10:52","slug":"colaboradores-da-ageman-participam-de-oficina-de-fotografia-video-e-redes-sociais-no-smartphone","status":"publish","type":"post","link":"https:\/\/www.manaus.am.gov.br\/semcom\/colaboradores-da-ageman-participam-de-oficina-de-fotografia-video-e-redes-sociais-no-smartphone\/","title":{"rendered":"Colaboradores da Ageman participam de &#8216;Oficina de Fotografia, V\u00eddeo e Redes Sociais no Smartphone&#8217;"},"content":{"rendered":"\n<p>Colaboradores de diversas \u00e1reas de atua\u00e7\u00e3o da Ag\u00eancia Reguladora dos Servi\u00e7os P\u00fablicos Delegados do Munic\u00edpio de Manaus (Ageman) participaram, na manh\u00e3 desta quinta-feira, 2\/2, de uma &#8220;Oficina de Fotografia, V\u00eddeo e Redes Sociais no Smartphone&#8221;.<\/p>\n\n\n\n<p>A iniciativa foi da Assessoria de Comunica\u00e7\u00e3o do \u00f3rg\u00e3o regulador. O treinamento foi realizado pela coordenadora de Redes Sociais da <a href=\"http:\/\/www.manaus.am.gov.br\/semcom\/\" target=\"_blank\" rel=\"noreferrer noopener\">Secretaria Municipal de Comunica\u00e7\u00e3o Social (Semcom<\/a>) da Prefeitura de <a href=\"http:\/\/www.manaus.am.gov.br\" target=\"_blank\" rel=\"noreferrer noopener\">Manaus<\/a> (Semcom), a rela\u00e7\u00f5es-p\u00fablicas Tayara Wanderley, e ocorreu na sede da Ageman, na zona Centro-Sul.<\/p>\n\n\n\n<p>Na programa\u00e7\u00e3o, os colaboradores tiveram a oportunidade de conhecer os resultados alcan\u00e7ados com as a\u00e7\u00f5es e campanhas digitais da Prefeitura de Manaus, bem como a relev\u00e2ncia dos conte\u00fados produzidos pelas equipes de rua e como os registros fotogr\u00e1ficos e v\u00eddeos podem contribuir com o trabalho da Assessoria de Comunica\u00e7\u00e3o e tamb\u00e9m na elabora\u00e7\u00e3o dos relat\u00f3rios t\u00e9cnicos e fotogr\u00e1ficos das diretorias da ag\u00eancia reguladora.<\/p>\n\n\n\n<p>\u201c\u00c9 muito bom quando temos essa oportunidade de oferecer aos nossos colaboradores conhecimentos que possam somar com a rotina do dia a dia. Precisamos estar atentos \u00e0s novas formas de se comunicar. Estamos inaugurando um novo momento para a Ageman, que est\u00e1 pautado no aumento da visibilidade do trabalho que vem sendo executado pela ag\u00eancia na cidade de Manaus, em torno dos servi\u00e7os que fazemos no \u00e2mbito do abastecimento de \u00e1gua, esgotamento sanit\u00e1rio, ilumina\u00e7\u00e3o p\u00fablica e Zona Azul\u201d, disse o diretor-presidente da Ageman, Elson Andrade, que fez quest\u00e3o de tamb\u00e9m participar da oficina.<\/p>\n\n\n\n<p>Luz, enquadramento, conhecimento das fun\u00e7\u00f5es dos aparelhos, aplicativos e informa\u00e7\u00e3o visual foram alguns dos pontos abordados durante a oficina, que contou com a intera\u00e7\u00e3o dos colaboradores.<\/p>\n\n\n\n<p>\u201cAs dicas foram muito boas e o conte\u00fado foi bem did\u00e1tico. Gostei bastante. Vou colocar em pr\u00e1tica, por ocasi\u00e3o das reuni\u00f5es do conselho\u201d, disse a secret\u00e1ria do Conselho de Regula\u00e7\u00e3o da Ageman, Shirlei Neves.<\/p>\n\n\n\n<p>&#8212; &#8212; &#8212;<\/p>\n\n\n\n<p><strong>Texto &#8211;<\/strong> Tereza Te\u00f3filo \/ Ageman<\/p>\n\n\n\n<p><strong>Fotos &#8211;<\/strong> Divulga\u00e7\u00e3o \/ Ageman<\/p>\n","protected":false},"excerpt":{"rendered":"","protected":false},"author":24,"featured_media":208534,"comment_status":"closed","ping_status":"closed","sticky":false,"template":"","format":"standard","meta":{"footnotes":""},"categories":[67],"tags":[215,216,547,77,548,71,549,550],"acf":[],"yoast_head":"<!-- This site is optimized with the Yoast SEO plugin v23.0 - https:\/\/yoast.com\/wordpress\/plugins\/seo\/ -->\n<title>Colaboradores da Ageman participam de oficina<\/title>\n<meta name=\"description\" content=\"Colaboradores de diversas \u00e1reas de atua\u00e7\u00e3o da Ageman participaram de uma &quot;Oficina de Fotografia, V\u00eddeo e Redes Sociais no Smartphone&quot;.\" \/>\n<meta name=\"robots\" content=\"index, follow, max-snippet:-1, max-image-preview:large, max-video-preview:-1\" \/>\n<link rel=\"canonical\" href=\"https:\/\/www.manaus.am.gov.br\/semcom\/colaboradores-da-ageman-participam-de-oficina-de-fotografia-video-e-redes-sociais-no-smartphone\/\" \/>\n<meta property=\"og:locale\" content=\"pt_BR\" \/>\n<meta property=\"og:type\" content=\"article\" \/>\n<meta property=\"og:title\" content=\"Colaboradores da Ageman participam de oficina\" \/>\n<meta property=\"og:description\" content=\"Colaboradores de diversas \u00e1reas de atua\u00e7\u00e3o da Ageman participaram de uma &quot;Oficina de Fotografia, V\u00eddeo e Redes Sociais no Smartphone&quot;.\" \/>\n<meta property=\"og:url\" content=\"https:\/\/www.manaus.am.gov.br\/semcom\/colaboradores-da-ageman-participam-de-oficina-de-fotografia-video-e-redes-sociais-no-smartphone\/\" \/>\n<meta property=\"og:site_name\" content=\"SEMCOM\" \/>\n<meta property=\"article:published_time\" content=\"2023-02-02T18:30:56+00:00\" \/>\n<meta property=\"article:modified_time\" content=\"2023-10-16T15:10:52+00:00\" \/>\n<meta property=\"og:image\" content=\"https:\/\/www.manaus.am.gov.br\/semcom\/wp-content\/uploads\/sites\/5\/2023\/02\/Colaboradores-da-Ageman-participam-de-Oficina-de-Fotografia-Video-e-Redes-Sociais-no-Smartphone-3.jpeg\" \/>\n\t<meta property=\"og:image:width\" content=\"1600\" \/>\n\t<meta property=\"og:image:height\" content=\"1200\" \/>\n\t<meta property=\"og:image:type\" content=\"image\/jpeg\" \/>\n<meta name=\"author\" content=\"Cl\u00e1udia Barbosa\" \/>\n<meta name=\"twitter:card\" content=\"summary_large_image\" \/>\n<meta name=\"twitter:label1\" content=\"Written by\" \/>\n\t<meta name=\"twitter:data1\" content=\"Cl\u00e1udia Barbosa\" \/>\n\t<meta name=\"twitter:label2\" content=\"Est. reading time\" \/>\n\t<meta name=\"twitter:data2\" content=\"2 minutos\" \/>\n<script type=\"application\/ld+json\" class=\"yoast-schema-graph\">{\"@context\":\"https:\/\/schema.org\",\"@graph\":[{\"@type\":\"WebPage\",\"@id\":\"https:\/\/www.manaus.am.gov.br\/semcom\/colaboradores-da-ageman-participam-de-oficina-de-fotografia-video-e-redes-sociais-no-smartphone\/\",\"url\":\"https:\/\/www.manaus.am.gov.br\/semcom\/colaboradores-da-ageman-participam-de-oficina-de-fotografia-video-e-redes-sociais-no-smartphone\/\",\"name\":\"Colaboradores da Ageman participam de oficina\",\"isPartOf\":{\"@id\":\"https:\/\/www.manaus.am.gov.br\/semcom\/#website\"},\"primaryImageOfPage\":{\"@id\":\"https:\/\/www.manaus.am.gov.br\/semcom\/colaboradores-da-ageman-participam-de-oficina-de-fotografia-video-e-redes-sociais-no-smartphone\/#primaryimage\"},\"image\":{\"@id\":\"https:\/\/www.manaus.am.gov.br\/semcom\/colaboradores-da-ageman-participam-de-oficina-de-fotografia-video-e-redes-sociais-no-smartphone\/#primaryimage\"},\"thumbnailUrl\":\"https:\/\/www.manaus.am.gov.br\/semcom\/wp-content\/uploads\/sites\/5\/2023\/02\/Colaboradores-da-Ageman-participam-de-Oficina-de-Fotografia-Video-e-Redes-Sociais-no-Smartphone-3.jpeg\",\"datePublished\":\"2023-02-02T18:30:56+00:00\",\"dateModified\":\"2023-10-16T15:10:52+00:00\",\"author\":{\"@id\":\"https:\/\/www.manaus.am.gov.br\/semcom\/#\/schema\/person\/d0a166b5031154c33c77794ddc9a827e\"},\"description\":\"Colaboradores de diversas \u00e1reas de atua\u00e7\u00e3o da Ageman participaram de uma \\\"Oficina de Fotografia, V\u00eddeo e Redes Sociais no Smartphone\\\".\",\"inLanguage\":\"pt-BR\",\"potentialAction\":[{\"@type\":\"ReadAction\",\"target\":[\"https:\/\/www.manaus.am.gov.br\/semcom\/colaboradores-da-ageman-participam-de-oficina-de-fotografia-video-e-redes-sociais-no-smartphone\/\"]}]},{\"@type\":\"ImageObject\",\"inLanguage\":\"pt-BR\",\"@id\":\"https:\/\/www.manaus.am.gov.br\/semcom\/colaboradores-da-ageman-participam-de-oficina-de-fotografia-video-e-redes-sociais-no-smartphone\/#primaryimage\",\"url\":\"https:\/\/www.manaus.am.gov.br\/semcom\/wp-content\/uploads\/sites\/5\/2023\/02\/Colaboradores-da-Ageman-participam-de-Oficina-de-Fotografia-Video-e-Redes-Sociais-no-Smartphone-3.jpeg\",\"contentUrl\":\"https:\/\/www.manaus.am.gov.br\/semcom\/wp-content\/uploads\/sites\/5\/2023\/02\/Colaboradores-da-Ageman-participam-de-Oficina-de-Fotografia-Video-e-Redes-Sociais-no-Smartphone-3.jpeg\",\"width\":1600,\"height\":1200},{\"@type\":\"WebSite\",\"@id\":\"https:\/\/www.manaus.am.gov.br\/semcom\/#website\",\"url\":\"https:\/\/www.manaus.am.gov.br\/semcom\/\",\"name\":\"SEMCOM\",\"description\":\"Secretaria Municipal de Comunica\u00e7\u00e3o\",\"potentialAction\":[{\"@type\":\"SearchAction\",\"target\":{\"@type\":\"EntryPoint\",\"urlTemplate\":\"https:\/\/www.manaus.am.gov.br\/semcom\/?s={search_term_string}\"},\"query-input\":\"required name=search_term_string\"}],\"inLanguage\":\"pt-BR\"},{\"@type\":\"Person\",\"@id\":\"https:\/\/www.manaus.am.gov.br\/semcom\/#\/schema\/person\/d0a166b5031154c33c77794ddc9a827e\",\"name\":\"Cl\u00e1udia Barbosa\",\"image\":{\"@type\":\"ImageObject\",\"inLanguage\":\"pt-BR\",\"@id\":\"https:\/\/www.manaus.am.gov.br\/semcom\/#\/schema\/person\/image\/\",\"url\":\"https:\/\/secure.gravatar.com\/avatar\/42958a1cf007f1a00534009218c72590?s=96&d=mm&r=g\",\"contentUrl\":\"https:\/\/secure.gravatar.com\/avatar\/42958a1cf007f1a00534009218c72590?s=96&d=mm&r=g\",\"caption\":\"Cl\u00e1udia Barbosa\"}}]}<\/script>\n<!-- \/ Yoast SEO plugin. -->","yoast_head_json":{"title":"Colaboradores da Ageman participam de oficina","description":"Colaboradores de diversas \u00e1reas de atua\u00e7\u00e3o da Ageman participaram de uma \"Oficina de Fotografia, V\u00eddeo e Redes Sociais no Smartphone\".","robots":{"index":"index","follow":"follow","max-snippet":"max-snippet:-1","max-image-preview":"max-image-preview:large","max-video-preview":"max-video-preview:-1"},"canonical":"https:\/\/www.manaus.am.gov.br\/semcom\/colaboradores-da-ageman-participam-de-oficina-de-fotografia-video-e-redes-sociais-no-smartphone\/","og_locale":"pt_BR","og_type":"article","og_title":"Colaboradores da Ageman participam de oficina","og_description":"Colaboradores de diversas \u00e1reas de atua\u00e7\u00e3o da Ageman participaram de uma \"Oficina de Fotografia, V\u00eddeo e Redes Sociais no Smartphone\".","og_url":"https:\/\/www.manaus.am.gov.br\/semcom\/colaboradores-da-ageman-participam-de-oficina-de-fotografia-video-e-redes-sociais-no-smartphone\/","og_site_name":"SEMCOM","article_published_time":"2023-02-02T18:30:56+00:00","article_modified_time":"2023-10-16T15:10:52+00:00","og_image":[{"width":1600,"height":1200,"url":"https:\/\/www.manaus.am.gov.br\/semcom\/wp-content\/uploads\/sites\/5\/2023\/02\/Colaboradores-da-Ageman-participam-de-Oficina-de-Fotografia-Video-e-Redes-Sociais-no-Smartphone-3.jpeg","type":"image\/jpeg"}],"author":"Cl\u00e1udia Barbosa","twitter_card":"summary_large_image","twitter_misc":{"Written by":"Cl\u00e1udia Barbosa","Est. reading time":"2 minutos"},"schema":{"@context":"https:\/\/schema.org","@graph":[{"@type":"WebPage","@id":"https:\/\/www.manaus.am.gov.br\/semcom\/colaboradores-da-ageman-participam-de-oficina-de-fotografia-video-e-redes-sociais-no-smartphone\/","url":"https:\/\/www.manaus.am.gov.br\/semcom\/colaboradores-da-ageman-participam-de-oficina-de-fotografia-video-e-redes-sociais-no-smartphone\/","name":"Colaboradores da Ageman participam de oficina","isPartOf":{"@id":"https:\/\/www.manaus.am.gov.br\/semcom\/#website"},"primaryImageOfPage":{"@id":"https:\/\/www.manaus.am.gov.br\/semcom\/colaboradores-da-ageman-participam-de-oficina-de-fotografia-video-e-redes-sociais-no-smartphone\/#primaryimage"},"image":{"@id":"https:\/\/www.manaus.am.gov.br\/semcom\/colaboradores-da-ageman-participam-de-oficina-de-fotografia-video-e-redes-sociais-no-smartphone\/#primaryimage"},"thumbnailUrl":"https:\/\/www.manaus.am.gov.br\/semcom\/wp-content\/uploads\/sites\/5\/2023\/02\/Colaboradores-da-Ageman-participam-de-Oficina-de-Fotografia-Video-e-Redes-Sociais-no-Smartphone-3.jpeg","datePublished":"2023-02-02T18:30:56+00:00","dateModified":"2023-10-16T15:10:52+00:00","author":{"@id":"https:\/\/www.manaus.am.gov.br\/semcom\/#\/schema\/person\/d0a166b5031154c33c77794ddc9a827e"},"description":"Colaboradores de diversas \u00e1reas de atua\u00e7\u00e3o da Ageman participaram de uma \"Oficina de Fotografia, V\u00eddeo e Redes Sociais no Smartphone\".","inLanguage":"pt-BR","potentialAction":[{"@type":"ReadAction","target":["https:\/\/www.manaus.am.gov.br\/semcom\/colaboradores-da-ageman-participam-de-oficina-de-fotografia-video-e-redes-sociais-no-smartphone\/"]}]},{"@type":"ImageObject","inLanguage":"pt-BR","@id":"https:\/\/www.manaus.am.gov.br\/semcom\/colaboradores-da-ageman-participam-de-oficina-de-fotografia-video-e-redes-sociais-no-smartphone\/#primaryimage","url":"https:\/\/www.manaus.am.gov.br\/semcom\/wp-content\/uploads\/sites\/5\/2023\/02\/Colaboradores-da-Ageman-participam-de-Oficina-de-Fotografia-Video-e-Redes-Sociais-no-Smartphone-3.jpeg","contentUrl":"https:\/\/www.manaus.am.gov.br\/semcom\/wp-content\/uploads\/sites\/5\/2023\/02\/Colaboradores-da-Ageman-participam-de-Oficina-de-Fotografia-Video-e-Redes-Sociais-no-Smartphone-3.jpeg","width":1600,"height":1200},{"@type":"WebSite","@id":"https:\/\/www.manaus.am.gov.br\/semcom\/#website","url":"https:\/\/www.manaus.am.gov.br\/semcom\/","name":"SEMCOM","description":"Secretaria Municipal de Comunica\u00e7\u00e3o","potentialAction":[{"@type":"SearchAction","target":{"@type":"EntryPoint","urlTemplate":"https:\/\/www.manaus.am.gov.br\/semcom\/?s={search_term_string}"},"query-input":"required name=search_term_string"}],"inLanguage":"pt-BR"},{"@type":"Person","@id":"https:\/\/www.manaus.am.gov.br\/semcom\/#\/schema\/person\/d0a166b5031154c33c77794ddc9a827e","name":"Cl\u00e1udia Barbosa","image":{"@type":"ImageObject","inLanguage":"pt-BR","@id":"https:\/\/www.manaus.am.gov.br\/semcom\/#\/schema\/person\/image\/","url":"https:\/\/secure.gravatar.com\/avatar\/42958a1cf007f1a00534009218c72590?s=96&d=mm&r=g","contentUrl":"https:\/\/secure.gravatar.com\/avatar\/42958a1cf007f1a00534009218c72590?s=96&d=mm&r=g","caption":"Cl\u00e1udia Barbosa"}}]}},"_links":{"self":[{"href":"https:\/\/www.manaus.am.gov.br\/semcom\/wp-json\/wp\/v2\/posts\/208533"}],"collection":[{"href":"https:\/\/www.manaus.am.gov.br\/semcom\/wp-json\/wp\/v2\/posts"}],"about":[{"href":"https:\/\/www.manaus.am.gov.br\/semcom\/wp-json\/wp\/v2\/types\/post"}],"author":[{"embeddable":true,"href":"https:\/\/www.manaus.am.gov.br\/semcom\/wp-json\/wp\/v2\/users\/24"}],"replies":[{"embeddable":true,"href":"https:\/\/www.manaus.am.gov.br\/semcom\/wp-json\/wp\/v2\/comments?post=208533"}],"version-history":[{"count":1,"href":"https:\/\/www.manaus.am.gov.br\/semcom\/wp-json\/wp\/v2\/posts\/208533\/revisions"}],"predecessor-version":[{"id":220144,"href":"https:\/\/www.manaus.am.gov.br\/semcom\/wp-json\/wp\/v2\/posts\/208533\/revisions\/220144"}],"wp:featuredmedia":[{"embeddable":true,"href":"https:\/\/www.manaus.am.gov.br\/semcom\/wp-json\/wp\/v2\/media\/208534"}],"wp:attachment":[{"href":"https:\/\/www.manaus.am.gov.br\/semcom\/wp-json\/wp\/v2\/media?parent=208533"}],"wp:term":[{"taxonomy":"category","embeddable":true,"href":"https:\/\/www.manaus.am.gov.br\/semcom\/wp-json\/wp\/v2\/categories?post=208533"},{"taxonomy":"post_tag","embeddable":true,"href":"https:\/\/www.manaus.am.gov.br\/semcom\/wp-json\/wp\/v2\/tags?post=208533"}],"curies":[{"name":"wp","href":"https:\/\/api.w.org\/{rel}","templated":true}]}}