{"id":208428,"date":"2023-01-31T20:35:09","date_gmt":"2023-01-31T23:35:09","guid":{"rendered":"https:\/\/www.manaus.am.gov.br\/semcom\/2023\/01\/31\/prefeitura-de-manaus-e-governo-do-amazonas-entregam-nova-feira-do-quarentao\/"},"modified":"2023-01-31T20:35:10","modified_gmt":"2023-01-31T23:35:10","slug":"prefeitura-de-manaus-e-governo-do-amazonas-entregam-nova-feira-do-quarentao","status":"publish","type":"post","link":"https:\/\/www.manaus.am.gov.br\/semcom\/prefeitura-de-manaus-e-governo-do-amazonas-entregam-nova-feira-do-quarentao\/","title":{"rendered":"<strong>Prefeitura de Manaus e governo do Amazonas entregam nova feira do Quarent\u00e3o<\/strong>"},"content":{"rendered":"\n<p>O prefeito David Almeida entregou a feira do Quarent\u00e3o, localizada na estrada da Estanave, bairro Compensa, zona Oeste da cidade, totalmente revitalizada, nesta ter\u00e7a-feira, 31\/1. A obra, resultado da parceria entre a Prefeitura de Manaus&nbsp;e o governo do Estado do Amazonas, contemplou mais de 70 permission\u00e1rios, al\u00e9m da popula\u00e7\u00e3o que frequenta o local.<\/p>\n\n\n\n<p>Na ocasi\u00e3o, o chefe do Executivo municipal refor\u00e7ou que a entrega da feira confirma que a gest\u00e3o est\u00e1 cada vez mais empenhada em transformar a realidade dos permission\u00e1rios e dos frequentadores das feiras e mercados de Manaus.<\/p>\n\n\n\n<p>\u201cH\u00e1 mais de 20 anos que esse espa\u00e7o estava abandonado. Foi preciso essa parceria para que n\u00f3s pud\u00e9ssemos realizar esse sonho da popula\u00e7\u00e3o aqui da Compensa. Al\u00e9m dessa reforma, queremos tamb\u00e9m incentivar o empreendedor, vamos trocar todo o maquin\u00e1rio dos feirantes, tudo o que precisarem. Agrade\u00e7o ao governador por essa parceria, pois, n\u00f3s temos compromisso com o povo da nossa cidade, e este ano, ser\u00e1 o ano das entregas para a cidade de Manaus\u201d, disse Almeida.<\/p>\n\n\n\n<p>A reforma da feira era uma antiga reivindica\u00e7\u00e3o de permission\u00e1rios e consumidores, que desde o surgimento da feira, em 1997, nunca havia passado por revitaliza\u00e7\u00e3o. A elabora\u00e7\u00e3o do projeto de revitaliza\u00e7\u00e3o foi de responsabilidade do setor de Engenharia da Secretaria Municipal de Agricultura, Abastecimento, Centro e Com\u00e9rcio Informal (Semacc), e contemplou servi\u00e7os de instala\u00e7\u00e3o de forro em todo o ambiente da feira, novo revestimento, novo piso, novas instala\u00e7\u00f5es el\u00e9tricas e hidr\u00e1ulicas, pinturas e trocas de janelas e portas. O valor da reforma \u00e9 de R$ 324,1 mil.<\/p>\n\n\n\n<p>\u201cPara chegarmos aqui \u00e9 necess\u00e1rio muito esfor\u00e7o e dedica\u00e7\u00e3o. O prefeito e o governador deram a oportunidade de reformar essa feira e entregar aos permission\u00e1rios uma melhor condi\u00e7\u00e3o de trabalho. Hoje, aqui, \u00e9 o resultado da esperan\u00e7a que essas pessoas estavam h\u00e1 muito tempo esperando\u201d, refor\u00e7ou o titular da Semacc, Wanderson Costa.<\/p>\n\n\n\n<p>Das 35 feiras e mercados previstos para serem entregues pela administra\u00e7\u00e3o municipal, revitalizados, esta \u00e9 a segunda feira, seguindo um padr\u00e3o visual de moderniza\u00e7\u00e3o, melhorando cada vez mais a condi\u00e7\u00e3o de trabalho e fomentando o empreendedorismo e a agricultura familiar no munic\u00edpio.<\/p>\n\n\n\n<p>\u201cEsses ambientes estavam esquecidos, secundarizados, e agora est\u00e3o com uma cara nova. Esses dois homens p\u00fablicos tiveram uma sensibilidade para com essas pessoas, dando uma nova din\u00e2mica \u00e0s feiras e mercados da cidade de Manaus\u201d, frisou o vice-governador do Estado, Tadeu de Souza.<\/p>\n\n\n\n<p>No total, a feira possui 28 boxes e 49 bancas destinadas aos 77 permission\u00e1rios numa \u00e1rea constru\u00edda de 415 metros quadrados. Durante o evento, os permission\u00e1rios ficaram satisfeitos e agradecidos pela a\u00e7\u00e3o.<\/p>\n\n\n\n<p>\u201cHoje estou muito feliz, e representando os permission\u00e1rios do quarent\u00e3o, passamos por muita dificuldade, mas hoje quero agradecer ao prefeito e ao governador. S\u00e3o homens que trabalham por n\u00f3s, e uniram \u00e0s for\u00e7as. Agrade\u00e7o em nome da nossa comunidade. Isso \u00e9 um presente que estamos ganhando, agora n\u00f3s iremos trabalhar em um espa\u00e7o arejado e digno\u201d, agradeceu o permission\u00e1rio Elson Pinheiro.<\/p>\n\n\n\n<p>&#8212; &#8212; &#8212;<\/p>\n\n\n\n<p><strong>Texto<\/strong>&nbsp;\u2013 Beathriz Torres \/ Semcom e Divulga\u00e7\u00e3o \/ Semacc<\/p>\n\n\n\n<p><strong>Fotos<\/strong> \u2013 Dhyeizo Lemos e Antonio Pereira \/ Semcom<\/p>\n\n\n\n<p>Dispon\u00edveis em &#8211; <a href=\"https:\/\/flic.kr\/s\/aHBqjAqsfi\">https:\/\/flic.kr\/s\/aHBqjAqsfi<\/a><\/p>\n","protected":false},"excerpt":{"rendered":"","protected":false},"author":31,"featured_media":208429,"comment_status":"closed","ping_status":"closed","sticky":false,"template":"","format":"standard","meta":{"footnotes":""},"categories":[6],"tags":[35,454,455,450],"acf":[],"yoast_head":"<!-- This site is optimized with the Yoast SEO plugin v23.0 - https:\/\/yoast.com\/wordpress\/plugins\/seo\/ -->\n<title>Prefeitura de Manaus e governo do Amazonas entregam nova feira do Quarent\u00e3o - SEMCOM<\/title>\n<meta name=\"robots\" content=\"index, follow, max-snippet:-1, max-image-preview:large, max-video-preview:-1\" \/>\n<link rel=\"canonical\" href=\"https:\/\/www.manaus.am.gov.br\/semcom\/prefeitura-de-manaus-e-governo-do-amazonas-entregam-nova-feira-do-quarentao\/\" \/>\n<meta property=\"og:locale\" content=\"pt_BR\" \/>\n<meta property=\"og:type\" content=\"article\" \/>\n<meta property=\"og:title\" content=\"Prefeitura de Manaus e governo do Amazonas entregam nova feira do Quarent\u00e3o - SEMCOM\" \/>\n<meta property=\"og:url\" content=\"https:\/\/www.manaus.am.gov.br\/semcom\/prefeitura-de-manaus-e-governo-do-amazonas-entregam-nova-feira-do-quarentao\/\" \/>\n<meta property=\"og:site_name\" content=\"SEMCOM\" \/>\n<meta property=\"article:published_time\" content=\"2023-01-31T23:35:09+00:00\" \/>\n<meta property=\"article:modified_time\" content=\"2023-01-31T23:35:10+00:00\" \/>\n<meta property=\"og:image\" content=\"https:\/\/www.manaus.am.gov.br\/semcom\/wp-content\/uploads\/sites\/5\/2023\/01\/52661973578_6847cf5a9c_c.jpg\" \/>\n\t<meta property=\"og:image:width\" content=\"799\" \/>\n\t<meta property=\"og:image:height\" content=\"533\" \/>\n\t<meta property=\"og:image:type\" content=\"image\/jpeg\" \/>\n<meta name=\"author\" content=\"Renata Felix\" \/>\n<meta name=\"twitter:card\" content=\"summary_large_image\" \/>\n<meta name=\"twitter:label1\" content=\"Written by\" \/>\n\t<meta name=\"twitter:data1\" content=\"Renata Felix\" \/>\n\t<meta name=\"twitter:label2\" content=\"Est. reading time\" \/>\n\t<meta name=\"twitter:data2\" content=\"3 minutos\" \/>\n<script type=\"application\/ld+json\" class=\"yoast-schema-graph\">{\"@context\":\"https:\/\/schema.org\",\"@graph\":[{\"@type\":\"WebPage\",\"@id\":\"https:\/\/www.manaus.am.gov.br\/semcom\/prefeitura-de-manaus-e-governo-do-amazonas-entregam-nova-feira-do-quarentao\/\",\"url\":\"https:\/\/www.manaus.am.gov.br\/semcom\/prefeitura-de-manaus-e-governo-do-amazonas-entregam-nova-feira-do-quarentao\/\",\"name\":\"Prefeitura de Manaus e governo do Amazonas entregam nova feira do Quarent\u00e3o - SEMCOM\",\"isPartOf\":{\"@id\":\"https:\/\/www.manaus.am.gov.br\/semcom\/#website\"},\"primaryImageOfPage\":{\"@id\":\"https:\/\/www.manaus.am.gov.br\/semcom\/prefeitura-de-manaus-e-governo-do-amazonas-entregam-nova-feira-do-quarentao\/#primaryimage\"},\"image\":{\"@id\":\"https:\/\/www.manaus.am.gov.br\/semcom\/prefeitura-de-manaus-e-governo-do-amazonas-entregam-nova-feira-do-quarentao\/#primaryimage\"},\"thumbnailUrl\":\"https:\/\/www.manaus.am.gov.br\/semcom\/wp-content\/uploads\/sites\/5\/2023\/01\/52661973578_6847cf5a9c_c.jpg\",\"datePublished\":\"2023-01-31T23:35:09+00:00\",\"dateModified\":\"2023-01-31T23:35:10+00:00\",\"author\":{\"@id\":\"https:\/\/www.manaus.am.gov.br\/semcom\/#\/schema\/person\/4eea2a8f78dc853097abb026f728aa06\"},\"inLanguage\":\"pt-BR\",\"potentialAction\":[{\"@type\":\"ReadAction\",\"target\":[\"https:\/\/www.manaus.am.gov.br\/semcom\/prefeitura-de-manaus-e-governo-do-amazonas-entregam-nova-feira-do-quarentao\/\"]}]},{\"@type\":\"ImageObject\",\"inLanguage\":\"pt-BR\",\"@id\":\"https:\/\/www.manaus.am.gov.br\/semcom\/prefeitura-de-manaus-e-governo-do-amazonas-entregam-nova-feira-do-quarentao\/#primaryimage\",\"url\":\"https:\/\/www.manaus.am.gov.br\/semcom\/wp-content\/uploads\/sites\/5\/2023\/01\/52661973578_6847cf5a9c_c.jpg\",\"contentUrl\":\"https:\/\/www.manaus.am.gov.br\/semcom\/wp-content\/uploads\/sites\/5\/2023\/01\/52661973578_6847cf5a9c_c.jpg\",\"width\":799,\"height\":533},{\"@type\":\"WebSite\",\"@id\":\"https:\/\/www.manaus.am.gov.br\/semcom\/#website\",\"url\":\"https:\/\/www.manaus.am.gov.br\/semcom\/\",\"name\":\"SEMCOM\",\"description\":\"Secretaria Municipal de Comunica\u00e7\u00e3o\",\"potentialAction\":[{\"@type\":\"SearchAction\",\"target\":{\"@type\":\"EntryPoint\",\"urlTemplate\":\"https:\/\/www.manaus.am.gov.br\/semcom\/?s={search_term_string}\"},\"query-input\":\"required name=search_term_string\"}],\"inLanguage\":\"pt-BR\"},{\"@type\":\"Person\",\"@id\":\"https:\/\/www.manaus.am.gov.br\/semcom\/#\/schema\/person\/4eea2a8f78dc853097abb026f728aa06\",\"name\":\"Renata Felix\",\"image\":{\"@type\":\"ImageObject\",\"inLanguage\":\"pt-BR\",\"@id\":\"https:\/\/www.manaus.am.gov.br\/semcom\/#\/schema\/person\/image\/\",\"url\":\"https:\/\/secure.gravatar.com\/avatar\/3c196cf9d3b837b24c8edb2c50fd8f29?s=96&d=mm&r=g\",\"contentUrl\":\"https:\/\/secure.gravatar.com\/avatar\/3c196cf9d3b837b24c8edb2c50fd8f29?s=96&d=mm&r=g\",\"caption\":\"Renata Felix\"}}]}<\/script>\n<!-- \/ Yoast SEO plugin. -->","yoast_head_json":{"title":"Prefeitura de Manaus e governo do Amazonas entregam nova feira do Quarent\u00e3o - SEMCOM","robots":{"index":"index","follow":"follow","max-snippet":"max-snippet:-1","max-image-preview":"max-image-preview:large","max-video-preview":"max-video-preview:-1"},"canonical":"https:\/\/www.manaus.am.gov.br\/semcom\/prefeitura-de-manaus-e-governo-do-amazonas-entregam-nova-feira-do-quarentao\/","og_locale":"pt_BR","og_type":"article","og_title":"Prefeitura de Manaus e governo do Amazonas entregam nova feira do Quarent\u00e3o - SEMCOM","og_url":"https:\/\/www.manaus.am.gov.br\/semcom\/prefeitura-de-manaus-e-governo-do-amazonas-entregam-nova-feira-do-quarentao\/","og_site_name":"SEMCOM","article_published_time":"2023-01-31T23:35:09+00:00","article_modified_time":"2023-01-31T23:35:10+00:00","og_image":[{"width":799,"height":533,"url":"https:\/\/www.manaus.am.gov.br\/semcom\/wp-content\/uploads\/sites\/5\/2023\/01\/52661973578_6847cf5a9c_c.jpg","type":"image\/jpeg"}],"author":"Renata Felix","twitter_card":"summary_large_image","twitter_misc":{"Written by":"Renata Felix","Est. reading time":"3 minutos"},"schema":{"@context":"https:\/\/schema.org","@graph":[{"@type":"WebPage","@id":"https:\/\/www.manaus.am.gov.br\/semcom\/prefeitura-de-manaus-e-governo-do-amazonas-entregam-nova-feira-do-quarentao\/","url":"https:\/\/www.manaus.am.gov.br\/semcom\/prefeitura-de-manaus-e-governo-do-amazonas-entregam-nova-feira-do-quarentao\/","name":"Prefeitura de Manaus e governo do Amazonas entregam nova feira do Quarent\u00e3o - SEMCOM","isPartOf":{"@id":"https:\/\/www.manaus.am.gov.br\/semcom\/#website"},"primaryImageOfPage":{"@id":"https:\/\/www.manaus.am.gov.br\/semcom\/prefeitura-de-manaus-e-governo-do-amazonas-entregam-nova-feira-do-quarentao\/#primaryimage"},"image":{"@id":"https:\/\/www.manaus.am.gov.br\/semcom\/prefeitura-de-manaus-e-governo-do-amazonas-entregam-nova-feira-do-quarentao\/#primaryimage"},"thumbnailUrl":"https:\/\/www.manaus.am.gov.br\/semcom\/wp-content\/uploads\/sites\/5\/2023\/01\/52661973578_6847cf5a9c_c.jpg","datePublished":"2023-01-31T23:35:09+00:00","dateModified":"2023-01-31T23:35:10+00:00","author":{"@id":"https:\/\/www.manaus.am.gov.br\/semcom\/#\/schema\/person\/4eea2a8f78dc853097abb026f728aa06"},"inLanguage":"pt-BR","potentialAction":[{"@type":"ReadAction","target":["https:\/\/www.manaus.am.gov.br\/semcom\/prefeitura-de-manaus-e-governo-do-amazonas-entregam-nova-feira-do-quarentao\/"]}]},{"@type":"ImageObject","inLanguage":"pt-BR","@id":"https:\/\/www.manaus.am.gov.br\/semcom\/prefeitura-de-manaus-e-governo-do-amazonas-entregam-nova-feira-do-quarentao\/#primaryimage","url":"https:\/\/www.manaus.am.gov.br\/semcom\/wp-content\/uploads\/sites\/5\/2023\/01\/52661973578_6847cf5a9c_c.jpg","contentUrl":"https:\/\/www.manaus.am.gov.br\/semcom\/wp-content\/uploads\/sites\/5\/2023\/01\/52661973578_6847cf5a9c_c.jpg","width":799,"height":533},{"@type":"WebSite","@id":"https:\/\/www.manaus.am.gov.br\/semcom\/#website","url":"https:\/\/www.manaus.am.gov.br\/semcom\/","name":"SEMCOM","description":"Secretaria Municipal de Comunica\u00e7\u00e3o","potentialAction":[{"@type":"SearchAction","target":{"@type":"EntryPoint","urlTemplate":"https:\/\/www.manaus.am.gov.br\/semcom\/?s={search_term_string}"},"query-input":"required name=search_term_string"}],"inLanguage":"pt-BR"},{"@type":"Person","@id":"https:\/\/www.manaus.am.gov.br\/semcom\/#\/schema\/person\/4eea2a8f78dc853097abb026f728aa06","name":"Renata Felix","image":{"@type":"ImageObject","inLanguage":"pt-BR","@id":"https:\/\/www.manaus.am.gov.br\/semcom\/#\/schema\/person\/image\/","url":"https:\/\/secure.gravatar.com\/avatar\/3c196cf9d3b837b24c8edb2c50fd8f29?s=96&d=mm&r=g","contentUrl":"https:\/\/secure.gravatar.com\/avatar\/3c196cf9d3b837b24c8edb2c50fd8f29?s=96&d=mm&r=g","caption":"Renata Felix"}}]}},"_links":{"self":[{"href":"https:\/\/www.manaus.am.gov.br\/semcom\/wp-json\/wp\/v2\/posts\/208428"}],"collection":[{"href":"https:\/\/www.manaus.am.gov.br\/semcom\/wp-json\/wp\/v2\/posts"}],"about":[{"href":"https:\/\/www.manaus.am.gov.br\/semcom\/wp-json\/wp\/v2\/types\/post"}],"author":[{"embeddable":true,"href":"https:\/\/www.manaus.am.gov.br\/semcom\/wp-json\/wp\/v2\/users\/31"}],"replies":[{"embeddable":true,"href":"https:\/\/www.manaus.am.gov.br\/semcom\/wp-json\/wp\/v2\/comments?post=208428"}],"version-history":[{"count":0,"href":"https:\/\/www.manaus.am.gov.br\/semcom\/wp-json\/wp\/v2\/posts\/208428\/revisions"}],"wp:featuredmedia":[{"embeddable":true,"href":"https:\/\/www.manaus.am.gov.br\/semcom\/wp-json\/wp\/v2\/media\/208429"}],"wp:attachment":[{"href":"https:\/\/www.manaus.am.gov.br\/semcom\/wp-json\/wp\/v2\/media?parent=208428"}],"wp:term":[{"taxonomy":"category","embeddable":true,"href":"https:\/\/www.manaus.am.gov.br\/semcom\/wp-json\/wp\/v2\/categories?post=208428"},{"taxonomy":"post_tag","embeddable":true,"href":"https:\/\/www.manaus.am.gov.br\/semcom\/wp-json\/wp\/v2\/tags?post=208428"}],"curies":[{"name":"wp","href":"https:\/\/api.w.org\/{rel}","templated":true}]}}