{"id":208422,"date":"2023-01-31T18:13:34","date_gmt":"2023-01-31T21:13:34","guid":{"rendered":"https:\/\/www.manaus.am.gov.br\/semcom\/2023\/01\/31\/sine-manaus-quarta-feira\/"},"modified":"2023-01-31T18:13:35","modified_gmt":"2023-01-31T21:13:35","slug":"sine-manaus-quarta-feira","status":"publish","type":"post","link":"https:\/\/www.manaus.am.gov.br\/semcom\/sine-manaus-quarta-feira\/","title":{"rendered":"<strong>Sine Manaus oferta 145 vagas de emprego nesta quarta-feira<\/strong>"},"content":{"rendered":"\n<p>A Prefeitura de Manaus, por meio do Sine Manaus, oferta 145 vagas de emprego em v\u00e1rias \u00e1reas de atua\u00e7\u00e3o, nesta quarta-feira, 1\u00ba de fevereiro, de 8h \u00e0s 16h. O candidato precisa validar a Carteira Digital e Previd\u00eancia Social (CTPS) no aplicativo \u201cCarteira de Trabalho Digital\u201d ou acessar o site\u00a0<a href=\"http:\/\/gov.br\/trabalho\" target=\"_blank\" rel=\"noreferrer noopener\">http:\/\/gov.br\/trabalho<\/a>\u00a0e para concorrer \u00e0s vagas, deve acessar o site\u00a0<a href=\"http:\/\/empregabrasil.mte.gov.br\/\" target=\"_blank\" rel=\"noreferrer noopener\">http:\/\/empregabrasil.mte.gov.br<\/a>\u00a0para fazer a solicita\u00e7\u00e3o de cadastro.<\/p>\n\n\n\n<p>Para participar da pr\u00e9-sele\u00e7\u00e3o e concorrer a uma das vagas dispon\u00edveis, ou receber orienta\u00e7\u00e3o de cadastro, Carteira de Trabalho Digital e seguro-desemprego, os candidatos devem comparecer a um dos postos do Sine Manaus: na avenida Constantino Nery, n\u00ba 1.272, bairro S\u00e3o Geraldo, zona Centro-Sul; ou no shopping Phelippe Daou, na avenida Camapu\u00e3, n\u00ba 2.939, bairro Jorge Teixeira, zona Leste.<\/p>\n\n\n\n<p>A Semtepi informa que o atendimento no posto do shopping Phelippe Daou foi reduzido em virtude de reforma no espa\u00e7o, e orienta os cidad\u00e3os a comparecerem, preferencialmente, ao posto da avenida Constantino Nery.<\/p>\n\n\n\n<p>Os interessados devem estar munidos do comprovante de vacina\u00e7\u00e3o (Covid-19), curr\u00edculo e documentos pessoais (RG, CPF, PIS, CTPS, comprovante de escolaridade e resid\u00eancia). N\u00e3o \u00e9 necess\u00e1rio apresentar c\u00f3pias, somente os documentos originais.<\/p>\n\n\n\n<p><strong>Vagas Novas \u2013 11<\/strong><\/p>\n\n\n\n<p><strong>1 vaga \u2013 Bab\u00e1<\/strong><\/p>\n\n\n\n<p>Escolaridade \u2013 ensino m\u00e9dio completo;<\/p>\n\n\n\n<p>Experi\u00eancia \u2013 seis meses na Carteira de Trabalho;<\/p>\n\n\n\n<p>Requisitos obrigat\u00f3rios \u2013 apresentar carta de recomenda\u00e7\u00e3o do \u00faltimo emprego;<\/p>\n\n\n\n<p>Atividades \u2013 cuidar de beb\u00eas e crian\u00e7as, zelando pelo bem-estar, sa\u00fade, alimenta\u00e7\u00e3o, higiene pessoal, educa\u00e7\u00e3o, cultura, recrea\u00e7\u00e3o e lazer. Acompanhar hor\u00e1rios dos medicamentos, alimenta\u00e7\u00e3o, escola e banho. Realizar atividades que estimulam o desenvolvimento f\u00edsico, emocional e motor da crian\u00e7a, viagens e consultas m\u00e9dicas.<\/p>\n\n\n\n<p>Dispon\u00edvel at\u00e9 01\/02\/2023 ou encerramento da vaga.<\/p>\n\n\n\n<p><strong>3 vagas \u2013 T\u00e9cnico de Planejamento e Programa\u00e7\u00e3o da Manuten\u00e7\u00e3o \u2013 vagas exclusivas para Pessoas com Defici\u00eancia (PcD)<\/strong><\/p>\n\n\n\n<p>Escolaridade \u2013 ensino m\u00e9dio completo;<\/p>\n\n\n\n<p>Experi\u00eancia \u2013 n\u00e3o \u00e9 necess\u00e1rio;<\/p>\n\n\n\n<p>Requisitos obrigat\u00f3rios \u2013 ter experi\u00eancia com pacote Office;<\/p>\n\n\n\n<p>Atividades \u2013 planejar e programar manuten\u00e7\u00f5es preventivas e corretivas de equipamentos, m\u00e1quinas e instala\u00e7\u00f5es, definindo atividades, per\u00edodos e frequ\u00eancias mais adequadas aos processos operacionais; acompanhar indicadores de n\u00edveis de servi\u00e7os.<\/p>\n\n\n\n<p>Dispon\u00edvel at\u00e9 03\/02\/2023 ou encerramento da vaga.<\/p>\n\n\n\n<p><strong>2 vagas \u2013 Impressor Flexogr\u00e1fico<\/strong><\/p>\n\n\n\n<p>Escolaridade \u2013 ensino m\u00e9dio completo;<\/p>\n\n\n\n<p>Experi\u00eancia \u2013 seis meses na Carteira de Trabalho;<\/p>\n\n\n\n<p>Atividades \u2013 fazer impress\u00e3o em m\u00e1quina flexogr\u00e1fica, realizar acertos e preparo do equipamento em conformidade com as orienta\u00e7\u00f5es das folhas do produto. Preparar a formula\u00e7\u00e3o de tintas, garantindo pesagem, propor\u00e7\u00f5es corretas e adequada homogeneiza\u00e7\u00e3o, cooperando para obten\u00e7\u00e3o de resultados adequados nos processos de impress\u00f5es.<\/p>\n\n\n\n<p>Dispon\u00edvel at\u00e9 03\/02\/2023 ou encerramento da vaga.<\/p>\n\n\n\n<p><strong>1 vaga \u2013 Empregada Dom\u00e9stica<\/strong><\/p>\n\n\n\n<p>Escolaridade \u2013 ensino fundamental completo;<\/p>\n\n\n\n<p>Experi\u00eancia \u2013 seis meses na Carteira de Trabalho;<\/p>\n\n\n\n<p>Requisitos obrigat\u00f3rios \u2013 residir nas proximidades do bairro Dom Pedro;<\/p>\n\n\n\n<p>Atividades \u2013 respons\u00e1vel por executar atividades de conserva\u00e7\u00e3o e limpeza de espa\u00e7os internos e externos, como limpeza de pisos, higieniza\u00e7\u00e3o de banheiros, varri\u00e7\u00e3o de \u00e1reas comuns, organiza\u00e7\u00e3o e limpeza de m\u00f3veis e utens\u00edlios.<\/p>\n\n\n\n<p>Dispon\u00edvel at\u00e9 02\/02\/2023 ou encerramento da vaga.<\/p>\n\n\n\n<p><strong>1 vaga \u2013 Vendedor Interno<\/strong><\/p>\n\n\n\n<p>Escolaridade \u2013 ensino fundamental completo;<\/p>\n\n\n\n<p>Experi\u00eancia \u2013 seis meses na Carteira de Trabalho;<\/p>\n\n\n\n<p>Requisitos obrigat\u00f3rios \u2013 ter conhecimento em vendas de materiais de constru\u00e7\u00e3o (hidr\u00e1ulico, ferragens e el\u00e9trica);<\/p>\n\n\n\n<p>Atividades \u2013 atuar nas depend\u00eancias da empresa e realizar as vendas por meio de diversos canais de comunica\u00e7\u00e3o, como telefone, videochamada, mensagens, redes sociais, e-mails e demais recursos que permitam realizar o processo de negocia\u00e7\u00e3o com os clientes.<\/p>\n\n\n\n<p>Dispon\u00edvel at\u00e9 01\/02\/2023 ou encerramento da vaga.<\/p>\n\n\n\n<p><strong>1 vaga \u2013 Repositor de Mercadorias<\/strong><\/p>\n\n\n\n<p>Escolaridade \u2013 ensino fundamental completo;<\/p>\n\n\n\n<p>Experi\u00eancia \u2013 seis meses na Carteira de Trabalho;<\/p>\n\n\n\n<p>Requisitos obrigat\u00f3rios \u2013 ter experi\u00eancia com materiais de constru\u00e7\u00e3o em geral ou ter trabalhado em supermercados;<\/p>\n\n\n\n<p>Atividades &#8211; organizar, repor, conservar e precificar os produtos do estabelecimento; controlar os n\u00edveis de estoque, solicitando a compra dos materiais necess\u00e1rios.<\/p>\n\n\n\n<p>Dispon\u00edvel at\u00e9 01\/02\/2023 ou encerramento da vaga.<\/p>\n\n\n\n<p><strong>1 vaga \u2013 Auxiliar de Limpeza<\/strong><\/p>\n\n\n\n<p>Escolaridade \u2013 ensino fundamental completo;<\/p>\n\n\n\n<p>Experi\u00eancia \u2013 n\u00e3o \u00e9 necess\u00e1rio;<\/p>\n\n\n\n<p>Atividades \u2013 executar trabalhos de limpeza em geral em edif\u00edcios e outros locais, para manuten\u00e7\u00e3o das condi\u00e7\u00f5es de higiene e conserva\u00e7\u00e3o do ambiente, coletando o lixo.<\/p>\n\n\n\n<p>Dispon\u00edvel at\u00e9 02\/02\/2023 ou encerramento da vaga.<\/p>\n\n\n\n<p><strong>1 vaga \u2013 Oficial de Limpeza \u2013 vaga exclusiva para Pessoa com Defici\u00eancia (PcD)<\/strong><\/p>\n\n\n\n<p>Escolaridade \u2013 ensino fundamental completo;<\/p>\n\n\n\n<p>Experi\u00eancia \u2013 n\u00e3o \u00e9 necess\u00e1rio;<\/p>\n\n\n\n<p>Requisitos obrigat\u00f3rios \u2013 ter experi\u00eancia com materiais de constru\u00e7\u00e3o em geral ou que tenha trabalhado em supermercados;<\/p>\n\n\n\n<p><a><\/a>Atividades \u2013 atuar na limpeza e conserva\u00e7\u00e3o de banheiros, p\u00e1tios e salas comerciais.<\/p>\n\n\n\n<p>Dispon\u00edvel at\u00e9 02\/02\/2023 ou encerramento da vaga.<\/p>\n\n\n\n<p><strong>Vagas no Com\u00e9rcio \u2013 63<\/strong><\/p>\n\n\n\n<p><strong>3 vagas \u2013 A\u00e7ougueiro<\/strong><\/p>\n\n\n\n<p>Escolaridade \u2013 ensino m\u00e9dio completo;<\/p>\n\n\n\n<p>Experi\u00eancia \u2013 seis meses na Carteira de Trabalho;<\/p>\n\n\n\n<p>Requisitos obrigat\u00f3rios \u2013 residir nas proximidades dos bairros Cidade Nova, Zumbi e L\u00edrio do Vale;<\/p>\n\n\n\n<p>Atividades \u2013 atendimento, cortes normais e especiais e a limpeza do setor;<\/p>\n\n\n\n<p>Dispon\u00edvel at\u00e9 01\/02\/2023 ou at\u00e9 encerramento da vaga.<\/p>\n\n\n\n<p><strong>2 vagas \u2013 Auxiliar de Limpeza \u2013 vagas exclusivas para Pessoas com Defici\u00eancia (PcD)<\/strong><\/p>\n\n\n\n<p>Escolaridade \u2013 ensino fundamental completo;<\/p>\n\n\n\n<p>Experi\u00eancia \u2013 tr\u00eas meses na Carteira de Trabalho;<\/p>\n\n\n\n<p>Atividades \u2013 executar servi\u00e7os de limpeza e conserva\u00e7\u00e3o em geral e rotinas previamente estabelecidas.<\/p>\n\n\n\n<p>Dispon\u00edvel at\u00e9 01\/02\/2023 ou encerramento da vaga.<\/p>\n\n\n\n<p><strong>7 vagas \u2013 Repositor de Mercadorias \u2013 vagas exclusivas para Pessoas com Defici\u00eancia (PcD)<\/strong><\/p>\n\n\n\n<p>Escolaridade \u2013 ensino m\u00e9dio completo;<\/p>\n\n\n\n<p>Experi\u00eancia \u2013 n\u00e3o \u00e9 necess\u00e1rio;<\/p>\n\n\n\n<p>Requisitos obrigat\u00f3rios \u2013 ter Carteira Nacional de Habilita\u00e7\u00e3o categoria \u201cD\u201d atualizada, curso de MOPP e residir nas proximidades da zona Leste;<\/p>\n\n\n\n<p>Atividades \u2013 organizar, repor, conservar e precificar os produtos do estabelecimento. Controlar os n\u00edveis de estoque, solicitando a compra dos materiais necess\u00e1rios.<\/p>\n\n\n\n<p>Dispon\u00edvel at\u00e9 01\/02\/2023 ou encerramento da vaga.<\/p>\n\n\n\n<p><strong>2 vagas \u2013 Auxiliar de Manuten\u00e7\u00e3o Predial \u2013 vagas exclusivas para Pessoas com Defici\u00eancia (PcD)&nbsp;<\/strong><\/p>\n\n\n\n<p>Escolaridade \u2013 ensino m\u00e9dio completo;<\/p>\n\n\n\n<p>Experi\u00eancia \u2013 tr\u00eas meses na Carteira de Trabalho;<\/p>\n\n\n\n<p>Atividades \u2013 realizar atividades de pintura, alvenaria, locomo\u00e7\u00e3o de m\u00f3veis e acompanhar prestadores de servi\u00e7o de manuten\u00e7\u00e3o.<\/p>\n\n\n\n<p>Dispon\u00edvel at\u00e9 01\/02\/2023 ou encerramento da vaga.<\/p>\n\n\n\n<p><strong>1 vaga \u2013 Supervisor de Vendas<\/strong><\/p>\n\n\n\n<p>Escolaridade \u2013 ensino superior completo em administra\u00e7\u00e3o, contabilidade, gest\u00e3o comercial ou \u00e1reas afins;<\/p>\n\n\n\n<p>Experi\u00eancia \u2013 seis meses na Carteira de Trabalho;<\/p>\n\n\n\n<p>Requisitos obrigat\u00f3rios \u2013 ter condu\u00e7\u00e3o pr\u00f3pria (carro);<\/p>\n\n\n\n<p>Atividades \u2013 supervisionar a rotina da equipe, criar o planejamento de vendas, avaliar os profissionais de vendas de produtos e servi\u00e7os e apresentar resultados.<\/p>\n\n\n\n<p>Dispon\u00edvel at\u00e9 01\/02\/2023 ou encerramento da vaga.<\/p>\n\n\n\n<p><strong>1 vaga \u2013 Vendedor Externo<\/strong><\/p>\n\n\n\n<p>Escolaridade \u2013 ensino m\u00e9dio completo;<\/p>\n\n\n\n<p>Experi\u00eancia \u2013 seis meses na Carteira de Trabalho;<\/p>\n\n\n\n<p>Requisitos obrigat\u00f3rios \u2013 ter condu\u00e7\u00e3o pr\u00f3pria (moto).<\/p>\n\n\n\n<p>Atividades \u2013 realizar atendimento direto ao consumidor, negociar pre\u00e7os das mercadorias, prazo, condi\u00e7\u00f5es de pagamento e descontos, entre outras atividades correlatas.<\/p>\n\n\n\n<p>Dispon\u00edvel at\u00e9 01\/02\/2023 ou encerramento da vaga.<\/p>\n\n\n\n<p><strong>10 vagas \u2013 Coordenador de Loja (Restaurante)<\/strong><\/p>\n\n\n\n<p>Escolaridade \u2013 ensino m\u00e9dio completo;<\/p>\n\n\n\n<p>Experi\u00eancia \u2013 seis meses na Carteira de Trabalho;<\/p>\n\n\n\n<p>Requisitos obrigat\u00f3rios \u2013 ter experi\u00eancia no ramo de fast-food ser\u00e1 um diferencial;<\/p>\n\n\n\n<p>Atividades \u2013 gest\u00e3o operacional do restaurante, CMV e manter a loja dentro dos padr\u00f5es exigidos pela Vigil\u00e2ncia Sanit\u00e1ria. Ajudar na gest\u00e3o do restaurante em todas as \u00e1reas: atendimento, gest\u00e3o de pessoas, limpezas, vendas, entre outras.<\/p>\n\n\n\n<p>Dispon\u00edvel at\u00e9 01\/02\/2023 ou encerramento da vaga.<\/p>\n\n\n\n<p><strong>8 vagas \u2013 Atendente de Lanchonete<\/strong><\/p>\n\n\n\n<p>Escolaridade \u2013 ensino m\u00e9dio incompleto;<\/p>\n\n\n\n<p>Experi\u00eancia \u2013 primeiro emprego;<\/p>\n\n\n\n<p>Requisitos obrigat\u00f3rios \u2013 residir nos seguintes bairros: Reden\u00e7\u00e3o, Nova Esperan\u00e7a I e II, Santo Agostinho, Compensa I, II e III, Vila da Prata, S\u00e3o Jorge, Bairro da Uni\u00e3o, Man\u00f4a e Monte das Oliveiras. \u00c9 necess\u00e1rio ter as 4 doses da vacina contra Covid-19;<\/p>\n\n\n\n<p>Atividades \u2013 realizar atendimento ao p\u00fablico no balc\u00e3o e nas mesas, anotando pedidos, solicitando o preparo dos alimentos junto \u00e0 cozinha, acertando comandas, efetuando o recebimento de valores, organizando o estoque e repondo produtos em prateleiras. Higieniza\u00e7\u00e3o de utens\u00edlios.<\/p>\n\n\n\n<p>Dispon\u00edvel at\u00e9 01\/02\/2023 ou encerramento da vaga.<\/p>\n\n\n\n<p><strong>3 vagas \u2013 Auxiliar de Limpeza \u2013 vagas exclusivas para Pessoas com Defici\u00eancia (PcD)<\/strong><\/p>\n\n\n\n<p>Escolaridade \u2013 ensino fundamental completo;<\/p>\n\n\n\n<p>Experi\u00eancia \u2013 seis meses na carteira de trabalho;<\/p>\n\n\n\n<p>Atividades \u2013 atuar na limpeza e organiza\u00e7\u00e3o.<\/p>\n\n\n\n<p>Dispon\u00edvel at\u00e9 01\/02\/2023 ou encerramento da vaga.<\/p>\n\n\n\n<p><strong>2 vagas \u2013 Cozinheiro<\/strong><\/p>\n\n\n\n<p>Escolaridade \u2013 ensino m\u00e9dio completo;<\/p>\n\n\n\n<p>Experi\u00eancia \u2013 seis meses na&nbsp;Carteira de Trabalho;<\/p>\n\n\n\n<p>Atividades \u2013 preparar alimentos sob supervis\u00e3o de nutricionista, de modo que assegure a qualidade, higiene, sabor, aroma e apresenta\u00e7\u00e3o da refei\u00e7\u00e3o a ser servida. Inspecionar a higieniza\u00e7\u00e3o de equipamentos e utens\u00edlios.<\/p>\n\n\n\n<p>Dispon\u00edvel at\u00e9 01\/02\/2023 ou encerramento da vaga.<\/p>\n\n\n\n<p><strong>1 vaga \u2013 Auxiliar de Escrit\u00f3rio \u2013 vaga exclusiva para Pessoa com Defici\u00eancia (PcD)<\/strong><\/p>\n\n\n\n<p>Escolaridade \u2013 ensino m\u00e9dio completo;<\/p>\n\n\n\n<p>Experi\u00eancia \u2013 seis meses na Carteira de Trabalho;<\/p>\n\n\n\n<p>Requisitos obrigat\u00f3rios \u2013 ter curso de inform\u00e1tica b\u00e1sica;<\/p>\n\n\n\n<p>Atividades \u2013 executar servi\u00e7os de apoio nas \u00e1reas de recursos humanos, administra\u00e7\u00e3o, finan\u00e7as e log\u00edstica. Atender fornecedores e clientes, fornecer e receber informa\u00e7\u00f5es sobre produtos, servi\u00e7os e documentos variados. Atuar na concess\u00e3o de microcr\u00e9dito a microempres\u00e1rios, atendendo clientes em campo e nas ag\u00eancias, prospectando clientes, entre outras atividades correlatas.<\/p>\n\n\n\n<p>Dispon\u00edvel at\u00e9 01\/02\/2023 ou encerramento da vaga.<\/p>\n\n\n\n<p><strong>1 vaga \u2013 Gerente de Showroom<\/strong><\/p>\n\n\n\n<p>Escolaridade \u2013 ensino m\u00e9dio completo;<\/p>\n\n\n\n<p>Experi\u00eancia \u2013 seis meses na Carteira de Trabalho;<\/p>\n\n\n\n<p>Atividades \u2013 supervisionar a \u00e1rea de vendas de uma opera\u00e7\u00e3o de varejo, geralmente uma que envolve ve\u00edculos ou outros produtos de alto valor; liderar e supervisionar uma equipe de especialistas de vendas e pessoal de apoio.<\/p>\n\n\n\n<p>Dispon\u00edvel at\u00e9 01\/02\/2023 ou encerramento da vaga.<\/p>\n\n\n\n<p><strong>1 vaga \u2013 Operador de Loja \u2013 vaga exclusiva para Pessoa com Defici\u00eancia (PcD)<\/strong><\/p>\n\n\n\n<p>Escolaridade \u2013 ensino m\u00e9dio completo;<\/p>\n\n\n\n<p>Experi\u00eancia \u2013 n\u00e3o \u00e9 necess\u00e1rio;<\/p>\n\n\n\n<p>Atividades \u2013 fazer a organiza\u00e7\u00e3o, conserva\u00e7\u00e3o e precifica\u00e7\u00e3o dos produtos, registro de entrada e sa\u00edda de mercadorias e controle dos n\u00edveis de estoque, solicitando a compra dos materiais necess\u00e1rios para reposi\u00e7\u00e3o. Realizar o atendimento e acompanhamento do cliente pela loja, apresentando os produtos.<\/p>\n\n\n\n<p>Dispon\u00edvel at\u00e9 01\/02\/2023 ou encerramento da vaga.<\/p>\n\n\n\n<p><strong>4 vagas \u2013 Vendedor Interno<\/strong><\/p>\n\n\n\n<p>Escolaridade \u2013 ensino fundamental completo;<\/p>\n\n\n\n<p>Experi\u00eancia \u2013 seis meses na Carteira de Trabalho ou declara\u00e7\u00e3o;<\/p>\n\n\n\n<p>Requisitos obrigat\u00f3rios \u2013&nbsp;ter cart\u00e3o de vacina atualizado com todas as doses da Covid-19;<\/p>\n\n\n\n<p>Atividades \u2013 atuar nas depend\u00eancias da empresa e realizar as suas vendas por meio de diversos canais de comunica\u00e7\u00e3o, tais como telefone, videochamada, mensagens, redes sociais, e-mails e demais recursos que permitam realizar o processo de negocia\u00e7\u00e3o com os clientes.<\/p>\n\n\n\n<p>Dispon\u00edvel at\u00e9 01\/02\/2023 ou encerramento da vaga.<\/p>\n\n\n\n<p><strong>3 vagas \u2013 Vendedor Interno<\/strong><\/p>\n\n\n\n<p>Escolaridade \u2013 ensino m\u00e9dio completo;<\/p>\n\n\n\n<p>Experi\u00eancia \u2013 seis meses na Carteira de Trabalho;<\/p>\n\n\n\n<p>Requisitos obrigat\u00f3rios \u2013 ter experi\u00eancia na \u00e1rea de vendas e atendimento ao p\u00fablico; conhecimentos no sistema Fotovoltaico (montagem de sistema de energia solar) e na \u00e1rea de inform\u00e1tica (plataformas word e excel); disponibilidade de hor\u00e1rio;<\/p>\n\n\n\n<p>Atividades \u2013 atuar nas depend\u00eancias da empresa e realizar vendas por meio de diversos canais de comunica\u00e7\u00e3o, como telefone, videochamada, mensagens, redes sociais, e-mails e demais recursos que permitam realizar o processo de negocia\u00e7\u00e3o com os clientes.<\/p>\n\n\n\n<p>&nbsp;Dispon\u00edvel at\u00e9 01\/02\/2023 ou encerramento da vaga.<\/p>\n\n\n\n<p><strong>5 vagas \u2013 A\u00e7ougueiro<\/strong><\/p>\n\n\n\n<p>Escolaridade \u2013 ensino fundamental completo;<\/p>\n\n\n\n<p>Experi\u00eancia \u2013 registrada na Carteira de Trabalho;<\/p>\n\n\n\n<p>Atividades \u2013 realizar desossa e limpeza de carnes vermelhas e brancas; preparar as pe\u00e7as de acordo com as instru\u00e7\u00f5es recebidas da cozinha.<\/p>\n\n\n\n<p>Dispon\u00edvel at\u00e9 01\/01\/2023 ou encerramento da vaga.<\/p>\n\n\n\n<p><strong>4 vagas \u2013 Recepcionista<\/strong><\/p>\n\n\n\n<p>Escolaridade \u2013 ensino m\u00e9dio completo;<\/p>\n\n\n\n<p>Experi\u00eancia \u2013 registrada na Carteira de Trabalho;<\/p>\n\n\n\n<p>Requisitos obrigat\u00f3rios \u2013 ter ingl\u00eas intermedi\u00e1rio e&nbsp;inform\u00e1tica b\u00e1sica; disponibilidade de hor\u00e1rio;<\/p>\n\n\n\n<p>Atividades \u2013 recepcionar e auxiliar membros da comunidade e visitantes; atender chamadas telef\u00f4nicas, anotar recados e prestar informa\u00e7\u00f5es.<\/p>\n\n\n\n<p>Dispon\u00edvel at\u00e9 06\/02\/2023 ou encerramento da vaga.<\/p>\n\n\n\n<p><strong>1 vaga \u2013 Analista de Licita\u00e7\u00e3o<\/strong><\/p>\n\n\n\n<p>Escolaridade \u2013 ensino m\u00e9dio completo;<\/p>\n\n\n\n<p>Experi\u00eancia \u2013 seis meses na Carteira de Trabalho;<\/p>\n\n\n\n<p>Requisitos obrigat\u00f3rios \u2013 ter disponibilidade de hor\u00e1rio; conhecimento em direitos administrativos; capacidade de interpretar normas jur\u00eddicas relacionadas \u00e0s licita\u00e7\u00f5es; elaborar e acompanhar os processos.<\/p>\n\n\n\n<p>Dispon\u00edvel at\u00e9 01\/02\/2023 ou encerramento da vaga.<\/p>\n\n\n\n<p><strong>1 vaga \u2013 Auxiliar de Departamento Pessoal<\/strong><\/p>\n\n\n\n<p>Escolaridade \u2013 ensino m\u00e9dio completo;<\/p>\n\n\n\n<p>Experi\u00eancia \u2013 seis meses na Carteira de Trabalho;<\/p>\n\n\n\n<p>Atividades \u2013 rotinas de Departamento Pessoal e Recrutamento e Sele\u00e7\u00e3o (programa\u00e7\u00e3o de f\u00e9rias, escala de revezamento e banco de horas).<\/p>\n\n\n\n<p>Dispon\u00edvel at\u00e9 01\/02\/2023 ou encerramento da vaga.<\/p>\n\n\n\n<p><strong>1 vaga \u2013 Serralheiro<\/strong><\/p>\n\n\n\n<p>Escolaridade \u2013 ensino m\u00e9dio completo;<\/p>\n\n\n\n<p>Experi\u00eancia \u2013 seis meses na Carteira de Trabalho;<\/p>\n\n\n\n<p>Atividades \u2013 realizar cortes, furos e soldas em materiais met\u00e1licos; produzir pe\u00e7as com esses materiais, como tubos, grades e chapas.<\/p>\n\n\n\n<p>Dispon\u00edvel at\u00e9 01\/02\/2023 ou encerramento da vaga.<\/p>\n\n\n\n<p><strong>1 vaga \u2013 Assistente Administrativo<\/strong><\/p>\n\n\n\n<p>Escolaridade \u2013 ensino m\u00e9dio completo;<\/p>\n\n\n\n<p>Experi\u00eancia \u2013 ensino superior completo em administra\u00e7\u00e3o;<\/p>\n\n\n\n<p>Requisitos obrigat\u00f3rios \u2013 desej\u00e1vel ter cursos na \u00e1rea;<\/p>\n\n\n\n<p>Atividades \u2013 preparar relat\u00f3rios, formul\u00e1rios e planilhas; coletar dados, elaborar planilhas de c\u00e1lculos, confeccionar organogramas, fluxogramas e cronogramas; efetuar c\u00e1lculos, elaborar correspond\u00eancia e dar apoio operacional para elabora\u00e7\u00e3o de manuais t\u00e9cnicos.<\/p>\n\n\n\n<p>Dispon\u00edvel at\u00e9 01\/02\/2023 ou encerramento da vaga.<\/p>\n\n\n\n<p><strong>1 vaga \u2013 Assistente de RH<\/strong><\/p>\n\n\n\n<p>Escolaridade \u2013 ensino superior completo em administra\u00e7\u00e3o;<\/p>\n\n\n\n<p>Experi\u00eancia \u2013 seis meses na Carteira de Trabalho;<\/p>\n\n\n\n<p>Atividades \u2013 dar apoio e conduzir todas as tarefas relacionadas ao setor de Recursos Humanos da empresa ou organiza\u00e7\u00e3o.<\/p>\n\n\n\n<p>Dispon\u00edvel at\u00e9 01\/02\/2023 ou encerramento da vaga.<\/p>\n\n\n\n<p><strong>Vagas na Ind\u00fastria \u2013 11<\/strong><\/p>\n\n\n\n<p><strong>2 vagas \u2013 Auxiliar de Limpeza \u2013 vagas exclusivas para Pessoas com Defici\u00eancia (PcD)<\/strong><\/p>\n\n\n\n<p>Escolaridade \u2013 ensino fundamental completo;<\/p>\n\n\n\n<p>Experi\u00eancia \u2013 seis meses na Carteira de Trabalho;<\/p>\n\n\n\n<p>Requisitos obrigat\u00f3rios \u2013 residir em bairros pr\u00f3ximos \u00e0 empresa;<\/p>\n\n\n\n<p>Atividades \u2013 realizar limpeza em geral, \u00e1reas internas e externas.<\/p>\n\n\n\n<p>Dispon\u00edvel at\u00e9 01\/02\/2023 ou encerramento da vaga.<\/p>\n\n\n\n<p><strong>1 vaga \u2013 Limpador de Piscina<\/strong><\/p>\n\n\n\n<p>Escolaridade \u2013 ensino fundamental completo;<\/p>\n\n\n\n<p>Experi\u00eancia \u2013 seis meses na Carteira de Trabalho;<\/p>\n\n\n\n<p>Atividades \u2013 executar servi\u00e7os de manuten\u00e7\u00e3o el\u00e9trica, mec\u00e2nica, hidr\u00e1ulica, carpintaria e alvenaria, substituindo, trocando, limpando, reparando e instalando pe\u00e7as, componentes e equipamentos. Conservar vidros e fachadas, limpar recintos e acess\u00f3rios e tratar piscinas. Trabalhar seguindo normas de seguran\u00e7a, higiene, qualidade e prote\u00e7\u00e3o ao meio ambiente.<\/p>\n\n\n\n<p>Dispon\u00edvel at\u00e9 01\/02\/2023 ou encerramento da vaga.<\/p>\n\n\n\n<p><strong>2 vagas \u2013 T\u00e9cnico de Panifica\u00e7\u00e3o<\/strong><\/p>\n\n\n\n<p>Escolaridade \u2013 ensino m\u00e9dio completo;<\/p>\n\n\n\n<p>Experi\u00eancia \u2013 seis meses na Carteira de Trabalho;<\/p>\n\n\n\n<p>Atividades \u2013 realizar a produ\u00e7\u00e3o de p\u00e3es, massas, pizzas e salgados de maneira artesanal e industrializada. Organizar a \u00e1rea de trabalho e mat\u00e9ria-prima nas produ\u00e7\u00f5es e executar pr\u00e1ticas de manipula\u00e7\u00e3o de alimentos.<\/p>\n\n\n\n<p>Dispon\u00edvel at\u00e9 01\/02\/2023 ou encerramento da vaga.<\/p>\n\n\n\n<p><strong>2 vagas \u2013 Auxiliar de Limpeza \u2013 vagas exclusivas para Pessoas com Defici\u00eancia (PcD)<\/strong><\/p>\n\n\n\n<p>Escolaridade \u2013 ensino m\u00e9dio completo;<\/p>\n\n\n\n<p>Experi\u00eancia \u2013 seis meses na Carteira de Trabalho;<\/p>\n\n\n\n<p>Requisitos obrigat\u00f3rios \u2013 residir em bairros pr\u00f3ximos \u00e0 empresa;<\/p>\n\n\n\n<p>Atividades \u2013 realizar limpeza e manuten\u00e7\u00e3o das \u00e1reas internas e externas.<\/p>\n\n\n\n<p>Dispon\u00edvel at\u00e9 01\/02\/2023 ou encerramento da vaga.<\/p>\n\n\n\n<p><strong>1 vaga \u2013 Marceneiro<\/strong><\/p>\n\n\n\n<p>Escolaridade \u2013 ensino m\u00e9dio completo;<\/p>\n\n\n\n<p>Experi\u00eancia \u2013 seis meses na Carteira de Trabalho;<\/p>\n\n\n\n<p>Requisitos obrigat\u00f3rios \u2013 confeccionar e reparar m\u00f3veis e pe\u00e7as e dar-lhes o acabamento requerido, utilizando equipamento adequado e guiando-se por desenhos e especifica\u00e7\u00f5es.<\/p>\n\n\n\n<p>Dispon\u00edvel at\u00e9 01\/02\/2023 ou encerramento da vaga.<\/p>\n\n\n\n<p><strong>1 vaga \u2013 Projetista de M\u00f3veis<\/strong><\/p>\n\n\n\n<p>Escolaridade \u2013 ensino m\u00e9dio completo;<\/p>\n\n\n\n<p>Experi\u00eancia \u2013 seis meses na Carteira de Trabalho;<\/p>\n\n\n\n<p>Requisitos obrigat\u00f3rios \u2013 ter disponibilidade para in\u00edcio imediato;<\/p>\n\n\n\n<p>Atividades \u2013 desenvolver projetos de m\u00f3veis, analisar medidas, definir mat\u00e9ria-prima e elaborar pre\u00e7o de venda do produto.<\/p>\n\n\n\n<p>Dispon\u00edvel at\u00e9 01\/02\/2023 ou encerramento da vaga.<\/p>\n\n\n\n<p><strong>1 vaga \u2013 Montador de M\u00f3veis<\/strong><\/p>\n\n\n\n<p>Escolaridade \u2013 ensino m\u00e9dio completo;<\/p>\n\n\n\n<p>Experi\u00eancia \u2013 seis meses na Carteira de Trabalho;<\/p>\n\n\n\n<p>Requisitos obrigat\u00f3rios \u2013 ter conhecimento em processos de marcenaria, montagem de m\u00f3veis em MDF, manuseio de maquin\u00e1rios, leitura e interpreta\u00e7\u00e3o de desenhos e conhecimentos b\u00e1sicos em el\u00e9trica; ter Carteira Nacional de Habilita\u00e7\u00e3o categoria \u201cB\u201d;<\/p>\n\n\n\n<p>Atividades \u2013 respons\u00e1vel por realizar montagem e desmontagem de estruturas, m\u00f3veis, pain\u00e9is, m\u00e1quinas e demais equipamentos, conforme cada projeto, de acordo com as normas e procedimentos t\u00e9cnicos.<\/p>\n\n\n\n<p>Dispon\u00edvel at\u00e9 06\/02\/2023 ou encerramento da vaga.<\/p>\n\n\n\n<p><strong>1 vaga \u2013 T\u00e9cnico de Manuten\u00e7\u00e3o Industrial<\/strong><\/p>\n\n\n\n<p>Escolaridade \u2013 ensino t\u00e9cnico em el\u00e9trica, eletrot\u00e9cnica, eletr\u00f4nica, automa\u00e7\u00e3o industrial ou mec\u00e2nica completa;<\/p>\n\n\n\n<p>Experi\u00eancia \u2013 registrada na Carteira de Trabalho;<\/p>\n\n\n\n<p>Atividades \u2013 atuar nas atividades de manuten\u00e7\u00e3o mec\u00e2nica, montando e desmontando m\u00e1quinas, equipamentos, tubula\u00e7\u00f5es e dispositivos, controlando, reparando e substituindo pe\u00e7as e dispositivos, visando o perfeito funcionamento dos equipamentos e sistemas; realizar manuten\u00e7\u00f5es preventivas, an\u00e1lises, inspe\u00e7\u00f5es, medi\u00e7\u00f5es e lubrifica\u00e7\u00e3o peri\u00f3dica, visando garantir o funcionamento adequado dos equipamentos, instala\u00e7\u00f5es e estruturas.<\/p>\n\n\n\n<p>Dispon\u00edvel at\u00e9 01\/02\/2023 ou encerramento da vaga.<\/p>\n\n\n\n<p><strong>Vagas em Servi\u00e7os \u2013 60<\/strong><\/p>\n\n\n\n<p><strong>1 vaga \u2013 Professor de L\u00edngua Inglesa<\/strong><\/p>\n\n\n\n<p>Escolaridade \u2013 ensino superior em l\u00edngua inglesa completo;<\/p>\n\n\n\n<p>Experi\u00eancia \u2013 registrada na Carteira de Trabalho;<\/p>\n\n\n\n<p>Atividades \u2013 estimular o estudante para que aprenda de forma ativa, ou seja, com verdadeiro interesse pelo aprendizado; incentivar essa dedica\u00e7\u00e3o para que o aluno se exponha de maneira natural ao idioma.<\/p>\n\n\n\n<p>Dispon\u00edvel at\u00e9 01\/02\/2023 ou encerramento da vaga.<\/p>\n\n\n\n<p><strong>2 vagas \u2013 Auxiliar de Limpeza \u2013 vaga exclusivas para Pessoas com Defici\u00eancia (PcD)&nbsp;<\/strong><\/p>\n\n\n\n<p>Escolaridade \u2013 ensino fundamental completo;<\/p>\n\n\n\n<p>Experi\u00eancia \u2013 seis meses na Carteira de Trabalho;<\/p>\n\n\n\n<p>Atividades \u2013 realizar limpeza em geral, \u00e1reas internas e externas.<\/p>\n\n\n\n<p>Dispon\u00edvel at\u00e9 01\/02\/2023 ou encerramento da vaga.<\/p>\n\n\n\n<p><strong>1 vaga \u2013 Montador de Esquadria<\/strong><\/p>\n\n\n\n<p>Escolaridade \u2013 ensino m\u00e9dio completo;<\/p>\n\n\n\n<p>Experi\u00eancia \u2013 seis meses na Carteira de Trabalho;<\/p>\n\n\n\n<p>Atividades \u2013 realizar montagem, instala\u00e7\u00e3o, manuten\u00e7\u00e3o e acabamento de esquadrias de alum\u00ednio, madeiras, entre outros materiais.<\/p>\n\n\n\n<p>Dispon\u00edvel at\u00e9 01\/02\/2023 ou encerramento da vaga.<\/p>\n\n\n\n<p><strong>2 vagas \u2013 Recepcionista<\/strong><\/p>\n\n\n\n<p>Escolaridade \u2013 ensino m\u00e9dio completo;<\/p>\n\n\n\n<p>Experi\u00eancia \u2013 seis meses na carteira de trabalho ou declara\u00e7\u00e3o;<\/p>\n\n\n\n<p>Requisitos obrigat\u00f3rios \u2013 disponibilidade para dormir no local de trabalho (hotel de selva) e ter Ingl\u00eas fluente;<\/p>\n\n\n\n<p>Atividades \u2013 atender os clientes, recepcionando-os e fazendo check-in.<\/p>\n\n\n\n<p>Dispon\u00edvel at\u00e9 01\/02\/2023 ou encerramento da vaga.<\/p>\n\n\n\n<p><strong>1 vaga \u2013 Forneiro de Panificadora<\/strong><\/p>\n\n\n\n<p>Escolaridade \u2013 ensino fundamental completo;<\/p>\n\n\n\n<p>Experi\u00eancia \u2013 seis meses na carteira de trabalho;<\/p>\n\n\n\n<p>Requisitos obrigat\u00f3rios \u2013 profissional respons\u00e1vel, pontual, habilidoso e experiente;<\/p>\n\n\n\n<p>Atividades \u2013 preparar alimentos sob supervis\u00e3o de nutricionista, de modo que assegure a qualidade, higiene, sabor, aroma e apresenta\u00e7\u00e3o da refei\u00e7\u00e3o a ser servida. Inspecionar a higieniza\u00e7\u00e3o de equipamentos e utens\u00edlios.<\/p>\n\n\n\n<p>Dispon\u00edvel at\u00e9 01\/02\/2023 ou encerramento da vaga.<\/p>\n\n\n\n<p><strong>1 vaga \u2013 Auxiliar de Cobran\u00e7a<\/strong><\/p>\n\n\n\n<p>Escolaridade \u2013 ensino m\u00e9dio completo;<\/p>\n\n\n\n<p>Experi\u00eancia \u2013 registrada na Carteira de Trabalho;<\/p>\n\n\n\n<p>Requisitos obrigat\u00f3rios \u2013 ter curso de planilha Excel avan\u00e7ada e experi\u00eancia na \u00e1rea de medicamentos;<\/p>\n\n\n\n<p>Atividades \u2013 realizar cobran\u00e7a e concilia\u00e7\u00e3o banc\u00e1ria, an\u00e1lise de cr\u00e9ditos, negocia\u00e7\u00e3o de d\u00e9bitos, libera\u00e7\u00e3o de pedidos, gerar relat\u00f3rios, entre outras atividades correlatas.<\/p>\n\n\n\n<p>Dispon\u00edvel at\u00e9 01\/02\/2023 ou encerramento da vaga.<\/p>\n\n\n\n<p><strong>2 vagas \u2013 Operador de M\u00e1quinas Pesadas<\/strong><\/p>\n\n\n\n<p>Escolaridade \u2013 ensino fundamental completo;<\/p>\n\n\n\n<p>Experi\u00eancia \u2013 seis meses na Carteira de Trabalho;<\/p>\n\n\n\n<p>Requisitos obrigat\u00f3rios \u2013 ter certificado de capacidade t\u00e9cnica como operador de escavadeira hidr\u00e1ulica, Carteira Nacional de Habilita\u00e7\u00e3o categoria \u201cD\u201d dentro do prazo de validade, as 4 doses da vacina contra Covid-19, Sarampo, T\u00e9tano, Febre Amarela e H1N1;<\/p>\n\n\n\n<p>Atividades \u2013 operar m\u00e1quinas em obras, realizar demoli\u00e7\u00f5es, escava\u00e7\u00f5es, carregamento de ca\u00e7ambas e terraplenagem em solos. Verificar condi\u00e7\u00f5es dos acess\u00f3rios e funcionamento do sistema hidr\u00e1ulico e el\u00e9trico.<\/p>\n\n\n\n<p>Dispon\u00edvel at\u00e9 01\/02\/2023 ou encerramento da vaga.<\/p>\n\n\n\n<p><strong>1 vaga \u2013 L\u00edder de Produ\u00e7\u00e3o<\/strong><\/p>\n\n\n\n<p>Escolaridade \u2013 ensino m\u00e9dio completo;<\/p>\n\n\n\n<p>Experi\u00eancia \u2013 seis meses na Carteira de Trabalho;<\/p>\n\n\n\n<p>Requisitos obrigat\u00f3rios \u2013 ter curso de matem\u00e1tica b\u00e1sica, metrologia e desenho t\u00e9cnico. Necess\u00e1rio ter conhecimento em plano de corte;<\/p>\n\n\n\n<p>Atividades \u2013 supervisionar as etapas que comp\u00f5em um processo produtivo na ind\u00fastria. Como normalmente isso acontece em uma linha de produ\u00e7\u00e3o, cabe ao l\u00edder gerir tudo que acontece em cada c\u00e9lula, at\u00e9 a entrega dos produtos acabados.<\/p>\n\n\n\n<p>Dispon\u00edvel at\u00e9 01\/02\/2023 ou encerramento da vaga.<\/p>\n\n\n\n<p><strong>1 vaga \u2013 Analista Fiscal<\/strong><\/p>\n\n\n\n<p>Escolaridade \u2013 ensino superior completo em contabilidade;<\/p>\n\n\n\n<p>Experi\u00eancia \u2013 seis meses na Carteira de Trabalho;<\/p>\n\n\n\n<p>Atividades \u2013 analisar o ambiente econ\u00f4mico, elaborar e executar projetos de pesquisa econ\u00f4mica, de mercado e de viabilidade econ\u00f4mica, dentre outros. Participar do planejamento estrat\u00e9gico e de curto prazo e avaliar pol\u00edticas de impacto coletivo para o governo, ONGs e outras organiza\u00e7\u00f5es. Gerir programa\u00e7\u00e3o econ\u00f4mico-financeira, atuar nos mercados internos e externos, examinar finan\u00e7as empresariais. Pode exercer media\u00e7\u00e3o, per\u00edcia e arbitragem.<\/p>\n\n\n\n<p>Dispon\u00edvel at\u00e9 01\/02\/2023 ou encerramento da vaga.<\/p>\n\n\n\n<p><strong>1 vaga \u2013 Eletricista Veicular<\/strong><\/p>\n\n\n\n<p>Escolaridade \u2013 ensino m\u00e9dio ou t\u00e9cnico em el\u00e9trica ou mec\u00e2nica completo;<\/p>\n\n\n\n<p>Experi\u00eancia \u2013 registrada na Carteira de Trabalho;<\/p>\n\n\n\n<p>Requisitos obrigat\u00f3rios \u2013 ter experi\u00eancia com as marcas Scania, Volvo e Mercedes, cursos na \u00e1rea e residir no bairro Aleixo ou adjac\u00eancias. Desej\u00e1vel ter Carteira Nacional de Habilita\u00e7\u00e3o categoria \u201cD\u201d dentro do prazo de validade;<\/p>\n\n\n\n<p>Atividades \u2013 planejar servi\u00e7os de instala\u00e7\u00e3o e manuten\u00e7\u00e3o eletroeletr\u00f4nicos em ve\u00edculos, estabelecendo cronogramas e estimando prazos. Instalar sistemas e componentes eletroeletr\u00f4nicos em ve\u00edculos, interpretando e corrigindo esquemas, conectando cabos aos equipamentos e acess\u00f3rios e testando o funcionamento de m\u00e1quinas, equipamentos e sistemas para opera\u00e7\u00e3o. Realizar manuten\u00e7\u00f5es preventiva, preditiva e corretiva, inspecionando visualmente m\u00e1quinas e equipamentos, diagnosticando defeitos eletroeletr\u00f4nicos, desmontando, reparando, lubrificando, substituindo e montando componentes, ajustando componentes e pe\u00e7as e simulando o funcionamento de componentes e equipamentos. Elaborar documenta\u00e7\u00e3o t\u00e9cnica, realizar com qualidade as instala\u00e7\u00f5es eletroeletr\u00f4nicas&nbsp;e cumprir normas de seguran\u00e7a, meio ambiente e sa\u00fade.<\/p>\n\n\n\n<p>Dispon\u00edvel at\u00e9 01\/02\/2023 ou encerramento da vaga.<\/p>\n\n\n\n<p><strong>4 vagas \u2013 Motorista de Caminh\u00e3o Ca\u00e7amba<\/strong><\/p>\n\n\n\n<p>Escolaridade \u2013 ensino m\u00e9dio completo;<\/p>\n\n\n\n<p>Experi\u00eancia \u2013 seis meses na Carteira de Trabalho;<\/p>\n\n\n\n<p>Requisitos obrigat\u00f3rios \u2013 ter certificado de capacidade t\u00e9cnica em MOPP, Dire\u00e7\u00e3o Defensiva e NR-11; Carteira Nacional de Habilita\u00e7\u00e3o categoria \u201cD\u201d dentro do prazo de validade,&nbsp;as 4 doses da vacina contra Covid-19, Sarampo, T\u00e9tano, Febre Amarela e H1N1;<\/p>\n\n\n\n<p>Atividades \u2013 transportar, coletar e entregar cargas em geral; guinchar, destombar e remover ve\u00edculos avariados e prestar socorro mec\u00e2nico; movimentar cargas volumosas e pesadas, operar equipamentos, realizar inspe\u00e7\u00f5es e reparos em ve\u00edculos, vistoriar cargas e verificar documenta\u00e7\u00e3o de ve\u00edculos e de cargas; definir rotas e assegurar a regularidade do transporte.<\/p>\n\n\n\n<p>Dispon\u00edvel at\u00e9 01\/02\/2023 ou encerramento da vaga.<\/p>\n\n\n\n<p><strong>4 vagas \u2013 Auxiliar Mec\u00e2nico de Refrigera\u00e7\u00e3o<\/strong><\/p>\n\n\n\n<p>Escolaridade \u2013 ensino m\u00e9dio completo;<\/p>\n\n\n\n<p>Experi\u00eancia \u2013 seis meses na Carteira de Trabalho;<\/p>\n\n\n\n<p>Requisitos obrigat\u00f3rios \u2013 ter cursos de NR-10 e NR-35;<\/p>\n\n\n\n<p>Atividades \u2013 auxiliar na instala\u00e7\u00e3o de equipamentos e sistema de refrigera\u00e7\u00e3o e climatiza\u00e7\u00e3o conforme normas t\u00e9cnicas e de seguran\u00e7a; executar planos e rotinas de manuten\u00e7\u00e3o.<\/p>\n\n\n\n<p>Dispon\u00edvel at\u00e9 01\/02\/2023 ou encerramento da vaga.<\/p>\n\n\n\n<p><strong>4 vagas \u2013 Mec\u00e2nico de Refrigera\u00e7\u00e3o<\/strong><\/p>\n\n\n\n<p>Escolaridade \u2013 ensino m\u00e9dio completo;<\/p>\n\n\n\n<p>Experi\u00eancia \u2013 seis meses na Carteira de Trabalho;<\/p>\n\n\n\n<p>Requisitos obrigat\u00f3rios \u2013 ter cursos de NR-10 e NR-35;<\/p>\n\n\n\n<p>Atividades \u2013 avaliar e dimensionar locais para instala\u00e7\u00e3o de equipamentos de refrigera\u00e7\u00e3o, calefa\u00e7\u00e3o e ar-condicionado; especificar materiais e acess\u00f3rios e instalar equipamentos de refrigera\u00e7\u00e3o e ventila\u00e7\u00e3o; assessorar nas atividades de ensino, pesquisa e extens\u00e3o.<\/p>\n\n\n\n<p>Dispon\u00edvel at\u00e9 01\/02\/2023 ou encerramento da vaga.<\/p>\n\n\n\n<p><strong>2 vagas \u2013 Mec\u00e2nico de Ve\u00edculos<\/strong><\/p>\n\n\n\n<p>Escolaridade \u2013 ensino m\u00e9dio completo;<\/p>\n\n\n\n<p>Experi\u00eancia \u2013 registrada na Carteira de Trabalho;<\/p>\n\n\n\n<p>Requisitos obrigat\u00f3rios \u2013 ter cursos na \u00e1rea e disponibilidade para viagens;<\/p>\n\n\n\n<p>Atividades \u2013 realizar manuten\u00e7\u00e3o mec\u00e2nica preventiva e corretiva de ve\u00edculos (\u00f4nibus e micro-\u00f4nibus), montar e trocar pe\u00e7as, lubrificar motor, regular mecanismos e alinhar dire\u00e7\u00e3o.<\/p>\n\n\n\n<p>Dispon\u00edvel at\u00e9 01\/02\/2023 ou encerramento da vaga.<\/p>\n\n\n\n<p><strong>1 vaga \u2013 Mec\u00e2nico Eletricista<\/strong><\/p>\n\n\n\n<p>Escolaridade \u2013 ensino m\u00e9dio completo;<\/p>\n\n\n\n<p>Experi\u00eancia \u2013 registrada na Carteira de Trabalho;<\/p>\n\n\n\n<p>Requisitos obrigat\u00f3rios \u2013 ter curso de NR-35 e disponibilidade para viagens;<\/p>\n\n\n\n<p>Atividades \u2013 realizar instala\u00e7\u00e3o e manuten\u00e7\u00e3o el\u00e9trica preventiva e corretiva em ve\u00edculos, analisar as necessidades de troca e regulagem, montar sistemas e aplicar testes de funcionamento.<\/p>\n\n\n\n<p>Dispon\u00edvel at\u00e9 01\/02\/2023 ou encerramento da vaga.<\/p>\n\n\n\n<p><strong>1 vaga \u2013 Caseiro<\/strong><\/p>\n\n\n\n<p>Escolaridade \u2013 ensino fundamental completo;<\/p>\n\n\n\n<p>Experi\u00eancia \u2013 seis meses na Carteira de Trabalho;<\/p>\n\n\n\n<p>Requisitos obrigat\u00f3rios \u2013 ter curso de NR-35 e disponibilidade para viagens;<\/p>\n\n\n\n<p>Atividades \u2013 respons\u00e1vel pela conserva\u00e7\u00e3o, manuten\u00e7\u00e3o e funcionamento da propriedade, mantendo os ambientes limpos e organizados, realizando reparos quando necess\u00e1rio; manter gramado, jardim ou horta podados e irrigados, al\u00e9m de conservar a piscina e cuidar de animais.<\/p>\n\n\n\n<p>Dispon\u00edvel at\u00e9 01\/02\/2023 ou encerramento da vaga.<\/p>\n\n\n\n<p><strong>1 vaga \u2013 Analista Cont\u00e1bil<\/strong><\/p>\n\n\n\n<p>Escolaridade \u2013 ensino superior cursando ou completo em ci\u00eancias cont\u00e1beis;<\/p>\n\n\n\n<p>Experi\u00eancia \u2013 registrada na Carteira de Trabalho;<\/p>\n\n\n\n<p>Requisitos obrigat\u00f3rios \u2013 ter experi\u00eancia no sistema Sankhya;<\/p>\n\n\n\n<p>Atividades \u2013 organizar documentos e efetuar sua classifica\u00e7\u00e3o cont\u00e1bil; gerar lan\u00e7amentos cont\u00e1beis, auxiliar na apura\u00e7\u00e3o dos impostos, conciliar contas e preenchimento de guias de recolhimento e solicita\u00e7\u00f5es.<\/p>\n\n\n\n<p>Dispon\u00edvel at\u00e9 01\/02\/2023 ou encerramento da vaga.<\/p>\n\n\n\n<p><strong>10 vagas \u2013 Mec\u00e2nico de Manuten\u00e7\u00e3o de Autom\u00f3veis<\/strong><\/p>\n\n\n\n<p>Escolaridade \u2013 ensino m\u00e9dio completo;<\/p>\n\n\n\n<p>Experi\u00eancia \u2013 seis meses na Carteira de Trabalho;<\/p>\n\n\n\n<p>Atividades \u2013 realizar manuten\u00e7\u00e3o mec\u00e2nica preventiva e corretiva de ve\u00edculos, montar e trocar pe\u00e7as, lubrificar motor, regular mecanismos e alinhar dire\u00e7\u00e3o. Auxiliar o cliente quanto \u00e0 substitui\u00e7\u00e3o e aproveitamento de componentes.&nbsp;&nbsp;&nbsp;&nbsp;&nbsp;<\/p>\n\n\n\n<p>Dispon\u00edvel at\u00e9 01\/02\/2023 ou encerramento da vaga.<\/p>\n\n\n\n<p><strong>5 vagas \u2013 Jardineiro Paisagista&nbsp;<\/strong><\/p>\n\n\n\n<p>Escolaridade \u2013 ensino m\u00e9dio completo;<\/p>\n\n\n\n<p>Experi\u00eancia \u2013 registrada na Carteira de Trabalho;<\/p>\n\n\n\n<p>Requisitos obrigat\u00f3rios \u2013&nbsp;ter cart\u00e3o de vacina atualizado com todas as doses da Covid-19;<\/p>\n\n\n\n<p>Atividades \u2013 preparar, conservar e limpar jardins, compreendendo: capina, corte, replantio, aduba\u00e7\u00e3o peri\u00f3dica, irriga\u00e7\u00e3o, varredura, pulveriza\u00e7\u00e3o simples e polvilhamento. Preparar as sementes, fazer a repicagem e o transplante das mudas, incluindo desmate, transporte e embalagem. Requisitar o material necess\u00e1rio ao trabalho.<\/p>\n\n\n\n<p>Dispon\u00edvel at\u00e9 01\/02\/2023 ou encerramento da vaga.<\/p>\n\n\n\n<p><strong>2 vagas \u2013 Faxineiro \u2013 vagas exclusivas para Pessoas com Defici\u00eancia (PcD)<\/strong><\/p>\n\n\n\n<p>Escolaridade \u2013 ensino fundamental completo;<\/p>\n\n\n\n<p>Experi\u00eancia \u2013 n\u00e3o \u00e9 necess\u00e1rio;<\/p>\n\n\n\n<p>Atividades \u2013 limpar, estocar e abastecer as \u00e1reas designadas do pr\u00e9dio (espanar, varrer, aspirar, esfregar, limpar os respiros de teto, limpar os banheiros, entre outros).<\/p>\n\n\n\n<p>Dispon\u00edvel at\u00e9 01\/02\/2023 ou encerramento da vaga.<\/p>\n\n\n\n<p><strong>1 vaga \u2013 L\u00edder de Servi\u00e7os Gerais<\/strong><\/p>\n\n\n\n<p>Escolaridade \u2013 ensino m\u00e9dio completo;<\/p>\n\n\n\n<p>Experi\u00eancia \u2013 seis meses na Carteira de Trabalho;<\/p>\n\n\n\n<p>Atividades \u2013 acompanhar os servi\u00e7os de limpeza, verificar se as equipes est\u00e3o dimensionadas para o volume de atividades, controlando assiduidade, pontualidade e reposi\u00e7\u00e3o de quadros. Controlar estoque de equipamentos, uniformes e insumos.<\/p>\n\n\n\n<p>Dispon\u00edvel at\u00e9 06\/02\/2023 ou encerramento da vaga.<\/p>\n\n\n\n<p><strong>1 vaga \u2013 Auxiliar Administrativo \u2013 vaga exclusiva para Pessoa com Defici\u00eancia (PcD)&nbsp;<\/strong><\/p>\n\n\n\n<p>Escolaridade \u2013 ensino m\u00e9dio completo;<\/p>\n\n\n\n<p>Experi\u00eancia \u2013 registrada na Carteira de Trabalho;<\/p>\n\n\n\n<p>Requisitos obrigat\u00f3rios \u2013&nbsp;ter cart\u00e3o de vacina atualizado com todas as doses da Covid-19;<\/p>\n\n\n\n<p>Atividades \u2013 atendimento telef\u00f4nico, suporte administrativo e organiza\u00e7\u00e3o de arquivos.<\/p>\n\n\n\n<p>Dispon\u00edvel at\u00e9 06\/02\/2023 ou encerramento da vaga.<\/p>\n\n\n\n<p><strong>1 vaga \u2013 Borracheiro<\/strong><\/p>\n\n\n\n<p>Escolaridade \u2013 ensino m\u00e9dio completo;<\/p>\n\n\n\n<p>Experi\u00eancia \u2013 registrada na Carteira de Trabalho;<\/p>\n\n\n\n<p>Requisitos obrigat\u00f3rios \u2013&nbsp;ter cart\u00e3o de vacina atualizado com todas as doses da Covid-19;<\/p>\n\n\n\n<p>Atividades \u2013 executar servi\u00e7os de troca, reposi\u00e7\u00e3o, conserto, montagem e desmontagem de pneus, c\u00e2maras e demais determinados pela chefia; lubrifica\u00e7\u00e3o de ve\u00edculos e equipamentos pertencentes \u00e0 frota municipal; lavagem dos ve\u00edculos e equipamentos; executar outras tarefas afins.<\/p>\n\n\n\n<p>Dispon\u00edvel at\u00e9 06\/02\/2023 ou encerramento da vaga.<\/p>\n\n\n\n<p><strong>1 vaga \u2013 Comprador<\/strong><\/p>\n\n\n\n<p>Escolaridade \u2013 ensino superior completo em contabilidade, gest\u00e3o de recursos humanos, administra\u00e7\u00e3o ou ci\u00eancias cont\u00e1beis;<\/p>\n\n\n\n<p>Experi\u00eancia \u2013 registrada na Carteira de Trabalho;<\/p>\n\n\n\n<p>Requisitos obrigat\u00f3rios&nbsp;\u2013 ter experi\u00eancia no ramo farmac\u00eautico;<\/p>\n\n\n\n<p>Atividades \u2013 analisar compra de materiais, equipamentos, mat\u00e9rias-primas e servi\u00e7os; realizar cota\u00e7\u00e3o e negocia\u00e7\u00e3o com fornecedores, emitir pedidos e acompanhar o fluxo de entrega para cumprimento de todas as condi\u00e7\u00f5es negociadas.<\/p>\n\n\n\n<p>Dispon\u00edvel at\u00e9 01\/02\/2023 ou encerramento da vaga.<\/p>\n\n\n\n<p><strong>1 vaga \u2013 Analista Fiscal<\/strong><\/p>\n\n\n\n<p>Escolaridade \u2013 ensino superior completo em contabilidade, gest\u00e3o de recursos humanos, administra\u00e7\u00e3o ou ci\u00eancias cont\u00e1beis;<\/p>\n\n\n\n<p>Experi\u00eancia \u2013 registrada na Carteira de Trabalho;<\/p>\n\n\n\n<p>Requisitos obrigat\u00f3rios \u2013&nbsp;ter experi\u00eancia no ramo farmac\u00eautico;<\/p>\n\n\n\n<p>Atividades \u2013 atuar na apura\u00e7\u00e3o e declara\u00e7\u00e3o de impostos diretos e indiretos, realizar escritura\u00e7\u00e3o fiscal, atender fiscaliza\u00e7\u00f5es e participar da an\u00e1lise dos procedimentos fiscais da empresa.<\/p>\n\n\n\n<p>Dispon\u00edvel at\u00e9 01\/02\/2023 ou encerramento da vaga.<\/p>\n\n\n\n<p><strong>1 vaga \u2013 Vendedor Interno<\/strong><\/p>\n\n\n\n<p>Escolaridade \u2013 ensino m\u00e9dio completo;<\/p>\n\n\n\n<p>Experi\u00eancia \u2013 seis meses na Carteira de Trabalho;<\/p>\n\n\n\n<p>Requisitos obrigat\u00f3rios&nbsp;\u2013 ter experi\u00eancia com material de constru\u00e7\u00e3o e curso de inform\u00e1tica b\u00e1sico\/avan\u00e7ado ou pacote Office;<\/p>\n\n\n\n<p>Atividades \u2013 atender clientes presencialmente e via telefone; processar e gerenciar pedidos de clientes; processar vendas \u00e0 vista ou \u00e0 prazo; cadastra clientes; promover os servi\u00e7os da empresa; participar da an\u00e1lise de relat\u00f3rios; prospectar e administrar carteira de clientes; organizar a \u00e1rea de vendas, repor mercadorias, participar de invent\u00e1rio, fazer p\u00f3s venda e acompanhar as vendas realizadas do in\u00edcio ao fim.<\/p>\n\n\n\n<p>Dispon\u00edvel at\u00e9 01\/02\/2023 ou encerramento da vaga.<\/p>\n\n\n\n<p><strong>2 vagas \u2013 Vendedor<\/strong><\/p>\n\n\n\n<p>Escolaridade \u2013 ensino m\u00e9dio completo;<\/p>\n\n\n\n<p>Experi\u00eancia \u2013 seis meses na Carteira de Trabalho;<\/p>\n\n\n\n<p>Requisitos obrigat\u00f3rios \u2013 ter experi\u00eancia como vendedor de autope\u00e7as;<\/p>\n\n\n\n<p>Atividades \u2013 atender clientes, identificar as necessidades e orientar com informa\u00e7\u00f5es referentes aos ve\u00edculos.<\/p>\n\n\n\n<p>Dispon\u00edvel at\u00e9 01\/02\/2023 ou encerramento da vaga.<\/p>\n\n\n\n<p><strong>2 vagas \u2013 Borracheiro<\/strong><\/p>\n\n\n\n<p>Escolaridade \u2013 ensino m\u00e9dio completo;<\/p>\n\n\n\n<p>Experi\u00eancia \u2013 registrada na Carteira de Trabalho;<\/p>\n\n\n\n<p>Requisitos obrigat\u00f3rios \u2013 ter experi\u00eancia na fun\u00e7\u00e3o e parte el\u00e9trica;<\/p>\n\n\n\n<p>Atividades \u2013 realizar instala\u00e7\u00e3o, manuten\u00e7\u00e3o preventiva e corretiva de ve\u00edculos; analisar as necessidades de troca e regulagem dos ve\u00edculos.<\/p>\n\n\n\n<p>Dispon\u00edvel at\u00e9 01\/02\/2023 ou encerramento da vaga.<\/p>\n\n\n\n<p><strong>1 vaga \u2013 Mec\u00e2nico Eletricista<\/strong><\/p>\n\n\n\n<p>Escolaridade \u2013 ensino m\u00e9dio completo;<\/p>\n\n\n\n<p>Experi\u00eancia \u2013 registrada na Carteira de Trabalho;<\/p>\n\n\n\n<p>Requisitos obrigat\u00f3rios \u2013 ter experi\u00eancia na fun\u00e7\u00e3o e parte el\u00e9trica; conhecimento em ve\u00edculos pesados;<\/p>\n\n\n\n<p>Atividades \u2013 realizar instala\u00e7\u00e3o, manuten\u00e7\u00e3o preventiva e corretiva em ve\u00edculos, analisar as necessidades de troca e regulagem dos ve\u00edculos.<\/p>\n\n\n\n<p>Dispon\u00edvel at\u00e9 01\/02\/2023 ou encerramento da vaga.<\/p>\n\n\n\n<p><strong>1 vaga \u2013 Mensageiro de Hotel<\/strong><\/p>\n\n\n\n<p>Escolaridade \u2013 ensino m\u00e9dio completo;<\/p>\n\n\n\n<p>Experi\u00eancia \u2013 seis meses na Carteira de Trabalho;<\/p>\n\n\n\n<p>Atividades \u2013 realizar atendimento ao p\u00fablico, carregar bagagens, conferir apartamentos, entre outras atividades correlatas.<\/p>\n\n\n\n<p>Dispon\u00edvel at\u00e9 01\/02\/2023 ou encerramento da vaga.<\/p>\n\n\n\n<p><strong>1 vaga \u2013 Recepcionista de Hotel<\/strong><\/p>\n\n\n\n<p>Escolaridade \u2013 ensino m\u00e9dio completo;<\/p>\n\n\n\n<p>Experi\u00eancia \u2013 seis meses na Carteira de Trabalho;<\/p>\n\n\n\n<p>Requisitos obrigat\u00f3rios \u2013 ter experi\u00eancia no sistema desbravador;<\/p>\n\n\n\n<p>Atividades \u2013 realizar registro de h\u00f3spedes, gerenciar reservas e fornecer informa\u00e7\u00f5es sobre quartos, tarifas e conveni\u00eancias, entre outras atividades correlatas.<\/p>\n\n\n\n<p>Dispon\u00edvel at\u00e9 01\/02\/2023 ou encerramento da vaga.<\/p>\n\n\n\n<p>&#8212; &#8212; &#8212;<\/p>\n\n\n\n<p><strong>Texto \u2013 <\/strong>Divulga\u00e7\u00e3o \/ Semtepi<\/p>\n\n\n\n<p><strong>Foto \u2013 <\/strong>Antonio Pereira \/ Semcom<\/p>\n\n\n\n<p><strong>Dispon\u00edvel em<\/strong> &#8211; https:\/\/flic.kr\/p\/2nLwmEm<\/p>\n","protected":false},"excerpt":{"rendered":"","protected":false},"author":25,"featured_media":208423,"comment_status":"closed","ping_status":"closed","sticky":false,"template":"","format":"standard","meta":{"footnotes":""},"categories":[20],"tags":[206,21,22,23],"acf":[],"yoast_head":"<!-- This site is optimized with the Yoast SEO plugin v23.0 - https:\/\/yoast.com\/wordpress\/plugins\/seo\/ -->\n<title>Sine Manaus oferta 145 vagas de emprego nesta quarta-feira<\/title>\n<meta name=\"description\" content=\"A Prefeitura de Manaus, por meio do Sine Manaus, oferta 145 vagas de emprego em v\u00e1rias \u00e1reas de atua\u00e7\u00e3o, nesta quarta-feira, 1\u00ba de fevereiro\" \/>\n<meta name=\"robots\" content=\"index, follow, max-snippet:-1, max-image-preview:large, max-video-preview:-1\" \/>\n<link rel=\"canonical\" href=\"https:\/\/www.manaus.am.gov.br\/semcom\/sine-manaus-quarta-feira\/\" \/>\n<meta property=\"og:locale\" content=\"pt_BR\" \/>\n<meta property=\"og:type\" content=\"article\" \/>\n<meta property=\"og:title\" content=\"Sine Manaus oferta 145 vagas de emprego nesta quarta-feira\" \/>\n<meta property=\"og:description\" content=\"A Prefeitura de Manaus, por meio do Sine Manaus, oferta 145 vagas de emprego em v\u00e1rias \u00e1reas de atua\u00e7\u00e3o, nesta quarta-feira, 1\u00ba de fevereiro\" \/>\n<meta property=\"og:url\" content=\"https:\/\/www.manaus.am.gov.br\/semcom\/sine-manaus-quarta-feira\/\" \/>\n<meta property=\"og:site_name\" content=\"SEMCOM\" \/>\n<meta property=\"article:published_time\" content=\"2023-01-31T21:13:34+00:00\" \/>\n<meta property=\"article:modified_time\" content=\"2023-01-31T21:13:35+00:00\" \/>\n<meta property=\"og:image\" content=\"https:\/\/www.manaus.am.gov.br\/semcom\/wp-content\/uploads\/sites\/5\/2023\/01\/52356033360_e1b470366e_c.jpg\" \/>\n\t<meta property=\"og:image:width\" content=\"799\" \/>\n\t<meta property=\"og:image:height\" content=\"533\" \/>\n\t<meta property=\"og:image:type\" content=\"image\/jpeg\" \/>\n<meta name=\"author\" content=\"Maur\u00edcio Freire\" \/>\n<meta name=\"twitter:card\" content=\"summary_large_image\" \/>\n<meta name=\"twitter:label1\" content=\"Written by\" \/>\n\t<meta name=\"twitter:data1\" content=\"Maur\u00edcio Freire\" \/>\n\t<meta name=\"twitter:label2\" content=\"Est. reading time\" \/>\n\t<meta name=\"twitter:data2\" content=\"25 minutos\" \/>\n<script type=\"application\/ld+json\" class=\"yoast-schema-graph\">{\"@context\":\"https:\/\/schema.org\",\"@graph\":[{\"@type\":\"WebPage\",\"@id\":\"https:\/\/www.manaus.am.gov.br\/semcom\/sine-manaus-quarta-feira\/\",\"url\":\"https:\/\/www.manaus.am.gov.br\/semcom\/sine-manaus-quarta-feira\/\",\"name\":\"Sine Manaus oferta 145 vagas de emprego nesta quarta-feira\",\"isPartOf\":{\"@id\":\"https:\/\/www.manaus.am.gov.br\/semcom\/#website\"},\"primaryImageOfPage\":{\"@id\":\"https:\/\/www.manaus.am.gov.br\/semcom\/sine-manaus-quarta-feira\/#primaryimage\"},\"image\":{\"@id\":\"https:\/\/www.manaus.am.gov.br\/semcom\/sine-manaus-quarta-feira\/#primaryimage\"},\"thumbnailUrl\":\"https:\/\/www.manaus.am.gov.br\/semcom\/wp-content\/uploads\/sites\/5\/2023\/01\/52356033360_e1b470366e_c.jpg\",\"datePublished\":\"2023-01-31T21:13:34+00:00\",\"dateModified\":\"2023-01-31T21:13:35+00:00\",\"author\":{\"@id\":\"https:\/\/www.manaus.am.gov.br\/semcom\/#\/schema\/person\/587989a23a463cde5618e6a028977a9a\"},\"description\":\"A Prefeitura de Manaus, por meio do Sine Manaus, oferta 145 vagas de emprego em v\u00e1rias \u00e1reas de atua\u00e7\u00e3o, nesta quarta-feira, 1\u00ba de fevereiro\",\"inLanguage\":\"pt-BR\",\"potentialAction\":[{\"@type\":\"ReadAction\",\"target\":[\"https:\/\/www.manaus.am.gov.br\/semcom\/sine-manaus-quarta-feira\/\"]}]},{\"@type\":\"ImageObject\",\"inLanguage\":\"pt-BR\",\"@id\":\"https:\/\/www.manaus.am.gov.br\/semcom\/sine-manaus-quarta-feira\/#primaryimage\",\"url\":\"https:\/\/www.manaus.am.gov.br\/semcom\/wp-content\/uploads\/sites\/5\/2023\/01\/52356033360_e1b470366e_c.jpg\",\"contentUrl\":\"https:\/\/www.manaus.am.gov.br\/semcom\/wp-content\/uploads\/sites\/5\/2023\/01\/52356033360_e1b470366e_c.jpg\",\"width\":799,\"height\":533},{\"@type\":\"WebSite\",\"@id\":\"https:\/\/www.manaus.am.gov.br\/semcom\/#website\",\"url\":\"https:\/\/www.manaus.am.gov.br\/semcom\/\",\"name\":\"SEMCOM\",\"description\":\"Secretaria Municipal de Comunica\u00e7\u00e3o\",\"potentialAction\":[{\"@type\":\"SearchAction\",\"target\":{\"@type\":\"EntryPoint\",\"urlTemplate\":\"https:\/\/www.manaus.am.gov.br\/semcom\/?s={search_term_string}\"},\"query-input\":\"required name=search_term_string\"}],\"inLanguage\":\"pt-BR\"},{\"@type\":\"Person\",\"@id\":\"https:\/\/www.manaus.am.gov.br\/semcom\/#\/schema\/person\/587989a23a463cde5618e6a028977a9a\",\"name\":\"Maur\u00edcio Freire\",\"image\":{\"@type\":\"ImageObject\",\"inLanguage\":\"pt-BR\",\"@id\":\"https:\/\/www.manaus.am.gov.br\/semcom\/#\/schema\/person\/image\/\",\"url\":\"https:\/\/secure.gravatar.com\/avatar\/dc1481799a1f75c733ac3b2634cd6749?s=96&d=mm&r=g\",\"contentUrl\":\"https:\/\/secure.gravatar.com\/avatar\/dc1481799a1f75c733ac3b2634cd6749?s=96&d=mm&r=g\",\"caption\":\"Maur\u00edcio Freire\"}}]}<\/script>\n<!-- \/ Yoast SEO plugin. -->","yoast_head_json":{"title":"Sine Manaus oferta 145 vagas de emprego nesta quarta-feira","description":"A Prefeitura de Manaus, por meio do Sine Manaus, oferta 145 vagas de emprego em v\u00e1rias \u00e1reas de atua\u00e7\u00e3o, nesta quarta-feira, 1\u00ba de fevereiro","robots":{"index":"index","follow":"follow","max-snippet":"max-snippet:-1","max-image-preview":"max-image-preview:large","max-video-preview":"max-video-preview:-1"},"canonical":"https:\/\/www.manaus.am.gov.br\/semcom\/sine-manaus-quarta-feira\/","og_locale":"pt_BR","og_type":"article","og_title":"Sine Manaus oferta 145 vagas de emprego nesta quarta-feira","og_description":"A Prefeitura de Manaus, por meio do Sine Manaus, oferta 145 vagas de emprego em v\u00e1rias \u00e1reas de atua\u00e7\u00e3o, nesta quarta-feira, 1\u00ba de fevereiro","og_url":"https:\/\/www.manaus.am.gov.br\/semcom\/sine-manaus-quarta-feira\/","og_site_name":"SEMCOM","article_published_time":"2023-01-31T21:13:34+00:00","article_modified_time":"2023-01-31T21:13:35+00:00","og_image":[{"width":799,"height":533,"url":"https:\/\/www.manaus.am.gov.br\/semcom\/wp-content\/uploads\/sites\/5\/2023\/01\/52356033360_e1b470366e_c.jpg","type":"image\/jpeg"}],"author":"Maur\u00edcio Freire","twitter_card":"summary_large_image","twitter_misc":{"Written by":"Maur\u00edcio Freire","Est. reading time":"25 minutos"},"schema":{"@context":"https:\/\/schema.org","@graph":[{"@type":"WebPage","@id":"https:\/\/www.manaus.am.gov.br\/semcom\/sine-manaus-quarta-feira\/","url":"https:\/\/www.manaus.am.gov.br\/semcom\/sine-manaus-quarta-feira\/","name":"Sine Manaus oferta 145 vagas de emprego nesta quarta-feira","isPartOf":{"@id":"https:\/\/www.manaus.am.gov.br\/semcom\/#website"},"primaryImageOfPage":{"@id":"https:\/\/www.manaus.am.gov.br\/semcom\/sine-manaus-quarta-feira\/#primaryimage"},"image":{"@id":"https:\/\/www.manaus.am.gov.br\/semcom\/sine-manaus-quarta-feira\/#primaryimage"},"thumbnailUrl":"https:\/\/www.manaus.am.gov.br\/semcom\/wp-content\/uploads\/sites\/5\/2023\/01\/52356033360_e1b470366e_c.jpg","datePublished":"2023-01-31T21:13:34+00:00","dateModified":"2023-01-31T21:13:35+00:00","author":{"@id":"https:\/\/www.manaus.am.gov.br\/semcom\/#\/schema\/person\/587989a23a463cde5618e6a028977a9a"},"description":"A Prefeitura de Manaus, por meio do Sine Manaus, oferta 145 vagas de emprego em v\u00e1rias \u00e1reas de atua\u00e7\u00e3o, nesta quarta-feira, 1\u00ba de fevereiro","inLanguage":"pt-BR","potentialAction":[{"@type":"ReadAction","target":["https:\/\/www.manaus.am.gov.br\/semcom\/sine-manaus-quarta-feira\/"]}]},{"@type":"ImageObject","inLanguage":"pt-BR","@id":"https:\/\/www.manaus.am.gov.br\/semcom\/sine-manaus-quarta-feira\/#primaryimage","url":"https:\/\/www.manaus.am.gov.br\/semcom\/wp-content\/uploads\/sites\/5\/2023\/01\/52356033360_e1b470366e_c.jpg","contentUrl":"https:\/\/www.manaus.am.gov.br\/semcom\/wp-content\/uploads\/sites\/5\/2023\/01\/52356033360_e1b470366e_c.jpg","width":799,"height":533},{"@type":"WebSite","@id":"https:\/\/www.manaus.am.gov.br\/semcom\/#website","url":"https:\/\/www.manaus.am.gov.br\/semcom\/","name":"SEMCOM","description":"Secretaria Municipal de Comunica\u00e7\u00e3o","potentialAction":[{"@type":"SearchAction","target":{"@type":"EntryPoint","urlTemplate":"https:\/\/www.manaus.am.gov.br\/semcom\/?s={search_term_string}"},"query-input":"required name=search_term_string"}],"inLanguage":"pt-BR"},{"@type":"Person","@id":"https:\/\/www.manaus.am.gov.br\/semcom\/#\/schema\/person\/587989a23a463cde5618e6a028977a9a","name":"Maur\u00edcio Freire","image":{"@type":"ImageObject","inLanguage":"pt-BR","@id":"https:\/\/www.manaus.am.gov.br\/semcom\/#\/schema\/person\/image\/","url":"https:\/\/secure.gravatar.com\/avatar\/dc1481799a1f75c733ac3b2634cd6749?s=96&d=mm&r=g","contentUrl":"https:\/\/secure.gravatar.com\/avatar\/dc1481799a1f75c733ac3b2634cd6749?s=96&d=mm&r=g","caption":"Maur\u00edcio Freire"}}]}},"_links":{"self":[{"href":"https:\/\/www.manaus.am.gov.br\/semcom\/wp-json\/wp\/v2\/posts\/208422"}],"collection":[{"href":"https:\/\/www.manaus.am.gov.br\/semcom\/wp-json\/wp\/v2\/posts"}],"about":[{"href":"https:\/\/www.manaus.am.gov.br\/semcom\/wp-json\/wp\/v2\/types\/post"}],"author":[{"embeddable":true,"href":"https:\/\/www.manaus.am.gov.br\/semcom\/wp-json\/wp\/v2\/users\/25"}],"replies":[{"embeddable":true,"href":"https:\/\/www.manaus.am.gov.br\/semcom\/wp-json\/wp\/v2\/comments?post=208422"}],"version-history":[{"count":0,"href":"https:\/\/www.manaus.am.gov.br\/semcom\/wp-json\/wp\/v2\/posts\/208422\/revisions"}],"wp:featuredmedia":[{"embeddable":true,"href":"https:\/\/www.manaus.am.gov.br\/semcom\/wp-json\/wp\/v2\/media\/208423"}],"wp:attachment":[{"href":"https:\/\/www.manaus.am.gov.br\/semcom\/wp-json\/wp\/v2\/media?parent=208422"}],"wp:term":[{"taxonomy":"category","embeddable":true,"href":"https:\/\/www.manaus.am.gov.br\/semcom\/wp-json\/wp\/v2\/categories?post=208422"},{"taxonomy":"post_tag","embeddable":true,"href":"https:\/\/www.manaus.am.gov.br\/semcom\/wp-json\/wp\/v2\/tags?post=208422"}],"curies":[{"name":"wp","href":"https:\/\/api.w.org\/{rel}","templated":true}]}}