{"id":208412,"date":"2023-01-31T17:44:34","date_gmt":"2023-01-31T20:44:34","guid":{"rendered":"https:\/\/www.manaus.am.gov.br\/semcom\/2023\/01\/31\/prefeitura-de-manaus-altera-sentido-de-circulacao-em-vias-do-bairro-cidade-nova\/"},"modified":"2023-01-31T17:44:35","modified_gmt":"2023-01-31T20:44:35","slug":"prefeitura-de-manaus-altera-sentido-de-circulacao-em-vias-do-bairro-cidade-nova","status":"publish","type":"post","link":"https:\/\/www.manaus.am.gov.br\/semcom\/prefeitura-de-manaus-altera-sentido-de-circulacao-em-vias-do-bairro-cidade-nova\/","title":{"rendered":"<strong>Prefeitura de Manaus altera sentido de circula\u00e7\u00e3o em vias do bairro Cidade Nova<\/strong><strong><\/strong>"},"content":{"rendered":"\n<p>A Prefeitura de Manaus, via Instituto Municipal de Mobilidade Urbana (IMMU), vai alterar na pr\u00f3xima sexta-feira, 3\/2, o sentido de circula\u00e7\u00e3o das ruas A-4, no trecho entre a avenida Governador Jos\u00e9 Lindoso (das Torres) at\u00e9 a avenida Coletora, no bairro Cidade Nova, zona Norte. A mudan\u00e7a de circula\u00e7\u00e3o \u00e9 necess\u00e1ria para extinguir a sa\u00edda perigosa dos ve\u00edculos provenientes da rua A-4 para a avenida das Torres, no retorno, em dire\u00e7\u00e3o ao bairro do Coroado.<\/p>\n\n\n\n<p>\u201cNossa equipe de engenharia analisou que essas vias em sentido duplo de circula\u00e7\u00e3o estavam realizando manobras com perigo para acessar a avenida das Torres. A mudan\u00e7a ser\u00e1 aplicada a partir desta sexta-feira, e vamos orientar os motoristas sobre as altera\u00e7\u00f5es\u201d, informou Uarodi Guedes, diretor de engenharia do IMMU.<\/p>\n\n\n\n<p>Para regulamentar a mudan\u00e7a nas vias, as equipes aplicaram sinaliza\u00e7\u00e3o horizontal de linha de reten\u00e7\u00e3o, pintura de legenda PARE, setas direcionais e placa vertical de regulamenta\u00e7\u00e3o do sentido de circula\u00e7\u00e3o da via.<\/p>\n\n\n\n<p>Os agentes estar\u00e3o no local para orientar os condutores de ve\u00edculos sobre a mudan\u00e7a no itiner\u00e1rio e op\u00e7\u00f5es de circula\u00e7\u00e3o na via. Com a nova regulamenta\u00e7\u00e3o de sentido de circula\u00e7\u00e3o, os motoristas que trafegarem na contram\u00e3o estar\u00e3o cometendo infra\u00e7\u00e3o grav\u00edssima, com perda de sete pontos na carteira de habilita\u00e7\u00e3o e multa de R$ 293,47.<\/p>\n\n\n\n<p>&#8211; &#8212; &#8212;&nbsp;<\/p>\n\n\n\n<p><strong>Texto<\/strong> \u2013 Marcelo Lima \/ IMMU<\/p>\n\n\n\n<p><strong>Foto <\/strong>\u2013 Divulga\u00e7\u00e3o \/ IMMU<\/p>\n","protected":false},"excerpt":{"rendered":"","protected":false},"author":31,"featured_media":208413,"comment_status":"closed","ping_status":"closed","sticky":false,"template":"","format":"standard","meta":{"footnotes":""},"categories":[43],"tags":[443,321,444,87],"acf":[],"yoast_head":"<!-- This site is optimized with the Yoast SEO plugin v23.0 - https:\/\/yoast.com\/wordpress\/plugins\/seo\/ -->\n<title>Prefeitura de Manaus altera sentido de circula\u00e7\u00e3o em vias do bairro Cidade Nova - SEMCOM<\/title>\n<meta name=\"robots\" content=\"index, follow, max-snippet:-1, max-image-preview:large, max-video-preview:-1\" \/>\n<link rel=\"canonical\" href=\"https:\/\/www.manaus.am.gov.br\/semcom\/prefeitura-de-manaus-altera-sentido-de-circulacao-em-vias-do-bairro-cidade-nova\/\" \/>\n<meta property=\"og:locale\" content=\"pt_BR\" \/>\n<meta property=\"og:type\" content=\"article\" \/>\n<meta property=\"og:title\" content=\"Prefeitura de Manaus altera sentido de circula\u00e7\u00e3o em vias do bairro Cidade Nova - SEMCOM\" \/>\n<meta property=\"og:url\" content=\"https:\/\/www.manaus.am.gov.br\/semcom\/prefeitura-de-manaus-altera-sentido-de-circulacao-em-vias-do-bairro-cidade-nova\/\" \/>\n<meta property=\"og:site_name\" content=\"SEMCOM\" \/>\n<meta property=\"article:published_time\" content=\"2023-01-31T20:44:34+00:00\" \/>\n<meta property=\"article:modified_time\" content=\"2023-01-31T20:44:35+00:00\" \/>\n<meta property=\"og:image\" content=\"https:\/\/www.manaus.am.gov.br\/semcom\/wp-content\/uploads\/sites\/5\/2023\/01\/transito.jpeg\" \/>\n\t<meta property=\"og:image:width\" content=\"1600\" \/>\n\t<meta property=\"og:image:height\" content=\"1600\" \/>\n\t<meta property=\"og:image:type\" content=\"image\/jpeg\" \/>\n<meta name=\"author\" content=\"Renata Felix\" \/>\n<meta name=\"twitter:card\" content=\"summary_large_image\" \/>\n<meta name=\"twitter:label1\" content=\"Written by\" \/>\n\t<meta name=\"twitter:data1\" content=\"Renata Felix\" \/>\n\t<meta name=\"twitter:label2\" content=\"Est. reading time\" \/>\n\t<meta name=\"twitter:data2\" content=\"2 minutos\" \/>\n<script type=\"application\/ld+json\" class=\"yoast-schema-graph\">{\"@context\":\"https:\/\/schema.org\",\"@graph\":[{\"@type\":\"WebPage\",\"@id\":\"https:\/\/www.manaus.am.gov.br\/semcom\/prefeitura-de-manaus-altera-sentido-de-circulacao-em-vias-do-bairro-cidade-nova\/\",\"url\":\"https:\/\/www.manaus.am.gov.br\/semcom\/prefeitura-de-manaus-altera-sentido-de-circulacao-em-vias-do-bairro-cidade-nova\/\",\"name\":\"Prefeitura de Manaus altera sentido de circula\u00e7\u00e3o em vias do bairro Cidade Nova - SEMCOM\",\"isPartOf\":{\"@id\":\"https:\/\/www.manaus.am.gov.br\/semcom\/#website\"},\"primaryImageOfPage\":{\"@id\":\"https:\/\/www.manaus.am.gov.br\/semcom\/prefeitura-de-manaus-altera-sentido-de-circulacao-em-vias-do-bairro-cidade-nova\/#primaryimage\"},\"image\":{\"@id\":\"https:\/\/www.manaus.am.gov.br\/semcom\/prefeitura-de-manaus-altera-sentido-de-circulacao-em-vias-do-bairro-cidade-nova\/#primaryimage\"},\"thumbnailUrl\":\"https:\/\/www.manaus.am.gov.br\/semcom\/wp-content\/uploads\/sites\/5\/2023\/01\/transito.jpeg\",\"datePublished\":\"2023-01-31T20:44:34+00:00\",\"dateModified\":\"2023-01-31T20:44:35+00:00\",\"author\":{\"@id\":\"https:\/\/www.manaus.am.gov.br\/semcom\/#\/schema\/person\/4eea2a8f78dc853097abb026f728aa06\"},\"inLanguage\":\"pt-BR\",\"potentialAction\":[{\"@type\":\"ReadAction\",\"target\":[\"https:\/\/www.manaus.am.gov.br\/semcom\/prefeitura-de-manaus-altera-sentido-de-circulacao-em-vias-do-bairro-cidade-nova\/\"]}]},{\"@type\":\"ImageObject\",\"inLanguage\":\"pt-BR\",\"@id\":\"https:\/\/www.manaus.am.gov.br\/semcom\/prefeitura-de-manaus-altera-sentido-de-circulacao-em-vias-do-bairro-cidade-nova\/#primaryimage\",\"url\":\"https:\/\/www.manaus.am.gov.br\/semcom\/wp-content\/uploads\/sites\/5\/2023\/01\/transito.jpeg\",\"contentUrl\":\"https:\/\/www.manaus.am.gov.br\/semcom\/wp-content\/uploads\/sites\/5\/2023\/01\/transito.jpeg\",\"width\":1600,\"height\":1600},{\"@type\":\"WebSite\",\"@id\":\"https:\/\/www.manaus.am.gov.br\/semcom\/#website\",\"url\":\"https:\/\/www.manaus.am.gov.br\/semcom\/\",\"name\":\"SEMCOM\",\"description\":\"Secretaria Municipal de Comunica\u00e7\u00e3o\",\"potentialAction\":[{\"@type\":\"SearchAction\",\"target\":{\"@type\":\"EntryPoint\",\"urlTemplate\":\"https:\/\/www.manaus.am.gov.br\/semcom\/?s={search_term_string}\"},\"query-input\":\"required name=search_term_string\"}],\"inLanguage\":\"pt-BR\"},{\"@type\":\"Person\",\"@id\":\"https:\/\/www.manaus.am.gov.br\/semcom\/#\/schema\/person\/4eea2a8f78dc853097abb026f728aa06\",\"name\":\"Renata Felix\",\"image\":{\"@type\":\"ImageObject\",\"inLanguage\":\"pt-BR\",\"@id\":\"https:\/\/www.manaus.am.gov.br\/semcom\/#\/schema\/person\/image\/\",\"url\":\"https:\/\/secure.gravatar.com\/avatar\/3c196cf9d3b837b24c8edb2c50fd8f29?s=96&d=mm&r=g\",\"contentUrl\":\"https:\/\/secure.gravatar.com\/avatar\/3c196cf9d3b837b24c8edb2c50fd8f29?s=96&d=mm&r=g\",\"caption\":\"Renata Felix\"}}]}<\/script>\n<!-- \/ Yoast SEO plugin. -->","yoast_head_json":{"title":"Prefeitura de Manaus altera sentido de circula\u00e7\u00e3o em vias do bairro Cidade Nova - SEMCOM","robots":{"index":"index","follow":"follow","max-snippet":"max-snippet:-1","max-image-preview":"max-image-preview:large","max-video-preview":"max-video-preview:-1"},"canonical":"https:\/\/www.manaus.am.gov.br\/semcom\/prefeitura-de-manaus-altera-sentido-de-circulacao-em-vias-do-bairro-cidade-nova\/","og_locale":"pt_BR","og_type":"article","og_title":"Prefeitura de Manaus altera sentido de circula\u00e7\u00e3o em vias do bairro Cidade Nova - SEMCOM","og_url":"https:\/\/www.manaus.am.gov.br\/semcom\/prefeitura-de-manaus-altera-sentido-de-circulacao-em-vias-do-bairro-cidade-nova\/","og_site_name":"SEMCOM","article_published_time":"2023-01-31T20:44:34+00:00","article_modified_time":"2023-01-31T20:44:35+00:00","og_image":[{"width":1600,"height":1600,"url":"https:\/\/www.manaus.am.gov.br\/semcom\/wp-content\/uploads\/sites\/5\/2023\/01\/transito.jpeg","type":"image\/jpeg"}],"author":"Renata Felix","twitter_card":"summary_large_image","twitter_misc":{"Written by":"Renata Felix","Est. reading time":"2 minutos"},"schema":{"@context":"https:\/\/schema.org","@graph":[{"@type":"WebPage","@id":"https:\/\/www.manaus.am.gov.br\/semcom\/prefeitura-de-manaus-altera-sentido-de-circulacao-em-vias-do-bairro-cidade-nova\/","url":"https:\/\/www.manaus.am.gov.br\/semcom\/prefeitura-de-manaus-altera-sentido-de-circulacao-em-vias-do-bairro-cidade-nova\/","name":"Prefeitura de Manaus altera sentido de circula\u00e7\u00e3o em vias do bairro Cidade Nova - SEMCOM","isPartOf":{"@id":"https:\/\/www.manaus.am.gov.br\/semcom\/#website"},"primaryImageOfPage":{"@id":"https:\/\/www.manaus.am.gov.br\/semcom\/prefeitura-de-manaus-altera-sentido-de-circulacao-em-vias-do-bairro-cidade-nova\/#primaryimage"},"image":{"@id":"https:\/\/www.manaus.am.gov.br\/semcom\/prefeitura-de-manaus-altera-sentido-de-circulacao-em-vias-do-bairro-cidade-nova\/#primaryimage"},"thumbnailUrl":"https:\/\/www.manaus.am.gov.br\/semcom\/wp-content\/uploads\/sites\/5\/2023\/01\/transito.jpeg","datePublished":"2023-01-31T20:44:34+00:00","dateModified":"2023-01-31T20:44:35+00:00","author":{"@id":"https:\/\/www.manaus.am.gov.br\/semcom\/#\/schema\/person\/4eea2a8f78dc853097abb026f728aa06"},"inLanguage":"pt-BR","potentialAction":[{"@type":"ReadAction","target":["https:\/\/www.manaus.am.gov.br\/semcom\/prefeitura-de-manaus-altera-sentido-de-circulacao-em-vias-do-bairro-cidade-nova\/"]}]},{"@type":"ImageObject","inLanguage":"pt-BR","@id":"https:\/\/www.manaus.am.gov.br\/semcom\/prefeitura-de-manaus-altera-sentido-de-circulacao-em-vias-do-bairro-cidade-nova\/#primaryimage","url":"https:\/\/www.manaus.am.gov.br\/semcom\/wp-content\/uploads\/sites\/5\/2023\/01\/transito.jpeg","contentUrl":"https:\/\/www.manaus.am.gov.br\/semcom\/wp-content\/uploads\/sites\/5\/2023\/01\/transito.jpeg","width":1600,"height":1600},{"@type":"WebSite","@id":"https:\/\/www.manaus.am.gov.br\/semcom\/#website","url":"https:\/\/www.manaus.am.gov.br\/semcom\/","name":"SEMCOM","description":"Secretaria Municipal de Comunica\u00e7\u00e3o","potentialAction":[{"@type":"SearchAction","target":{"@type":"EntryPoint","urlTemplate":"https:\/\/www.manaus.am.gov.br\/semcom\/?s={search_term_string}"},"query-input":"required name=search_term_string"}],"inLanguage":"pt-BR"},{"@type":"Person","@id":"https:\/\/www.manaus.am.gov.br\/semcom\/#\/schema\/person\/4eea2a8f78dc853097abb026f728aa06","name":"Renata Felix","image":{"@type":"ImageObject","inLanguage":"pt-BR","@id":"https:\/\/www.manaus.am.gov.br\/semcom\/#\/schema\/person\/image\/","url":"https:\/\/secure.gravatar.com\/avatar\/3c196cf9d3b837b24c8edb2c50fd8f29?s=96&d=mm&r=g","contentUrl":"https:\/\/secure.gravatar.com\/avatar\/3c196cf9d3b837b24c8edb2c50fd8f29?s=96&d=mm&r=g","caption":"Renata Felix"}}]}},"_links":{"self":[{"href":"https:\/\/www.manaus.am.gov.br\/semcom\/wp-json\/wp\/v2\/posts\/208412"}],"collection":[{"href":"https:\/\/www.manaus.am.gov.br\/semcom\/wp-json\/wp\/v2\/posts"}],"about":[{"href":"https:\/\/www.manaus.am.gov.br\/semcom\/wp-json\/wp\/v2\/types\/post"}],"author":[{"embeddable":true,"href":"https:\/\/www.manaus.am.gov.br\/semcom\/wp-json\/wp\/v2\/users\/31"}],"replies":[{"embeddable":true,"href":"https:\/\/www.manaus.am.gov.br\/semcom\/wp-json\/wp\/v2\/comments?post=208412"}],"version-history":[{"count":0,"href":"https:\/\/www.manaus.am.gov.br\/semcom\/wp-json\/wp\/v2\/posts\/208412\/revisions"}],"wp:featuredmedia":[{"embeddable":true,"href":"https:\/\/www.manaus.am.gov.br\/semcom\/wp-json\/wp\/v2\/media\/208413"}],"wp:attachment":[{"href":"https:\/\/www.manaus.am.gov.br\/semcom\/wp-json\/wp\/v2\/media?parent=208412"}],"wp:term":[{"taxonomy":"category","embeddable":true,"href":"https:\/\/www.manaus.am.gov.br\/semcom\/wp-json\/wp\/v2\/categories?post=208412"},{"taxonomy":"post_tag","embeddable":true,"href":"https:\/\/www.manaus.am.gov.br\/semcom\/wp-json\/wp\/v2\/tags?post=208412"}],"curies":[{"name":"wp","href":"https:\/\/api.w.org\/{rel}","templated":true}]}}