{"id":208402,"date":"2023-01-31T15:29:26","date_gmt":"2023-01-31T18:29:26","guid":{"rendered":"https:\/\/www.manaus.am.gov.br\/semcom\/2023\/01\/31\/prefeitura-inicia-atividades-no-parque-municipal-do-idoso-no-dia-7-2\/"},"modified":"2023-01-31T15:29:28","modified_gmt":"2023-01-31T18:29:28","slug":"prefeitura-inicia-atividades-no-parque-municipal-do-idoso-no-dia-7-2","status":"publish","type":"post","link":"https:\/\/www.manaus.am.gov.br\/semcom\/prefeitura-inicia-atividades-no-parque-municipal-do-idoso-no-dia-7-2\/","title":{"rendered":"<strong>Prefeitura inicia atividades no Parque Municipal do Idoso no dia 7\/2<\/strong>"},"content":{"rendered":"\n<p>A Prefeitura de Manaus iniciar\u00e1 as atividades no Parque Municipal do Idoso (PMI) na ter\u00e7a-feira, 7\/2, para mais de mil idosos inscritos. Os alunos ser\u00e3o recebidos com a tradicional \u201cAcolhida\u201d, nos hor\u00e1rios das 8h30 \u00e0s 10h30 e 13h30 \u00e0s 16h, nas depend\u00eancias do parque, localizado na rua Rio Mar, n\u00ba 1.324, bairro Nossa Senhora das Gra\u00e7as, zona Centro-Sul.<\/p>\n\n\n\n<p>Este ano, a acolhida ter\u00e1 um espa\u00e7o com um t\u00fanel do tempo, com fotos das atividades e eventos desenvolvidos ao longo dos 20 anos do PMI. O segundo ambiente contar\u00e1 com um aul\u00e3o em ritmo de Carnaval, informa\u00e7\u00f5es sobre o funcionamento do PMI, din\u00e2micas e muita marchinha com o DJ Ery Castro.<\/p>\n\n\n\n<p>Neste primeiro momento, as atividades oferecidas ser\u00e3o hidrogin\u00e1stica, nata\u00e7\u00e3o, alongamento,&nbsp;gin\u00e1stica laboral&nbsp;e terap\u00eautica, pilates solo, dan\u00e7a de sal\u00e3o, bal\u00e9 cl\u00e1ssico, dan\u00e7a coreogr\u00e1fica, oficina da mem\u00f3ria, oficina de artesanato, coral \u201cVozes de Ouro\u201d e viol\u00e3o.<\/p>\n\n\n\n<p>O n\u00facleo de atividades f\u00edsicas, este ano, apresenta uma novidade. Uma turma de hidrogin\u00e1stica direcionada a pessoas idosas com mais de 80 anos, como explica a gerente de atividades f\u00edsicas, Ana Beatrice.<\/p>\n\n\n\n<p>\u201cEssa turma da hidrogin\u00e1stica \u00e9 muito especial, percebemos que est\u00e1vamos com uma procura alta e um n\u00famero expressivo de alunos nessa faixa et\u00e1ria, mas que estavam com dificuldades de acompanhar o ritmo, por ter uma intensidade mais elevada, por isso, vamos atender com uma aula preparada exclusivamente para eles\u201d explicou Beatrice.<\/p>\n\n\n\n<p>Durante o per\u00edodo de matr\u00edcula, os idosos passaram por avalia\u00e7\u00e3o e funcional,&nbsp; composta de uma anamnese, levantamento epidemiol\u00f3gico (Covid) e quatro testes funcionais que avaliam a for\u00e7a&nbsp;de membros superiores e inferiores,&nbsp;flexibilidade e risco de queda, equil\u00edbrio din\u00e2mico e agilidade, com o objetivo de apurar o grau de intensidade no qual est\u00e3o inseridos, para orient\u00e1-los para a atividade correta.<\/p>\n\n\n\n<p>Beneficiando cada vez mais a popula\u00e7\u00e3o idosa, por meio de atividades f\u00edsicas, laborativas, recreativas, culturais e de educa\u00e7\u00e3o para a cidadania, a Prefeitura de Manaus vem fortemente trabalhando em a\u00e7\u00f5es para garantir \u00e0 popula\u00e7\u00e3o idosa de Manaus um envelhecimento saud\u00e1vel.<\/p>\n\n\n\n<p>Segundo a diretora-presidente da FDT, Martha Moutinho, o Parque Municipal do Idoso sempre oferece qualidade de vida aos idosos da capital e, na gest\u00e3o do prefeito David Almeida, \u00e9 prioridade oferecer cada vez mais qualidade de vida no processo de envelhecimento dos idosos atendidos no PMI.<\/p>\n\n\n\n<p>\u201c\u00c9 muito importante para os idosos o h\u00e1bito de frequentar o parque, praticar as atividades, encontrar os amigos e professores queridos. Isso ajuda muito na autonomia, integra\u00e7\u00e3o social e autossatisfa\u00e7\u00e3o da pessoa idosa. A pr\u00e1tica das atividades melhora o bem-estar cognitivo e social, ajudando a manter a qualidade de vida\u201d, ressaltou.<\/p>\n\n\n\n<p><strong>Sistema Integrado<\/strong><\/p>\n\n\n\n<p>Este ano, mais uma etapa na informatiza\u00e7\u00e3o do parque foi conclu\u00edda. O sistema integrado foi criado para administrar as informa\u00e7\u00f5es da pessoa idosa matriculada no PMI. Interligado aos setores, o processo facilita para que a equipe multidisciplinar possa otimizar as informa\u00e7\u00f5es de cada aluno. Com o n\u00famero do CPF, s\u00e3o identificadas todas as informa\u00e7\u00f5es do matriculado, como presen\u00e7a, quais atividades realizam, exames m\u00e9dicos e outros.&nbsp;<\/p>\n\n\n\n<p>&#8212; &#8212; &#8212;<\/p>\n\n\n\n<p><strong>Texto &#8211;&nbsp;<\/strong>F\u00e1bia Lima \/ Funda\u00e7\u00e3o de Apoio ao Idoso Dr. Thomas (FDT)<\/p>\n\n\n\n<p><strong>Fotos &#8211;<\/strong>&nbsp;Divulga\u00e7\u00e3o \/ Funda\u00e7\u00e3o de Apoio ao Idoso Dr. Thomas (FDT)<\/p>\n","protected":false},"excerpt":{"rendered":"","protected":false},"author":24,"featured_media":208403,"comment_status":"closed","ping_status":"closed","sticky":false,"template":"","format":"standard","meta":{"footnotes":""},"categories":[424],"tags":[425,426,427,428,429,430,77],"acf":[],"yoast_head":"<!-- This site is optimized with the Yoast SEO plugin v23.0 - https:\/\/yoast.com\/wordpress\/plugins\/seo\/ -->\n<title>Prefeitura inicia atividades no Parque Municipal do Idoso no dia 7\/2 - SEMCOM<\/title>\n<meta name=\"description\" content=\"A Prefeitura de Manaus iniciar\u00e1 as atividades no Parque Municipal do Idoso (PMI) na ter\u00e7a-feira, 7\/2, para mais de mil idosos inscritos.\" \/>\n<meta name=\"robots\" content=\"index, follow, max-snippet:-1, max-image-preview:large, max-video-preview:-1\" \/>\n<link rel=\"canonical\" href=\"https:\/\/www.manaus.am.gov.br\/semcom\/prefeitura-inicia-atividades-no-parque-municipal-do-idoso-no-dia-7-2\/\" \/>\n<meta property=\"og:locale\" content=\"pt_BR\" \/>\n<meta property=\"og:type\" content=\"article\" \/>\n<meta property=\"og:title\" content=\"Prefeitura inicia atividades no Parque Municipal do Idoso no dia 7\/2 - SEMCOM\" \/>\n<meta property=\"og:description\" content=\"A Prefeitura de Manaus iniciar\u00e1 as atividades no Parque Municipal do Idoso (PMI) na ter\u00e7a-feira, 7\/2, para mais de mil idosos inscritos.\" \/>\n<meta property=\"og:url\" content=\"https:\/\/www.manaus.am.gov.br\/semcom\/prefeitura-inicia-atividades-no-parque-municipal-do-idoso-no-dia-7-2\/\" \/>\n<meta property=\"og:site_name\" content=\"SEMCOM\" \/>\n<meta property=\"article:published_time\" content=\"2023-01-31T18:29:26+00:00\" \/>\n<meta property=\"article:modified_time\" content=\"2023-01-31T18:29:28+00:00\" \/>\n<meta property=\"og:image\" content=\"https:\/\/www.manaus.am.gov.br\/semcom\/wp-content\/uploads\/sites\/5\/2023\/01\/Prefeitura-inicia-atividades-no-Parque-Municipal-do-Idoso-5.jpeg\" \/>\n\t<meta property=\"og:image:width\" content=\"1600\" \/>\n\t<meta property=\"og:image:height\" content=\"1066\" \/>\n\t<meta property=\"og:image:type\" content=\"image\/jpeg\" \/>\n<meta name=\"author\" content=\"Cl\u00e1udia Barbosa\" \/>\n<meta name=\"twitter:card\" content=\"summary_large_image\" \/>\n<meta name=\"twitter:label1\" content=\"Written by\" \/>\n\t<meta name=\"twitter:data1\" content=\"Cl\u00e1udia Barbosa\" \/>\n\t<meta name=\"twitter:label2\" content=\"Est. reading time\" \/>\n\t<meta name=\"twitter:data2\" content=\"3 minutos\" \/>\n<script type=\"application\/ld+json\" class=\"yoast-schema-graph\">{\"@context\":\"https:\/\/schema.org\",\"@graph\":[{\"@type\":\"WebPage\",\"@id\":\"https:\/\/www.manaus.am.gov.br\/semcom\/prefeitura-inicia-atividades-no-parque-municipal-do-idoso-no-dia-7-2\/\",\"url\":\"https:\/\/www.manaus.am.gov.br\/semcom\/prefeitura-inicia-atividades-no-parque-municipal-do-idoso-no-dia-7-2\/\",\"name\":\"Prefeitura inicia atividades no Parque Municipal do Idoso no dia 7\/2 - SEMCOM\",\"isPartOf\":{\"@id\":\"https:\/\/www.manaus.am.gov.br\/semcom\/#website\"},\"primaryImageOfPage\":{\"@id\":\"https:\/\/www.manaus.am.gov.br\/semcom\/prefeitura-inicia-atividades-no-parque-municipal-do-idoso-no-dia-7-2\/#primaryimage\"},\"image\":{\"@id\":\"https:\/\/www.manaus.am.gov.br\/semcom\/prefeitura-inicia-atividades-no-parque-municipal-do-idoso-no-dia-7-2\/#primaryimage\"},\"thumbnailUrl\":\"https:\/\/www.manaus.am.gov.br\/semcom\/wp-content\/uploads\/sites\/5\/2023\/01\/Prefeitura-inicia-atividades-no-Parque-Municipal-do-Idoso-5.jpeg\",\"datePublished\":\"2023-01-31T18:29:26+00:00\",\"dateModified\":\"2023-01-31T18:29:28+00:00\",\"author\":{\"@id\":\"https:\/\/www.manaus.am.gov.br\/semcom\/#\/schema\/person\/d0a166b5031154c33c77794ddc9a827e\"},\"description\":\"A Prefeitura de Manaus iniciar\u00e1 as atividades no Parque Municipal do Idoso (PMI) na ter\u00e7a-feira, 7\/2, para mais de mil idosos inscritos.\",\"inLanguage\":\"pt-BR\",\"potentialAction\":[{\"@type\":\"ReadAction\",\"target\":[\"https:\/\/www.manaus.am.gov.br\/semcom\/prefeitura-inicia-atividades-no-parque-municipal-do-idoso-no-dia-7-2\/\"]}]},{\"@type\":\"ImageObject\",\"inLanguage\":\"pt-BR\",\"@id\":\"https:\/\/www.manaus.am.gov.br\/semcom\/prefeitura-inicia-atividades-no-parque-municipal-do-idoso-no-dia-7-2\/#primaryimage\",\"url\":\"https:\/\/www.manaus.am.gov.br\/semcom\/wp-content\/uploads\/sites\/5\/2023\/01\/Prefeitura-inicia-atividades-no-Parque-Municipal-do-Idoso-5.jpeg\",\"contentUrl\":\"https:\/\/www.manaus.am.gov.br\/semcom\/wp-content\/uploads\/sites\/5\/2023\/01\/Prefeitura-inicia-atividades-no-Parque-Municipal-do-Idoso-5.jpeg\",\"width\":1600,\"height\":1066},{\"@type\":\"WebSite\",\"@id\":\"https:\/\/www.manaus.am.gov.br\/semcom\/#website\",\"url\":\"https:\/\/www.manaus.am.gov.br\/semcom\/\",\"name\":\"SEMCOM\",\"description\":\"Secretaria Municipal de Comunica\u00e7\u00e3o\",\"potentialAction\":[{\"@type\":\"SearchAction\",\"target\":{\"@type\":\"EntryPoint\",\"urlTemplate\":\"https:\/\/www.manaus.am.gov.br\/semcom\/?s={search_term_string}\"},\"query-input\":\"required name=search_term_string\"}],\"inLanguage\":\"pt-BR\"},{\"@type\":\"Person\",\"@id\":\"https:\/\/www.manaus.am.gov.br\/semcom\/#\/schema\/person\/d0a166b5031154c33c77794ddc9a827e\",\"name\":\"Cl\u00e1udia Barbosa\",\"image\":{\"@type\":\"ImageObject\",\"inLanguage\":\"pt-BR\",\"@id\":\"https:\/\/www.manaus.am.gov.br\/semcom\/#\/schema\/person\/image\/\",\"url\":\"https:\/\/secure.gravatar.com\/avatar\/42958a1cf007f1a00534009218c72590?s=96&d=mm&r=g\",\"contentUrl\":\"https:\/\/secure.gravatar.com\/avatar\/42958a1cf007f1a00534009218c72590?s=96&d=mm&r=g\",\"caption\":\"Cl\u00e1udia Barbosa\"}}]}<\/script>\n<!-- \/ Yoast SEO plugin. -->","yoast_head_json":{"title":"Prefeitura inicia atividades no Parque Municipal do Idoso no dia 7\/2 - SEMCOM","description":"A Prefeitura de Manaus iniciar\u00e1 as atividades no Parque Municipal do Idoso (PMI) na ter\u00e7a-feira, 7\/2, para mais de mil idosos inscritos.","robots":{"index":"index","follow":"follow","max-snippet":"max-snippet:-1","max-image-preview":"max-image-preview:large","max-video-preview":"max-video-preview:-1"},"canonical":"https:\/\/www.manaus.am.gov.br\/semcom\/prefeitura-inicia-atividades-no-parque-municipal-do-idoso-no-dia-7-2\/","og_locale":"pt_BR","og_type":"article","og_title":"Prefeitura inicia atividades no Parque Municipal do Idoso no dia 7\/2 - SEMCOM","og_description":"A Prefeitura de Manaus iniciar\u00e1 as atividades no Parque Municipal do Idoso (PMI) na ter\u00e7a-feira, 7\/2, para mais de mil idosos inscritos.","og_url":"https:\/\/www.manaus.am.gov.br\/semcom\/prefeitura-inicia-atividades-no-parque-municipal-do-idoso-no-dia-7-2\/","og_site_name":"SEMCOM","article_published_time":"2023-01-31T18:29:26+00:00","article_modified_time":"2023-01-31T18:29:28+00:00","og_image":[{"width":1600,"height":1066,"url":"https:\/\/www.manaus.am.gov.br\/semcom\/wp-content\/uploads\/sites\/5\/2023\/01\/Prefeitura-inicia-atividades-no-Parque-Municipal-do-Idoso-5.jpeg","type":"image\/jpeg"}],"author":"Cl\u00e1udia Barbosa","twitter_card":"summary_large_image","twitter_misc":{"Written by":"Cl\u00e1udia Barbosa","Est. reading time":"3 minutos"},"schema":{"@context":"https:\/\/schema.org","@graph":[{"@type":"WebPage","@id":"https:\/\/www.manaus.am.gov.br\/semcom\/prefeitura-inicia-atividades-no-parque-municipal-do-idoso-no-dia-7-2\/","url":"https:\/\/www.manaus.am.gov.br\/semcom\/prefeitura-inicia-atividades-no-parque-municipal-do-idoso-no-dia-7-2\/","name":"Prefeitura inicia atividades no Parque Municipal do Idoso no dia 7\/2 - SEMCOM","isPartOf":{"@id":"https:\/\/www.manaus.am.gov.br\/semcom\/#website"},"primaryImageOfPage":{"@id":"https:\/\/www.manaus.am.gov.br\/semcom\/prefeitura-inicia-atividades-no-parque-municipal-do-idoso-no-dia-7-2\/#primaryimage"},"image":{"@id":"https:\/\/www.manaus.am.gov.br\/semcom\/prefeitura-inicia-atividades-no-parque-municipal-do-idoso-no-dia-7-2\/#primaryimage"},"thumbnailUrl":"https:\/\/www.manaus.am.gov.br\/semcom\/wp-content\/uploads\/sites\/5\/2023\/01\/Prefeitura-inicia-atividades-no-Parque-Municipal-do-Idoso-5.jpeg","datePublished":"2023-01-31T18:29:26+00:00","dateModified":"2023-01-31T18:29:28+00:00","author":{"@id":"https:\/\/www.manaus.am.gov.br\/semcom\/#\/schema\/person\/d0a166b5031154c33c77794ddc9a827e"},"description":"A Prefeitura de Manaus iniciar\u00e1 as atividades no Parque Municipal do Idoso (PMI) na ter\u00e7a-feira, 7\/2, para mais de mil idosos inscritos.","inLanguage":"pt-BR","potentialAction":[{"@type":"ReadAction","target":["https:\/\/www.manaus.am.gov.br\/semcom\/prefeitura-inicia-atividades-no-parque-municipal-do-idoso-no-dia-7-2\/"]}]},{"@type":"ImageObject","inLanguage":"pt-BR","@id":"https:\/\/www.manaus.am.gov.br\/semcom\/prefeitura-inicia-atividades-no-parque-municipal-do-idoso-no-dia-7-2\/#primaryimage","url":"https:\/\/www.manaus.am.gov.br\/semcom\/wp-content\/uploads\/sites\/5\/2023\/01\/Prefeitura-inicia-atividades-no-Parque-Municipal-do-Idoso-5.jpeg","contentUrl":"https:\/\/www.manaus.am.gov.br\/semcom\/wp-content\/uploads\/sites\/5\/2023\/01\/Prefeitura-inicia-atividades-no-Parque-Municipal-do-Idoso-5.jpeg","width":1600,"height":1066},{"@type":"WebSite","@id":"https:\/\/www.manaus.am.gov.br\/semcom\/#website","url":"https:\/\/www.manaus.am.gov.br\/semcom\/","name":"SEMCOM","description":"Secretaria Municipal de Comunica\u00e7\u00e3o","potentialAction":[{"@type":"SearchAction","target":{"@type":"EntryPoint","urlTemplate":"https:\/\/www.manaus.am.gov.br\/semcom\/?s={search_term_string}"},"query-input":"required name=search_term_string"}],"inLanguage":"pt-BR"},{"@type":"Person","@id":"https:\/\/www.manaus.am.gov.br\/semcom\/#\/schema\/person\/d0a166b5031154c33c77794ddc9a827e","name":"Cl\u00e1udia Barbosa","image":{"@type":"ImageObject","inLanguage":"pt-BR","@id":"https:\/\/www.manaus.am.gov.br\/semcom\/#\/schema\/person\/image\/","url":"https:\/\/secure.gravatar.com\/avatar\/42958a1cf007f1a00534009218c72590?s=96&d=mm&r=g","contentUrl":"https:\/\/secure.gravatar.com\/avatar\/42958a1cf007f1a00534009218c72590?s=96&d=mm&r=g","caption":"Cl\u00e1udia Barbosa"}}]}},"_links":{"self":[{"href":"https:\/\/www.manaus.am.gov.br\/semcom\/wp-json\/wp\/v2\/posts\/208402"}],"collection":[{"href":"https:\/\/www.manaus.am.gov.br\/semcom\/wp-json\/wp\/v2\/posts"}],"about":[{"href":"https:\/\/www.manaus.am.gov.br\/semcom\/wp-json\/wp\/v2\/types\/post"}],"author":[{"embeddable":true,"href":"https:\/\/www.manaus.am.gov.br\/semcom\/wp-json\/wp\/v2\/users\/24"}],"replies":[{"embeddable":true,"href":"https:\/\/www.manaus.am.gov.br\/semcom\/wp-json\/wp\/v2\/comments?post=208402"}],"version-history":[{"count":0,"href":"https:\/\/www.manaus.am.gov.br\/semcom\/wp-json\/wp\/v2\/posts\/208402\/revisions"}],"wp:featuredmedia":[{"embeddable":true,"href":"https:\/\/www.manaus.am.gov.br\/semcom\/wp-json\/wp\/v2\/media\/208403"}],"wp:attachment":[{"href":"https:\/\/www.manaus.am.gov.br\/semcom\/wp-json\/wp\/v2\/media?parent=208402"}],"wp:term":[{"taxonomy":"category","embeddable":true,"href":"https:\/\/www.manaus.am.gov.br\/semcom\/wp-json\/wp\/v2\/categories?post=208402"},{"taxonomy":"post_tag","embeddable":true,"href":"https:\/\/www.manaus.am.gov.br\/semcom\/wp-json\/wp\/v2\/tags?post=208402"}],"curies":[{"name":"wp","href":"https:\/\/api.w.org\/{rel}","templated":true}]}}