{"id":208327,"date":"2023-01-30T16:05:10","date_gmt":"2023-01-30T19:05:10","guid":{"rendered":"https:\/\/www.manaus.am.gov.br\/semcom\/2023\/01\/30\/prefeitura-de-manaus-fiscaliza-locais-proibidos-de-estacionar-na-zona-centro-sul\/"},"modified":"2023-01-30T16:05:11","modified_gmt":"2023-01-30T19:05:11","slug":"prefeitura-de-manaus-fiscaliza-locais-proibidos-de-estacionar-na-zona-centro-sul","status":"publish","type":"post","link":"https:\/\/www.manaus.am.gov.br\/semcom\/prefeitura-de-manaus-fiscaliza-locais-proibidos-de-estacionar-na-zona-centro-sul\/","title":{"rendered":"<strong>Prefeitura de Manaus fiscaliza locais proibidos de estacionar na zona Centro-Sul<\/strong>"},"content":{"rendered":"\n<p>Para ordenar o tr\u00e2nsito na cidade, a Prefeitura de Manaus, por meio do Instituto Municipal de Mobilidade Urbana (IMMU), realizou, nesta segunda-feira, 30\/1, a remo\u00e7\u00e3o de ve\u00edculos estacionados em locais proibidos. Foi removido um carro de passeio estacionado na marca de canaliza\u00e7\u00e3o pr\u00f3ximo \u00e0 passagem de desn\u00edvel no cruzamento entre as avenidas Djalma Batista e Darcy Vargas, na zona Centro-Sul da capital.<\/p>\n\n\n\n<p>O chefe de Divis\u00e3o de Fiscaliza\u00e7\u00e3o da zona Centro-Sul do IMMU, Roosevelt Farias, explicou que essas a\u00e7\u00f5es trazem mais seguran\u00e7a aos condutores. \u201cEstacionar em locais proibidos pode causar acidentes, por isso essas fiscaliza\u00e7\u00f5es s\u00e3o importantes. Este \u00e9 mais um motivo para se manter essas opera\u00e7\u00f5es e coibir as irregularidades. As fiscaliza\u00e7\u00f5es s\u00e3o necess\u00e1rias para trazer seguran\u00e7a \u00e0s vias e manter a boa circula\u00e7\u00e3o\u201d, assegurou.<\/p>\n\n\n\n<p>As multas aplicadas aos motoristas est\u00e3o no artigo 181, do C\u00f3digo de Tr\u00e2nsito Brasileiro (CTB) e v\u00e3o de multa m\u00e9dia, com quatro pontos na Carteira Nacional de Habilita\u00e7\u00e3o (CNH), no valor de R$ 130,16, at\u00e9 multa grav\u00edssima, com sete pontos na CNH e R$ 294,47 de multa. A medida administrativa para essas infra\u00e7\u00f5es \u00e9 a remo\u00e7\u00e3o do ve\u00edculo.<\/p>\n\n\n\n<p>O propriet\u00e1rio interessado em retirar o ve\u00edculo do parqueamento, situado na rua Visconde de Sinimbu, n\u00ba 1.568, Parque das Laranjeiras, zona Centro-Sul, deve ir at\u00e9 o local ou procurar o setor de atendimento do IMMU, na avenida Urucar\u00e1, n\u00ba 1.180, bairro &nbsp;Cachoeirinha, zona Sul, para pagar pend\u00eancias com impostos e multas, al\u00e9m das despesas com a remo\u00e7\u00e3o.<\/p>\n\n\n\n<p>&#8212; &#8212; &#8212;&nbsp;<\/p>\n\n\n\n<p><strong>Texto &#8211;<\/strong>&nbsp;\u00c1lisson Castro \/ IMMU<\/p>\n\n\n\n<p><strong>Fotos \u2013<\/strong>&nbsp;Divulga\u00e7\u00e3o \/ IMMU<\/p>\n","protected":false},"excerpt":{"rendered":"","protected":false},"author":24,"featured_media":208328,"comment_status":"closed","ping_status":"closed","sticky":false,"template":"","format":"standard","meta":{"footnotes":""},"categories":[357],"tags":[358,12,255,359,77,256,87],"acf":[],"yoast_head":"<!-- This site is optimized with the Yoast SEO plugin v23.0 - https:\/\/yoast.com\/wordpress\/plugins\/seo\/ -->\n<title>Prefeitura de Manaus fiscaliza locais proibidos de estacionar<\/title>\n<meta name=\"description\" content=\"Para ordenar o tr\u00e2nsito na cidade, a Prefeitura de Manaus, por meio do Instituto Municipal de Mobilidade Urbana (IMMU)\" \/>\n<meta name=\"robots\" content=\"index, follow, max-snippet:-1, max-image-preview:large, max-video-preview:-1\" \/>\n<link rel=\"canonical\" href=\"https:\/\/www.manaus.am.gov.br\/semcom\/prefeitura-de-manaus-fiscaliza-locais-proibidos-de-estacionar-na-zona-centro-sul\/\" \/>\n<meta property=\"og:locale\" content=\"pt_BR\" \/>\n<meta property=\"og:type\" content=\"article\" \/>\n<meta property=\"og:title\" content=\"Prefeitura de Manaus fiscaliza locais proibidos de estacionar\" \/>\n<meta property=\"og:description\" content=\"Para ordenar o tr\u00e2nsito na cidade, a Prefeitura de Manaus, por meio do Instituto Municipal de Mobilidade Urbana (IMMU)\" \/>\n<meta property=\"og:url\" content=\"https:\/\/www.manaus.am.gov.br\/semcom\/prefeitura-de-manaus-fiscaliza-locais-proibidos-de-estacionar-na-zona-centro-sul\/\" \/>\n<meta property=\"og:site_name\" content=\"SEMCOM\" \/>\n<meta property=\"article:published_time\" content=\"2023-01-30T19:05:10+00:00\" \/>\n<meta property=\"article:modified_time\" content=\"2023-01-30T19:05:11+00:00\" \/>\n<meta property=\"og:image\" content=\"https:\/\/www.manaus.am.gov.br\/semcom\/wp-content\/uploads\/sites\/5\/2023\/01\/Prefeitura-de-Manaus-fiscaliza-estacionamento-proibido-na-zona-Centro-Sul-2.jpg\" \/>\n\t<meta property=\"og:image:width\" content=\"1024\" \/>\n\t<meta property=\"og:image:height\" content=\"576\" \/>\n\t<meta property=\"og:image:type\" content=\"image\/jpeg\" \/>\n<meta name=\"author\" content=\"Cl\u00e1udia Barbosa\" \/>\n<meta name=\"twitter:card\" content=\"summary_large_image\" \/>\n<meta name=\"twitter:label1\" content=\"Written by\" \/>\n\t<meta name=\"twitter:data1\" content=\"Cl\u00e1udia Barbosa\" \/>\n\t<meta name=\"twitter:label2\" content=\"Est. reading time\" \/>\n\t<meta name=\"twitter:data2\" content=\"2 minutos\" \/>\n<script type=\"application\/ld+json\" class=\"yoast-schema-graph\">{\"@context\":\"https:\/\/schema.org\",\"@graph\":[{\"@type\":\"WebPage\",\"@id\":\"https:\/\/www.manaus.am.gov.br\/semcom\/prefeitura-de-manaus-fiscaliza-locais-proibidos-de-estacionar-na-zona-centro-sul\/\",\"url\":\"https:\/\/www.manaus.am.gov.br\/semcom\/prefeitura-de-manaus-fiscaliza-locais-proibidos-de-estacionar-na-zona-centro-sul\/\",\"name\":\"Prefeitura de Manaus fiscaliza locais proibidos de estacionar\",\"isPartOf\":{\"@id\":\"https:\/\/www.manaus.am.gov.br\/semcom\/#website\"},\"primaryImageOfPage\":{\"@id\":\"https:\/\/www.manaus.am.gov.br\/semcom\/prefeitura-de-manaus-fiscaliza-locais-proibidos-de-estacionar-na-zona-centro-sul\/#primaryimage\"},\"image\":{\"@id\":\"https:\/\/www.manaus.am.gov.br\/semcom\/prefeitura-de-manaus-fiscaliza-locais-proibidos-de-estacionar-na-zona-centro-sul\/#primaryimage\"},\"thumbnailUrl\":\"https:\/\/www.manaus.am.gov.br\/semcom\/wp-content\/uploads\/sites\/5\/2023\/01\/Prefeitura-de-Manaus-fiscaliza-estacionamento-proibido-na-zona-Centro-Sul-2.jpg\",\"datePublished\":\"2023-01-30T19:05:10+00:00\",\"dateModified\":\"2023-01-30T19:05:11+00:00\",\"author\":{\"@id\":\"https:\/\/www.manaus.am.gov.br\/semcom\/#\/schema\/person\/d0a166b5031154c33c77794ddc9a827e\"},\"description\":\"Para ordenar o tr\u00e2nsito na cidade, a Prefeitura de Manaus, por meio do Instituto Municipal de Mobilidade Urbana (IMMU)\",\"inLanguage\":\"pt-BR\",\"potentialAction\":[{\"@type\":\"ReadAction\",\"target\":[\"https:\/\/www.manaus.am.gov.br\/semcom\/prefeitura-de-manaus-fiscaliza-locais-proibidos-de-estacionar-na-zona-centro-sul\/\"]}]},{\"@type\":\"ImageObject\",\"inLanguage\":\"pt-BR\",\"@id\":\"https:\/\/www.manaus.am.gov.br\/semcom\/prefeitura-de-manaus-fiscaliza-locais-proibidos-de-estacionar-na-zona-centro-sul\/#primaryimage\",\"url\":\"https:\/\/www.manaus.am.gov.br\/semcom\/wp-content\/uploads\/sites\/5\/2023\/01\/Prefeitura-de-Manaus-fiscaliza-estacionamento-proibido-na-zona-Centro-Sul-2.jpg\",\"contentUrl\":\"https:\/\/www.manaus.am.gov.br\/semcom\/wp-content\/uploads\/sites\/5\/2023\/01\/Prefeitura-de-Manaus-fiscaliza-estacionamento-proibido-na-zona-Centro-Sul-2.jpg\",\"width\":1024,\"height\":576},{\"@type\":\"WebSite\",\"@id\":\"https:\/\/www.manaus.am.gov.br\/semcom\/#website\",\"url\":\"https:\/\/www.manaus.am.gov.br\/semcom\/\",\"name\":\"SEMCOM\",\"description\":\"Secretaria Municipal de Comunica\u00e7\u00e3o\",\"potentialAction\":[{\"@type\":\"SearchAction\",\"target\":{\"@type\":\"EntryPoint\",\"urlTemplate\":\"https:\/\/www.manaus.am.gov.br\/semcom\/?s={search_term_string}\"},\"query-input\":\"required name=search_term_string\"}],\"inLanguage\":\"pt-BR\"},{\"@type\":\"Person\",\"@id\":\"https:\/\/www.manaus.am.gov.br\/semcom\/#\/schema\/person\/d0a166b5031154c33c77794ddc9a827e\",\"name\":\"Cl\u00e1udia Barbosa\",\"image\":{\"@type\":\"ImageObject\",\"inLanguage\":\"pt-BR\",\"@id\":\"https:\/\/www.manaus.am.gov.br\/semcom\/#\/schema\/person\/image\/\",\"url\":\"https:\/\/secure.gravatar.com\/avatar\/42958a1cf007f1a00534009218c72590?s=96&d=mm&r=g\",\"contentUrl\":\"https:\/\/secure.gravatar.com\/avatar\/42958a1cf007f1a00534009218c72590?s=96&d=mm&r=g\",\"caption\":\"Cl\u00e1udia Barbosa\"}}]}<\/script>\n<!-- \/ Yoast SEO plugin. -->","yoast_head_json":{"title":"Prefeitura de Manaus fiscaliza locais proibidos de estacionar","description":"Para ordenar o tr\u00e2nsito na cidade, a Prefeitura de Manaus, por meio do Instituto Municipal de Mobilidade Urbana (IMMU)","robots":{"index":"index","follow":"follow","max-snippet":"max-snippet:-1","max-image-preview":"max-image-preview:large","max-video-preview":"max-video-preview:-1"},"canonical":"https:\/\/www.manaus.am.gov.br\/semcom\/prefeitura-de-manaus-fiscaliza-locais-proibidos-de-estacionar-na-zona-centro-sul\/","og_locale":"pt_BR","og_type":"article","og_title":"Prefeitura de Manaus fiscaliza locais proibidos de estacionar","og_description":"Para ordenar o tr\u00e2nsito na cidade, a Prefeitura de Manaus, por meio do Instituto Municipal de Mobilidade Urbana (IMMU)","og_url":"https:\/\/www.manaus.am.gov.br\/semcom\/prefeitura-de-manaus-fiscaliza-locais-proibidos-de-estacionar-na-zona-centro-sul\/","og_site_name":"SEMCOM","article_published_time":"2023-01-30T19:05:10+00:00","article_modified_time":"2023-01-30T19:05:11+00:00","og_image":[{"width":1024,"height":576,"url":"https:\/\/www.manaus.am.gov.br\/semcom\/wp-content\/uploads\/sites\/5\/2023\/01\/Prefeitura-de-Manaus-fiscaliza-estacionamento-proibido-na-zona-Centro-Sul-2.jpg","type":"image\/jpeg"}],"author":"Cl\u00e1udia Barbosa","twitter_card":"summary_large_image","twitter_misc":{"Written by":"Cl\u00e1udia Barbosa","Est. reading time":"2 minutos"},"schema":{"@context":"https:\/\/schema.org","@graph":[{"@type":"WebPage","@id":"https:\/\/www.manaus.am.gov.br\/semcom\/prefeitura-de-manaus-fiscaliza-locais-proibidos-de-estacionar-na-zona-centro-sul\/","url":"https:\/\/www.manaus.am.gov.br\/semcom\/prefeitura-de-manaus-fiscaliza-locais-proibidos-de-estacionar-na-zona-centro-sul\/","name":"Prefeitura de Manaus fiscaliza locais proibidos de estacionar","isPartOf":{"@id":"https:\/\/www.manaus.am.gov.br\/semcom\/#website"},"primaryImageOfPage":{"@id":"https:\/\/www.manaus.am.gov.br\/semcom\/prefeitura-de-manaus-fiscaliza-locais-proibidos-de-estacionar-na-zona-centro-sul\/#primaryimage"},"image":{"@id":"https:\/\/www.manaus.am.gov.br\/semcom\/prefeitura-de-manaus-fiscaliza-locais-proibidos-de-estacionar-na-zona-centro-sul\/#primaryimage"},"thumbnailUrl":"https:\/\/www.manaus.am.gov.br\/semcom\/wp-content\/uploads\/sites\/5\/2023\/01\/Prefeitura-de-Manaus-fiscaliza-estacionamento-proibido-na-zona-Centro-Sul-2.jpg","datePublished":"2023-01-30T19:05:10+00:00","dateModified":"2023-01-30T19:05:11+00:00","author":{"@id":"https:\/\/www.manaus.am.gov.br\/semcom\/#\/schema\/person\/d0a166b5031154c33c77794ddc9a827e"},"description":"Para ordenar o tr\u00e2nsito na cidade, a Prefeitura de Manaus, por meio do Instituto Municipal de Mobilidade Urbana (IMMU)","inLanguage":"pt-BR","potentialAction":[{"@type":"ReadAction","target":["https:\/\/www.manaus.am.gov.br\/semcom\/prefeitura-de-manaus-fiscaliza-locais-proibidos-de-estacionar-na-zona-centro-sul\/"]}]},{"@type":"ImageObject","inLanguage":"pt-BR","@id":"https:\/\/www.manaus.am.gov.br\/semcom\/prefeitura-de-manaus-fiscaliza-locais-proibidos-de-estacionar-na-zona-centro-sul\/#primaryimage","url":"https:\/\/www.manaus.am.gov.br\/semcom\/wp-content\/uploads\/sites\/5\/2023\/01\/Prefeitura-de-Manaus-fiscaliza-estacionamento-proibido-na-zona-Centro-Sul-2.jpg","contentUrl":"https:\/\/www.manaus.am.gov.br\/semcom\/wp-content\/uploads\/sites\/5\/2023\/01\/Prefeitura-de-Manaus-fiscaliza-estacionamento-proibido-na-zona-Centro-Sul-2.jpg","width":1024,"height":576},{"@type":"WebSite","@id":"https:\/\/www.manaus.am.gov.br\/semcom\/#website","url":"https:\/\/www.manaus.am.gov.br\/semcom\/","name":"SEMCOM","description":"Secretaria Municipal de Comunica\u00e7\u00e3o","potentialAction":[{"@type":"SearchAction","target":{"@type":"EntryPoint","urlTemplate":"https:\/\/www.manaus.am.gov.br\/semcom\/?s={search_term_string}"},"query-input":"required name=search_term_string"}],"inLanguage":"pt-BR"},{"@type":"Person","@id":"https:\/\/www.manaus.am.gov.br\/semcom\/#\/schema\/person\/d0a166b5031154c33c77794ddc9a827e","name":"Cl\u00e1udia Barbosa","image":{"@type":"ImageObject","inLanguage":"pt-BR","@id":"https:\/\/www.manaus.am.gov.br\/semcom\/#\/schema\/person\/image\/","url":"https:\/\/secure.gravatar.com\/avatar\/42958a1cf007f1a00534009218c72590?s=96&d=mm&r=g","contentUrl":"https:\/\/secure.gravatar.com\/avatar\/42958a1cf007f1a00534009218c72590?s=96&d=mm&r=g","caption":"Cl\u00e1udia Barbosa"}}]}},"_links":{"self":[{"href":"https:\/\/www.manaus.am.gov.br\/semcom\/wp-json\/wp\/v2\/posts\/208327"}],"collection":[{"href":"https:\/\/www.manaus.am.gov.br\/semcom\/wp-json\/wp\/v2\/posts"}],"about":[{"href":"https:\/\/www.manaus.am.gov.br\/semcom\/wp-json\/wp\/v2\/types\/post"}],"author":[{"embeddable":true,"href":"https:\/\/www.manaus.am.gov.br\/semcom\/wp-json\/wp\/v2\/users\/24"}],"replies":[{"embeddable":true,"href":"https:\/\/www.manaus.am.gov.br\/semcom\/wp-json\/wp\/v2\/comments?post=208327"}],"version-history":[{"count":0,"href":"https:\/\/www.manaus.am.gov.br\/semcom\/wp-json\/wp\/v2\/posts\/208327\/revisions"}],"wp:featuredmedia":[{"embeddable":true,"href":"https:\/\/www.manaus.am.gov.br\/semcom\/wp-json\/wp\/v2\/media\/208328"}],"wp:attachment":[{"href":"https:\/\/www.manaus.am.gov.br\/semcom\/wp-json\/wp\/v2\/media?parent=208327"}],"wp:term":[{"taxonomy":"category","embeddable":true,"href":"https:\/\/www.manaus.am.gov.br\/semcom\/wp-json\/wp\/v2\/categories?post=208327"},{"taxonomy":"post_tag","embeddable":true,"href":"https:\/\/www.manaus.am.gov.br\/semcom\/wp-json\/wp\/v2\/tags?post=208327"}],"curies":[{"name":"wp","href":"https:\/\/api.w.org\/{rel}","templated":true}]}}