{"id":208299,"date":"2023-01-28T18:53:30","date_gmt":"2023-01-28T21:53:30","guid":{"rendered":"https:\/\/www.manaus.am.gov.br\/semcom\/2023\/01\/28\/biblioteca-publica-recebe-exposicoes-oficinas-e-lancamentos-de-livros-durante-a-semana-do-quadrinho-nacional\/"},"modified":"2023-01-28T18:53:32","modified_gmt":"2023-01-28T21:53:32","slug":"biblioteca-publica-recebe-exposicoes-oficinas-e-lancamentos-de-livros-durante-a-semana-do-quadrinho-nacional","status":"publish","type":"post","link":"https:\/\/www.manaus.am.gov.br\/semcom\/biblioteca-publica-recebe-exposicoes-oficinas-e-lancamentos-de-livros-durante-a-semana-do-quadrinho-nacional\/","title":{"rendered":"<strong>Biblioteca P\u00fablica recebe exposi\u00e7\u00f5es, oficinas e lan\u00e7amentos de livros durante a Semana do Quadrinho Nacional<\/strong>"},"content":{"rendered":"\n<p>Em alus\u00e3o ao Dia do Quadrinho Nacional, comemorado no dia 30 de janeiro, a Prefeitura de Manaus, por meio da Funda\u00e7\u00e3o Municipal de Cultura, Turismo e Eventos (Manauscult), recebeu neste s\u00e1bado, 28\/1, a quinta edi\u00e7\u00e3o da Semana do Quadrinho Nacional. A a\u00e7\u00e3o ocorre na Biblioteca P\u00fablica do Amazonas, localizada na \u00e1rea central da cidade.<\/p>\n\n\n\n<p>\u201cA prefeitura entende que essa a\u00e7\u00e3o \u00e9 importante porque agu\u00e7a e auxilia o desenvolvimento do h\u00e1bito da leitura. Por isso, damos todo apoio para incentivar tanto os nossos artistas locais, quanto quem \u00e9 consumidor dos conte\u00fados\u201d, disse o diretor-presidente da Manauscult, Alonso Oliveira.<\/p>\n\n\n\n<p>A programa\u00e7\u00e3o contar\u00e1 com exposi\u00e7\u00f5es, Artists\u2019 Alley com artistas locais e nacionais, lan\u00e7amento de livros e revistas, oficinas, palestras e mesas de aut\u00f3grafos e acontece nos 28, 29, 30 de janeiro e 4 e 5 de fevereiro.<\/p>\n\n\n\n<p>O objetivo da a\u00e7\u00e3o \u00e9 fomentar a leitura em jovens e adolescentes com faixa et\u00e1ria de 14 a 25 anos, bem como abrir espa\u00e7o para artistas locais e trazer profissionais do mercado editorial brasileiro para Manaus.<\/p>\n\n\n\n<p>\u201cEstamos entrando com todo o apoio para esse evento para incentivar a leitura, bem como os nossos artistas locais. Aqui temos artistas tanto de Roraima, como de outros estados da nossa Amaz\u00f4nia. Todo reconhecimento e valoriza\u00e7\u00e3o s\u00e3o v\u00e1lidos\u201d, disse a diretora de Cultura em exerc\u00edcio, Andreza Janine.<\/p>\n\n\n\n<p>Para o coordenador do evento, Evaldo Vasconcelos, em 2022 cerca de 97 pessoas que produzem quadrinhos foram mapeadas em Manaus. Ainda de acordo com ele, na esteira do sucesso do Quadrinho Brasileiro h\u00e1 muita demanda.<\/p>\n\n\n\n<p>\u201cCome\u00e7amos o evento com uma feira e vimos que tinha como expandir mais. Ent\u00e3o, come\u00e7amos a fazer eventos em outras cidades, trazendo convidados. Hoje a feira cresceu n\u00e3o s\u00e3o mais seis e sim vinte artistas que divulgam o material deles e veem o que \u00e9 produzido na cidade\u201d, completou.<\/p>\n\n\n\n<p>O evento celebra artistas brasileiros, obras e \u00e9 realizado desde 2019 em comemora\u00e7\u00e3o ao Dia do Quadrinho Nacional. Entre os lan\u00e7amentos anunciados para o evento est\u00e1 a HQ Death Hunt, obra in\u00e9dita do roteirista Stan Lee, lan\u00e7ada pela Social Comics, o maior aplicativo de leitura de quadrinhos digitais via streaming dispon\u00edvel para Web, iOS e Android.<\/p>\n\n\n\n<p>Outro destaque do evento \u00e9 o Artists\u2019 Alley, uma feira de quadrinhos autorais que este ano receber\u00e1 artistas do Par\u00e1, Pernambuco, Rio de Janeiro, S\u00e3o Paulo, Bras\u00edlia e uma comitiva de artistas de Roraima.<\/p>\n\n\n\n<p>Entre os palestrantes, um dos destaques \u00e9 a quadrinista colombiana Sindy Infante, que ministrar\u00e1 a palestra \u201cCozinhando Elefantes, Processo criativo da HQ\u201d. A autora \u00e9 mestre em Ilustra\u00e7\u00e3o de Livros Infantis pela Cambridge School of Art, Inglaterra. Autora da hist\u00f3ria em quadrinhos Elefantes en el cuarto e Co Autora da HQ Recetario de sabores lejanos. J\u00e1 ministrou palestras e workshops sobre ilustra\u00e7\u00e3o, desenho e narrativa gr\u00e1fica em Feiras do Livro e festivais em diferentes pa\u00edses como Chile, M\u00e9xico, Noruega e Panam\u00e1.<\/p>\n\n\n\n<p>&#8212; &#8212; &#8212;<\/p>\n\n\n\n<p><strong>Texto &#8211; <\/strong>Fl\u00e1via Moura \/ Manauscult<\/p>\n\n\n\n<p><strong>Fotos \u2013<\/strong> Ant\u00f4nio Pereira \/ Semcom<\/p>\n\n\n\n<p><strong>Dispon\u00edveis em &#8211; <\/strong><a href=\"https:\/\/flic.kr\/s\/aHBqjAq2BL\">https:\/\/flic.kr\/s\/aHBqjAq2BL<\/a><\/p>\n","protected":false},"excerpt":{"rendered":"","protected":false},"author":24,"featured_media":208300,"comment_status":"closed","ping_status":"closed","sticky":false,"template":"","format":"standard","meta":{"footnotes":""},"categories":[5],"tags":[303,304,305,306,307,77],"acf":[],"yoast_head":"<!-- This site is optimized with the Yoast SEO plugin v23.0 - https:\/\/yoast.com\/wordpress\/plugins\/seo\/ -->\n<title>Biblioteca P\u00fablica recebe exposi\u00e7\u00f5es, oficinas e lan\u00e7amentos de livros durante a Semana do Quadrinho Nacional - SEMCOM<\/title>\n<meta name=\"robots\" content=\"index, follow, max-snippet:-1, max-image-preview:large, max-video-preview:-1\" \/>\n<link rel=\"canonical\" href=\"https:\/\/www.manaus.am.gov.br\/semcom\/biblioteca-publica-recebe-exposicoes-oficinas-e-lancamentos-de-livros-durante-a-semana-do-quadrinho-nacional\/\" \/>\n<meta property=\"og:locale\" content=\"pt_BR\" \/>\n<meta property=\"og:type\" content=\"article\" \/>\n<meta property=\"og:title\" content=\"Biblioteca P\u00fablica recebe exposi\u00e7\u00f5es, oficinas e lan\u00e7amentos de livros durante a Semana do Quadrinho Nacional - SEMCOM\" \/>\n<meta property=\"og:url\" content=\"https:\/\/www.manaus.am.gov.br\/semcom\/biblioteca-publica-recebe-exposicoes-oficinas-e-lancamentos-de-livros-durante-a-semana-do-quadrinho-nacional\/\" \/>\n<meta property=\"og:site_name\" content=\"SEMCOM\" \/>\n<meta property=\"article:published_time\" content=\"2023-01-28T21:53:30+00:00\" \/>\n<meta property=\"article:modified_time\" content=\"2023-01-28T21:53:32+00:00\" \/>\n<meta property=\"og:image\" content=\"https:\/\/www.manaus.am.gov.br\/semcom\/wp-content\/uploads\/sites\/5\/2023\/01\/52654765436_82b06a1c1b_o-scaled.jpg\" \/>\n\t<meta property=\"og:image:width\" content=\"2560\" \/>\n\t<meta property=\"og:image:height\" content=\"1707\" \/>\n\t<meta property=\"og:image:type\" content=\"image\/jpeg\" \/>\n<meta name=\"author\" content=\"Cl\u00e1udia Barbosa\" \/>\n<meta name=\"twitter:card\" content=\"summary_large_image\" \/>\n<meta name=\"twitter:label1\" content=\"Written by\" \/>\n\t<meta name=\"twitter:data1\" content=\"Cl\u00e1udia Barbosa\" \/>\n\t<meta name=\"twitter:label2\" content=\"Est. reading time\" \/>\n\t<meta name=\"twitter:data2\" content=\"3 minutos\" \/>\n<script type=\"application\/ld+json\" class=\"yoast-schema-graph\">{\"@context\":\"https:\/\/schema.org\",\"@graph\":[{\"@type\":\"WebPage\",\"@id\":\"https:\/\/www.manaus.am.gov.br\/semcom\/biblioteca-publica-recebe-exposicoes-oficinas-e-lancamentos-de-livros-durante-a-semana-do-quadrinho-nacional\/\",\"url\":\"https:\/\/www.manaus.am.gov.br\/semcom\/biblioteca-publica-recebe-exposicoes-oficinas-e-lancamentos-de-livros-durante-a-semana-do-quadrinho-nacional\/\",\"name\":\"Biblioteca P\u00fablica recebe exposi\u00e7\u00f5es, oficinas e lan\u00e7amentos de livros durante a Semana do Quadrinho Nacional - SEMCOM\",\"isPartOf\":{\"@id\":\"https:\/\/www.manaus.am.gov.br\/semcom\/#website\"},\"primaryImageOfPage\":{\"@id\":\"https:\/\/www.manaus.am.gov.br\/semcom\/biblioteca-publica-recebe-exposicoes-oficinas-e-lancamentos-de-livros-durante-a-semana-do-quadrinho-nacional\/#primaryimage\"},\"image\":{\"@id\":\"https:\/\/www.manaus.am.gov.br\/semcom\/biblioteca-publica-recebe-exposicoes-oficinas-e-lancamentos-de-livros-durante-a-semana-do-quadrinho-nacional\/#primaryimage\"},\"thumbnailUrl\":\"https:\/\/www.manaus.am.gov.br\/semcom\/wp-content\/uploads\/sites\/5\/2023\/01\/52654765436_82b06a1c1b_o-scaled.jpg\",\"datePublished\":\"2023-01-28T21:53:30+00:00\",\"dateModified\":\"2023-01-28T21:53:32+00:00\",\"author\":{\"@id\":\"https:\/\/www.manaus.am.gov.br\/semcom\/#\/schema\/person\/d0a166b5031154c33c77794ddc9a827e\"},\"inLanguage\":\"pt-BR\",\"potentialAction\":[{\"@type\":\"ReadAction\",\"target\":[\"https:\/\/www.manaus.am.gov.br\/semcom\/biblioteca-publica-recebe-exposicoes-oficinas-e-lancamentos-de-livros-durante-a-semana-do-quadrinho-nacional\/\"]}]},{\"@type\":\"ImageObject\",\"inLanguage\":\"pt-BR\",\"@id\":\"https:\/\/www.manaus.am.gov.br\/semcom\/biblioteca-publica-recebe-exposicoes-oficinas-e-lancamentos-de-livros-durante-a-semana-do-quadrinho-nacional\/#primaryimage\",\"url\":\"https:\/\/www.manaus.am.gov.br\/semcom\/wp-content\/uploads\/sites\/5\/2023\/01\/52654765436_82b06a1c1b_o-scaled.jpg\",\"contentUrl\":\"https:\/\/www.manaus.am.gov.br\/semcom\/wp-content\/uploads\/sites\/5\/2023\/01\/52654765436_82b06a1c1b_o-scaled.jpg\",\"width\":2560,\"height\":1707},{\"@type\":\"WebSite\",\"@id\":\"https:\/\/www.manaus.am.gov.br\/semcom\/#website\",\"url\":\"https:\/\/www.manaus.am.gov.br\/semcom\/\",\"name\":\"SEMCOM\",\"description\":\"Secretaria Municipal de Comunica\u00e7\u00e3o\",\"potentialAction\":[{\"@type\":\"SearchAction\",\"target\":{\"@type\":\"EntryPoint\",\"urlTemplate\":\"https:\/\/www.manaus.am.gov.br\/semcom\/?s={search_term_string}\"},\"query-input\":\"required name=search_term_string\"}],\"inLanguage\":\"pt-BR\"},{\"@type\":\"Person\",\"@id\":\"https:\/\/www.manaus.am.gov.br\/semcom\/#\/schema\/person\/d0a166b5031154c33c77794ddc9a827e\",\"name\":\"Cl\u00e1udia Barbosa\",\"image\":{\"@type\":\"ImageObject\",\"inLanguage\":\"pt-BR\",\"@id\":\"https:\/\/www.manaus.am.gov.br\/semcom\/#\/schema\/person\/image\/\",\"url\":\"https:\/\/secure.gravatar.com\/avatar\/42958a1cf007f1a00534009218c72590?s=96&d=mm&r=g\",\"contentUrl\":\"https:\/\/secure.gravatar.com\/avatar\/42958a1cf007f1a00534009218c72590?s=96&d=mm&r=g\",\"caption\":\"Cl\u00e1udia Barbosa\"}}]}<\/script>\n<!-- \/ Yoast SEO plugin. -->","yoast_head_json":{"title":"Biblioteca P\u00fablica recebe exposi\u00e7\u00f5es, oficinas e lan\u00e7amentos de livros durante a Semana do Quadrinho Nacional - SEMCOM","robots":{"index":"index","follow":"follow","max-snippet":"max-snippet:-1","max-image-preview":"max-image-preview:large","max-video-preview":"max-video-preview:-1"},"canonical":"https:\/\/www.manaus.am.gov.br\/semcom\/biblioteca-publica-recebe-exposicoes-oficinas-e-lancamentos-de-livros-durante-a-semana-do-quadrinho-nacional\/","og_locale":"pt_BR","og_type":"article","og_title":"Biblioteca P\u00fablica recebe exposi\u00e7\u00f5es, oficinas e lan\u00e7amentos de livros durante a Semana do Quadrinho Nacional - SEMCOM","og_url":"https:\/\/www.manaus.am.gov.br\/semcom\/biblioteca-publica-recebe-exposicoes-oficinas-e-lancamentos-de-livros-durante-a-semana-do-quadrinho-nacional\/","og_site_name":"SEMCOM","article_published_time":"2023-01-28T21:53:30+00:00","article_modified_time":"2023-01-28T21:53:32+00:00","og_image":[{"width":2560,"height":1707,"url":"https:\/\/www.manaus.am.gov.br\/semcom\/wp-content\/uploads\/sites\/5\/2023\/01\/52654765436_82b06a1c1b_o-scaled.jpg","type":"image\/jpeg"}],"author":"Cl\u00e1udia Barbosa","twitter_card":"summary_large_image","twitter_misc":{"Written by":"Cl\u00e1udia Barbosa","Est. reading time":"3 minutos"},"schema":{"@context":"https:\/\/schema.org","@graph":[{"@type":"WebPage","@id":"https:\/\/www.manaus.am.gov.br\/semcom\/biblioteca-publica-recebe-exposicoes-oficinas-e-lancamentos-de-livros-durante-a-semana-do-quadrinho-nacional\/","url":"https:\/\/www.manaus.am.gov.br\/semcom\/biblioteca-publica-recebe-exposicoes-oficinas-e-lancamentos-de-livros-durante-a-semana-do-quadrinho-nacional\/","name":"Biblioteca P\u00fablica recebe exposi\u00e7\u00f5es, oficinas e lan\u00e7amentos de livros durante a Semana do Quadrinho Nacional - SEMCOM","isPartOf":{"@id":"https:\/\/www.manaus.am.gov.br\/semcom\/#website"},"primaryImageOfPage":{"@id":"https:\/\/www.manaus.am.gov.br\/semcom\/biblioteca-publica-recebe-exposicoes-oficinas-e-lancamentos-de-livros-durante-a-semana-do-quadrinho-nacional\/#primaryimage"},"image":{"@id":"https:\/\/www.manaus.am.gov.br\/semcom\/biblioteca-publica-recebe-exposicoes-oficinas-e-lancamentos-de-livros-durante-a-semana-do-quadrinho-nacional\/#primaryimage"},"thumbnailUrl":"https:\/\/www.manaus.am.gov.br\/semcom\/wp-content\/uploads\/sites\/5\/2023\/01\/52654765436_82b06a1c1b_o-scaled.jpg","datePublished":"2023-01-28T21:53:30+00:00","dateModified":"2023-01-28T21:53:32+00:00","author":{"@id":"https:\/\/www.manaus.am.gov.br\/semcom\/#\/schema\/person\/d0a166b5031154c33c77794ddc9a827e"},"inLanguage":"pt-BR","potentialAction":[{"@type":"ReadAction","target":["https:\/\/www.manaus.am.gov.br\/semcom\/biblioteca-publica-recebe-exposicoes-oficinas-e-lancamentos-de-livros-durante-a-semana-do-quadrinho-nacional\/"]}]},{"@type":"ImageObject","inLanguage":"pt-BR","@id":"https:\/\/www.manaus.am.gov.br\/semcom\/biblioteca-publica-recebe-exposicoes-oficinas-e-lancamentos-de-livros-durante-a-semana-do-quadrinho-nacional\/#primaryimage","url":"https:\/\/www.manaus.am.gov.br\/semcom\/wp-content\/uploads\/sites\/5\/2023\/01\/52654765436_82b06a1c1b_o-scaled.jpg","contentUrl":"https:\/\/www.manaus.am.gov.br\/semcom\/wp-content\/uploads\/sites\/5\/2023\/01\/52654765436_82b06a1c1b_o-scaled.jpg","width":2560,"height":1707},{"@type":"WebSite","@id":"https:\/\/www.manaus.am.gov.br\/semcom\/#website","url":"https:\/\/www.manaus.am.gov.br\/semcom\/","name":"SEMCOM","description":"Secretaria Municipal de Comunica\u00e7\u00e3o","potentialAction":[{"@type":"SearchAction","target":{"@type":"EntryPoint","urlTemplate":"https:\/\/www.manaus.am.gov.br\/semcom\/?s={search_term_string}"},"query-input":"required name=search_term_string"}],"inLanguage":"pt-BR"},{"@type":"Person","@id":"https:\/\/www.manaus.am.gov.br\/semcom\/#\/schema\/person\/d0a166b5031154c33c77794ddc9a827e","name":"Cl\u00e1udia Barbosa","image":{"@type":"ImageObject","inLanguage":"pt-BR","@id":"https:\/\/www.manaus.am.gov.br\/semcom\/#\/schema\/person\/image\/","url":"https:\/\/secure.gravatar.com\/avatar\/42958a1cf007f1a00534009218c72590?s=96&d=mm&r=g","contentUrl":"https:\/\/secure.gravatar.com\/avatar\/42958a1cf007f1a00534009218c72590?s=96&d=mm&r=g","caption":"Cl\u00e1udia Barbosa"}}]}},"_links":{"self":[{"href":"https:\/\/www.manaus.am.gov.br\/semcom\/wp-json\/wp\/v2\/posts\/208299"}],"collection":[{"href":"https:\/\/www.manaus.am.gov.br\/semcom\/wp-json\/wp\/v2\/posts"}],"about":[{"href":"https:\/\/www.manaus.am.gov.br\/semcom\/wp-json\/wp\/v2\/types\/post"}],"author":[{"embeddable":true,"href":"https:\/\/www.manaus.am.gov.br\/semcom\/wp-json\/wp\/v2\/users\/24"}],"replies":[{"embeddable":true,"href":"https:\/\/www.manaus.am.gov.br\/semcom\/wp-json\/wp\/v2\/comments?post=208299"}],"version-history":[{"count":0,"href":"https:\/\/www.manaus.am.gov.br\/semcom\/wp-json\/wp\/v2\/posts\/208299\/revisions"}],"wp:featuredmedia":[{"embeddable":true,"href":"https:\/\/www.manaus.am.gov.br\/semcom\/wp-json\/wp\/v2\/media\/208300"}],"wp:attachment":[{"href":"https:\/\/www.manaus.am.gov.br\/semcom\/wp-json\/wp\/v2\/media?parent=208299"}],"wp:term":[{"taxonomy":"category","embeddable":true,"href":"https:\/\/www.manaus.am.gov.br\/semcom\/wp-json\/wp\/v2\/categories?post=208299"},{"taxonomy":"post_tag","embeddable":true,"href":"https:\/\/www.manaus.am.gov.br\/semcom\/wp-json\/wp\/v2\/tags?post=208299"}],"curies":[{"name":"wp","href":"https:\/\/api.w.org\/{rel}","templated":true}]}}