{"id":208246,"date":"2023-01-19T17:00:00","date_gmt":"2023-01-19T21:00:00","guid":{"rendered":"https:\/\/www.manaus.am.gov.br\/semcom\/2023\/01\/19\/prefeitura-de-manaus-se-reune-com-representantes-de-bandas-sobre-o-fechamento-de-ruas-para-o-carnaval\/"},"modified":"2023-01-19T17:00:00","modified_gmt":"2023-01-19T21:00:00","slug":"prefeitura-de-manaus-se-reune-com-representantes-de-bandas-sobre-o-fechamento-de-ruas-para-o-carnaval","status":"publish","type":"post","link":"https:\/\/www.manaus.am.gov.br\/semcom\/prefeitura-de-manaus-se-reune-com-representantes-de-bandas-sobre-o-fechamento-de-ruas-para-o-carnaval\/","title":{"rendered":"Prefeitura de Manaus se re\u00fane com representantes de bandas sobre o fechamento de ruas para o carnaval\u00a0"},"content":{"rendered":"\n<p>A Prefeitura de Manaus, por meio do Instituto Municipal de Mobilidade Urbana (IMMU), se reuniu com a comiss\u00e3o de bandas e blocos de carnaval de rua de Manaus, para orientar sobre a necessidade de se obter a autoriza\u00e7\u00e3o para a realiza\u00e7\u00e3o dos eventos nas vias, principalmente, sobre as mudan\u00e7as de itiner\u00e1rio de \u00f4nibus para n\u00e3o prejudicar a popula\u00e7\u00e3o. O encontro aconteceu na tarde desta quinta-feira, 19\/1, na sede do \u00f3rg\u00e3o, no bairro Cachoeirinha, zona Sul.<\/p>\n\n\n<div class=\"wp-block-image\">\n<figure class=\"aligncenter\"><img decoding=\"async\" src=\"https:\/\/www.manaus.am.gov.br\/semcom\/wp-content\/uploads\/sites\/5\/2023\/01\/reuniao-3.jpeg\" alt=\"\" class=\"wp-image-218150\"\/><\/figure><\/div>\n\n\n<p>\u201cManaus est\u00e1 vindo de um per\u00edodo de dois anos sem carnaval oficial na cidade e n\u00f3s estamos dando in\u00edcio a uma programa\u00e7\u00e3o para que todo carnaval de rua seja organizado, principalmente no tr\u00e2nsito e transporte. A primeira autoriza\u00e7\u00e3o parte aqui do IMMU, por isso, os respons\u00e1veis pelas bandas precisam ter a nossa autoriza\u00e7\u00e3o. Eles n\u00e3o poder\u00e3o simplesmente fechar a rua e realizar o evento se n\u00e3o tiver a nossa autoriza\u00e7\u00e3o\u201d, informou Alexandre Frederico, vice-presidente de Tr\u00e2nsito do IMMU.<\/p>\n\n\n\n<p>Para o respons\u00e1vel da comiss\u00e3o das bandas e blocos do carnaval de rua de Manaus, Anderson Santos, o encontro foi positivo e serviu para esclarecer alguns pontos que os respons\u00e1veis pelos eventos n\u00e3o tinham conhecimento, principalmente, em rela\u00e7\u00e3o ao edital de libera\u00e7\u00e3o.<\/p>\n\n\n\n<p>\u201cTem coisas que n\u00e3o sabemos, porque \u00e9 parte t\u00e9cnica que o IMMU precisa aplicar no evento. Essa reuni\u00e3o serviu para nos ensinar que sem o IMMU n\u00f3s n\u00e3o fazemos o carnaval. S\u00e3o orienta\u00e7\u00f5es e apoio t\u00e9cnico que a prefeitura nos d\u00e1 para que possamos oferecer um carnaval seguro e alegre aos foli\u00f5es\u201d, disse Anderson.<\/p>\n\n\n\n<p><strong>Documentos para a autoriza\u00e7\u00e3o<\/strong><\/p>\n\n\n\n<p>Para dar entrada nos procedimentos, o interessado deve procurar o setor de Atendimento do IMMU, localizado na rua Urucar\u00e1, 1.180, bairro Cachoeirinha, zona Sul.&nbsp; No setor, deve-se protocolar a solicita\u00e7\u00e3o informando nome do respons\u00e1vel legal (leg\u00edvel) pela interdi\u00e7\u00e3o da via\/evento; nome e local do evento; trecho da via a ser interditado; hora de in\u00edcio e t\u00e9rmino do evento, conforme portaria da Secretaria de Seguran\u00e7a P\u00fablica (SSP); data (in\u00edcio e t\u00e9rmino); e n\u00famero de telefone de contato do respons\u00e1vel legal (fixo e m\u00f3vel).<\/p>\n\n\n\n<p>Ainda na solicita\u00e7\u00e3o deve constar croqui de localiza\u00e7\u00e3o com a demarca\u00e7\u00e3o da via e os seus respectivos trechos, evidenciados no mapa leg\u00edvel, sem ser manuscrito; c\u00f3pia do RG, CPF e comprovante de resid\u00eancia do respons\u00e1vel legal do evento; e abaixo-assinado contendo o nome do evento e data, com assinaturas leg\u00edveis de, no m\u00ednimo 60% dos moradores do trecho a ser interditado, especificando-se o n\u00famero da casa, do RG e do CPF do residente assinante.<\/p>\n\n\n\n<p>Caso a solicita\u00e7\u00e3o seja para vias em que trafegam transporte coletivo ou ve\u00edculos de grande porte, deve haver justificativa de realizar o evento no local, indicando uma op\u00e7\u00e3o de desvio vi\u00e1vel, a qual ser\u00e1 analisada pelo setor T\u00e9cnico do IMMU. A interrup\u00e7\u00e3o do tr\u00e1fego nessas vias n\u00e3o poder\u00e1 ultrapassar o per\u00edodo de 24 horas e deve&nbsp;ocorrer somente aos fins de semana ou feriados, e em hor\u00e1rios que n\u00e3o comprometam a fluidez no tr\u00e2nsito.<\/p>\n\n\n\n<p>\u2014 \u2014 \u2014<\/p>\n\n\n\n<p><strong>Texto<\/strong>&nbsp;\u2013 Marcelo Lima e Alisson Castro \/ IMMU<\/p>\n\n\n\n<p><strong>Foto<\/strong>&nbsp;\u2013 Marcelo Lima \/ IMMU<\/p>\n","protected":false},"excerpt":{"rendered":"","protected":false},"author":27,"featured_media":208247,"comment_status":"closed","ping_status":"closed","sticky":false,"template":"","format":"standard","meta":{"footnotes":""},"categories":[14,264],"tags":[],"acf":[],"yoast_head":"<!-- This site is optimized with the Yoast SEO plugin v23.0 - https:\/\/yoast.com\/wordpress\/plugins\/seo\/ -->\n<title>Prefeitura de Manaus se re\u00fane com representantes de bandas sobre o fechamento de ruas para o carnaval\u00a0 - SEMCOM<\/title>\n<meta name=\"robots\" content=\"index, follow, max-snippet:-1, max-image-preview:large, max-video-preview:-1\" \/>\n<link rel=\"canonical\" href=\"https:\/\/www.manaus.am.gov.br\/semcom\/prefeitura-de-manaus-se-reune-com-representantes-de-bandas-sobre-o-fechamento-de-ruas-para-o-carnaval\/\" \/>\n<meta property=\"og:locale\" content=\"pt_BR\" \/>\n<meta property=\"og:type\" content=\"article\" \/>\n<meta property=\"og:title\" content=\"Prefeitura de Manaus se re\u00fane com representantes de bandas sobre o fechamento de ruas para o carnaval\u00a0 - SEMCOM\" \/>\n<meta property=\"og:url\" content=\"https:\/\/www.manaus.am.gov.br\/semcom\/prefeitura-de-manaus-se-reune-com-representantes-de-bandas-sobre-o-fechamento-de-ruas-para-o-carnaval\/\" \/>\n<meta property=\"og:site_name\" content=\"SEMCOM\" \/>\n<meta property=\"article:published_time\" content=\"2023-01-19T21:00:00+00:00\" \/>\n<meta property=\"og:image\" content=\"https:\/\/www.manaus.am.gov.br\/semcom\/wp-content\/uploads\/sites\/5\/2023\/01\/reuniao-3.jpeg\" \/>\n\t<meta property=\"og:image:width\" content=\"1600\" \/>\n\t<meta property=\"og:image:height\" content=\"1200\" \/>\n\t<meta property=\"og:image:type\" content=\"image\/jpeg\" \/>\n<meta name=\"author\" content=\"Imarketing Digital\" \/>\n<meta name=\"twitter:card\" content=\"summary_large_image\" \/>\n<meta name=\"twitter:label1\" content=\"Written by\" \/>\n\t<meta name=\"twitter:data1\" content=\"Imarketing Digital\" \/>\n\t<meta name=\"twitter:label2\" content=\"Est. reading time\" \/>\n\t<meta name=\"twitter:data2\" content=\"3 minutos\" \/>\n<script type=\"application\/ld+json\" class=\"yoast-schema-graph\">{\"@context\":\"https:\/\/schema.org\",\"@graph\":[{\"@type\":\"WebPage\",\"@id\":\"https:\/\/www.manaus.am.gov.br\/semcom\/prefeitura-de-manaus-se-reune-com-representantes-de-bandas-sobre-o-fechamento-de-ruas-para-o-carnaval\/\",\"url\":\"https:\/\/www.manaus.am.gov.br\/semcom\/prefeitura-de-manaus-se-reune-com-representantes-de-bandas-sobre-o-fechamento-de-ruas-para-o-carnaval\/\",\"name\":\"Prefeitura de Manaus se re\u00fane com representantes de bandas sobre o fechamento de ruas para o carnaval\u00a0 - SEMCOM\",\"isPartOf\":{\"@id\":\"https:\/\/www.manaus.am.gov.br\/semcom\/#website\"},\"primaryImageOfPage\":{\"@id\":\"https:\/\/www.manaus.am.gov.br\/semcom\/prefeitura-de-manaus-se-reune-com-representantes-de-bandas-sobre-o-fechamento-de-ruas-para-o-carnaval\/#primaryimage\"},\"image\":{\"@id\":\"https:\/\/www.manaus.am.gov.br\/semcom\/prefeitura-de-manaus-se-reune-com-representantes-de-bandas-sobre-o-fechamento-de-ruas-para-o-carnaval\/#primaryimage\"},\"thumbnailUrl\":\"https:\/\/www.manaus.am.gov.br\/semcom\/wp-content\/uploads\/sites\/5\/2023\/01\/reuniao-3.jpeg\",\"datePublished\":\"2023-01-19T21:00:00+00:00\",\"dateModified\":\"2023-01-19T21:00:00+00:00\",\"author\":{\"@id\":\"https:\/\/www.manaus.am.gov.br\/semcom\/#\/schema\/person\/79525a47ac5902f50493820d995728ee\"},\"inLanguage\":\"pt-BR\",\"potentialAction\":[{\"@type\":\"ReadAction\",\"target\":[\"https:\/\/www.manaus.am.gov.br\/semcom\/prefeitura-de-manaus-se-reune-com-representantes-de-bandas-sobre-o-fechamento-de-ruas-para-o-carnaval\/\"]}]},{\"@type\":\"ImageObject\",\"inLanguage\":\"pt-BR\",\"@id\":\"https:\/\/www.manaus.am.gov.br\/semcom\/prefeitura-de-manaus-se-reune-com-representantes-de-bandas-sobre-o-fechamento-de-ruas-para-o-carnaval\/#primaryimage\",\"url\":\"https:\/\/www.manaus.am.gov.br\/semcom\/wp-content\/uploads\/sites\/5\/2023\/01\/reuniao-3.jpeg\",\"contentUrl\":\"https:\/\/www.manaus.am.gov.br\/semcom\/wp-content\/uploads\/sites\/5\/2023\/01\/reuniao-3.jpeg\",\"width\":1600,\"height\":1200},{\"@type\":\"WebSite\",\"@id\":\"https:\/\/www.manaus.am.gov.br\/semcom\/#website\",\"url\":\"https:\/\/www.manaus.am.gov.br\/semcom\/\",\"name\":\"SEMCOM\",\"description\":\"Secretaria Municipal de Comunica\u00e7\u00e3o\",\"potentialAction\":[{\"@type\":\"SearchAction\",\"target\":{\"@type\":\"EntryPoint\",\"urlTemplate\":\"https:\/\/www.manaus.am.gov.br\/semcom\/?s={search_term_string}\"},\"query-input\":\"required name=search_term_string\"}],\"inLanguage\":\"pt-BR\"},{\"@type\":\"Person\",\"@id\":\"https:\/\/www.manaus.am.gov.br\/semcom\/#\/schema\/person\/79525a47ac5902f50493820d995728ee\",\"name\":\"Imarketing Digital\",\"image\":{\"@type\":\"ImageObject\",\"inLanguage\":\"pt-BR\",\"@id\":\"https:\/\/www.manaus.am.gov.br\/semcom\/#\/schema\/person\/image\/\",\"url\":\"https:\/\/secure.gravatar.com\/avatar\/03432d3c57b756ed9760f7019c815a3a?s=96&d=mm&r=g\",\"contentUrl\":\"https:\/\/secure.gravatar.com\/avatar\/03432d3c57b756ed9760f7019c815a3a?s=96&d=mm&r=g\",\"caption\":\"Imarketing Digital\"}}]}<\/script>\n<!-- \/ Yoast SEO plugin. -->","yoast_head_json":{"title":"Prefeitura de Manaus se re\u00fane com representantes de bandas sobre o fechamento de ruas para o carnaval\u00a0 - SEMCOM","robots":{"index":"index","follow":"follow","max-snippet":"max-snippet:-1","max-image-preview":"max-image-preview:large","max-video-preview":"max-video-preview:-1"},"canonical":"https:\/\/www.manaus.am.gov.br\/semcom\/prefeitura-de-manaus-se-reune-com-representantes-de-bandas-sobre-o-fechamento-de-ruas-para-o-carnaval\/","og_locale":"pt_BR","og_type":"article","og_title":"Prefeitura de Manaus se re\u00fane com representantes de bandas sobre o fechamento de ruas para o carnaval\u00a0 - SEMCOM","og_url":"https:\/\/www.manaus.am.gov.br\/semcom\/prefeitura-de-manaus-se-reune-com-representantes-de-bandas-sobre-o-fechamento-de-ruas-para-o-carnaval\/","og_site_name":"SEMCOM","article_published_time":"2023-01-19T21:00:00+00:00","og_image":[{"width":1600,"height":1200,"url":"https:\/\/www.manaus.am.gov.br\/semcom\/wp-content\/uploads\/sites\/5\/2023\/01\/reuniao-3.jpeg","type":"image\/jpeg"}],"author":"Imarketing Digital","twitter_card":"summary_large_image","twitter_misc":{"Written by":"Imarketing Digital","Est. reading time":"3 minutos"},"schema":{"@context":"https:\/\/schema.org","@graph":[{"@type":"WebPage","@id":"https:\/\/www.manaus.am.gov.br\/semcom\/prefeitura-de-manaus-se-reune-com-representantes-de-bandas-sobre-o-fechamento-de-ruas-para-o-carnaval\/","url":"https:\/\/www.manaus.am.gov.br\/semcom\/prefeitura-de-manaus-se-reune-com-representantes-de-bandas-sobre-o-fechamento-de-ruas-para-o-carnaval\/","name":"Prefeitura de Manaus se re\u00fane com representantes de bandas sobre o fechamento de ruas para o carnaval\u00a0 - SEMCOM","isPartOf":{"@id":"https:\/\/www.manaus.am.gov.br\/semcom\/#website"},"primaryImageOfPage":{"@id":"https:\/\/www.manaus.am.gov.br\/semcom\/prefeitura-de-manaus-se-reune-com-representantes-de-bandas-sobre-o-fechamento-de-ruas-para-o-carnaval\/#primaryimage"},"image":{"@id":"https:\/\/www.manaus.am.gov.br\/semcom\/prefeitura-de-manaus-se-reune-com-representantes-de-bandas-sobre-o-fechamento-de-ruas-para-o-carnaval\/#primaryimage"},"thumbnailUrl":"https:\/\/www.manaus.am.gov.br\/semcom\/wp-content\/uploads\/sites\/5\/2023\/01\/reuniao-3.jpeg","datePublished":"2023-01-19T21:00:00+00:00","dateModified":"2023-01-19T21:00:00+00:00","author":{"@id":"https:\/\/www.manaus.am.gov.br\/semcom\/#\/schema\/person\/79525a47ac5902f50493820d995728ee"},"inLanguage":"pt-BR","potentialAction":[{"@type":"ReadAction","target":["https:\/\/www.manaus.am.gov.br\/semcom\/prefeitura-de-manaus-se-reune-com-representantes-de-bandas-sobre-o-fechamento-de-ruas-para-o-carnaval\/"]}]},{"@type":"ImageObject","inLanguage":"pt-BR","@id":"https:\/\/www.manaus.am.gov.br\/semcom\/prefeitura-de-manaus-se-reune-com-representantes-de-bandas-sobre-o-fechamento-de-ruas-para-o-carnaval\/#primaryimage","url":"https:\/\/www.manaus.am.gov.br\/semcom\/wp-content\/uploads\/sites\/5\/2023\/01\/reuniao-3.jpeg","contentUrl":"https:\/\/www.manaus.am.gov.br\/semcom\/wp-content\/uploads\/sites\/5\/2023\/01\/reuniao-3.jpeg","width":1600,"height":1200},{"@type":"WebSite","@id":"https:\/\/www.manaus.am.gov.br\/semcom\/#website","url":"https:\/\/www.manaus.am.gov.br\/semcom\/","name":"SEMCOM","description":"Secretaria Municipal de Comunica\u00e7\u00e3o","potentialAction":[{"@type":"SearchAction","target":{"@type":"EntryPoint","urlTemplate":"https:\/\/www.manaus.am.gov.br\/semcom\/?s={search_term_string}"},"query-input":"required name=search_term_string"}],"inLanguage":"pt-BR"},{"@type":"Person","@id":"https:\/\/www.manaus.am.gov.br\/semcom\/#\/schema\/person\/79525a47ac5902f50493820d995728ee","name":"Imarketing Digital","image":{"@type":"ImageObject","inLanguage":"pt-BR","@id":"https:\/\/www.manaus.am.gov.br\/semcom\/#\/schema\/person\/image\/","url":"https:\/\/secure.gravatar.com\/avatar\/03432d3c57b756ed9760f7019c815a3a?s=96&d=mm&r=g","contentUrl":"https:\/\/secure.gravatar.com\/avatar\/03432d3c57b756ed9760f7019c815a3a?s=96&d=mm&r=g","caption":"Imarketing Digital"}}]}},"_links":{"self":[{"href":"https:\/\/www.manaus.am.gov.br\/semcom\/wp-json\/wp\/v2\/posts\/208246"}],"collection":[{"href":"https:\/\/www.manaus.am.gov.br\/semcom\/wp-json\/wp\/v2\/posts"}],"about":[{"href":"https:\/\/www.manaus.am.gov.br\/semcom\/wp-json\/wp\/v2\/types\/post"}],"author":[{"embeddable":true,"href":"https:\/\/www.manaus.am.gov.br\/semcom\/wp-json\/wp\/v2\/users\/27"}],"replies":[{"embeddable":true,"href":"https:\/\/www.manaus.am.gov.br\/semcom\/wp-json\/wp\/v2\/comments?post=208246"}],"version-history":[{"count":1,"href":"https:\/\/www.manaus.am.gov.br\/semcom\/wp-json\/wp\/v2\/posts\/208246\/revisions"}],"predecessor-version":[{"id":208248,"href":"https:\/\/www.manaus.am.gov.br\/semcom\/wp-json\/wp\/v2\/posts\/208246\/revisions\/208248"}],"wp:featuredmedia":[{"embeddable":true,"href":"https:\/\/www.manaus.am.gov.br\/semcom\/wp-json\/wp\/v2\/media\/208247"}],"wp:attachment":[{"href":"https:\/\/www.manaus.am.gov.br\/semcom\/wp-json\/wp\/v2\/media?parent=208246"}],"wp:term":[{"taxonomy":"category","embeddable":true,"href":"https:\/\/www.manaus.am.gov.br\/semcom\/wp-json\/wp\/v2\/categories?post=208246"},{"taxonomy":"post_tag","embeddable":true,"href":"https:\/\/www.manaus.am.gov.br\/semcom\/wp-json\/wp\/v2\/tags?post=208246"}],"curies":[{"name":"wp","href":"https:\/\/api.w.org\/{rel}","templated":true}]}}