{"id":208244,"date":"2023-01-19T18:33:00","date_gmt":"2023-01-19T21:33:00","guid":{"rendered":"https:\/\/www.manaus.am.gov.br\/semcom\/2023\/01\/19\/prefeitura-de-manaus-realiza-seminario-sobre-direitos-da-populacao-lgbtqia\/"},"modified":"2023-01-27T17:30:02","modified_gmt":"2023-01-27T20:30:02","slug":"prefeitura-de-manaus-realiza-seminario-sobre-direitos-da-populacao-lgbtqia","status":"publish","type":"post","link":"https:\/\/www.manaus.am.gov.br\/semcom\/prefeitura-de-manaus-realiza-seminario-sobre-direitos-da-populacao-lgbtqia\/","title":{"rendered":"Prefeitura de Manaus realiza semin\u00e1rio sobre direitos da popula\u00e7\u00e3o LGBTQIA+"},"content":{"rendered":"\n<p>A Prefeitura de Manaus, por meio da Secretaria Municipal da Mulher, Assist\u00eancia Social e Cidadania (Semasc), realizou, nesta quinta-feira, 19\/1, a abertura do 1\u00b0 semin\u00e1rio sobre os Direitos da Popula\u00e7\u00e3o LGBTQIA+. O evento acontece at\u00e9 sexta-feira, 20\/1, no Parque Municipal do Idoso, localizado no bairro Nossa Senhora das Gra\u00e7as, zona Centro-Sul, com o objetivo de oportunizar aos participantes o levantamento e discuss\u00e3o de demandas para a consolida\u00e7\u00e3o e elabora\u00e7\u00e3o do Plano Municipal de Promo\u00e7\u00e3o dos Direitos da Popula\u00e7\u00e3o LGBTQIA+.<\/p>\n\n\n\n<p>\u201cA Semasc est\u00e1 trabalhando com o objetivo de que esse semin\u00e1rio consiga levantar, como segmento, demandas necess\u00e1rias para que o munic\u00edpio promova pol\u00edticas p\u00fablicas, como sa\u00fade, educa\u00e7\u00e3o, trabalho e acesso \u00e0 documenta\u00e7\u00e3o b\u00e1sica. Estamos contribuindo coletivamente no plano para que n\u00e3o fique de fora nenhuma demanda apresentada\u201d, destacou a subsecret\u00e1ria de Pol\u00edticas Afirmativas para as Mulheres e Direitos Humanos, Gra\u00e7a Prola.<\/p>\n\n\n\n<p>Durante o primeiro dia de programa\u00e7\u00e3o, o p\u00fablico participou da palestra magna \u201cOs desafios de implementa\u00e7\u00e3o de pol\u00edticas p\u00fablicas para a popula\u00e7\u00e3o LGBTQIA+\u201d. J\u00e1 no segundo dia de atividades, o semin\u00e1rio promover\u00e1 uma s\u00e9rie de grupos de trabalho ap\u00f3s a mesa-redonda \u201cAvan\u00e7os e desafios para implementa\u00e7\u00e3o de pol\u00edticas p\u00fablicas\u201d, abordando t\u00f3picos como sa\u00fade, educa\u00e7\u00e3o e mercado de trabalho.<\/p>\n\n\n\n<p>\u201cA gente precisava fazer esse evento, para trazer e escutar a popula\u00e7\u00e3o, que \u00e9 quem vai ser beneficiada, para que pud\u00e9ssemos pensar na constru\u00e7\u00e3o e consolida\u00e7\u00e3o do plano municipal. O evento \u00e9 aberto ao p\u00fablico em geral com o intuito de que a sociedade toda participe\u201d, finalizou a gerente de Promo\u00e7\u00e3o e Defesa dos Direitos Relativos \u00e0 Livre Orienta\u00e7\u00e3o Sexual, Joyce Gomes.<\/p>\n\n\n\n<p>\u2014 \u2014 \u2014<\/p>\n\n\n\n<p><strong>Texto \u2013&nbsp;<\/strong>Lucas Batista \/ Semasc<\/p>\n\n\n\n<p><strong>Fotos \u2013&nbsp;<\/strong>Jo\u00e3o Viana \/ Semcom<\/p>\n\n\n\n<p>Dispon\u00edveis em \u2013&nbsp;<a href=\"https:\/\/flic.kr\/s\/aHBqjAoQ8j\">https:\/\/flic.kr\/s\/aHBqjAoQ8j<\/a><\/p>\n","protected":false},"excerpt":{"rendered":"","protected":false},"author":27,"featured_media":208245,"comment_status":"closed","ping_status":"closed","sticky":false,"template":"","format":"standard","meta":{"footnotes":""},"categories":[14,263],"tags":[],"acf":[],"yoast_head":"<!-- This site is optimized with the Yoast SEO plugin v23.0 - https:\/\/yoast.com\/wordpress\/plugins\/seo\/ -->\n<title>Prefeitura de Manaus realiza semin\u00e1rio sobre direitos da popula\u00e7\u00e3o LGBTQIA+ - SEMCOM<\/title>\n<meta name=\"robots\" content=\"index, follow, max-snippet:-1, max-image-preview:large, max-video-preview:-1\" \/>\n<link rel=\"canonical\" href=\"https:\/\/www.manaus.am.gov.br\/semcom\/prefeitura-de-manaus-realiza-seminario-sobre-direitos-da-populacao-lgbtqia\/\" \/>\n<meta property=\"og:locale\" content=\"pt_BR\" \/>\n<meta property=\"og:type\" content=\"article\" \/>\n<meta property=\"og:title\" content=\"Prefeitura de Manaus realiza semin\u00e1rio sobre direitos da popula\u00e7\u00e3o LGBTQIA+ - SEMCOM\" \/>\n<meta property=\"og:url\" content=\"https:\/\/www.manaus.am.gov.br\/semcom\/prefeitura-de-manaus-realiza-seminario-sobre-direitos-da-populacao-lgbtqia\/\" \/>\n<meta property=\"og:site_name\" content=\"SEMCOM\" \/>\n<meta property=\"article:published_time\" content=\"2023-01-19T21:33:00+00:00\" \/>\n<meta property=\"article:modified_time\" content=\"2023-01-27T20:30:02+00:00\" \/>\n<meta property=\"og:image\" content=\"https:\/\/www.manaus.am.gov.br\/semcom\/wp-content\/uploads\/sites\/5\/2023\/01\/52637610750_2f83788936_c.jpg\" \/>\n\t<meta property=\"og:image:width\" content=\"799\" \/>\n\t<meta property=\"og:image:height\" content=\"533\" \/>\n\t<meta property=\"og:image:type\" content=\"image\/jpeg\" \/>\n<meta name=\"author\" content=\"Imarketing Digital\" \/>\n<meta name=\"twitter:card\" content=\"summary_large_image\" \/>\n<meta name=\"twitter:label1\" content=\"Written by\" \/>\n\t<meta name=\"twitter:data1\" content=\"Imarketing Digital\" \/>\n\t<meta name=\"twitter:label2\" content=\"Est. reading time\" \/>\n\t<meta name=\"twitter:data2\" content=\"2 minutos\" \/>\n<script type=\"application\/ld+json\" class=\"yoast-schema-graph\">{\"@context\":\"https:\/\/schema.org\",\"@graph\":[{\"@type\":\"WebPage\",\"@id\":\"https:\/\/www.manaus.am.gov.br\/semcom\/prefeitura-de-manaus-realiza-seminario-sobre-direitos-da-populacao-lgbtqia\/\",\"url\":\"https:\/\/www.manaus.am.gov.br\/semcom\/prefeitura-de-manaus-realiza-seminario-sobre-direitos-da-populacao-lgbtqia\/\",\"name\":\"Prefeitura de Manaus realiza semin\u00e1rio sobre direitos da popula\u00e7\u00e3o LGBTQIA+ - SEMCOM\",\"isPartOf\":{\"@id\":\"https:\/\/www.manaus.am.gov.br\/semcom\/#website\"},\"primaryImageOfPage\":{\"@id\":\"https:\/\/www.manaus.am.gov.br\/semcom\/prefeitura-de-manaus-realiza-seminario-sobre-direitos-da-populacao-lgbtqia\/#primaryimage\"},\"image\":{\"@id\":\"https:\/\/www.manaus.am.gov.br\/semcom\/prefeitura-de-manaus-realiza-seminario-sobre-direitos-da-populacao-lgbtqia\/#primaryimage\"},\"thumbnailUrl\":\"https:\/\/www.manaus.am.gov.br\/semcom\/wp-content\/uploads\/sites\/5\/2023\/01\/52637610750_2f83788936_c.jpg\",\"datePublished\":\"2023-01-19T21:33:00+00:00\",\"dateModified\":\"2023-01-27T20:30:02+00:00\",\"author\":{\"@id\":\"https:\/\/www.manaus.am.gov.br\/semcom\/#\/schema\/person\/79525a47ac5902f50493820d995728ee\"},\"inLanguage\":\"pt-BR\",\"potentialAction\":[{\"@type\":\"ReadAction\",\"target\":[\"https:\/\/www.manaus.am.gov.br\/semcom\/prefeitura-de-manaus-realiza-seminario-sobre-direitos-da-populacao-lgbtqia\/\"]}]},{\"@type\":\"ImageObject\",\"inLanguage\":\"pt-BR\",\"@id\":\"https:\/\/www.manaus.am.gov.br\/semcom\/prefeitura-de-manaus-realiza-seminario-sobre-direitos-da-populacao-lgbtqia\/#primaryimage\",\"url\":\"https:\/\/www.manaus.am.gov.br\/semcom\/wp-content\/uploads\/sites\/5\/2023\/01\/52637610750_2f83788936_c.jpg\",\"contentUrl\":\"https:\/\/www.manaus.am.gov.br\/semcom\/wp-content\/uploads\/sites\/5\/2023\/01\/52637610750_2f83788936_c.jpg\",\"width\":799,\"height\":533},{\"@type\":\"WebSite\",\"@id\":\"https:\/\/www.manaus.am.gov.br\/semcom\/#website\",\"url\":\"https:\/\/www.manaus.am.gov.br\/semcom\/\",\"name\":\"SEMCOM\",\"description\":\"Secretaria Municipal de Comunica\u00e7\u00e3o\",\"potentialAction\":[{\"@type\":\"SearchAction\",\"target\":{\"@type\":\"EntryPoint\",\"urlTemplate\":\"https:\/\/www.manaus.am.gov.br\/semcom\/?s={search_term_string}\"},\"query-input\":\"required name=search_term_string\"}],\"inLanguage\":\"pt-BR\"},{\"@type\":\"Person\",\"@id\":\"https:\/\/www.manaus.am.gov.br\/semcom\/#\/schema\/person\/79525a47ac5902f50493820d995728ee\",\"name\":\"Imarketing Digital\",\"image\":{\"@type\":\"ImageObject\",\"inLanguage\":\"pt-BR\",\"@id\":\"https:\/\/www.manaus.am.gov.br\/semcom\/#\/schema\/person\/image\/\",\"url\":\"https:\/\/secure.gravatar.com\/avatar\/03432d3c57b756ed9760f7019c815a3a?s=96&d=mm&r=g\",\"contentUrl\":\"https:\/\/secure.gravatar.com\/avatar\/03432d3c57b756ed9760f7019c815a3a?s=96&d=mm&r=g\",\"caption\":\"Imarketing Digital\"}}]}<\/script>\n<!-- \/ Yoast SEO plugin. -->","yoast_head_json":{"title":"Prefeitura de Manaus realiza semin\u00e1rio sobre direitos da popula\u00e7\u00e3o LGBTQIA+ - SEMCOM","robots":{"index":"index","follow":"follow","max-snippet":"max-snippet:-1","max-image-preview":"max-image-preview:large","max-video-preview":"max-video-preview:-1"},"canonical":"https:\/\/www.manaus.am.gov.br\/semcom\/prefeitura-de-manaus-realiza-seminario-sobre-direitos-da-populacao-lgbtqia\/","og_locale":"pt_BR","og_type":"article","og_title":"Prefeitura de Manaus realiza semin\u00e1rio sobre direitos da popula\u00e7\u00e3o LGBTQIA+ - SEMCOM","og_url":"https:\/\/www.manaus.am.gov.br\/semcom\/prefeitura-de-manaus-realiza-seminario-sobre-direitos-da-populacao-lgbtqia\/","og_site_name":"SEMCOM","article_published_time":"2023-01-19T21:33:00+00:00","article_modified_time":"2023-01-27T20:30:02+00:00","og_image":[{"width":799,"height":533,"url":"https:\/\/www.manaus.am.gov.br\/semcom\/wp-content\/uploads\/sites\/5\/2023\/01\/52637610750_2f83788936_c.jpg","type":"image\/jpeg"}],"author":"Imarketing Digital","twitter_card":"summary_large_image","twitter_misc":{"Written by":"Imarketing Digital","Est. reading time":"2 minutos"},"schema":{"@context":"https:\/\/schema.org","@graph":[{"@type":"WebPage","@id":"https:\/\/www.manaus.am.gov.br\/semcom\/prefeitura-de-manaus-realiza-seminario-sobre-direitos-da-populacao-lgbtqia\/","url":"https:\/\/www.manaus.am.gov.br\/semcom\/prefeitura-de-manaus-realiza-seminario-sobre-direitos-da-populacao-lgbtqia\/","name":"Prefeitura de Manaus realiza semin\u00e1rio sobre direitos da popula\u00e7\u00e3o LGBTQIA+ - SEMCOM","isPartOf":{"@id":"https:\/\/www.manaus.am.gov.br\/semcom\/#website"},"primaryImageOfPage":{"@id":"https:\/\/www.manaus.am.gov.br\/semcom\/prefeitura-de-manaus-realiza-seminario-sobre-direitos-da-populacao-lgbtqia\/#primaryimage"},"image":{"@id":"https:\/\/www.manaus.am.gov.br\/semcom\/prefeitura-de-manaus-realiza-seminario-sobre-direitos-da-populacao-lgbtqia\/#primaryimage"},"thumbnailUrl":"https:\/\/www.manaus.am.gov.br\/semcom\/wp-content\/uploads\/sites\/5\/2023\/01\/52637610750_2f83788936_c.jpg","datePublished":"2023-01-19T21:33:00+00:00","dateModified":"2023-01-27T20:30:02+00:00","author":{"@id":"https:\/\/www.manaus.am.gov.br\/semcom\/#\/schema\/person\/79525a47ac5902f50493820d995728ee"},"inLanguage":"pt-BR","potentialAction":[{"@type":"ReadAction","target":["https:\/\/www.manaus.am.gov.br\/semcom\/prefeitura-de-manaus-realiza-seminario-sobre-direitos-da-populacao-lgbtqia\/"]}]},{"@type":"ImageObject","inLanguage":"pt-BR","@id":"https:\/\/www.manaus.am.gov.br\/semcom\/prefeitura-de-manaus-realiza-seminario-sobre-direitos-da-populacao-lgbtqia\/#primaryimage","url":"https:\/\/www.manaus.am.gov.br\/semcom\/wp-content\/uploads\/sites\/5\/2023\/01\/52637610750_2f83788936_c.jpg","contentUrl":"https:\/\/www.manaus.am.gov.br\/semcom\/wp-content\/uploads\/sites\/5\/2023\/01\/52637610750_2f83788936_c.jpg","width":799,"height":533},{"@type":"WebSite","@id":"https:\/\/www.manaus.am.gov.br\/semcom\/#website","url":"https:\/\/www.manaus.am.gov.br\/semcom\/","name":"SEMCOM","description":"Secretaria Municipal de Comunica\u00e7\u00e3o","potentialAction":[{"@type":"SearchAction","target":{"@type":"EntryPoint","urlTemplate":"https:\/\/www.manaus.am.gov.br\/semcom\/?s={search_term_string}"},"query-input":"required name=search_term_string"}],"inLanguage":"pt-BR"},{"@type":"Person","@id":"https:\/\/www.manaus.am.gov.br\/semcom\/#\/schema\/person\/79525a47ac5902f50493820d995728ee","name":"Imarketing Digital","image":{"@type":"ImageObject","inLanguage":"pt-BR","@id":"https:\/\/www.manaus.am.gov.br\/semcom\/#\/schema\/person\/image\/","url":"https:\/\/secure.gravatar.com\/avatar\/03432d3c57b756ed9760f7019c815a3a?s=96&d=mm&r=g","contentUrl":"https:\/\/secure.gravatar.com\/avatar\/03432d3c57b756ed9760f7019c815a3a?s=96&d=mm&r=g","caption":"Imarketing Digital"}}]}},"_links":{"self":[{"href":"https:\/\/www.manaus.am.gov.br\/semcom\/wp-json\/wp\/v2\/posts\/208244"}],"collection":[{"href":"https:\/\/www.manaus.am.gov.br\/semcom\/wp-json\/wp\/v2\/posts"}],"about":[{"href":"https:\/\/www.manaus.am.gov.br\/semcom\/wp-json\/wp\/v2\/types\/post"}],"author":[{"embeddable":true,"href":"https:\/\/www.manaus.am.gov.br\/semcom\/wp-json\/wp\/v2\/users\/27"}],"replies":[{"embeddable":true,"href":"https:\/\/www.manaus.am.gov.br\/semcom\/wp-json\/wp\/v2\/comments?post=208244"}],"version-history":[{"count":0,"href":"https:\/\/www.manaus.am.gov.br\/semcom\/wp-json\/wp\/v2\/posts\/208244\/revisions"}],"wp:featuredmedia":[{"embeddable":true,"href":"https:\/\/www.manaus.am.gov.br\/semcom\/wp-json\/wp\/v2\/media\/208245"}],"wp:attachment":[{"href":"https:\/\/www.manaus.am.gov.br\/semcom\/wp-json\/wp\/v2\/media?parent=208244"}],"wp:term":[{"taxonomy":"category","embeddable":true,"href":"https:\/\/www.manaus.am.gov.br\/semcom\/wp-json\/wp\/v2\/categories?post=208244"},{"taxonomy":"post_tag","embeddable":true,"href":"https:\/\/www.manaus.am.gov.br\/semcom\/wp-json\/wp\/v2\/tags?post=208244"}],"curies":[{"name":"wp","href":"https:\/\/api.w.org\/{rel}","templated":true}]}}