{"id":208217,"date":"2023-01-27T13:47:23","date_gmt":"2023-01-27T16:47:23","guid":{"rendered":"https:\/\/www.manaus.am.gov.br\/semcom\/2023\/01\/27\/prefeito-david-almeida-assina-decretos-que-criam-selos-amigos-da-natureza-e-amigos-dos-animais\/"},"modified":"2023-01-27T18:04:46","modified_gmt":"2023-01-27T21:04:46","slug":"prefeito-david-almeida-assina-decretos-que-criam-selos-amigos-da-natureza-e-amigos-dos-animais","status":"publish","type":"post","link":"https:\/\/www.manaus.am.gov.br\/semcom\/prefeito-david-almeida-assina-decretos-que-criam-selos-amigos-da-natureza-e-amigos-dos-animais\/","title":{"rendered":"<strong>Prefeito David Almeida assina decretos que criam selos \u2018Amigos da Natureza\u2019 e \u2018Amigos dos Animais\u2019<\/strong>"},"content":{"rendered":"\n<p>O prefeito David Almeida assinou os decretos que criam os selos \u201cAmigos da Natureza\u201d (Decreto n\u00ba 5.488, de 25 de janeiro de 2023) e \u201cAmigos dos Animais\u201d (Decreto n\u00ba 5.489, de 25 de janeiro de 2023). A assinatura ocorreu na \u00faltima quarta-feira, 25\/1, data em que os selos foram publicados no Di\u00e1rio Oficial do Munic\u00edpio (DOM), e contou com a presen\u00e7a do vereador Kennedy Marques e dos secret\u00e1rios de Meio Ambiente e Sustentabilidade (Semmas), Antonio Stroski, e da Casa Civil, Rafael Bertazzo.<\/p>\n\n\n\n<p>Os selos t\u00eam a finalidade de identificar, reconhecer e certificar entidades p\u00fablicas e privadas que adotem pr\u00e1ticas sustent\u00e1veis no munic\u00edpio de Manaus, al\u00e9m de dar reconhecimento \u00e0s empresas, associa\u00e7\u00f5es e funda\u00e7\u00f5es, que se destacam na promo\u00e7\u00e3o de iniciativas voltadas \u00e0 prote\u00e7\u00e3o, cuidado e bons tratos aos animais.<\/p>\n\n\n\n<p>\u201cEstou assinando dois decretos, promessas de campanha, que criam o selo \u2018Amigos dos Animais\u2019 e o selo municipal \u2018Amigos da Natureza\u2019, para que as empresas que tenham trabalhado com causas sustent\u00e1veis e tamb\u00e9m nas causas dos animais sejam certificadas\u201d, informou o prefeito.<\/p>\n\n\n\n<p>O selo \u201cAmigos da Natureza\u201d, al\u00e9m de auxiliar na identifica\u00e7\u00e3o e valoriza\u00e7\u00e3o, pelo poder p\u00fablico municipal, das entidades p\u00fablicas e privadas que desenvolvam pr\u00e1ticas sustent\u00e1veis, visa tamb\u00e9m incentivar a ado\u00e7\u00e3o de pr\u00e1ticas sustent\u00e1veis pelas empresas no munic\u00edpio de Manaus, promovendo a responsabilidade socioambiental como um valor do empreendedorismo.<\/p>\n\n\n\n<p>\u201cCom isso, iremos incentivar a popula\u00e7\u00e3o a utilizar a responsabilidade socioambiental como crit\u00e9rio no consumo de bens e servi\u00e7os das empresas instaladas em nossa cidade. Al\u00e9m do mais, essa iniciativa quer aproximar o poder p\u00fablico municipal e a iniciativa privada na cria\u00e7\u00e3o de a\u00e7\u00f5es de promo\u00e7\u00e3o da sustentabilidade e da defesa do meio ambiente\u201d, explicou o secret\u00e1rio da Semmas, Antonio Ademir Stroski.<\/p>\n\n\n\n<p>De acordo do titular da Semmas, ser\u00e3o consideradas iniciativas favor\u00e1veis \u00e0 obten\u00e7\u00e3o do selo \u201cAmigos dos Animais\u201d, a realiza\u00e7\u00e3o permanente de a\u00e7\u00f5es, campanhas, projetos, atividades e trabalhos de fomento \u00e0 ado\u00e7\u00e3o, castra\u00e7\u00e3o, vacina\u00e7\u00e3o e bons tratos aos animais.<\/p>\n\n\n\n<p>\u201cA entrega ocorrer\u00e1 por meio de um certificado impresso contendo o selo referente ao ano de an\u00e1lise, bem como a publica\u00e7\u00e3o em aba espec\u00edfica no site do \u00f3rg\u00e3o ambiental municipal, a ser divulgada no site e nas plataformas sociais da Semmas\u201d, informou Stroski.<\/p>\n\n\n\n<p>Para maiores informa\u00e7\u00f5es, em rela\u00e7\u00e3o \u00e0 obten\u00e7\u00e3o da certifica\u00e7\u00e3o&nbsp;ambiental municipal do selo &#8220;Amigos da Natureza\u201d e do selo &#8220;Amigos dos Animais\u201d, \u00e9 s\u00f3 acessar o site da Semmas no endere\u00e7o:&nbsp;<a href=\"http:\/\/www.semmas.manaus.am.gov.br\/\" target=\"_blank\" rel=\"noreferrer noopener\">www.semmas.manaus.am.gov.br<\/a>.<\/p>\n\n\n\n<p>&#8212; &#8212; &#8212;<\/p>\n\n\n\n<p><strong>Texto<\/strong>&nbsp;\u2013 Keynes Breves\/Semmas<\/p>\n\n\n\n<p><strong>Fotos<\/strong>&nbsp;\u2013 Dhyeizo Lemos \/ Semcom<\/p>\n","protected":false},"excerpt":{"rendered":"","protected":false},"author":24,"featured_media":208218,"comment_status":"closed","ping_status":"closed","sticky":false,"template":"","format":"standard","meta":{"footnotes":""},"categories":[233],"tags":[234,235,135,236,35,237,238,239,19],"acf":[],"yoast_head":"<!-- This site is optimized with the Yoast SEO plugin v23.0 - https:\/\/yoast.com\/wordpress\/plugins\/seo\/ -->\n<title>Prefeito David Almeida assina decretos que criam selos \u2018Amigos da Natureza\u2019 e \u2018Amigos dos Animais\u2019 - SEMCOM<\/title>\n<meta name=\"robots\" content=\"index, follow, max-snippet:-1, max-image-preview:large, max-video-preview:-1\" \/>\n<link rel=\"canonical\" href=\"https:\/\/www.manaus.am.gov.br\/semcom\/prefeito-david-almeida-assina-decretos-que-criam-selos-amigos-da-natureza-e-amigos-dos-animais\/\" \/>\n<meta property=\"og:locale\" content=\"pt_BR\" \/>\n<meta property=\"og:type\" content=\"article\" \/>\n<meta property=\"og:title\" content=\"Prefeito David Almeida assina decretos que criam selos \u2018Amigos da Natureza\u2019 e \u2018Amigos dos Animais\u2019 - SEMCOM\" \/>\n<meta property=\"og:url\" content=\"https:\/\/www.manaus.am.gov.br\/semcom\/prefeito-david-almeida-assina-decretos-que-criam-selos-amigos-da-natureza-e-amigos-dos-animais\/\" \/>\n<meta property=\"og:site_name\" content=\"SEMCOM\" \/>\n<meta property=\"article:published_time\" content=\"2023-01-27T16:47:23+00:00\" \/>\n<meta property=\"article:modified_time\" content=\"2023-01-27T21:04:46+00:00\" \/>\n<meta property=\"og:image\" content=\"https:\/\/www.manaus.am.gov.br\/semcom\/wp-content\/uploads\/sites\/5\/2023\/01\/Decreto-Selos-2.jpeg\" \/>\n\t<meta property=\"og:image:width\" content=\"1080\" \/>\n\t<meta property=\"og:image:height\" content=\"1002\" \/>\n\t<meta property=\"og:image:type\" content=\"image\/jpeg\" \/>\n<meta name=\"author\" content=\"Cl\u00e1udia Barbosa\" \/>\n<meta name=\"twitter:card\" content=\"summary_large_image\" \/>\n<meta name=\"twitter:label1\" content=\"Written by\" \/>\n\t<meta name=\"twitter:data1\" content=\"Cl\u00e1udia Barbosa\" \/>\n\t<meta name=\"twitter:label2\" content=\"Est. reading time\" \/>\n\t<meta name=\"twitter:data2\" content=\"3 minutos\" \/>\n<script type=\"application\/ld+json\" class=\"yoast-schema-graph\">{\"@context\":\"https:\/\/schema.org\",\"@graph\":[{\"@type\":\"WebPage\",\"@id\":\"https:\/\/www.manaus.am.gov.br\/semcom\/prefeito-david-almeida-assina-decretos-que-criam-selos-amigos-da-natureza-e-amigos-dos-animais\/\",\"url\":\"https:\/\/www.manaus.am.gov.br\/semcom\/prefeito-david-almeida-assina-decretos-que-criam-selos-amigos-da-natureza-e-amigos-dos-animais\/\",\"name\":\"Prefeito David Almeida assina decretos que criam selos \u2018Amigos da Natureza\u2019 e \u2018Amigos dos Animais\u2019 - SEMCOM\",\"isPartOf\":{\"@id\":\"https:\/\/www.manaus.am.gov.br\/semcom\/#website\"},\"primaryImageOfPage\":{\"@id\":\"https:\/\/www.manaus.am.gov.br\/semcom\/prefeito-david-almeida-assina-decretos-que-criam-selos-amigos-da-natureza-e-amigos-dos-animais\/#primaryimage\"},\"image\":{\"@id\":\"https:\/\/www.manaus.am.gov.br\/semcom\/prefeito-david-almeida-assina-decretos-que-criam-selos-amigos-da-natureza-e-amigos-dos-animais\/#primaryimage\"},\"thumbnailUrl\":\"https:\/\/www.manaus.am.gov.br\/semcom\/wp-content\/uploads\/sites\/5\/2023\/01\/Decreto-Selos-2.jpeg\",\"datePublished\":\"2023-01-27T16:47:23+00:00\",\"dateModified\":\"2023-01-27T21:04:46+00:00\",\"author\":{\"@id\":\"https:\/\/www.manaus.am.gov.br\/semcom\/#\/schema\/person\/d0a166b5031154c33c77794ddc9a827e\"},\"inLanguage\":\"pt-BR\",\"potentialAction\":[{\"@type\":\"ReadAction\",\"target\":[\"https:\/\/www.manaus.am.gov.br\/semcom\/prefeito-david-almeida-assina-decretos-que-criam-selos-amigos-da-natureza-e-amigos-dos-animais\/\"]}]},{\"@type\":\"ImageObject\",\"inLanguage\":\"pt-BR\",\"@id\":\"https:\/\/www.manaus.am.gov.br\/semcom\/prefeito-david-almeida-assina-decretos-que-criam-selos-amigos-da-natureza-e-amigos-dos-animais\/#primaryimage\",\"url\":\"https:\/\/www.manaus.am.gov.br\/semcom\/wp-content\/uploads\/sites\/5\/2023\/01\/Decreto-Selos-2.jpeg\",\"contentUrl\":\"https:\/\/www.manaus.am.gov.br\/semcom\/wp-content\/uploads\/sites\/5\/2023\/01\/Decreto-Selos-2.jpeg\",\"width\":1080,\"height\":1002},{\"@type\":\"WebSite\",\"@id\":\"https:\/\/www.manaus.am.gov.br\/semcom\/#website\",\"url\":\"https:\/\/www.manaus.am.gov.br\/semcom\/\",\"name\":\"SEMCOM\",\"description\":\"Secretaria Municipal de Comunica\u00e7\u00e3o\",\"potentialAction\":[{\"@type\":\"SearchAction\",\"target\":{\"@type\":\"EntryPoint\",\"urlTemplate\":\"https:\/\/www.manaus.am.gov.br\/semcom\/?s={search_term_string}\"},\"query-input\":\"required name=search_term_string\"}],\"inLanguage\":\"pt-BR\"},{\"@type\":\"Person\",\"@id\":\"https:\/\/www.manaus.am.gov.br\/semcom\/#\/schema\/person\/d0a166b5031154c33c77794ddc9a827e\",\"name\":\"Cl\u00e1udia Barbosa\",\"image\":{\"@type\":\"ImageObject\",\"inLanguage\":\"pt-BR\",\"@id\":\"https:\/\/www.manaus.am.gov.br\/semcom\/#\/schema\/person\/image\/\",\"url\":\"https:\/\/secure.gravatar.com\/avatar\/42958a1cf007f1a00534009218c72590?s=96&d=mm&r=g\",\"contentUrl\":\"https:\/\/secure.gravatar.com\/avatar\/42958a1cf007f1a00534009218c72590?s=96&d=mm&r=g\",\"caption\":\"Cl\u00e1udia Barbosa\"}}]}<\/script>\n<!-- \/ Yoast SEO plugin. -->","yoast_head_json":{"title":"Prefeito David Almeida assina decretos que criam selos \u2018Amigos da Natureza\u2019 e \u2018Amigos dos Animais\u2019 - SEMCOM","robots":{"index":"index","follow":"follow","max-snippet":"max-snippet:-1","max-image-preview":"max-image-preview:large","max-video-preview":"max-video-preview:-1"},"canonical":"https:\/\/www.manaus.am.gov.br\/semcom\/prefeito-david-almeida-assina-decretos-que-criam-selos-amigos-da-natureza-e-amigos-dos-animais\/","og_locale":"pt_BR","og_type":"article","og_title":"Prefeito David Almeida assina decretos que criam selos \u2018Amigos da Natureza\u2019 e \u2018Amigos dos Animais\u2019 - SEMCOM","og_url":"https:\/\/www.manaus.am.gov.br\/semcom\/prefeito-david-almeida-assina-decretos-que-criam-selos-amigos-da-natureza-e-amigos-dos-animais\/","og_site_name":"SEMCOM","article_published_time":"2023-01-27T16:47:23+00:00","article_modified_time":"2023-01-27T21:04:46+00:00","og_image":[{"width":1080,"height":1002,"url":"https:\/\/www.manaus.am.gov.br\/semcom\/wp-content\/uploads\/sites\/5\/2023\/01\/Decreto-Selos-2.jpeg","type":"image\/jpeg"}],"author":"Cl\u00e1udia Barbosa","twitter_card":"summary_large_image","twitter_misc":{"Written by":"Cl\u00e1udia Barbosa","Est. reading time":"3 minutos"},"schema":{"@context":"https:\/\/schema.org","@graph":[{"@type":"WebPage","@id":"https:\/\/www.manaus.am.gov.br\/semcom\/prefeito-david-almeida-assina-decretos-que-criam-selos-amigos-da-natureza-e-amigos-dos-animais\/","url":"https:\/\/www.manaus.am.gov.br\/semcom\/prefeito-david-almeida-assina-decretos-que-criam-selos-amigos-da-natureza-e-amigos-dos-animais\/","name":"Prefeito David Almeida assina decretos que criam selos \u2018Amigos da Natureza\u2019 e \u2018Amigos dos Animais\u2019 - SEMCOM","isPartOf":{"@id":"https:\/\/www.manaus.am.gov.br\/semcom\/#website"},"primaryImageOfPage":{"@id":"https:\/\/www.manaus.am.gov.br\/semcom\/prefeito-david-almeida-assina-decretos-que-criam-selos-amigos-da-natureza-e-amigos-dos-animais\/#primaryimage"},"image":{"@id":"https:\/\/www.manaus.am.gov.br\/semcom\/prefeito-david-almeida-assina-decretos-que-criam-selos-amigos-da-natureza-e-amigos-dos-animais\/#primaryimage"},"thumbnailUrl":"https:\/\/www.manaus.am.gov.br\/semcom\/wp-content\/uploads\/sites\/5\/2023\/01\/Decreto-Selos-2.jpeg","datePublished":"2023-01-27T16:47:23+00:00","dateModified":"2023-01-27T21:04:46+00:00","author":{"@id":"https:\/\/www.manaus.am.gov.br\/semcom\/#\/schema\/person\/d0a166b5031154c33c77794ddc9a827e"},"inLanguage":"pt-BR","potentialAction":[{"@type":"ReadAction","target":["https:\/\/www.manaus.am.gov.br\/semcom\/prefeito-david-almeida-assina-decretos-que-criam-selos-amigos-da-natureza-e-amigos-dos-animais\/"]}]},{"@type":"ImageObject","inLanguage":"pt-BR","@id":"https:\/\/www.manaus.am.gov.br\/semcom\/prefeito-david-almeida-assina-decretos-que-criam-selos-amigos-da-natureza-e-amigos-dos-animais\/#primaryimage","url":"https:\/\/www.manaus.am.gov.br\/semcom\/wp-content\/uploads\/sites\/5\/2023\/01\/Decreto-Selos-2.jpeg","contentUrl":"https:\/\/www.manaus.am.gov.br\/semcom\/wp-content\/uploads\/sites\/5\/2023\/01\/Decreto-Selos-2.jpeg","width":1080,"height":1002},{"@type":"WebSite","@id":"https:\/\/www.manaus.am.gov.br\/semcom\/#website","url":"https:\/\/www.manaus.am.gov.br\/semcom\/","name":"SEMCOM","description":"Secretaria Municipal de Comunica\u00e7\u00e3o","potentialAction":[{"@type":"SearchAction","target":{"@type":"EntryPoint","urlTemplate":"https:\/\/www.manaus.am.gov.br\/semcom\/?s={search_term_string}"},"query-input":"required name=search_term_string"}],"inLanguage":"pt-BR"},{"@type":"Person","@id":"https:\/\/www.manaus.am.gov.br\/semcom\/#\/schema\/person\/d0a166b5031154c33c77794ddc9a827e","name":"Cl\u00e1udia Barbosa","image":{"@type":"ImageObject","inLanguage":"pt-BR","@id":"https:\/\/www.manaus.am.gov.br\/semcom\/#\/schema\/person\/image\/","url":"https:\/\/secure.gravatar.com\/avatar\/42958a1cf007f1a00534009218c72590?s=96&d=mm&r=g","contentUrl":"https:\/\/secure.gravatar.com\/avatar\/42958a1cf007f1a00534009218c72590?s=96&d=mm&r=g","caption":"Cl\u00e1udia Barbosa"}}]}},"_links":{"self":[{"href":"https:\/\/www.manaus.am.gov.br\/semcom\/wp-json\/wp\/v2\/posts\/208217"}],"collection":[{"href":"https:\/\/www.manaus.am.gov.br\/semcom\/wp-json\/wp\/v2\/posts"}],"about":[{"href":"https:\/\/www.manaus.am.gov.br\/semcom\/wp-json\/wp\/v2\/types\/post"}],"author":[{"embeddable":true,"href":"https:\/\/www.manaus.am.gov.br\/semcom\/wp-json\/wp\/v2\/users\/24"}],"replies":[{"embeddable":true,"href":"https:\/\/www.manaus.am.gov.br\/semcom\/wp-json\/wp\/v2\/comments?post=208217"}],"version-history":[{"count":1,"href":"https:\/\/www.manaus.am.gov.br\/semcom\/wp-json\/wp\/v2\/posts\/208217\/revisions"}],"predecessor-version":[{"id":208265,"href":"https:\/\/www.manaus.am.gov.br\/semcom\/wp-json\/wp\/v2\/posts\/208217\/revisions\/208265"}],"wp:featuredmedia":[{"embeddable":true,"href":"https:\/\/www.manaus.am.gov.br\/semcom\/wp-json\/wp\/v2\/media\/208218"}],"wp:attachment":[{"href":"https:\/\/www.manaus.am.gov.br\/semcom\/wp-json\/wp\/v2\/media?parent=208217"}],"wp:term":[{"taxonomy":"category","embeddable":true,"href":"https:\/\/www.manaus.am.gov.br\/semcom\/wp-json\/wp\/v2\/categories?post=208217"},{"taxonomy":"post_tag","embeddable":true,"href":"https:\/\/www.manaus.am.gov.br\/semcom\/wp-json\/wp\/v2\/tags?post=208217"}],"curies":[{"name":"wp","href":"https:\/\/api.w.org\/{rel}","templated":true}]}}