{"id":208172,"date":"2023-01-25T21:57:27","date_gmt":"2023-01-26T00:57:27","guid":{"rendered":"https:\/\/www.manaus.am.gov.br\/semcom\/2023\/01\/25\/tecnicos-da-prefeitura-de-manaus-participam-de-simulado-de-emergencia-em-rede-de-gas-natural\/"},"modified":"2023-01-26T18:57:03","modified_gmt":"2023-01-26T21:57:03","slug":"tecnicos-da-prefeitura-de-manaus-participam-de-simulado-de-emergencia-em-rede-de-gas-natural","status":"publish","type":"post","link":"https:\/\/www.manaus.am.gov.br\/semcom\/tecnicos-da-prefeitura-de-manaus-participam-de-simulado-de-emergencia-em-rede-de-gas-natural\/","title":{"rendered":"T\u00e9cnicos da Prefeitura de Manaus participam de simulado de emerg\u00eancia em rede de g\u00e1s natural"},"content":{"rendered":"\n<p>A Prefeitura de Manaus, por meio da Secretaria Municipal de Seguran\u00e7a P\u00fablica e Defesa Social (Semseg), participou, nesta quarta-feira, 25\/1, do 9\u00ba Simulado de Emerg\u00eancia na rede de distribui\u00e7\u00e3o de g\u00e1s natural (RDGN), na avenida do Futuro, bairro do Tarum\u00e3, realizado pela Companhia de G\u00e1s do Amazonas (Cig\u00e1s).<\/p>\n\n\n\n<p>Com o objetivo de refor\u00e7ar a integra\u00e7\u00e3o e avaliar o tempo de resposta entre os \u00f3rg\u00e3os envolvidos, a a\u00e7\u00e3o busca validar o Plano de Emerg\u00eancia, aprimorando os procedimentos de seguran\u00e7a operacional e as pr\u00e1ticas de preven\u00e7\u00e3o.&nbsp;<\/p>\n\n\n\n<p>A Defesa Civil Municipal, participou, junto com a Defesa Civil do Estado, Corpo de Bombeiros e Instituto Municipal de Mobilidade Urbana (IMMU).<\/p>\n\n\n\n<p>Jos\u00e9 Mendes, diretor de Opera\u00e7\u00f5es explica qual \u00e9 a atua\u00e7\u00e3o da Defesa Civil do munic\u00edpio em uma situa\u00e7\u00e3o de risco como a apresentada na simula\u00e7\u00e3o.<\/p>\n\n\n\n<p>\u201cA Defesa Civil participou do evento fazendo observa\u00e7\u00f5es desse ponto em um poss\u00edvel sinistro grandioso em Manaus. Como seria o resgate e quais seriam os pontos estrat\u00e9gicos para as ambul\u00e2ncias. No caso foram resgatadas tr\u00eas v\u00edtimas\u201d.<\/p>\n\n\n\n<p>O cen\u00e1rio simulado foi um servi\u00e7o de escava\u00e7\u00e3o mecanizada sobre uma rede de gasoduto, instalada no local, feito por uma empresa, ocasionando dano \u00e0 infraestrutura e gerando o acionamento dos \u00f3rg\u00e3os integrados para o atendimento do incidente.<\/p>\n\n\n\n<p>&#8212; &#8212; &#8212;<\/p>\n\n\n\n<p><strong>Texto e foto<\/strong> \u2013 Divulga\u00e7\u00e3o \/ Semseg<\/p>\n","protected":false},"excerpt":{"rendered":"","protected":false},"author":31,"featured_media":208173,"comment_status":"closed","ping_status":"closed","sticky":false,"template":"","format":"standard","meta":{"footnotes":""},"categories":[176],"tags":[177,178,179],"acf":[],"yoast_head":"<!-- This site is optimized with the Yoast SEO plugin v23.0 - https:\/\/yoast.com\/wordpress\/plugins\/seo\/ -->\n<title>T\u00e9cnicos da Prefeitura de Manaus participam de simulado de emerg\u00eancia em rede de g\u00e1s natural - SEMCOM<\/title>\n<meta name=\"robots\" content=\"index, follow, max-snippet:-1, max-image-preview:large, max-video-preview:-1\" \/>\n<link rel=\"canonical\" href=\"https:\/\/www.manaus.am.gov.br\/semcom\/tecnicos-da-prefeitura-de-manaus-participam-de-simulado-de-emergencia-em-rede-de-gas-natural\/\" \/>\n<meta property=\"og:locale\" content=\"pt_BR\" \/>\n<meta property=\"og:type\" content=\"article\" \/>\n<meta property=\"og:title\" content=\"T\u00e9cnicos da Prefeitura de Manaus participam de simulado de emerg\u00eancia em rede de g\u00e1s natural - SEMCOM\" \/>\n<meta property=\"og:url\" content=\"https:\/\/www.manaus.am.gov.br\/semcom\/tecnicos-da-prefeitura-de-manaus-participam-de-simulado-de-emergencia-em-rede-de-gas-natural\/\" \/>\n<meta property=\"og:site_name\" content=\"SEMCOM\" \/>\n<meta property=\"article:published_time\" content=\"2023-01-26T00:57:27+00:00\" \/>\n<meta property=\"article:modified_time\" content=\"2023-01-26T21:57:03+00:00\" \/>\n<meta property=\"og:image\" content=\"https:\/\/www.manaus.am.gov.br\/semcom\/wp-content\/uploads\/sites\/5\/2023\/01\/IMG_20230125_194741_246.jpg\" \/>\n\t<meta property=\"og:image:width\" content=\"1280\" \/>\n\t<meta property=\"og:image:height\" content=\"853\" \/>\n\t<meta property=\"og:image:type\" content=\"image\/jpeg\" \/>\n<meta name=\"author\" content=\"Renata Felix\" \/>\n<meta name=\"twitter:card\" content=\"summary_large_image\" \/>\n<meta name=\"twitter:label1\" content=\"Written by\" \/>\n\t<meta name=\"twitter:data1\" content=\"Renata Felix\" \/>\n\t<meta name=\"twitter:label2\" content=\"Est. reading time\" \/>\n\t<meta name=\"twitter:data2\" content=\"2 minutos\" \/>\n<script type=\"application\/ld+json\" class=\"yoast-schema-graph\">{\"@context\":\"https:\/\/schema.org\",\"@graph\":[{\"@type\":\"WebPage\",\"@id\":\"https:\/\/www.manaus.am.gov.br\/semcom\/tecnicos-da-prefeitura-de-manaus-participam-de-simulado-de-emergencia-em-rede-de-gas-natural\/\",\"url\":\"https:\/\/www.manaus.am.gov.br\/semcom\/tecnicos-da-prefeitura-de-manaus-participam-de-simulado-de-emergencia-em-rede-de-gas-natural\/\",\"name\":\"T\u00e9cnicos da Prefeitura de Manaus participam de simulado de emerg\u00eancia em rede de g\u00e1s natural - SEMCOM\",\"isPartOf\":{\"@id\":\"https:\/\/www.manaus.am.gov.br\/semcom\/#website\"},\"primaryImageOfPage\":{\"@id\":\"https:\/\/www.manaus.am.gov.br\/semcom\/tecnicos-da-prefeitura-de-manaus-participam-de-simulado-de-emergencia-em-rede-de-gas-natural\/#primaryimage\"},\"image\":{\"@id\":\"https:\/\/www.manaus.am.gov.br\/semcom\/tecnicos-da-prefeitura-de-manaus-participam-de-simulado-de-emergencia-em-rede-de-gas-natural\/#primaryimage\"},\"thumbnailUrl\":\"https:\/\/www.manaus.am.gov.br\/semcom\/wp-content\/uploads\/sites\/5\/2023\/01\/IMG_20230125_194741_246.jpg\",\"datePublished\":\"2023-01-26T00:57:27+00:00\",\"dateModified\":\"2023-01-26T21:57:03+00:00\",\"author\":{\"@id\":\"https:\/\/www.manaus.am.gov.br\/semcom\/#\/schema\/person\/4eea2a8f78dc853097abb026f728aa06\"},\"inLanguage\":\"pt-BR\",\"potentialAction\":[{\"@type\":\"ReadAction\",\"target\":[\"https:\/\/www.manaus.am.gov.br\/semcom\/tecnicos-da-prefeitura-de-manaus-participam-de-simulado-de-emergencia-em-rede-de-gas-natural\/\"]}]},{\"@type\":\"ImageObject\",\"inLanguage\":\"pt-BR\",\"@id\":\"https:\/\/www.manaus.am.gov.br\/semcom\/tecnicos-da-prefeitura-de-manaus-participam-de-simulado-de-emergencia-em-rede-de-gas-natural\/#primaryimage\",\"url\":\"https:\/\/www.manaus.am.gov.br\/semcom\/wp-content\/uploads\/sites\/5\/2023\/01\/IMG_20230125_194741_246.jpg\",\"contentUrl\":\"https:\/\/www.manaus.am.gov.br\/semcom\/wp-content\/uploads\/sites\/5\/2023\/01\/IMG_20230125_194741_246.jpg\",\"width\":1280,\"height\":853},{\"@type\":\"WebSite\",\"@id\":\"https:\/\/www.manaus.am.gov.br\/semcom\/#website\",\"url\":\"https:\/\/www.manaus.am.gov.br\/semcom\/\",\"name\":\"SEMCOM\",\"description\":\"Secretaria Municipal de Comunica\u00e7\u00e3o\",\"potentialAction\":[{\"@type\":\"SearchAction\",\"target\":{\"@type\":\"EntryPoint\",\"urlTemplate\":\"https:\/\/www.manaus.am.gov.br\/semcom\/?s={search_term_string}\"},\"query-input\":\"required name=search_term_string\"}],\"inLanguage\":\"pt-BR\"},{\"@type\":\"Person\",\"@id\":\"https:\/\/www.manaus.am.gov.br\/semcom\/#\/schema\/person\/4eea2a8f78dc853097abb026f728aa06\",\"name\":\"Renata Felix\",\"image\":{\"@type\":\"ImageObject\",\"inLanguage\":\"pt-BR\",\"@id\":\"https:\/\/www.manaus.am.gov.br\/semcom\/#\/schema\/person\/image\/\",\"url\":\"https:\/\/secure.gravatar.com\/avatar\/3c196cf9d3b837b24c8edb2c50fd8f29?s=96&d=mm&r=g\",\"contentUrl\":\"https:\/\/secure.gravatar.com\/avatar\/3c196cf9d3b837b24c8edb2c50fd8f29?s=96&d=mm&r=g\",\"caption\":\"Renata Felix\"}}]}<\/script>\n<!-- \/ Yoast SEO plugin. -->","yoast_head_json":{"title":"T\u00e9cnicos da Prefeitura de Manaus participam de simulado de emerg\u00eancia em rede de g\u00e1s natural - SEMCOM","robots":{"index":"index","follow":"follow","max-snippet":"max-snippet:-1","max-image-preview":"max-image-preview:large","max-video-preview":"max-video-preview:-1"},"canonical":"https:\/\/www.manaus.am.gov.br\/semcom\/tecnicos-da-prefeitura-de-manaus-participam-de-simulado-de-emergencia-em-rede-de-gas-natural\/","og_locale":"pt_BR","og_type":"article","og_title":"T\u00e9cnicos da Prefeitura de Manaus participam de simulado de emerg\u00eancia em rede de g\u00e1s natural - SEMCOM","og_url":"https:\/\/www.manaus.am.gov.br\/semcom\/tecnicos-da-prefeitura-de-manaus-participam-de-simulado-de-emergencia-em-rede-de-gas-natural\/","og_site_name":"SEMCOM","article_published_time":"2023-01-26T00:57:27+00:00","article_modified_time":"2023-01-26T21:57:03+00:00","og_image":[{"width":1280,"height":853,"url":"https:\/\/www.manaus.am.gov.br\/semcom\/wp-content\/uploads\/sites\/5\/2023\/01\/IMG_20230125_194741_246.jpg","type":"image\/jpeg"}],"author":"Renata Felix","twitter_card":"summary_large_image","twitter_misc":{"Written by":"Renata Felix","Est. reading time":"2 minutos"},"schema":{"@context":"https:\/\/schema.org","@graph":[{"@type":"WebPage","@id":"https:\/\/www.manaus.am.gov.br\/semcom\/tecnicos-da-prefeitura-de-manaus-participam-de-simulado-de-emergencia-em-rede-de-gas-natural\/","url":"https:\/\/www.manaus.am.gov.br\/semcom\/tecnicos-da-prefeitura-de-manaus-participam-de-simulado-de-emergencia-em-rede-de-gas-natural\/","name":"T\u00e9cnicos da Prefeitura de Manaus participam de simulado de emerg\u00eancia em rede de g\u00e1s natural - SEMCOM","isPartOf":{"@id":"https:\/\/www.manaus.am.gov.br\/semcom\/#website"},"primaryImageOfPage":{"@id":"https:\/\/www.manaus.am.gov.br\/semcom\/tecnicos-da-prefeitura-de-manaus-participam-de-simulado-de-emergencia-em-rede-de-gas-natural\/#primaryimage"},"image":{"@id":"https:\/\/www.manaus.am.gov.br\/semcom\/tecnicos-da-prefeitura-de-manaus-participam-de-simulado-de-emergencia-em-rede-de-gas-natural\/#primaryimage"},"thumbnailUrl":"https:\/\/www.manaus.am.gov.br\/semcom\/wp-content\/uploads\/sites\/5\/2023\/01\/IMG_20230125_194741_246.jpg","datePublished":"2023-01-26T00:57:27+00:00","dateModified":"2023-01-26T21:57:03+00:00","author":{"@id":"https:\/\/www.manaus.am.gov.br\/semcom\/#\/schema\/person\/4eea2a8f78dc853097abb026f728aa06"},"inLanguage":"pt-BR","potentialAction":[{"@type":"ReadAction","target":["https:\/\/www.manaus.am.gov.br\/semcom\/tecnicos-da-prefeitura-de-manaus-participam-de-simulado-de-emergencia-em-rede-de-gas-natural\/"]}]},{"@type":"ImageObject","inLanguage":"pt-BR","@id":"https:\/\/www.manaus.am.gov.br\/semcom\/tecnicos-da-prefeitura-de-manaus-participam-de-simulado-de-emergencia-em-rede-de-gas-natural\/#primaryimage","url":"https:\/\/www.manaus.am.gov.br\/semcom\/wp-content\/uploads\/sites\/5\/2023\/01\/IMG_20230125_194741_246.jpg","contentUrl":"https:\/\/www.manaus.am.gov.br\/semcom\/wp-content\/uploads\/sites\/5\/2023\/01\/IMG_20230125_194741_246.jpg","width":1280,"height":853},{"@type":"WebSite","@id":"https:\/\/www.manaus.am.gov.br\/semcom\/#website","url":"https:\/\/www.manaus.am.gov.br\/semcom\/","name":"SEMCOM","description":"Secretaria Municipal de Comunica\u00e7\u00e3o","potentialAction":[{"@type":"SearchAction","target":{"@type":"EntryPoint","urlTemplate":"https:\/\/www.manaus.am.gov.br\/semcom\/?s={search_term_string}"},"query-input":"required name=search_term_string"}],"inLanguage":"pt-BR"},{"@type":"Person","@id":"https:\/\/www.manaus.am.gov.br\/semcom\/#\/schema\/person\/4eea2a8f78dc853097abb026f728aa06","name":"Renata Felix","image":{"@type":"ImageObject","inLanguage":"pt-BR","@id":"https:\/\/www.manaus.am.gov.br\/semcom\/#\/schema\/person\/image\/","url":"https:\/\/secure.gravatar.com\/avatar\/3c196cf9d3b837b24c8edb2c50fd8f29?s=96&d=mm&r=g","contentUrl":"https:\/\/secure.gravatar.com\/avatar\/3c196cf9d3b837b24c8edb2c50fd8f29?s=96&d=mm&r=g","caption":"Renata Felix"}}]}},"_links":{"self":[{"href":"https:\/\/www.manaus.am.gov.br\/semcom\/wp-json\/wp\/v2\/posts\/208172"}],"collection":[{"href":"https:\/\/www.manaus.am.gov.br\/semcom\/wp-json\/wp\/v2\/posts"}],"about":[{"href":"https:\/\/www.manaus.am.gov.br\/semcom\/wp-json\/wp\/v2\/types\/post"}],"author":[{"embeddable":true,"href":"https:\/\/www.manaus.am.gov.br\/semcom\/wp-json\/wp\/v2\/users\/31"}],"replies":[{"embeddable":true,"href":"https:\/\/www.manaus.am.gov.br\/semcom\/wp-json\/wp\/v2\/comments?post=208172"}],"version-history":[{"count":0,"href":"https:\/\/www.manaus.am.gov.br\/semcom\/wp-json\/wp\/v2\/posts\/208172\/revisions"}],"wp:featuredmedia":[{"embeddable":true,"href":"https:\/\/www.manaus.am.gov.br\/semcom\/wp-json\/wp\/v2\/media\/208173"}],"wp:attachment":[{"href":"https:\/\/www.manaus.am.gov.br\/semcom\/wp-json\/wp\/v2\/media?parent=208172"}],"wp:term":[{"taxonomy":"category","embeddable":true,"href":"https:\/\/www.manaus.am.gov.br\/semcom\/wp-json\/wp\/v2\/categories?post=208172"},{"taxonomy":"post_tag","embeddable":true,"href":"https:\/\/www.manaus.am.gov.br\/semcom\/wp-json\/wp\/v2\/tags?post=208172"}],"curies":[{"name":"wp","href":"https:\/\/api.w.org\/{rel}","templated":true}]}}