{"id":208168,"date":"2023-01-25T19:59:01","date_gmt":"2023-01-25T22:59:01","guid":{"rendered":"https:\/\/www.manaus.am.gov.br\/semcom\/2023\/01\/25\/prefeitura-de-manaus-intensifica-servicos-de-infraestrutura-no-conjunto-galileia-ii\/"},"modified":"2023-01-26T18:56:52","modified_gmt":"2023-01-26T21:56:52","slug":"prefeitura-de-manaus-intensifica-servicos-de-infraestrutura-no-conjunto-galileia-ii","status":"publish","type":"post","link":"https:\/\/www.manaus.am.gov.br\/semcom\/prefeitura-de-manaus-intensifica-servicos-de-infraestrutura-no-conjunto-galileia-ii\/","title":{"rendered":"Prefeitura de Manaus intensifica servi\u00e7os de infraestrutura no conjunto Galil\u00e9ia II"},"content":{"rendered":"\n<p>A Prefeitura de Manaus, por meio da Secretaria Municipal de Infraestrutura (Seminf), trabalha em a\u00e7\u00e3o preventiva, fruto de uma for\u00e7a-tarefa, cujo objetivo \u00e9 diminuir os impactos do per\u00edodo chuvoso na cidade. Os servi\u00e7os est\u00e3o concentrados no conjunto Galil\u00e9ia II, situado no bairro Monte das Oliveiras, zona Norte.&nbsp;<\/p>\n\n\n\n<p>As equipes identificaram tr\u00eas caixas coletoras obstru\u00eddas na rua 28. A via sofria alagamentos devido ao descarte irregular de lixo. Na a\u00e7\u00e3o, foi realizada a troca de um tubo da rede de drenagem que estava defasado.<\/p>\n\n\n\n<p>Na for\u00e7a-tarefa, dez servidores atuaram de forma direta, com aux\u00edlio de caminh\u00e3o hidrojato e restroescavadeira. \u201cNossa equipe substituiu um tubo que tinha rompido pelo ac\u00famulo de lixo da \u00e1rea. Estamos trabalhando com a limpeza e desobstru\u00e7\u00e3o das tr\u00eas caixas coletoras e, na sequ\u00eancia, vamos confeccionar as tampas das caixas\u201d, explica o engenheiro Cedar Vital.&nbsp;<\/p>\n\n\n\n<p>\u201cSeguimos a determina\u00e7\u00e3o do prefeito David Almeida e do secret\u00e1rio Renato Junior de entregar qualidade nos servi\u00e7os prestados \u00e0 popula\u00e7\u00e3o\u201d, complementa Cedar.<\/p>\n\n\n\n<p>Neste per\u00edodo chuvoso, as equipes da Prefeitura de Manaus t\u00eam trabalhado de forma simult\u00e2nea e preventiva pela cidade, com o objetivo de diminuir as consequ\u00eancias desta \u00e9poca do ano. Os servi\u00e7os de recupera\u00e7\u00e3o de drenagens, desobstru\u00e7\u00e3o e limpeza de bueiros, constru\u00e7\u00f5es de pontes em madeira e recapeamento asf\u00e1ltico t\u00eam sido intensificados para facilitar o acesso e a trafegabilidade na capital.<\/p>\n\n\n\n<p>&#8212; &#8212; &#8212;<\/p>\n\n\n\n<p><strong>Texto<\/strong> &#8211; Rayana Coutinho \/ Seminf<\/p>\n\n\n\n<p><strong>Fotos<\/strong> \u2013 Divulga\u00e7\u00e3o \/ Seminf<\/p>\n","protected":false},"excerpt":{"rendered":"","protected":false},"author":31,"featured_media":208169,"comment_status":"closed","ping_status":"closed","sticky":false,"template":"","format":"standard","meta":{"footnotes":""},"categories":[170],"tags":[171,172,29],"acf":[],"yoast_head":"<!-- This site is optimized with the Yoast SEO plugin v23.0 - https:\/\/yoast.com\/wordpress\/plugins\/seo\/ -->\n<title>Prefeitura de Manaus intensifica servi\u00e7os de infraestrutura no conjunto Galil\u00e9ia II - SEMCOM<\/title>\n<meta name=\"robots\" content=\"index, follow, max-snippet:-1, max-image-preview:large, max-video-preview:-1\" \/>\n<link rel=\"canonical\" href=\"https:\/\/www.manaus.am.gov.br\/semcom\/prefeitura-de-manaus-intensifica-servicos-de-infraestrutura-no-conjunto-galileia-ii\/\" \/>\n<meta property=\"og:locale\" content=\"pt_BR\" \/>\n<meta property=\"og:type\" content=\"article\" \/>\n<meta property=\"og:title\" content=\"Prefeitura de Manaus intensifica servi\u00e7os de infraestrutura no conjunto Galil\u00e9ia II - SEMCOM\" \/>\n<meta property=\"og:url\" content=\"https:\/\/www.manaus.am.gov.br\/semcom\/prefeitura-de-manaus-intensifica-servicos-de-infraestrutura-no-conjunto-galileia-ii\/\" \/>\n<meta property=\"og:site_name\" content=\"SEMCOM\" \/>\n<meta property=\"article:published_time\" content=\"2023-01-25T22:59:01+00:00\" \/>\n<meta property=\"article:modified_time\" content=\"2023-01-26T21:56:52+00:00\" \/>\n<meta property=\"og:image\" content=\"https:\/\/www.manaus.am.gov.br\/semcom\/wp-content\/uploads\/sites\/5\/2023\/01\/image00005-1.jpg\" \/>\n\t<meta property=\"og:image:width\" content=\"1600\" \/>\n\t<meta property=\"og:image:height\" content=\"1200\" \/>\n\t<meta property=\"og:image:type\" content=\"image\/jpeg\" \/>\n<meta name=\"author\" content=\"Renata Felix\" \/>\n<meta name=\"twitter:card\" content=\"summary_large_image\" \/>\n<meta name=\"twitter:label1\" content=\"Written by\" \/>\n\t<meta name=\"twitter:data1\" content=\"Renata Felix\" \/>\n\t<meta name=\"twitter:label2\" content=\"Est. reading time\" \/>\n\t<meta name=\"twitter:data2\" content=\"2 minutos\" \/>\n<script type=\"application\/ld+json\" class=\"yoast-schema-graph\">{\"@context\":\"https:\/\/schema.org\",\"@graph\":[{\"@type\":\"WebPage\",\"@id\":\"https:\/\/www.manaus.am.gov.br\/semcom\/prefeitura-de-manaus-intensifica-servicos-de-infraestrutura-no-conjunto-galileia-ii\/\",\"url\":\"https:\/\/www.manaus.am.gov.br\/semcom\/prefeitura-de-manaus-intensifica-servicos-de-infraestrutura-no-conjunto-galileia-ii\/\",\"name\":\"Prefeitura de Manaus intensifica servi\u00e7os de infraestrutura no conjunto Galil\u00e9ia II - SEMCOM\",\"isPartOf\":{\"@id\":\"https:\/\/www.manaus.am.gov.br\/semcom\/#website\"},\"primaryImageOfPage\":{\"@id\":\"https:\/\/www.manaus.am.gov.br\/semcom\/prefeitura-de-manaus-intensifica-servicos-de-infraestrutura-no-conjunto-galileia-ii\/#primaryimage\"},\"image\":{\"@id\":\"https:\/\/www.manaus.am.gov.br\/semcom\/prefeitura-de-manaus-intensifica-servicos-de-infraestrutura-no-conjunto-galileia-ii\/#primaryimage\"},\"thumbnailUrl\":\"https:\/\/www.manaus.am.gov.br\/semcom\/wp-content\/uploads\/sites\/5\/2023\/01\/image00005-1.jpg\",\"datePublished\":\"2023-01-25T22:59:01+00:00\",\"dateModified\":\"2023-01-26T21:56:52+00:00\",\"author\":{\"@id\":\"https:\/\/www.manaus.am.gov.br\/semcom\/#\/schema\/person\/4eea2a8f78dc853097abb026f728aa06\"},\"inLanguage\":\"pt-BR\",\"potentialAction\":[{\"@type\":\"ReadAction\",\"target\":[\"https:\/\/www.manaus.am.gov.br\/semcom\/prefeitura-de-manaus-intensifica-servicos-de-infraestrutura-no-conjunto-galileia-ii\/\"]}]},{\"@type\":\"ImageObject\",\"inLanguage\":\"pt-BR\",\"@id\":\"https:\/\/www.manaus.am.gov.br\/semcom\/prefeitura-de-manaus-intensifica-servicos-de-infraestrutura-no-conjunto-galileia-ii\/#primaryimage\",\"url\":\"https:\/\/www.manaus.am.gov.br\/semcom\/wp-content\/uploads\/sites\/5\/2023\/01\/image00005-1.jpg\",\"contentUrl\":\"https:\/\/www.manaus.am.gov.br\/semcom\/wp-content\/uploads\/sites\/5\/2023\/01\/image00005-1.jpg\",\"width\":1600,\"height\":1200},{\"@type\":\"WebSite\",\"@id\":\"https:\/\/www.manaus.am.gov.br\/semcom\/#website\",\"url\":\"https:\/\/www.manaus.am.gov.br\/semcom\/\",\"name\":\"SEMCOM\",\"description\":\"Secretaria Municipal de Comunica\u00e7\u00e3o\",\"potentialAction\":[{\"@type\":\"SearchAction\",\"target\":{\"@type\":\"EntryPoint\",\"urlTemplate\":\"https:\/\/www.manaus.am.gov.br\/semcom\/?s={search_term_string}\"},\"query-input\":\"required name=search_term_string\"}],\"inLanguage\":\"pt-BR\"},{\"@type\":\"Person\",\"@id\":\"https:\/\/www.manaus.am.gov.br\/semcom\/#\/schema\/person\/4eea2a8f78dc853097abb026f728aa06\",\"name\":\"Renata Felix\",\"image\":{\"@type\":\"ImageObject\",\"inLanguage\":\"pt-BR\",\"@id\":\"https:\/\/www.manaus.am.gov.br\/semcom\/#\/schema\/person\/image\/\",\"url\":\"https:\/\/secure.gravatar.com\/avatar\/3c196cf9d3b837b24c8edb2c50fd8f29?s=96&d=mm&r=g\",\"contentUrl\":\"https:\/\/secure.gravatar.com\/avatar\/3c196cf9d3b837b24c8edb2c50fd8f29?s=96&d=mm&r=g\",\"caption\":\"Renata Felix\"}}]}<\/script>\n<!-- \/ Yoast SEO plugin. -->","yoast_head_json":{"title":"Prefeitura de Manaus intensifica servi\u00e7os de infraestrutura no conjunto Galil\u00e9ia II - SEMCOM","robots":{"index":"index","follow":"follow","max-snippet":"max-snippet:-1","max-image-preview":"max-image-preview:large","max-video-preview":"max-video-preview:-1"},"canonical":"https:\/\/www.manaus.am.gov.br\/semcom\/prefeitura-de-manaus-intensifica-servicos-de-infraestrutura-no-conjunto-galileia-ii\/","og_locale":"pt_BR","og_type":"article","og_title":"Prefeitura de Manaus intensifica servi\u00e7os de infraestrutura no conjunto Galil\u00e9ia II - SEMCOM","og_url":"https:\/\/www.manaus.am.gov.br\/semcom\/prefeitura-de-manaus-intensifica-servicos-de-infraestrutura-no-conjunto-galileia-ii\/","og_site_name":"SEMCOM","article_published_time":"2023-01-25T22:59:01+00:00","article_modified_time":"2023-01-26T21:56:52+00:00","og_image":[{"width":1600,"height":1200,"url":"https:\/\/www.manaus.am.gov.br\/semcom\/wp-content\/uploads\/sites\/5\/2023\/01\/image00005-1.jpg","type":"image\/jpeg"}],"author":"Renata Felix","twitter_card":"summary_large_image","twitter_misc":{"Written by":"Renata Felix","Est. reading time":"2 minutos"},"schema":{"@context":"https:\/\/schema.org","@graph":[{"@type":"WebPage","@id":"https:\/\/www.manaus.am.gov.br\/semcom\/prefeitura-de-manaus-intensifica-servicos-de-infraestrutura-no-conjunto-galileia-ii\/","url":"https:\/\/www.manaus.am.gov.br\/semcom\/prefeitura-de-manaus-intensifica-servicos-de-infraestrutura-no-conjunto-galileia-ii\/","name":"Prefeitura de Manaus intensifica servi\u00e7os de infraestrutura no conjunto Galil\u00e9ia II - SEMCOM","isPartOf":{"@id":"https:\/\/www.manaus.am.gov.br\/semcom\/#website"},"primaryImageOfPage":{"@id":"https:\/\/www.manaus.am.gov.br\/semcom\/prefeitura-de-manaus-intensifica-servicos-de-infraestrutura-no-conjunto-galileia-ii\/#primaryimage"},"image":{"@id":"https:\/\/www.manaus.am.gov.br\/semcom\/prefeitura-de-manaus-intensifica-servicos-de-infraestrutura-no-conjunto-galileia-ii\/#primaryimage"},"thumbnailUrl":"https:\/\/www.manaus.am.gov.br\/semcom\/wp-content\/uploads\/sites\/5\/2023\/01\/image00005-1.jpg","datePublished":"2023-01-25T22:59:01+00:00","dateModified":"2023-01-26T21:56:52+00:00","author":{"@id":"https:\/\/www.manaus.am.gov.br\/semcom\/#\/schema\/person\/4eea2a8f78dc853097abb026f728aa06"},"inLanguage":"pt-BR","potentialAction":[{"@type":"ReadAction","target":["https:\/\/www.manaus.am.gov.br\/semcom\/prefeitura-de-manaus-intensifica-servicos-de-infraestrutura-no-conjunto-galileia-ii\/"]}]},{"@type":"ImageObject","inLanguage":"pt-BR","@id":"https:\/\/www.manaus.am.gov.br\/semcom\/prefeitura-de-manaus-intensifica-servicos-de-infraestrutura-no-conjunto-galileia-ii\/#primaryimage","url":"https:\/\/www.manaus.am.gov.br\/semcom\/wp-content\/uploads\/sites\/5\/2023\/01\/image00005-1.jpg","contentUrl":"https:\/\/www.manaus.am.gov.br\/semcom\/wp-content\/uploads\/sites\/5\/2023\/01\/image00005-1.jpg","width":1600,"height":1200},{"@type":"WebSite","@id":"https:\/\/www.manaus.am.gov.br\/semcom\/#website","url":"https:\/\/www.manaus.am.gov.br\/semcom\/","name":"SEMCOM","description":"Secretaria Municipal de Comunica\u00e7\u00e3o","potentialAction":[{"@type":"SearchAction","target":{"@type":"EntryPoint","urlTemplate":"https:\/\/www.manaus.am.gov.br\/semcom\/?s={search_term_string}"},"query-input":"required name=search_term_string"}],"inLanguage":"pt-BR"},{"@type":"Person","@id":"https:\/\/www.manaus.am.gov.br\/semcom\/#\/schema\/person\/4eea2a8f78dc853097abb026f728aa06","name":"Renata Felix","image":{"@type":"ImageObject","inLanguage":"pt-BR","@id":"https:\/\/www.manaus.am.gov.br\/semcom\/#\/schema\/person\/image\/","url":"https:\/\/secure.gravatar.com\/avatar\/3c196cf9d3b837b24c8edb2c50fd8f29?s=96&d=mm&r=g","contentUrl":"https:\/\/secure.gravatar.com\/avatar\/3c196cf9d3b837b24c8edb2c50fd8f29?s=96&d=mm&r=g","caption":"Renata Felix"}}]}},"_links":{"self":[{"href":"https:\/\/www.manaus.am.gov.br\/semcom\/wp-json\/wp\/v2\/posts\/208168"}],"collection":[{"href":"https:\/\/www.manaus.am.gov.br\/semcom\/wp-json\/wp\/v2\/posts"}],"about":[{"href":"https:\/\/www.manaus.am.gov.br\/semcom\/wp-json\/wp\/v2\/types\/post"}],"author":[{"embeddable":true,"href":"https:\/\/www.manaus.am.gov.br\/semcom\/wp-json\/wp\/v2\/users\/31"}],"replies":[{"embeddable":true,"href":"https:\/\/www.manaus.am.gov.br\/semcom\/wp-json\/wp\/v2\/comments?post=208168"}],"version-history":[{"count":0,"href":"https:\/\/www.manaus.am.gov.br\/semcom\/wp-json\/wp\/v2\/posts\/208168\/revisions"}],"wp:featuredmedia":[{"embeddable":true,"href":"https:\/\/www.manaus.am.gov.br\/semcom\/wp-json\/wp\/v2\/media\/208169"}],"wp:attachment":[{"href":"https:\/\/www.manaus.am.gov.br\/semcom\/wp-json\/wp\/v2\/media?parent=208168"}],"wp:term":[{"taxonomy":"category","embeddable":true,"href":"https:\/\/www.manaus.am.gov.br\/semcom\/wp-json\/wp\/v2\/categories?post=208168"},{"taxonomy":"post_tag","embeddable":true,"href":"https:\/\/www.manaus.am.gov.br\/semcom\/wp-json\/wp\/v2\/tags?post=208168"}],"curies":[{"name":"wp","href":"https:\/\/api.w.org\/{rel}","templated":true}]}}