{"id":208148,"date":"2021-09-10T19:12:56","date_gmt":"2021-09-10T22:12:56","guid":{"rendered":"https:\/\/www.manaus.am.gov.br\/semcom\/2021\/09\/10\/pralerta-falso-relato-de-contribuinte-do-iptu\/"},"modified":"2023-01-26T17:33:17","modified_gmt":"2023-01-26T20:33:17","slug":"pralerta-falso-relato-de-contribuinte-do-iptu","status":"publish","type":"post","link":"https:\/\/www.manaus.am.gov.br\/semcom\/pralerta-falso-relato-de-contribuinte-do-iptu\/","title":{"rendered":"Prefeitura alerta sobre v\u00eddeo que cont\u00e9m falso relato de contribuinte do IPTU"},"content":{"rendered":"\n<p>A <a href=\"https:\/\/www.manaus.am.gov.br\">Prefeitura de Manaus<\/a> alerta sobre um v\u00eddeo que circula em grupos de WhatsApp e demais redes sociais, onde um cidad\u00e3o que n\u00e3o se identifica, usa o nome do prefeito de Manaus, David Almeida, e relata que havia comprado uma casa com d\u00e9bitos do Imposto Predial e Territorial Urbano (IPTU) desde o ano de 1992, d\u00edvidas essas acumuladas pela antiga dona do im\u00f3vel, e segundo ele, por meio de um \u201cprojeto\u201d da prefeitura, conseguiu alterar a titularidade do im\u00f3vel e ter a d\u00edvida perdoada.<\/p>\n\n\n\n<p>\u201cA prefeitura chegou na minha casa, pediu meus documentos dizendo que iria passar o IPTU para o meu nome e, ano que vem, vir\u00e1 o IPTU cadastrado no meu nome e a d\u00edvida n\u00e3o ser\u00e1 mais minha\u201d, relata o desconhecido, ao afirmar que \u201ctantas outras fam\u00edlias foram beneficiadas\u201d.<\/p>\n\n\n\n<p>A Secretaria Municipal de Finan\u00e7as e Tecnologia da Informa\u00e7\u00e3o (Semef), respons\u00e1vel pela gest\u00e3o dos tributos municipais, nega as informa\u00e7\u00f5es e desconhece qualquer programa com as caracter\u00edsticas citadas pelo cidad\u00e3o. O \u00f3rg\u00e3o informa que, a primeira precau\u00e7\u00e3o de uma pessoa ao negociar um im\u00f3vel \u00e9 verificar suas d\u00edvidas de IPTU.<\/p>\n\n\n\n<p>O munic\u00edpio informa ainda que os cadastradores do projeto Mapa de Manaus est\u00e3o percorrendo os bairros da capital, para a conclus\u00e3o da terceira e \u00faltima fase do projeto, que somente visa atualizar a base do Cadastro Imobili\u00e1rio Municipal.<\/p>\n\n\n\n<p>Os cadastradores do Mapa de Manaus est\u00e3o devidamente fardados e identificados com o crach\u00e1 da Prefeitura de Manaus. No site do projeto (<a href=\"http:\/\/www.mapademanaus.org\/\" data-saferedirecturl=\"https:\/\/www.google.com\/url?q=http:\/\/www.mapademanaus.org&amp;source=gmail&amp;ust=1631397918054000&amp;usg=AFQjCNFM1y4mFPUiofe5dd4_B38rxavZgA\">www.mapademanaus.org<\/a>) \u00e9 poss\u00edvel acessar mais informa\u00e7\u00f5es sobre as a\u00e7\u00f5es, al\u00e9m da lista com nomes e fotos dos profissionais que atuam no projeto. Outro canal direto com o cidad\u00e3o \u00e9 o telefone e WhatsApp (92) 98421-7829.<\/p>\n\n\n\n<p>&#8212; &#8212; &#8212;<\/p>\n","protected":false},"excerpt":{"rendered":"","protected":false},"author":8,"featured_media":208149,"comment_status":"closed","ping_status":"closed","sticky":false,"template":"","format":"standard","meta":{"footnotes":""},"categories":[139],"tags":[140,156,157],"acf":[],"yoast_head":"<!-- This site is optimized with the Yoast SEO plugin v23.0 - https:\/\/yoast.com\/wordpress\/plugins\/seo\/ -->\n<title>Prefeitura alerta sobre v\u00eddeo de falso relato de contribuinte do IPTU<\/title>\n<meta name=\"description\" content=\"Prefeitura alerta sobre v\u00eddeo que cont\u00e9m falso relato de contribuinte do IPTU, que est\u00e1 circulando em grupos de WhatsApp e redes sociais...\" \/>\n<meta name=\"robots\" content=\"index, follow, max-snippet:-1, max-image-preview:large, max-video-preview:-1\" \/>\n<link rel=\"canonical\" href=\"https:\/\/www.manaus.am.gov.br\/semcom\/pralerta-falso-relato-de-contribuinte-do-iptu\/\" \/>\n<meta property=\"og:locale\" content=\"pt_BR\" \/>\n<meta property=\"og:type\" content=\"article\" \/>\n<meta property=\"og:title\" content=\"Prefeitura alerta sobre v\u00eddeo de falso relato de contribuinte do IPTU\" \/>\n<meta property=\"og:description\" content=\"Prefeitura alerta sobre v\u00eddeo que cont\u00e9m falso relato de contribuinte do IPTU, que est\u00e1 circulando em grupos de WhatsApp e redes sociais...\" \/>\n<meta property=\"og:url\" content=\"https:\/\/www.manaus.am.gov.br\/semcom\/pralerta-falso-relato-de-contribuinte-do-iptu\/\" \/>\n<meta property=\"og:site_name\" content=\"SEMCOM\" \/>\n<meta property=\"article:published_time\" content=\"2021-09-10T22:12:56+00:00\" \/>\n<meta property=\"article:modified_time\" content=\"2023-01-26T20:33:17+00:00\" \/>\n<meta property=\"og:image\" content=\"https:\/\/www.manaus.am.gov.br\/semcom\/wp-content\/uploads\/sites\/5\/2023\/01\/Fake-News-e1631312185126-1.jpg\" \/>\n\t<meta property=\"og:image:width\" content=\"720\" \/>\n\t<meta property=\"og:image:height\" content=\"405\" \/>\n\t<meta property=\"og:image:type\" content=\"image\/jpeg\" \/>\n<meta name=\"author\" content=\"Glauber Farias\" \/>\n<meta name=\"twitter:card\" content=\"summary_large_image\" \/>\n<meta name=\"twitter:label1\" content=\"Written by\" \/>\n\t<meta name=\"twitter:data1\" content=\"Glauber Farias\" \/>\n\t<meta name=\"twitter:label2\" content=\"Est. reading time\" \/>\n\t<meta name=\"twitter:data2\" content=\"2 minutos\" \/>\n<script type=\"application\/ld+json\" class=\"yoast-schema-graph\">{\"@context\":\"https:\/\/schema.org\",\"@graph\":[{\"@type\":\"WebPage\",\"@id\":\"https:\/\/www.manaus.am.gov.br\/semcom\/pralerta-falso-relato-de-contribuinte-do-iptu\/\",\"url\":\"https:\/\/www.manaus.am.gov.br\/semcom\/pralerta-falso-relato-de-contribuinte-do-iptu\/\",\"name\":\"Prefeitura alerta sobre v\u00eddeo de falso relato de contribuinte do IPTU\",\"isPartOf\":{\"@id\":\"https:\/\/www.manaus.am.gov.br\/semcom\/#website\"},\"primaryImageOfPage\":{\"@id\":\"https:\/\/www.manaus.am.gov.br\/semcom\/pralerta-falso-relato-de-contribuinte-do-iptu\/#primaryimage\"},\"image\":{\"@id\":\"https:\/\/www.manaus.am.gov.br\/semcom\/pralerta-falso-relato-de-contribuinte-do-iptu\/#primaryimage\"},\"thumbnailUrl\":\"https:\/\/www.manaus.am.gov.br\/semcom\/wp-content\/uploads\/sites\/5\/2023\/01\/Fake-News-e1631312185126-1.jpg\",\"datePublished\":\"2021-09-10T22:12:56+00:00\",\"dateModified\":\"2023-01-26T20:33:17+00:00\",\"author\":{\"@id\":\"https:\/\/www.manaus.am.gov.br\/semcom\/#\/schema\/person\/fe69d2249d78e7a3112d42bc34c44a58\"},\"description\":\"Prefeitura alerta sobre v\u00eddeo que cont\u00e9m falso relato de contribuinte do IPTU, que est\u00e1 circulando em grupos de WhatsApp e redes sociais...\",\"inLanguage\":\"pt-BR\",\"potentialAction\":[{\"@type\":\"ReadAction\",\"target\":[\"https:\/\/www.manaus.am.gov.br\/semcom\/pralerta-falso-relato-de-contribuinte-do-iptu\/\"]}]},{\"@type\":\"ImageObject\",\"inLanguage\":\"pt-BR\",\"@id\":\"https:\/\/www.manaus.am.gov.br\/semcom\/pralerta-falso-relato-de-contribuinte-do-iptu\/#primaryimage\",\"url\":\"https:\/\/www.manaus.am.gov.br\/semcom\/wp-content\/uploads\/sites\/5\/2023\/01\/Fake-News-e1631312185126-1.jpg\",\"contentUrl\":\"https:\/\/www.manaus.am.gov.br\/semcom\/wp-content\/uploads\/sites\/5\/2023\/01\/Fake-News-e1631312185126-1.jpg\",\"width\":720,\"height\":405},{\"@type\":\"WebSite\",\"@id\":\"https:\/\/www.manaus.am.gov.br\/semcom\/#website\",\"url\":\"https:\/\/www.manaus.am.gov.br\/semcom\/\",\"name\":\"SEMCOM\",\"description\":\"Secretaria Municipal de Comunica\u00e7\u00e3o\",\"potentialAction\":[{\"@type\":\"SearchAction\",\"target\":{\"@type\":\"EntryPoint\",\"urlTemplate\":\"https:\/\/www.manaus.am.gov.br\/semcom\/?s={search_term_string}\"},\"query-input\":\"required name=search_term_string\"}],\"inLanguage\":\"pt-BR\"},{\"@type\":\"Person\",\"@id\":\"https:\/\/www.manaus.am.gov.br\/semcom\/#\/schema\/person\/fe69d2249d78e7a3112d42bc34c44a58\",\"name\":\"Glauber Farias\",\"image\":{\"@type\":\"ImageObject\",\"inLanguage\":\"pt-BR\",\"@id\":\"https:\/\/www.manaus.am.gov.br\/semcom\/#\/schema\/person\/image\/\",\"url\":\"https:\/\/secure.gravatar.com\/avatar\/eb33200ffd19538372f635b2165531c0?s=96&d=mm&r=g\",\"contentUrl\":\"https:\/\/secure.gravatar.com\/avatar\/eb33200ffd19538372f635b2165531c0?s=96&d=mm&r=g\",\"caption\":\"Glauber Farias\"}}]}<\/script>\n<!-- \/ Yoast SEO plugin. -->","yoast_head_json":{"title":"Prefeitura alerta sobre v\u00eddeo de falso relato de contribuinte do IPTU","description":"Prefeitura alerta sobre v\u00eddeo que cont\u00e9m falso relato de contribuinte do IPTU, que est\u00e1 circulando em grupos de WhatsApp e redes sociais...","robots":{"index":"index","follow":"follow","max-snippet":"max-snippet:-1","max-image-preview":"max-image-preview:large","max-video-preview":"max-video-preview:-1"},"canonical":"https:\/\/www.manaus.am.gov.br\/semcom\/pralerta-falso-relato-de-contribuinte-do-iptu\/","og_locale":"pt_BR","og_type":"article","og_title":"Prefeitura alerta sobre v\u00eddeo de falso relato de contribuinte do IPTU","og_description":"Prefeitura alerta sobre v\u00eddeo que cont\u00e9m falso relato de contribuinte do IPTU, que est\u00e1 circulando em grupos de WhatsApp e redes sociais...","og_url":"https:\/\/www.manaus.am.gov.br\/semcom\/pralerta-falso-relato-de-contribuinte-do-iptu\/","og_site_name":"SEMCOM","article_published_time":"2021-09-10T22:12:56+00:00","article_modified_time":"2023-01-26T20:33:17+00:00","og_image":[{"width":720,"height":405,"url":"https:\/\/www.manaus.am.gov.br\/semcom\/wp-content\/uploads\/sites\/5\/2023\/01\/Fake-News-e1631312185126-1.jpg","type":"image\/jpeg"}],"author":"Glauber Farias","twitter_card":"summary_large_image","twitter_misc":{"Written by":"Glauber Farias","Est. reading time":"2 minutos"},"schema":{"@context":"https:\/\/schema.org","@graph":[{"@type":"WebPage","@id":"https:\/\/www.manaus.am.gov.br\/semcom\/pralerta-falso-relato-de-contribuinte-do-iptu\/","url":"https:\/\/www.manaus.am.gov.br\/semcom\/pralerta-falso-relato-de-contribuinte-do-iptu\/","name":"Prefeitura alerta sobre v\u00eddeo de falso relato de contribuinte do IPTU","isPartOf":{"@id":"https:\/\/www.manaus.am.gov.br\/semcom\/#website"},"primaryImageOfPage":{"@id":"https:\/\/www.manaus.am.gov.br\/semcom\/pralerta-falso-relato-de-contribuinte-do-iptu\/#primaryimage"},"image":{"@id":"https:\/\/www.manaus.am.gov.br\/semcom\/pralerta-falso-relato-de-contribuinte-do-iptu\/#primaryimage"},"thumbnailUrl":"https:\/\/www.manaus.am.gov.br\/semcom\/wp-content\/uploads\/sites\/5\/2023\/01\/Fake-News-e1631312185126-1.jpg","datePublished":"2021-09-10T22:12:56+00:00","dateModified":"2023-01-26T20:33:17+00:00","author":{"@id":"https:\/\/www.manaus.am.gov.br\/semcom\/#\/schema\/person\/fe69d2249d78e7a3112d42bc34c44a58"},"description":"Prefeitura alerta sobre v\u00eddeo que cont\u00e9m falso relato de contribuinte do IPTU, que est\u00e1 circulando em grupos de WhatsApp e redes sociais...","inLanguage":"pt-BR","potentialAction":[{"@type":"ReadAction","target":["https:\/\/www.manaus.am.gov.br\/semcom\/pralerta-falso-relato-de-contribuinte-do-iptu\/"]}]},{"@type":"ImageObject","inLanguage":"pt-BR","@id":"https:\/\/www.manaus.am.gov.br\/semcom\/pralerta-falso-relato-de-contribuinte-do-iptu\/#primaryimage","url":"https:\/\/www.manaus.am.gov.br\/semcom\/wp-content\/uploads\/sites\/5\/2023\/01\/Fake-News-e1631312185126-1.jpg","contentUrl":"https:\/\/www.manaus.am.gov.br\/semcom\/wp-content\/uploads\/sites\/5\/2023\/01\/Fake-News-e1631312185126-1.jpg","width":720,"height":405},{"@type":"WebSite","@id":"https:\/\/www.manaus.am.gov.br\/semcom\/#website","url":"https:\/\/www.manaus.am.gov.br\/semcom\/","name":"SEMCOM","description":"Secretaria Municipal de Comunica\u00e7\u00e3o","potentialAction":[{"@type":"SearchAction","target":{"@type":"EntryPoint","urlTemplate":"https:\/\/www.manaus.am.gov.br\/semcom\/?s={search_term_string}"},"query-input":"required name=search_term_string"}],"inLanguage":"pt-BR"},{"@type":"Person","@id":"https:\/\/www.manaus.am.gov.br\/semcom\/#\/schema\/person\/fe69d2249d78e7a3112d42bc34c44a58","name":"Glauber Farias","image":{"@type":"ImageObject","inLanguage":"pt-BR","@id":"https:\/\/www.manaus.am.gov.br\/semcom\/#\/schema\/person\/image\/","url":"https:\/\/secure.gravatar.com\/avatar\/eb33200ffd19538372f635b2165531c0?s=96&d=mm&r=g","contentUrl":"https:\/\/secure.gravatar.com\/avatar\/eb33200ffd19538372f635b2165531c0?s=96&d=mm&r=g","caption":"Glauber Farias"}}]}},"_links":{"self":[{"href":"https:\/\/www.manaus.am.gov.br\/semcom\/wp-json\/wp\/v2\/posts\/208148"}],"collection":[{"href":"https:\/\/www.manaus.am.gov.br\/semcom\/wp-json\/wp\/v2\/posts"}],"about":[{"href":"https:\/\/www.manaus.am.gov.br\/semcom\/wp-json\/wp\/v2\/types\/post"}],"author":[{"embeddable":true,"href":"https:\/\/www.manaus.am.gov.br\/semcom\/wp-json\/wp\/v2\/users\/8"}],"replies":[{"embeddable":true,"href":"https:\/\/www.manaus.am.gov.br\/semcom\/wp-json\/wp\/v2\/comments?post=208148"}],"version-history":[{"count":0,"href":"https:\/\/www.manaus.am.gov.br\/semcom\/wp-json\/wp\/v2\/posts\/208148\/revisions"}],"wp:featuredmedia":[{"embeddable":true,"href":"https:\/\/www.manaus.am.gov.br\/semcom\/wp-json\/wp\/v2\/media\/208149"}],"wp:attachment":[{"href":"https:\/\/www.manaus.am.gov.br\/semcom\/wp-json\/wp\/v2\/media?parent=208148"}],"wp:term":[{"taxonomy":"category","embeddable":true,"href":"https:\/\/www.manaus.am.gov.br\/semcom\/wp-json\/wp\/v2\/categories?post=208148"},{"taxonomy":"post_tag","embeddable":true,"href":"https:\/\/www.manaus.am.gov.br\/semcom\/wp-json\/wp\/v2\/tags?post=208148"}],"curies":[{"name":"wp","href":"https:\/\/api.w.org\/{rel}","templated":true}]}}