{"id":208145,"date":"2021-07-23T14:25:50","date_gmt":"2021-07-23T18:25:50","guid":{"rendered":"https:\/\/www.manaus.am.gov.br\/semcom\/2021\/07\/23\/mensagem-de-que-a-prefeitura-nao-ira-pagar-a-6a-parcela-do-auxilio-manauara-e-fake-news\/"},"modified":"2021-07-23T14:25:50","modified_gmt":"2021-07-23T18:25:50","slug":"mensagem-de-que-a-prefeitura-nao-ira-pagar-a-6a-parcela-do-auxilio-manauara-e-fake-news","status":"publish","type":"post","link":"https:\/\/www.manaus.am.gov.br\/semcom\/mensagem-de-que-a-prefeitura-nao-ira-pagar-a-6a-parcela-do-auxilio-manauara-e-fake-news\/","title":{"rendered":"Mensagem de que a prefeitura n\u00e3o ir\u00e1 pagar a 6\u00aa  parcela do \u2018Aux\u00edlio Manauara\u2019 \u00e9 fake News"},"content":{"rendered":"<p>A Prefeitura de Manaus, por meio da Secretaria Municipal da Mulher, Assist\u00eancia Social e Cidadania (Semasc), alerta para a mensagem falsa, que come\u00e7ou a circular nas redes sociais nesta sexta-feira, 23\/7, de que n\u00e3o seria efetuado o pagamento da 6\u00aa parcela do \u201cAux\u00edlio Manauara\u201d, programado para iniciar hoje, beneficiando&nbsp;pessoas nascidas nos meses de janeiro e fevereiro.<\/p>\n<p><img loading=\"lazy\" decoding=\"async\" class=\"img-responsive aligncenter wp-image-208146 size-img-destaque\" src=\"https:\/\/www.manaus.am.gov.br\/semcom\/wp-content\/uploads\/sites\/5\/2023\/01\/Nota-720x407.png\" alt=\"\" width=\"720\" height=\"407\"><\/p>\n<p>&nbsp;<\/p>\n<p>Um erro no programa de efetiva\u00e7\u00e3o do pagamento gerou o atraso no repasse, situa\u00e7\u00e3o que foi regularizada antes das 12h e, com isso, todas as contas programadas para hoje j\u00e1 se encontram com o valor dispon\u00edvel. O problema n\u00e3o afetar\u00e1 os pagamentos previstos para a pr\u00f3xima semana.<\/p>\n<p>A Prefeitura de Manaus reafirma o seu compromisso com a popula\u00e7\u00e3o manauara, principalmente aquelas fam\u00edlias que se encontram em situa\u00e7\u00e3o de vulnerabilidade social.<\/p>\n<p>&#8212; &#8212; &#8212;<\/p>\n<p><strong>Texto<\/strong>&nbsp;&#8211; Leonardo Fierro\/ Semasc<\/p>\n","protected":false},"excerpt":{"rendered":"","protected":false},"author":23,"featured_media":208146,"comment_status":"closed","ping_status":"closed","sticky":false,"template":"","format":"standard","meta":{"footnotes":""},"categories":[139,59],"tags":[154,140,155,153],"acf":[],"yoast_head":"<!-- This site is optimized with the Yoast SEO plugin v23.0 - https:\/\/yoast.com\/wordpress\/plugins\/seo\/ -->\n<title>Mensagem de que a prefeitura n\u00e3o ir\u00e1 pagar a 6\u00aa parcela do \u2018Aux\u00edlio Manauara\u2019 \u00e9 fake News - SEMCOM<\/title>\n<meta name=\"robots\" content=\"index, follow, max-snippet:-1, max-image-preview:large, max-video-preview:-1\" \/>\n<link rel=\"canonical\" href=\"https:\/\/www.manaus.am.gov.br\/semcom\/mensagem-de-que-a-prefeitura-nao-ira-pagar-a-6a-parcela-do-auxilio-manauara-e-fake-news\/\" \/>\n<meta property=\"og:locale\" content=\"pt_BR\" \/>\n<meta property=\"og:type\" content=\"article\" \/>\n<meta property=\"og:title\" content=\"Mensagem de que a prefeitura n\u00e3o ir\u00e1 pagar a 6\u00aa parcela do \u2018Aux\u00edlio Manauara\u2019 \u00e9 fake News - SEMCOM\" \/>\n<meta property=\"og:url\" content=\"https:\/\/www.manaus.am.gov.br\/semcom\/mensagem-de-que-a-prefeitura-nao-ira-pagar-a-6a-parcela-do-auxilio-manauara-e-fake-news\/\" \/>\n<meta property=\"og:site_name\" content=\"SEMCOM\" \/>\n<meta property=\"article:published_time\" content=\"2021-07-23T18:25:50+00:00\" \/>\n<meta property=\"og:image\" content=\"https:\/\/www.manaus.am.gov.br\/semcom\/wp-content\/uploads\/sites\/5\/2023\/01\/Nota.png\" \/>\n\t<meta property=\"og:image:width\" content=\"900\" \/>\n\t<meta property=\"og:image:height\" content=\"509\" \/>\n\t<meta property=\"og:image:type\" content=\"image\/png\" \/>\n<meta name=\"author\" content=\"Adriana Costa\" \/>\n<meta name=\"twitter:card\" content=\"summary_large_image\" \/>\n<meta name=\"twitter:label1\" content=\"Written by\" \/>\n\t<meta name=\"twitter:data1\" content=\"Adriana Costa\" \/>\n\t<meta name=\"twitter:label2\" content=\"Est. reading time\" \/>\n\t<meta name=\"twitter:data2\" content=\"1 minuto\" \/>\n<script type=\"application\/ld+json\" class=\"yoast-schema-graph\">{\"@context\":\"https:\/\/schema.org\",\"@graph\":[{\"@type\":\"WebPage\",\"@id\":\"https:\/\/www.manaus.am.gov.br\/semcom\/mensagem-de-que-a-prefeitura-nao-ira-pagar-a-6a-parcela-do-auxilio-manauara-e-fake-news\/\",\"url\":\"https:\/\/www.manaus.am.gov.br\/semcom\/mensagem-de-que-a-prefeitura-nao-ira-pagar-a-6a-parcela-do-auxilio-manauara-e-fake-news\/\",\"name\":\"Mensagem de que a prefeitura n\u00e3o ir\u00e1 pagar a 6\u00aa parcela do \u2018Aux\u00edlio Manauara\u2019 \u00e9 fake News - SEMCOM\",\"isPartOf\":{\"@id\":\"https:\/\/www.manaus.am.gov.br\/semcom\/#website\"},\"primaryImageOfPage\":{\"@id\":\"https:\/\/www.manaus.am.gov.br\/semcom\/mensagem-de-que-a-prefeitura-nao-ira-pagar-a-6a-parcela-do-auxilio-manauara-e-fake-news\/#primaryimage\"},\"image\":{\"@id\":\"https:\/\/www.manaus.am.gov.br\/semcom\/mensagem-de-que-a-prefeitura-nao-ira-pagar-a-6a-parcela-do-auxilio-manauara-e-fake-news\/#primaryimage\"},\"thumbnailUrl\":\"https:\/\/www.manaus.am.gov.br\/semcom\/wp-content\/uploads\/sites\/5\/2023\/01\/Nota.png\",\"datePublished\":\"2021-07-23T18:25:50+00:00\",\"dateModified\":\"2021-07-23T18:25:50+00:00\",\"author\":{\"@id\":\"https:\/\/www.manaus.am.gov.br\/semcom\/#\/schema\/person\/4e49f4e267757a06ca072ec61b2b9968\"},\"inLanguage\":\"pt-BR\",\"potentialAction\":[{\"@type\":\"ReadAction\",\"target\":[\"https:\/\/www.manaus.am.gov.br\/semcom\/mensagem-de-que-a-prefeitura-nao-ira-pagar-a-6a-parcela-do-auxilio-manauara-e-fake-news\/\"]}]},{\"@type\":\"ImageObject\",\"inLanguage\":\"pt-BR\",\"@id\":\"https:\/\/www.manaus.am.gov.br\/semcom\/mensagem-de-que-a-prefeitura-nao-ira-pagar-a-6a-parcela-do-auxilio-manauara-e-fake-news\/#primaryimage\",\"url\":\"https:\/\/www.manaus.am.gov.br\/semcom\/wp-content\/uploads\/sites\/5\/2023\/01\/Nota.png\",\"contentUrl\":\"https:\/\/www.manaus.am.gov.br\/semcom\/wp-content\/uploads\/sites\/5\/2023\/01\/Nota.png\",\"width\":900,\"height\":509,\"caption\":\"Nota da Prefeitura de Manaus\"},{\"@type\":\"WebSite\",\"@id\":\"https:\/\/www.manaus.am.gov.br\/semcom\/#website\",\"url\":\"https:\/\/www.manaus.am.gov.br\/semcom\/\",\"name\":\"SEMCOM\",\"description\":\"Secretaria Municipal de Comunica\u00e7\u00e3o\",\"potentialAction\":[{\"@type\":\"SearchAction\",\"target\":{\"@type\":\"EntryPoint\",\"urlTemplate\":\"https:\/\/www.manaus.am.gov.br\/semcom\/?s={search_term_string}\"},\"query-input\":\"required name=search_term_string\"}],\"inLanguage\":\"pt-BR\"},{\"@type\":\"Person\",\"@id\":\"https:\/\/www.manaus.am.gov.br\/semcom\/#\/schema\/person\/4e49f4e267757a06ca072ec61b2b9968\",\"name\":\"Adriana Costa\",\"image\":{\"@type\":\"ImageObject\",\"inLanguage\":\"pt-BR\",\"@id\":\"https:\/\/www.manaus.am.gov.br\/semcom\/#\/schema\/person\/image\/\",\"url\":\"https:\/\/secure.gravatar.com\/avatar\/576258617ef7194f718179e766d57bd4?s=96&d=mm&r=g\",\"contentUrl\":\"https:\/\/secure.gravatar.com\/avatar\/576258617ef7194f718179e766d57bd4?s=96&d=mm&r=g\",\"caption\":\"Adriana Costa\"}}]}<\/script>\n<!-- \/ Yoast SEO plugin. -->","yoast_head_json":{"title":"Mensagem de que a prefeitura n\u00e3o ir\u00e1 pagar a 6\u00aa parcela do \u2018Aux\u00edlio Manauara\u2019 \u00e9 fake News - SEMCOM","robots":{"index":"index","follow":"follow","max-snippet":"max-snippet:-1","max-image-preview":"max-image-preview:large","max-video-preview":"max-video-preview:-1"},"canonical":"https:\/\/www.manaus.am.gov.br\/semcom\/mensagem-de-que-a-prefeitura-nao-ira-pagar-a-6a-parcela-do-auxilio-manauara-e-fake-news\/","og_locale":"pt_BR","og_type":"article","og_title":"Mensagem de que a prefeitura n\u00e3o ir\u00e1 pagar a 6\u00aa parcela do \u2018Aux\u00edlio Manauara\u2019 \u00e9 fake News - SEMCOM","og_url":"https:\/\/www.manaus.am.gov.br\/semcom\/mensagem-de-que-a-prefeitura-nao-ira-pagar-a-6a-parcela-do-auxilio-manauara-e-fake-news\/","og_site_name":"SEMCOM","article_published_time":"2021-07-23T18:25:50+00:00","og_image":[{"width":900,"height":509,"url":"https:\/\/www.manaus.am.gov.br\/semcom\/wp-content\/uploads\/sites\/5\/2023\/01\/Nota.png","type":"image\/png"}],"author":"Adriana Costa","twitter_card":"summary_large_image","twitter_misc":{"Written by":"Adriana Costa","Est. reading time":"1 minuto"},"schema":{"@context":"https:\/\/schema.org","@graph":[{"@type":"WebPage","@id":"https:\/\/www.manaus.am.gov.br\/semcom\/mensagem-de-que-a-prefeitura-nao-ira-pagar-a-6a-parcela-do-auxilio-manauara-e-fake-news\/","url":"https:\/\/www.manaus.am.gov.br\/semcom\/mensagem-de-que-a-prefeitura-nao-ira-pagar-a-6a-parcela-do-auxilio-manauara-e-fake-news\/","name":"Mensagem de que a prefeitura n\u00e3o ir\u00e1 pagar a 6\u00aa parcela do \u2018Aux\u00edlio Manauara\u2019 \u00e9 fake News - SEMCOM","isPartOf":{"@id":"https:\/\/www.manaus.am.gov.br\/semcom\/#website"},"primaryImageOfPage":{"@id":"https:\/\/www.manaus.am.gov.br\/semcom\/mensagem-de-que-a-prefeitura-nao-ira-pagar-a-6a-parcela-do-auxilio-manauara-e-fake-news\/#primaryimage"},"image":{"@id":"https:\/\/www.manaus.am.gov.br\/semcom\/mensagem-de-que-a-prefeitura-nao-ira-pagar-a-6a-parcela-do-auxilio-manauara-e-fake-news\/#primaryimage"},"thumbnailUrl":"https:\/\/www.manaus.am.gov.br\/semcom\/wp-content\/uploads\/sites\/5\/2023\/01\/Nota.png","datePublished":"2021-07-23T18:25:50+00:00","dateModified":"2021-07-23T18:25:50+00:00","author":{"@id":"https:\/\/www.manaus.am.gov.br\/semcom\/#\/schema\/person\/4e49f4e267757a06ca072ec61b2b9968"},"inLanguage":"pt-BR","potentialAction":[{"@type":"ReadAction","target":["https:\/\/www.manaus.am.gov.br\/semcom\/mensagem-de-que-a-prefeitura-nao-ira-pagar-a-6a-parcela-do-auxilio-manauara-e-fake-news\/"]}]},{"@type":"ImageObject","inLanguage":"pt-BR","@id":"https:\/\/www.manaus.am.gov.br\/semcom\/mensagem-de-que-a-prefeitura-nao-ira-pagar-a-6a-parcela-do-auxilio-manauara-e-fake-news\/#primaryimage","url":"https:\/\/www.manaus.am.gov.br\/semcom\/wp-content\/uploads\/sites\/5\/2023\/01\/Nota.png","contentUrl":"https:\/\/www.manaus.am.gov.br\/semcom\/wp-content\/uploads\/sites\/5\/2023\/01\/Nota.png","width":900,"height":509,"caption":"Nota da Prefeitura de Manaus"},{"@type":"WebSite","@id":"https:\/\/www.manaus.am.gov.br\/semcom\/#website","url":"https:\/\/www.manaus.am.gov.br\/semcom\/","name":"SEMCOM","description":"Secretaria Municipal de Comunica\u00e7\u00e3o","potentialAction":[{"@type":"SearchAction","target":{"@type":"EntryPoint","urlTemplate":"https:\/\/www.manaus.am.gov.br\/semcom\/?s={search_term_string}"},"query-input":"required name=search_term_string"}],"inLanguage":"pt-BR"},{"@type":"Person","@id":"https:\/\/www.manaus.am.gov.br\/semcom\/#\/schema\/person\/4e49f4e267757a06ca072ec61b2b9968","name":"Adriana Costa","image":{"@type":"ImageObject","inLanguage":"pt-BR","@id":"https:\/\/www.manaus.am.gov.br\/semcom\/#\/schema\/person\/image\/","url":"https:\/\/secure.gravatar.com\/avatar\/576258617ef7194f718179e766d57bd4?s=96&d=mm&r=g","contentUrl":"https:\/\/secure.gravatar.com\/avatar\/576258617ef7194f718179e766d57bd4?s=96&d=mm&r=g","caption":"Adriana Costa"}}]}},"_links":{"self":[{"href":"https:\/\/www.manaus.am.gov.br\/semcom\/wp-json\/wp\/v2\/posts\/208145"}],"collection":[{"href":"https:\/\/www.manaus.am.gov.br\/semcom\/wp-json\/wp\/v2\/posts"}],"about":[{"href":"https:\/\/www.manaus.am.gov.br\/semcom\/wp-json\/wp\/v2\/types\/post"}],"author":[{"embeddable":true,"href":"https:\/\/www.manaus.am.gov.br\/semcom\/wp-json\/wp\/v2\/users\/23"}],"replies":[{"embeddable":true,"href":"https:\/\/www.manaus.am.gov.br\/semcom\/wp-json\/wp\/v2\/comments?post=208145"}],"version-history":[{"count":1,"href":"https:\/\/www.manaus.am.gov.br\/semcom\/wp-json\/wp\/v2\/posts\/208145\/revisions"}],"predecessor-version":[{"id":208147,"href":"https:\/\/www.manaus.am.gov.br\/semcom\/wp-json\/wp\/v2\/posts\/208145\/revisions\/208147"}],"wp:featuredmedia":[{"embeddable":true,"href":"https:\/\/www.manaus.am.gov.br\/semcom\/wp-json\/wp\/v2\/media\/208146"}],"wp:attachment":[{"href":"https:\/\/www.manaus.am.gov.br\/semcom\/wp-json\/wp\/v2\/media?parent=208145"}],"wp:term":[{"taxonomy":"category","embeddable":true,"href":"https:\/\/www.manaus.am.gov.br\/semcom\/wp-json\/wp\/v2\/categories?post=208145"},{"taxonomy":"post_tag","embeddable":true,"href":"https:\/\/www.manaus.am.gov.br\/semcom\/wp-json\/wp\/v2\/tags?post=208145"}],"curies":[{"name":"wp","href":"https:\/\/api.w.org\/{rel}","templated":true}]}}