{"id":208109,"date":"2023-01-26T14:43:33","date_gmt":"2023-01-26T17:43:33","guid":{"rendered":"https:\/\/www.manaus.am.gov.br\/semcom\/2023\/01\/26\/prefeitura-de-manaus-recupera-rede-de-drenagem-profunda-no-bairro-sao-jose\/"},"modified":"2023-01-26T14:45:42","modified_gmt":"2023-01-26T17:45:42","slug":"prefeitura-de-manaus-recupera-rede-de-drenagem-profunda-no-bairro-sao-jose","status":"publish","type":"post","link":"https:\/\/www.manaus.am.gov.br\/semcom\/prefeitura-de-manaus-recupera-rede-de-drenagem-profunda-no-bairro-sao-jose\/","title":{"rendered":"<strong>Prefeitura de Manaus recupera rede de drenagem profunda no bairro S\u00e3o Jos\u00e9<\/strong>"},"content":{"rendered":"\n<p>A Prefeitura de Manaus, por meio da Secretaria Municipal de Infraestrutura (Seminf), recupera uma rede de drenagem profunda rompida durante as fortes chuvas na rua Jos\u00e9 Rom\u00e3o, cujo acesso \u00e9 pela alameda Cosme Ferreira, no bairro S\u00e3o Jos\u00e9, zona Leste. H\u00e1 mais de 30 anos a rede n\u00e3o recebia manuten\u00e7\u00e3o.&nbsp;<\/p>\n\n\n\n<p>De acordo com a engenheira e fiscal da obra, M\u00e1rcia Pantoja, a recupera\u00e7\u00e3o de redes de drenagem, especialmente nesse per\u00edodo chuvoso, \u00e9 um servi\u00e7o rotineiro e, em alguns casos, a Seminf atua de forma emergencial para evitar danos. Na rua Jos\u00e9 Rom\u00e3o, os servi\u00e7os s\u00e3o realizados em parceria com as empresas concession\u00e1rias de \u00e1gua e telefonia.<\/p>\n\n\n\n<p>\u201cPor aqui, passam tubula\u00e7\u00f5es de abastecimento de \u00e1gua e tamb\u00e9m liga\u00e7\u00f5es da rede de telefonia. Por isso, o trabalho \u00e9 realizado de forma cautelosa para n\u00e3o prejudicar as instala\u00e7\u00f5es. Com a implanta\u00e7\u00e3o das novas manilhas, o problema ser\u00e1 solucionado de forma definitiva no local\u201d, afirma Pantoja.<\/p>\n\n\n\n<p>Inicialmente, s\u00e3o realizados os trabalhos de escava\u00e7\u00e3o manual, para n\u00e3o prejudicar as instala\u00e7\u00f5es das redes de \u00e1gua e telefonia e, posteriormente, as equipes compostas por dez servidores far\u00e3o o assentamento das manilhas em concreto. Toda a \u00e1rea ser\u00e1 aterrada, para que os servi\u00e7os sejam finalizados com a aplica\u00e7\u00e3o da massa asf\u00e1ltica. A via ser\u00e1 liberada para o tr\u00e1fego de ve\u00edculos ainda nesta quinta-feira.<\/p>\n\n\n\n<p>&#8212; &#8212; &#8212;<\/p>\n\n\n\n<p><strong>Texto &#8211;&nbsp;<\/strong>Mariana Rocha \/ Seminf<\/p>\n\n\n\n<p><strong>Fotos &#8211;&nbsp;<\/strong>Divulga\u00e7\u00e3o&nbsp;\/ Seminf<\/p>\n","protected":false},"excerpt":{"rendered":"","protected":false},"author":24,"featured_media":208111,"comment_status":"closed","ping_status":"closed","sticky":false,"template":"","format":"standard","meta":{"footnotes":""},"categories":[127],"tags":[128,85,107,77,104,33],"acf":[],"yoast_head":"<!-- This site is optimized with the Yoast SEO plugin v23.0 - https:\/\/yoast.com\/wordpress\/plugins\/seo\/ -->\n<title>Prefeitura de Manaus recupera rede de drenagem profunda no bairro S\u00e3o Jos\u00e9 - SEMCOM<\/title>\n<meta name=\"robots\" content=\"index, follow, max-snippet:-1, max-image-preview:large, max-video-preview:-1\" \/>\n<link rel=\"canonical\" href=\"https:\/\/www.manaus.am.gov.br\/semcom\/prefeitura-de-manaus-recupera-rede-de-drenagem-profunda-no-bairro-sao-jose\/\" \/>\n<meta property=\"og:locale\" content=\"pt_BR\" \/>\n<meta property=\"og:type\" content=\"article\" \/>\n<meta property=\"og:title\" content=\"Prefeitura de Manaus recupera rede de drenagem profunda no bairro S\u00e3o Jos\u00e9 - SEMCOM\" \/>\n<meta property=\"og:url\" content=\"https:\/\/www.manaus.am.gov.br\/semcom\/prefeitura-de-manaus-recupera-rede-de-drenagem-profunda-no-bairro-sao-jose\/\" \/>\n<meta property=\"og:site_name\" content=\"SEMCOM\" \/>\n<meta property=\"article:published_time\" content=\"2023-01-26T17:43:33+00:00\" \/>\n<meta property=\"article:modified_time\" content=\"2023-01-26T17:45:42+00:00\" \/>\n<meta property=\"og:image\" content=\"https:\/\/www.manaus.am.gov.br\/semcom\/wp-content\/uploads\/sites\/5\/2023\/01\/Seminf.jpeg\" \/>\n\t<meta property=\"og:image:width\" content=\"1600\" \/>\n\t<meta property=\"og:image:height\" content=\"900\" \/>\n\t<meta property=\"og:image:type\" content=\"image\/jpeg\" \/>\n<meta name=\"author\" content=\"Cl\u00e1udia Barbosa\" \/>\n<meta name=\"twitter:card\" content=\"summary_large_image\" \/>\n<meta name=\"twitter:label1\" content=\"Written by\" \/>\n\t<meta name=\"twitter:data1\" content=\"Cl\u00e1udia Barbosa\" \/>\n\t<meta name=\"twitter:label2\" content=\"Est. reading time\" \/>\n\t<meta name=\"twitter:data2\" content=\"2 minutos\" \/>\n<script type=\"application\/ld+json\" class=\"yoast-schema-graph\">{\"@context\":\"https:\/\/schema.org\",\"@graph\":[{\"@type\":\"WebPage\",\"@id\":\"https:\/\/www.manaus.am.gov.br\/semcom\/prefeitura-de-manaus-recupera-rede-de-drenagem-profunda-no-bairro-sao-jose\/\",\"url\":\"https:\/\/www.manaus.am.gov.br\/semcom\/prefeitura-de-manaus-recupera-rede-de-drenagem-profunda-no-bairro-sao-jose\/\",\"name\":\"Prefeitura de Manaus recupera rede de drenagem profunda no bairro S\u00e3o Jos\u00e9 - SEMCOM\",\"isPartOf\":{\"@id\":\"https:\/\/www.manaus.am.gov.br\/semcom\/#website\"},\"primaryImageOfPage\":{\"@id\":\"https:\/\/www.manaus.am.gov.br\/semcom\/prefeitura-de-manaus-recupera-rede-de-drenagem-profunda-no-bairro-sao-jose\/#primaryimage\"},\"image\":{\"@id\":\"https:\/\/www.manaus.am.gov.br\/semcom\/prefeitura-de-manaus-recupera-rede-de-drenagem-profunda-no-bairro-sao-jose\/#primaryimage\"},\"thumbnailUrl\":\"https:\/\/www.manaus.am.gov.br\/semcom\/wp-content\/uploads\/sites\/5\/2023\/01\/Seminf.jpeg\",\"datePublished\":\"2023-01-26T17:43:33+00:00\",\"dateModified\":\"2023-01-26T17:45:42+00:00\",\"author\":{\"@id\":\"https:\/\/www.manaus.am.gov.br\/semcom\/#\/schema\/person\/d0a166b5031154c33c77794ddc9a827e\"},\"inLanguage\":\"pt-BR\",\"potentialAction\":[{\"@type\":\"ReadAction\",\"target\":[\"https:\/\/www.manaus.am.gov.br\/semcom\/prefeitura-de-manaus-recupera-rede-de-drenagem-profunda-no-bairro-sao-jose\/\"]}]},{\"@type\":\"ImageObject\",\"inLanguage\":\"pt-BR\",\"@id\":\"https:\/\/www.manaus.am.gov.br\/semcom\/prefeitura-de-manaus-recupera-rede-de-drenagem-profunda-no-bairro-sao-jose\/#primaryimage\",\"url\":\"https:\/\/www.manaus.am.gov.br\/semcom\/wp-content\/uploads\/sites\/5\/2023\/01\/Seminf.jpeg\",\"contentUrl\":\"https:\/\/www.manaus.am.gov.br\/semcom\/wp-content\/uploads\/sites\/5\/2023\/01\/Seminf.jpeg\",\"width\":1600,\"height\":900},{\"@type\":\"WebSite\",\"@id\":\"https:\/\/www.manaus.am.gov.br\/semcom\/#website\",\"url\":\"https:\/\/www.manaus.am.gov.br\/semcom\/\",\"name\":\"SEMCOM\",\"description\":\"Secretaria Municipal de Comunica\u00e7\u00e3o\",\"potentialAction\":[{\"@type\":\"SearchAction\",\"target\":{\"@type\":\"EntryPoint\",\"urlTemplate\":\"https:\/\/www.manaus.am.gov.br\/semcom\/?s={search_term_string}\"},\"query-input\":\"required name=search_term_string\"}],\"inLanguage\":\"pt-BR\"},{\"@type\":\"Person\",\"@id\":\"https:\/\/www.manaus.am.gov.br\/semcom\/#\/schema\/person\/d0a166b5031154c33c77794ddc9a827e\",\"name\":\"Cl\u00e1udia Barbosa\",\"image\":{\"@type\":\"ImageObject\",\"inLanguage\":\"pt-BR\",\"@id\":\"https:\/\/www.manaus.am.gov.br\/semcom\/#\/schema\/person\/image\/\",\"url\":\"https:\/\/secure.gravatar.com\/avatar\/42958a1cf007f1a00534009218c72590?s=96&d=mm&r=g\",\"contentUrl\":\"https:\/\/secure.gravatar.com\/avatar\/42958a1cf007f1a00534009218c72590?s=96&d=mm&r=g\",\"caption\":\"Cl\u00e1udia Barbosa\"}}]}<\/script>\n<!-- \/ Yoast SEO plugin. -->","yoast_head_json":{"title":"Prefeitura de Manaus recupera rede de drenagem profunda no bairro S\u00e3o Jos\u00e9 - SEMCOM","robots":{"index":"index","follow":"follow","max-snippet":"max-snippet:-1","max-image-preview":"max-image-preview:large","max-video-preview":"max-video-preview:-1"},"canonical":"https:\/\/www.manaus.am.gov.br\/semcom\/prefeitura-de-manaus-recupera-rede-de-drenagem-profunda-no-bairro-sao-jose\/","og_locale":"pt_BR","og_type":"article","og_title":"Prefeitura de Manaus recupera rede de drenagem profunda no bairro S\u00e3o Jos\u00e9 - SEMCOM","og_url":"https:\/\/www.manaus.am.gov.br\/semcom\/prefeitura-de-manaus-recupera-rede-de-drenagem-profunda-no-bairro-sao-jose\/","og_site_name":"SEMCOM","article_published_time":"2023-01-26T17:43:33+00:00","article_modified_time":"2023-01-26T17:45:42+00:00","og_image":[{"width":1600,"height":900,"url":"https:\/\/www.manaus.am.gov.br\/semcom\/wp-content\/uploads\/sites\/5\/2023\/01\/Seminf.jpeg","type":"image\/jpeg"}],"author":"Cl\u00e1udia Barbosa","twitter_card":"summary_large_image","twitter_misc":{"Written by":"Cl\u00e1udia Barbosa","Est. reading time":"2 minutos"},"schema":{"@context":"https:\/\/schema.org","@graph":[{"@type":"WebPage","@id":"https:\/\/www.manaus.am.gov.br\/semcom\/prefeitura-de-manaus-recupera-rede-de-drenagem-profunda-no-bairro-sao-jose\/","url":"https:\/\/www.manaus.am.gov.br\/semcom\/prefeitura-de-manaus-recupera-rede-de-drenagem-profunda-no-bairro-sao-jose\/","name":"Prefeitura de Manaus recupera rede de drenagem profunda no bairro S\u00e3o Jos\u00e9 - SEMCOM","isPartOf":{"@id":"https:\/\/www.manaus.am.gov.br\/semcom\/#website"},"primaryImageOfPage":{"@id":"https:\/\/www.manaus.am.gov.br\/semcom\/prefeitura-de-manaus-recupera-rede-de-drenagem-profunda-no-bairro-sao-jose\/#primaryimage"},"image":{"@id":"https:\/\/www.manaus.am.gov.br\/semcom\/prefeitura-de-manaus-recupera-rede-de-drenagem-profunda-no-bairro-sao-jose\/#primaryimage"},"thumbnailUrl":"https:\/\/www.manaus.am.gov.br\/semcom\/wp-content\/uploads\/sites\/5\/2023\/01\/Seminf.jpeg","datePublished":"2023-01-26T17:43:33+00:00","dateModified":"2023-01-26T17:45:42+00:00","author":{"@id":"https:\/\/www.manaus.am.gov.br\/semcom\/#\/schema\/person\/d0a166b5031154c33c77794ddc9a827e"},"inLanguage":"pt-BR","potentialAction":[{"@type":"ReadAction","target":["https:\/\/www.manaus.am.gov.br\/semcom\/prefeitura-de-manaus-recupera-rede-de-drenagem-profunda-no-bairro-sao-jose\/"]}]},{"@type":"ImageObject","inLanguage":"pt-BR","@id":"https:\/\/www.manaus.am.gov.br\/semcom\/prefeitura-de-manaus-recupera-rede-de-drenagem-profunda-no-bairro-sao-jose\/#primaryimage","url":"https:\/\/www.manaus.am.gov.br\/semcom\/wp-content\/uploads\/sites\/5\/2023\/01\/Seminf.jpeg","contentUrl":"https:\/\/www.manaus.am.gov.br\/semcom\/wp-content\/uploads\/sites\/5\/2023\/01\/Seminf.jpeg","width":1600,"height":900},{"@type":"WebSite","@id":"https:\/\/www.manaus.am.gov.br\/semcom\/#website","url":"https:\/\/www.manaus.am.gov.br\/semcom\/","name":"SEMCOM","description":"Secretaria Municipal de Comunica\u00e7\u00e3o","potentialAction":[{"@type":"SearchAction","target":{"@type":"EntryPoint","urlTemplate":"https:\/\/www.manaus.am.gov.br\/semcom\/?s={search_term_string}"},"query-input":"required name=search_term_string"}],"inLanguage":"pt-BR"},{"@type":"Person","@id":"https:\/\/www.manaus.am.gov.br\/semcom\/#\/schema\/person\/d0a166b5031154c33c77794ddc9a827e","name":"Cl\u00e1udia Barbosa","image":{"@type":"ImageObject","inLanguage":"pt-BR","@id":"https:\/\/www.manaus.am.gov.br\/semcom\/#\/schema\/person\/image\/","url":"https:\/\/secure.gravatar.com\/avatar\/42958a1cf007f1a00534009218c72590?s=96&d=mm&r=g","contentUrl":"https:\/\/secure.gravatar.com\/avatar\/42958a1cf007f1a00534009218c72590?s=96&d=mm&r=g","caption":"Cl\u00e1udia Barbosa"}}]}},"_links":{"self":[{"href":"https:\/\/www.manaus.am.gov.br\/semcom\/wp-json\/wp\/v2\/posts\/208109"}],"collection":[{"href":"https:\/\/www.manaus.am.gov.br\/semcom\/wp-json\/wp\/v2\/posts"}],"about":[{"href":"https:\/\/www.manaus.am.gov.br\/semcom\/wp-json\/wp\/v2\/types\/post"}],"author":[{"embeddable":true,"href":"https:\/\/www.manaus.am.gov.br\/semcom\/wp-json\/wp\/v2\/users\/24"}],"replies":[{"embeddable":true,"href":"https:\/\/www.manaus.am.gov.br\/semcom\/wp-json\/wp\/v2\/comments?post=208109"}],"version-history":[{"count":1,"href":"https:\/\/www.manaus.am.gov.br\/semcom\/wp-json\/wp\/v2\/posts\/208109\/revisions"}],"predecessor-version":[{"id":208110,"href":"https:\/\/www.manaus.am.gov.br\/semcom\/wp-json\/wp\/v2\/posts\/208109\/revisions\/208110"}],"wp:featuredmedia":[{"embeddable":true,"href":"https:\/\/www.manaus.am.gov.br\/semcom\/wp-json\/wp\/v2\/media\/208111"}],"wp:attachment":[{"href":"https:\/\/www.manaus.am.gov.br\/semcom\/wp-json\/wp\/v2\/media?parent=208109"}],"wp:term":[{"taxonomy":"category","embeddable":true,"href":"https:\/\/www.manaus.am.gov.br\/semcom\/wp-json\/wp\/v2\/categories?post=208109"},{"taxonomy":"post_tag","embeddable":true,"href":"https:\/\/www.manaus.am.gov.br\/semcom\/wp-json\/wp\/v2\/tags?post=208109"}],"curies":[{"name":"wp","href":"https:\/\/api.w.org\/{rel}","templated":true}]}}