{"id":208107,"date":"2023-01-26T13:54:30","date_gmt":"2023-01-26T16:54:30","guid":{"rendered":"https:\/\/www.manaus.am.gov.br\/semcom\/2023\/01\/26\/prefeitura-de-manaus-intensifica-forca-tarefa-para-desobstruir-bueiros-no-santa-etelvina\/"},"modified":"2023-01-26T13:54:31","modified_gmt":"2023-01-26T16:54:31","slug":"prefeitura-de-manaus-intensifica-forca-tarefa-para-desobstruir-bueiros-no-santa-etelvina","status":"publish","type":"post","link":"https:\/\/www.manaus.am.gov.br\/semcom\/prefeitura-de-manaus-intensifica-forca-tarefa-para-desobstruir-bueiros-no-santa-etelvina\/","title":{"rendered":"<strong>Prefeitura de Manaus intensifica for\u00e7a-tarefa para desobstruir bueiros no Santa Etelvina<\/strong>"},"content":{"rendered":"\n<p>Dando continuidade ao plano de a\u00e7\u00e3o preventiva para minimizar os impactos causados pelo per\u00edodo chuvoso, a Prefeitura de Manaus trabalha, por meio da Secretaria Municipal de Infraestrutura (Seminf), numa for\u00e7a-tarefa para limpeza e desobstru\u00e7\u00e3o de tr\u00eas caixas coletoras no bairro Santa Etelvina, zona Norte.&nbsp;<\/p>\n\n\n\n<p>Nesta quinta-feira, 26\/1, as equipes intensificam os trabalhos na rua Jorge Teixeira. Conforme an\u00e1lise t\u00e9cnica, o principal problema \u00e9 o ac\u00famulo de lixo advindo do descarte irregular, que provoca o entupimento e, consequentemente, o transbordamento das \u00e1guas,&nbsp;causando alagamentos severos&nbsp;nos dias de chuva.&nbsp;<\/p>\n\n\n\n<p>O local tamb\u00e9m recebe os servi\u00e7os de manuten\u00e7\u00e3o da rede de drenagem profunda. \u201cA equipe fez a retirada de uma tubula\u00e7\u00e3o simples que estava rompida e a substituiu por um novo tubo de concreto armado de 0,60 mil\u00edmetros\u201d, explica o engenheiro e respons\u00e1vel pela obra, Cedar Vital.&nbsp;<\/p>\n\n\n\n<p>Segundo o engenheiro, esse \u00e9 mais um dos servi\u00e7os executados pela Prefeitura de Manaus, fruto de for\u00e7a-tarefa para atuar nos pontos mais cr\u00edticos. \u201cAs equipes da Seminf trabalham simultaneamente, nos quatro cantos da cidade, empregando qualidade na infraestrutura, dignidade e seguran\u00e7a, conforme nos determina o prefeito David Almeida e o secret\u00e1rio de Obras, Renato J\u00fanior\u201d, enfatizou.<\/p>\n\n\n\n<p>&#8212; &#8212; &#8212;<\/p>\n\n\n\n<p><strong>Texto &#8211;<\/strong>&nbsp;Rayana Coutinho \/ Seminf<\/p>\n\n\n\n<p><strong>Fotos &#8211;&nbsp;<\/strong>M\u00e1rcio Melo \/ Seminf&nbsp;<\/p>\n\n\n\n<p><strong>Dispon\u00edveis em &#8211; <\/strong><a href=\"https:\/\/flic.kr\/s\/aHBqjApKC1\">https:\/\/flic.kr\/s\/aHBqjApKC1<\/a><\/p>\n","protected":false},"excerpt":{"rendered":"","protected":false},"author":24,"featured_media":0,"comment_status":"closed","ping_status":"closed","sticky":false,"template":"","format":"standard","meta":{"footnotes":""},"categories":[114],"tags":[115,116,35,117,118,77,37,33],"acf":[],"yoast_head":"<!-- This site is optimized with the Yoast SEO plugin v23.0 - https:\/\/yoast.com\/wordpress\/plugins\/seo\/ -->\n<title>Prefeitura de Manaus intensifica for\u00e7a-tarefa para desobstruir bueiros no Santa Etelvina - SEMCOM<\/title>\n<meta name=\"robots\" content=\"index, follow, max-snippet:-1, max-image-preview:large, max-video-preview:-1\" \/>\n<link rel=\"canonical\" href=\"https:\/\/www.manaus.am.gov.br\/semcom\/prefeitura-de-manaus-intensifica-forca-tarefa-para-desobstruir-bueiros-no-santa-etelvina\/\" \/>\n<meta property=\"og:locale\" content=\"pt_BR\" \/>\n<meta property=\"og:type\" content=\"article\" \/>\n<meta property=\"og:title\" content=\"Prefeitura de Manaus intensifica for\u00e7a-tarefa para desobstruir bueiros no Santa Etelvina - SEMCOM\" \/>\n<meta property=\"og:url\" content=\"https:\/\/www.manaus.am.gov.br\/semcom\/prefeitura-de-manaus-intensifica-forca-tarefa-para-desobstruir-bueiros-no-santa-etelvina\/\" \/>\n<meta property=\"og:site_name\" content=\"SEMCOM\" \/>\n<meta property=\"article:published_time\" content=\"2023-01-26T16:54:30+00:00\" \/>\n<meta property=\"article:modified_time\" content=\"2023-01-26T16:54:31+00:00\" \/>\n<meta property=\"og:image\" content=\"https:\/\/www.manaus.am.gov.br\/semcom\/wp-content\/uploads\/sites\/5\/2024\/07\/thumb-default-2.png\" \/>\n\t<meta property=\"og:image:width\" content=\"966\" \/>\n\t<meta property=\"og:image:height\" content=\"520\" \/>\n\t<meta property=\"og:image:type\" content=\"image\/png\" \/>\n<meta name=\"author\" content=\"Cl\u00e1udia Barbosa\" \/>\n<meta name=\"twitter:card\" content=\"summary_large_image\" \/>\n<meta name=\"twitter:label1\" content=\"Written by\" \/>\n\t<meta name=\"twitter:data1\" content=\"Cl\u00e1udia Barbosa\" \/>\n\t<meta name=\"twitter:label2\" content=\"Est. reading time\" \/>\n\t<meta name=\"twitter:data2\" content=\"2 minutos\" \/>\n<script type=\"application\/ld+json\" class=\"yoast-schema-graph\">{\"@context\":\"https:\/\/schema.org\",\"@graph\":[{\"@type\":\"WebPage\",\"@id\":\"https:\/\/www.manaus.am.gov.br\/semcom\/prefeitura-de-manaus-intensifica-forca-tarefa-para-desobstruir-bueiros-no-santa-etelvina\/\",\"url\":\"https:\/\/www.manaus.am.gov.br\/semcom\/prefeitura-de-manaus-intensifica-forca-tarefa-para-desobstruir-bueiros-no-santa-etelvina\/\",\"name\":\"Prefeitura de Manaus intensifica for\u00e7a-tarefa para desobstruir bueiros no Santa Etelvina - SEMCOM\",\"isPartOf\":{\"@id\":\"https:\/\/www.manaus.am.gov.br\/semcom\/#website\"},\"datePublished\":\"2023-01-26T16:54:30+00:00\",\"dateModified\":\"2023-01-26T16:54:31+00:00\",\"author\":{\"@id\":\"https:\/\/www.manaus.am.gov.br\/semcom\/#\/schema\/person\/d0a166b5031154c33c77794ddc9a827e\"},\"inLanguage\":\"pt-BR\",\"potentialAction\":[{\"@type\":\"ReadAction\",\"target\":[\"https:\/\/www.manaus.am.gov.br\/semcom\/prefeitura-de-manaus-intensifica-forca-tarefa-para-desobstruir-bueiros-no-santa-etelvina\/\"]}]},{\"@type\":\"WebSite\",\"@id\":\"https:\/\/www.manaus.am.gov.br\/semcom\/#website\",\"url\":\"https:\/\/www.manaus.am.gov.br\/semcom\/\",\"name\":\"SEMCOM\",\"description\":\"Secretaria Municipal de Comunica\u00e7\u00e3o\",\"potentialAction\":[{\"@type\":\"SearchAction\",\"target\":{\"@type\":\"EntryPoint\",\"urlTemplate\":\"https:\/\/www.manaus.am.gov.br\/semcom\/?s={search_term_string}\"},\"query-input\":\"required name=search_term_string\"}],\"inLanguage\":\"pt-BR\"},{\"@type\":\"Person\",\"@id\":\"https:\/\/www.manaus.am.gov.br\/semcom\/#\/schema\/person\/d0a166b5031154c33c77794ddc9a827e\",\"name\":\"Cl\u00e1udia Barbosa\",\"image\":{\"@type\":\"ImageObject\",\"inLanguage\":\"pt-BR\",\"@id\":\"https:\/\/www.manaus.am.gov.br\/semcom\/#\/schema\/person\/image\/\",\"url\":\"https:\/\/secure.gravatar.com\/avatar\/42958a1cf007f1a00534009218c72590?s=96&d=mm&r=g\",\"contentUrl\":\"https:\/\/secure.gravatar.com\/avatar\/42958a1cf007f1a00534009218c72590?s=96&d=mm&r=g\",\"caption\":\"Cl\u00e1udia Barbosa\"}}]}<\/script>\n<!-- \/ Yoast SEO plugin. -->","yoast_head_json":{"title":"Prefeitura de Manaus intensifica for\u00e7a-tarefa para desobstruir bueiros no Santa Etelvina - SEMCOM","robots":{"index":"index","follow":"follow","max-snippet":"max-snippet:-1","max-image-preview":"max-image-preview:large","max-video-preview":"max-video-preview:-1"},"canonical":"https:\/\/www.manaus.am.gov.br\/semcom\/prefeitura-de-manaus-intensifica-forca-tarefa-para-desobstruir-bueiros-no-santa-etelvina\/","og_locale":"pt_BR","og_type":"article","og_title":"Prefeitura de Manaus intensifica for\u00e7a-tarefa para desobstruir bueiros no Santa Etelvina - SEMCOM","og_url":"https:\/\/www.manaus.am.gov.br\/semcom\/prefeitura-de-manaus-intensifica-forca-tarefa-para-desobstruir-bueiros-no-santa-etelvina\/","og_site_name":"SEMCOM","article_published_time":"2023-01-26T16:54:30+00:00","article_modified_time":"2023-01-26T16:54:31+00:00","og_image":[{"width":966,"height":520,"url":"https:\/\/www.manaus.am.gov.br\/semcom\/wp-content\/uploads\/sites\/5\/2024\/07\/thumb-default-2.png","type":"image\/png"}],"author":"Cl\u00e1udia Barbosa","twitter_card":"summary_large_image","twitter_misc":{"Written by":"Cl\u00e1udia Barbosa","Est. reading time":"2 minutos"},"schema":{"@context":"https:\/\/schema.org","@graph":[{"@type":"WebPage","@id":"https:\/\/www.manaus.am.gov.br\/semcom\/prefeitura-de-manaus-intensifica-forca-tarefa-para-desobstruir-bueiros-no-santa-etelvina\/","url":"https:\/\/www.manaus.am.gov.br\/semcom\/prefeitura-de-manaus-intensifica-forca-tarefa-para-desobstruir-bueiros-no-santa-etelvina\/","name":"Prefeitura de Manaus intensifica for\u00e7a-tarefa para desobstruir bueiros no Santa Etelvina - SEMCOM","isPartOf":{"@id":"https:\/\/www.manaus.am.gov.br\/semcom\/#website"},"datePublished":"2023-01-26T16:54:30+00:00","dateModified":"2023-01-26T16:54:31+00:00","author":{"@id":"https:\/\/www.manaus.am.gov.br\/semcom\/#\/schema\/person\/d0a166b5031154c33c77794ddc9a827e"},"inLanguage":"pt-BR","potentialAction":[{"@type":"ReadAction","target":["https:\/\/www.manaus.am.gov.br\/semcom\/prefeitura-de-manaus-intensifica-forca-tarefa-para-desobstruir-bueiros-no-santa-etelvina\/"]}]},{"@type":"WebSite","@id":"https:\/\/www.manaus.am.gov.br\/semcom\/#website","url":"https:\/\/www.manaus.am.gov.br\/semcom\/","name":"SEMCOM","description":"Secretaria Municipal de Comunica\u00e7\u00e3o","potentialAction":[{"@type":"SearchAction","target":{"@type":"EntryPoint","urlTemplate":"https:\/\/www.manaus.am.gov.br\/semcom\/?s={search_term_string}"},"query-input":"required name=search_term_string"}],"inLanguage":"pt-BR"},{"@type":"Person","@id":"https:\/\/www.manaus.am.gov.br\/semcom\/#\/schema\/person\/d0a166b5031154c33c77794ddc9a827e","name":"Cl\u00e1udia Barbosa","image":{"@type":"ImageObject","inLanguage":"pt-BR","@id":"https:\/\/www.manaus.am.gov.br\/semcom\/#\/schema\/person\/image\/","url":"https:\/\/secure.gravatar.com\/avatar\/42958a1cf007f1a00534009218c72590?s=96&d=mm&r=g","contentUrl":"https:\/\/secure.gravatar.com\/avatar\/42958a1cf007f1a00534009218c72590?s=96&d=mm&r=g","caption":"Cl\u00e1udia Barbosa"}}]}},"_links":{"self":[{"href":"https:\/\/www.manaus.am.gov.br\/semcom\/wp-json\/wp\/v2\/posts\/208107"}],"collection":[{"href":"https:\/\/www.manaus.am.gov.br\/semcom\/wp-json\/wp\/v2\/posts"}],"about":[{"href":"https:\/\/www.manaus.am.gov.br\/semcom\/wp-json\/wp\/v2\/types\/post"}],"author":[{"embeddable":true,"href":"https:\/\/www.manaus.am.gov.br\/semcom\/wp-json\/wp\/v2\/users\/24"}],"replies":[{"embeddable":true,"href":"https:\/\/www.manaus.am.gov.br\/semcom\/wp-json\/wp\/v2\/comments?post=208107"}],"version-history":[{"count":0,"href":"https:\/\/www.manaus.am.gov.br\/semcom\/wp-json\/wp\/v2\/posts\/208107\/revisions"}],"wp:attachment":[{"href":"https:\/\/www.manaus.am.gov.br\/semcom\/wp-json\/wp\/v2\/media?parent=208107"}],"wp:term":[{"taxonomy":"category","embeddable":true,"href":"https:\/\/www.manaus.am.gov.br\/semcom\/wp-json\/wp\/v2\/categories?post=208107"},{"taxonomy":"post_tag","embeddable":true,"href":"https:\/\/www.manaus.am.gov.br\/semcom\/wp-json\/wp\/v2\/tags?post=208107"}],"curies":[{"name":"wp","href":"https:\/\/api.w.org\/{rel}","templated":true}]}}