{"id":208096,"date":"2023-01-26T11:55:37","date_gmt":"2023-01-26T14:55:37","guid":{"rendered":"https:\/\/www.manaus.am.gov.br\/semcom\/2023\/01\/26\/portaria-carnaval-de-rua\/"},"modified":"2023-01-26T12:13:01","modified_gmt":"2023-01-26T15:13:01","slug":"portaria-carnaval-de-rua","status":"publish","type":"post","link":"https:\/\/www.manaus.am.gov.br\/semcom\/portaria-carnaval-de-rua\/","title":{"rendered":"<strong>Prefeitura apresenta portaria conjunta para organizadores de bandas e blocos de Carnaval de rua<\/strong>"},"content":{"rendered":"\n<p>A Prefeitura de Manaus se reuniu na tarde desta quarta-feira, 25\/1, com representantes e organizadores de bandas e blocos de rua no audit\u00f3rio do Corpo de Bombeiros, localizado na zona Sul de Manaus. Na ocasi\u00e3o, as diretrizes da \u201cOpera\u00e7\u00e3o Integrada de Seguran\u00e7a\u201d para o Carnaval 2023 foram definidas pelos \u00f3rg\u00e3os municipal e estadual presentes.<\/p>\n\n\n\n<p>A reuni\u00e3o teve a participa\u00e7\u00e3o da Funda\u00e7\u00e3o Municipal de Cultura, Turismo e Eventos (Manauscult), Secretaria Municipal de Seguran\u00e7a P\u00fablica e Defesa Social (Semseg), Secretaria Estadual de Sa\u00fade (SES-AM), Pol\u00edcia Civil, Pol\u00edcia Militar, Departamento de Vigil\u00e2ncia Sanit\u00e1ria da Secretaria Municipal de Sa\u00fade (Semsa), Instituto Municipal de Mobilidade Urbana (IMMU), Departamento Estadual de Tr\u00e2nsito do Amazonas (Detran-AM) e C\u00e2mara Municipal de Manaus (CMM).&nbsp;<\/p>\n\n\n\n<p>\u201cA reuni\u00e3o foi bastante produtiva. A Manauscult est\u00e1 com o edital de Carnaval aberto prevendo at\u00e9 110 bandas e blocos de rua com palco, som, ilumina\u00e7\u00e3o e banheiros qu\u00edmicos. Dessas, 50 s\u00e3o de pequeno porte, 50 de m\u00e9dio porte e dez de grande porte\u201d, destacou o diretor de grandes eventos da Manauscult, Reginei Rodrigues.\u00a0<\/p>\n\n\n\n<p>Durante a reuni\u00e3o com o colegiado ficou definida a portaria conjunta municipal e estadual, para que os organizadores e representantes de bandas e blocos de rua possam ter acesso a todas as documenta\u00e7\u00f5es necess\u00e1rias para que tenham a autoriza\u00e7\u00e3o da realiza\u00e7\u00e3o dos eventos.&nbsp;<\/p>\n\n\n\n<p><strong>Prazos&nbsp;<\/strong><\/p>\n\n\n\n<p>A Chamada P\u00fablica n\u00b0 001\/2023 estabelece crit\u00e9rios \u00e0 concess\u00e3o de apoio para bandas, blocos e festas de rua, previstos para acontecerem nos meses de fevereiro e mar\u00e7o de 2023. O edital e seus anexos estar\u00e3o dispon\u00edveis na edi\u00e7\u00e3o 5507 do Di\u00e1rio Oficial do Munic\u00edpio (DOM).<\/p>\n\n\n\n<p>Ser\u00e3o ofertados servi\u00e7os de sonoriza\u00e7\u00e3o, ilumina\u00e7\u00e3o, palco, banheiros qu\u00edmicos e estruturas para at\u00e9 110 eventos.&nbsp;<\/p>\n\n\n\n<p>As propostas solicitando apoio aos eventos devem ser protocoladas na sede do \u00f3rg\u00e3o para avalia\u00e7\u00e3o, e que ser\u00e3o selecionadas \u00e0quelas que atendam os crit\u00e9rios obrigat\u00f3rios e, ainda, as que tiverem as maiores pontua\u00e7\u00f5es.<\/p>\n\n\n\n<p>Os interessados t\u00eam at\u00e9 as 17h do dia 27 para protocolar suas propostas e os documentos exigidos, no Protocolo da Manauscult, na avenida 7 de Setembro, 377, no Centro.<\/p>\n\n\n\n<p>Cada proponente dever\u00e1 apresentar somente uma proposta, composta pelos documentos exigidos no item 2 do edital, entre os quais est\u00e3o of\u00edcio, documentos de identifica\u00e7\u00e3o pessoal do respons\u00e1vel do evento, ficha de inscri\u00e7\u00e3o, portf\u00f3lio e proposta do evento com croqui.<\/p>\n\n\n\n<p>O resultado preliminar ser\u00e1 publicado no dia 31.<\/p>\n\n\n\n<p>&#8212; &#8212; &#8212;<\/p>\n\n\n\n<p><strong>Texto<\/strong>&nbsp;&#8211; Fl\u00e1via Moura \/ Manauscult&nbsp;<\/p>\n\n\n\n<p><strong>Fotos<\/strong>&nbsp;&#8211; Oliveira J\u00fanior \/ Manauscult<\/p>\n","protected":false},"excerpt":{"rendered":"","protected":false},"author":25,"featured_media":208097,"comment_status":"closed","ping_status":"closed","sticky":false,"template":"","format":"standard","meta":{"footnotes":""},"categories":[52],"tags":[98,99,100,77,101],"acf":[],"yoast_head":"<!-- This site is optimized with the Yoast SEO plugin v23.0 - https:\/\/yoast.com\/wordpress\/plugins\/seo\/ -->\n<title>Prefeitura apresenta portaria conjunta para organizadores de bandas e blocos de Carnaval de rua<\/title>\n<meta name=\"description\" content=\"A Prefeitura de Manaus se reuniu na tarde desta quarta-feira, 25\/1, com representantes e organizadores de bandas e blocos de rua\" \/>\n<meta name=\"robots\" content=\"index, follow, max-snippet:-1, max-image-preview:large, max-video-preview:-1\" \/>\n<link rel=\"canonical\" href=\"https:\/\/www.manaus.am.gov.br\/semcom\/portaria-carnaval-de-rua\/\" \/>\n<meta property=\"og:locale\" content=\"pt_BR\" \/>\n<meta property=\"og:type\" content=\"article\" \/>\n<meta property=\"og:title\" content=\"Prefeitura apresenta portaria conjunta para organizadores de bandas e blocos de Carnaval de rua\" \/>\n<meta property=\"og:description\" content=\"A Prefeitura de Manaus se reuniu na tarde desta quarta-feira, 25\/1, com representantes e organizadores de bandas e blocos de rua\" \/>\n<meta property=\"og:url\" content=\"https:\/\/www.manaus.am.gov.br\/semcom\/portaria-carnaval-de-rua\/\" \/>\n<meta property=\"og:site_name\" content=\"SEMCOM\" \/>\n<meta property=\"article:published_time\" content=\"2023-01-26T14:55:37+00:00\" \/>\n<meta property=\"article:modified_time\" content=\"2023-01-26T15:13:01+00:00\" \/>\n<meta property=\"og:image\" content=\"https:\/\/www.manaus.am.gov.br\/semcom\/wp-content\/uploads\/sites\/5\/2023\/01\/AAFF2F79-134E-43C0-AD89-2CDD388F84DE.jpeg\" \/>\n\t<meta property=\"og:image:width\" content=\"640\" \/>\n\t<meta property=\"og:image:height\" content=\"425\" \/>\n\t<meta property=\"og:image:type\" content=\"image\/jpeg\" \/>\n<meta name=\"author\" content=\"Maur\u00edcio Freire\" \/>\n<meta name=\"twitter:card\" content=\"summary_large_image\" \/>\n<meta name=\"twitter:label1\" content=\"Written by\" \/>\n\t<meta name=\"twitter:data1\" content=\"Maur\u00edcio Freire\" \/>\n\t<meta name=\"twitter:label2\" content=\"Est. reading time\" \/>\n\t<meta name=\"twitter:data2\" content=\"3 minutos\" \/>\n<script type=\"application\/ld+json\" class=\"yoast-schema-graph\">{\"@context\":\"https:\/\/schema.org\",\"@graph\":[{\"@type\":\"WebPage\",\"@id\":\"https:\/\/www.manaus.am.gov.br\/semcom\/portaria-carnaval-de-rua\/\",\"url\":\"https:\/\/www.manaus.am.gov.br\/semcom\/portaria-carnaval-de-rua\/\",\"name\":\"Prefeitura apresenta portaria conjunta para organizadores de bandas e blocos de Carnaval de rua\",\"isPartOf\":{\"@id\":\"https:\/\/www.manaus.am.gov.br\/semcom\/#website\"},\"primaryImageOfPage\":{\"@id\":\"https:\/\/www.manaus.am.gov.br\/semcom\/portaria-carnaval-de-rua\/#primaryimage\"},\"image\":{\"@id\":\"https:\/\/www.manaus.am.gov.br\/semcom\/portaria-carnaval-de-rua\/#primaryimage\"},\"thumbnailUrl\":\"https:\/\/www.manaus.am.gov.br\/semcom\/wp-content\/uploads\/sites\/5\/2023\/01\/AAFF2F79-134E-43C0-AD89-2CDD388F84DE.jpeg\",\"datePublished\":\"2023-01-26T14:55:37+00:00\",\"dateModified\":\"2023-01-26T15:13:01+00:00\",\"author\":{\"@id\":\"https:\/\/www.manaus.am.gov.br\/semcom\/#\/schema\/person\/587989a23a463cde5618e6a028977a9a\"},\"description\":\"A Prefeitura de Manaus se reuniu na tarde desta quarta-feira, 25\/1, com representantes e organizadores de bandas e blocos de rua\",\"inLanguage\":\"pt-BR\",\"potentialAction\":[{\"@type\":\"ReadAction\",\"target\":[\"https:\/\/www.manaus.am.gov.br\/semcom\/portaria-carnaval-de-rua\/\"]}]},{\"@type\":\"ImageObject\",\"inLanguage\":\"pt-BR\",\"@id\":\"https:\/\/www.manaus.am.gov.br\/semcom\/portaria-carnaval-de-rua\/#primaryimage\",\"url\":\"https:\/\/www.manaus.am.gov.br\/semcom\/wp-content\/uploads\/sites\/5\/2023\/01\/AAFF2F79-134E-43C0-AD89-2CDD388F84DE.jpeg\",\"contentUrl\":\"https:\/\/www.manaus.am.gov.br\/semcom\/wp-content\/uploads\/sites\/5\/2023\/01\/AAFF2F79-134E-43C0-AD89-2CDD388F84DE.jpeg\",\"width\":640,\"height\":425},{\"@type\":\"WebSite\",\"@id\":\"https:\/\/www.manaus.am.gov.br\/semcom\/#website\",\"url\":\"https:\/\/www.manaus.am.gov.br\/semcom\/\",\"name\":\"SEMCOM\",\"description\":\"Secretaria Municipal de Comunica\u00e7\u00e3o\",\"potentialAction\":[{\"@type\":\"SearchAction\",\"target\":{\"@type\":\"EntryPoint\",\"urlTemplate\":\"https:\/\/www.manaus.am.gov.br\/semcom\/?s={search_term_string}\"},\"query-input\":\"required name=search_term_string\"}],\"inLanguage\":\"pt-BR\"},{\"@type\":\"Person\",\"@id\":\"https:\/\/www.manaus.am.gov.br\/semcom\/#\/schema\/person\/587989a23a463cde5618e6a028977a9a\",\"name\":\"Maur\u00edcio Freire\",\"image\":{\"@type\":\"ImageObject\",\"inLanguage\":\"pt-BR\",\"@id\":\"https:\/\/www.manaus.am.gov.br\/semcom\/#\/schema\/person\/image\/\",\"url\":\"https:\/\/secure.gravatar.com\/avatar\/dc1481799a1f75c733ac3b2634cd6749?s=96&d=mm&r=g\",\"contentUrl\":\"https:\/\/secure.gravatar.com\/avatar\/dc1481799a1f75c733ac3b2634cd6749?s=96&d=mm&r=g\",\"caption\":\"Maur\u00edcio Freire\"}}]}<\/script>\n<!-- \/ Yoast SEO plugin. -->","yoast_head_json":{"title":"Prefeitura apresenta portaria conjunta para organizadores de bandas e blocos de Carnaval de rua","description":"A Prefeitura de Manaus se reuniu na tarde desta quarta-feira, 25\/1, com representantes e organizadores de bandas e blocos de rua","robots":{"index":"index","follow":"follow","max-snippet":"max-snippet:-1","max-image-preview":"max-image-preview:large","max-video-preview":"max-video-preview:-1"},"canonical":"https:\/\/www.manaus.am.gov.br\/semcom\/portaria-carnaval-de-rua\/","og_locale":"pt_BR","og_type":"article","og_title":"Prefeitura apresenta portaria conjunta para organizadores de bandas e blocos de Carnaval de rua","og_description":"A Prefeitura de Manaus se reuniu na tarde desta quarta-feira, 25\/1, com representantes e organizadores de bandas e blocos de rua","og_url":"https:\/\/www.manaus.am.gov.br\/semcom\/portaria-carnaval-de-rua\/","og_site_name":"SEMCOM","article_published_time":"2023-01-26T14:55:37+00:00","article_modified_time":"2023-01-26T15:13:01+00:00","og_image":[{"width":640,"height":425,"url":"https:\/\/www.manaus.am.gov.br\/semcom\/wp-content\/uploads\/sites\/5\/2023\/01\/AAFF2F79-134E-43C0-AD89-2CDD388F84DE.jpeg","type":"image\/jpeg"}],"author":"Maur\u00edcio Freire","twitter_card":"summary_large_image","twitter_misc":{"Written by":"Maur\u00edcio Freire","Est. reading time":"3 minutos"},"schema":{"@context":"https:\/\/schema.org","@graph":[{"@type":"WebPage","@id":"https:\/\/www.manaus.am.gov.br\/semcom\/portaria-carnaval-de-rua\/","url":"https:\/\/www.manaus.am.gov.br\/semcom\/portaria-carnaval-de-rua\/","name":"Prefeitura apresenta portaria conjunta para organizadores de bandas e blocos de Carnaval de rua","isPartOf":{"@id":"https:\/\/www.manaus.am.gov.br\/semcom\/#website"},"primaryImageOfPage":{"@id":"https:\/\/www.manaus.am.gov.br\/semcom\/portaria-carnaval-de-rua\/#primaryimage"},"image":{"@id":"https:\/\/www.manaus.am.gov.br\/semcom\/portaria-carnaval-de-rua\/#primaryimage"},"thumbnailUrl":"https:\/\/www.manaus.am.gov.br\/semcom\/wp-content\/uploads\/sites\/5\/2023\/01\/AAFF2F79-134E-43C0-AD89-2CDD388F84DE.jpeg","datePublished":"2023-01-26T14:55:37+00:00","dateModified":"2023-01-26T15:13:01+00:00","author":{"@id":"https:\/\/www.manaus.am.gov.br\/semcom\/#\/schema\/person\/587989a23a463cde5618e6a028977a9a"},"description":"A Prefeitura de Manaus se reuniu na tarde desta quarta-feira, 25\/1, com representantes e organizadores de bandas e blocos de rua","inLanguage":"pt-BR","potentialAction":[{"@type":"ReadAction","target":["https:\/\/www.manaus.am.gov.br\/semcom\/portaria-carnaval-de-rua\/"]}]},{"@type":"ImageObject","inLanguage":"pt-BR","@id":"https:\/\/www.manaus.am.gov.br\/semcom\/portaria-carnaval-de-rua\/#primaryimage","url":"https:\/\/www.manaus.am.gov.br\/semcom\/wp-content\/uploads\/sites\/5\/2023\/01\/AAFF2F79-134E-43C0-AD89-2CDD388F84DE.jpeg","contentUrl":"https:\/\/www.manaus.am.gov.br\/semcom\/wp-content\/uploads\/sites\/5\/2023\/01\/AAFF2F79-134E-43C0-AD89-2CDD388F84DE.jpeg","width":640,"height":425},{"@type":"WebSite","@id":"https:\/\/www.manaus.am.gov.br\/semcom\/#website","url":"https:\/\/www.manaus.am.gov.br\/semcom\/","name":"SEMCOM","description":"Secretaria Municipal de Comunica\u00e7\u00e3o","potentialAction":[{"@type":"SearchAction","target":{"@type":"EntryPoint","urlTemplate":"https:\/\/www.manaus.am.gov.br\/semcom\/?s={search_term_string}"},"query-input":"required name=search_term_string"}],"inLanguage":"pt-BR"},{"@type":"Person","@id":"https:\/\/www.manaus.am.gov.br\/semcom\/#\/schema\/person\/587989a23a463cde5618e6a028977a9a","name":"Maur\u00edcio Freire","image":{"@type":"ImageObject","inLanguage":"pt-BR","@id":"https:\/\/www.manaus.am.gov.br\/semcom\/#\/schema\/person\/image\/","url":"https:\/\/secure.gravatar.com\/avatar\/dc1481799a1f75c733ac3b2634cd6749?s=96&d=mm&r=g","contentUrl":"https:\/\/secure.gravatar.com\/avatar\/dc1481799a1f75c733ac3b2634cd6749?s=96&d=mm&r=g","caption":"Maur\u00edcio Freire"}}]}},"_links":{"self":[{"href":"https:\/\/www.manaus.am.gov.br\/semcom\/wp-json\/wp\/v2\/posts\/208096"}],"collection":[{"href":"https:\/\/www.manaus.am.gov.br\/semcom\/wp-json\/wp\/v2\/posts"}],"about":[{"href":"https:\/\/www.manaus.am.gov.br\/semcom\/wp-json\/wp\/v2\/types\/post"}],"author":[{"embeddable":true,"href":"https:\/\/www.manaus.am.gov.br\/semcom\/wp-json\/wp\/v2\/users\/25"}],"replies":[{"embeddable":true,"href":"https:\/\/www.manaus.am.gov.br\/semcom\/wp-json\/wp\/v2\/comments?post=208096"}],"version-history":[{"count":1,"href":"https:\/\/www.manaus.am.gov.br\/semcom\/wp-json\/wp\/v2\/posts\/208096\/revisions"}],"predecessor-version":[{"id":208098,"href":"https:\/\/www.manaus.am.gov.br\/semcom\/wp-json\/wp\/v2\/posts\/208096\/revisions\/208098"}],"wp:featuredmedia":[{"embeddable":true,"href":"https:\/\/www.manaus.am.gov.br\/semcom\/wp-json\/wp\/v2\/media\/208097"}],"wp:attachment":[{"href":"https:\/\/www.manaus.am.gov.br\/semcom\/wp-json\/wp\/v2\/media?parent=208096"}],"wp:term":[{"taxonomy":"category","embeddable":true,"href":"https:\/\/www.manaus.am.gov.br\/semcom\/wp-json\/wp\/v2\/categories?post=208096"},{"taxonomy":"post_tag","embeddable":true,"href":"https:\/\/www.manaus.am.gov.br\/semcom\/wp-json\/wp\/v2\/tags?post=208096"}],"curies":[{"name":"wp","href":"https:\/\/api.w.org\/{rel}","templated":true}]}}