{"id":208043,"date":"2023-01-25T14:16:57","date_gmt":"2023-01-25T17:16:57","guid":{"rendered":"https:\/\/www.manaus.am.gov.br\/semcom\/2023\/01\/25\/prefeito-david-almeida-lanca-novo-portal-de-servicos-do-municipio\/"},"modified":"2023-02-10T11:13:36","modified_gmt":"2023-02-10T14:13:36","slug":"prefeito-david-almeida-lanca-novo-portal-de-servicos-do-municipio","status":"publish","type":"post","link":"https:\/\/www.manaus.am.gov.br\/semcom\/prefeito-david-almeida-lanca-novo-portal-de-servicos-do-municipio\/","title":{"rendered":"Prefeito David Almeida lan\u00e7a novo portal de servi\u00e7os do munic\u00edpio"},"content":{"rendered":"\n<p>Focado na seguran\u00e7a e modernidade, o prefeito de Manaus, David Almeida, e o titular da Secretaria Municipal de Comunica\u00e7\u00e3o (Semcom), Israel Conte, lan\u00e7aram, nesta quarta-feira, 25\/1, o novo portal da Prefeitura de Manaus com todos os servi\u00e7os p\u00fablicos integrados, para a popula\u00e7\u00e3o em geral e servidores municipais. O lan\u00e7amento aconteceu no Casar\u00e3o da Inova\u00e7\u00e3o Cassina, no Centro, com a presen\u00e7a de secret\u00e1rios municipais e convidados da imprensa.<\/p>\n\n\n\n<p>Com uma plataforma responsiva e de f\u00e1cil acesso, o portal com endere\u00e7o&nbsp;<a href=\"http:\/\/www.manaus.am.gov.br\/\" target=\"_blank\" rel=\"noreferrer noopener\">www.manaus.am.gov.br<\/a>&nbsp;foi totalmente reformulado pela Semcom, e conta com uma ag\u00eancia de not\u00edcias, atualizada todos os dias, facilitando a divulga\u00e7\u00e3o das a\u00e7\u00f5es e servi\u00e7os que beneficiam a cidade.<\/p>\n\n\n\n<p>\u201cA prefeitura tinha mais de 50 sites e agora temos todos os servi\u00e7os em um s\u00f3 lugar. Isso \u00e9 mais uma a\u00e7\u00e3o que estamos fazendo para beneficiar a popula\u00e7\u00e3o e \u00e9 fruto do trabalho desenvolvido pela Semcom. Em todas as \u00e1reas n\u00f3s estamos buscando a reestrutura\u00e7\u00e3o e na comunica\u00e7\u00e3o n\u00e3o \u00e9 diferente. Manaus est\u00e1 em evid\u00eancia e a cada dia mais estamos trabalhando para que esse crescimento seja cont\u00ednuo\u201d, afirmou o prefeito David Almeida.<\/p>\n\n\n\n<p>O vice-prefeito de Manaus, Marcos Rotta, destacou que o lan\u00e7amento do novo portal faz a comunica\u00e7\u00e3o da prefeitura se tornar um elo mais forte entre a popula\u00e7\u00e3o e o poder p\u00fablico.<\/p>\n\n\n\n<p>\u201cTemos que cumprimentar toda a equipe de comunica\u00e7\u00e3o pelo ineditismo, que coloca a Prefeitura de Manaus na vanguarda da comunica\u00e7\u00e3o nacional. Antigamente as pessoas precisavam fazer uma peregrina\u00e7\u00e3o para buscar informa\u00e7\u00f5es e servi\u00e7os. Hoje n\u00f3s temos uma plataforma que concentra tudo isso para a popula\u00e7\u00e3o de Manaus\u201d, disse Rotta.<\/p>\n\n\n\n<p>De acordo com o secret\u00e1rio da Semcom, Israel Conte, j\u00e1 est\u00e3o dispon\u00edveis na nova plataforma os conte\u00fados das secretarias de Educa\u00e7\u00e3o (Semed), Finan\u00e7as e Tecnologia da Informa\u00e7\u00e3o (Semef), Sa\u00fade (Semsa) e do Centro de Coopera\u00e7\u00e3o da Cidade (CCC). As demais secretarias v\u00e3o ser inclu\u00eddas gradativamente.<\/p>\n\n\n\n<p>\u201cA determina\u00e7\u00e3o do prefeito David Almeida \u00e9 comunicar com transpar\u00eancia. Por isso, n\u00f3s estamos entregando aqui a primeira etapa de um portal mais moderno e seguro, para disponibilizar o melhor servi\u00e7o para a popula\u00e7\u00e3o. Por incr\u00edvel que pare\u00e7a, a Secretaria de Comunica\u00e7\u00e3o n\u00e3o tinha um portal exclusivo dela e agora estamos facilitando a divulga\u00e7\u00e3o das informa\u00e7\u00f5es para os \u00f3rg\u00e3os de imprensa\u201d, destacou Conte.<\/p>\n\n\n\n<p>O subsecret\u00e1rio da Semcom, Jack Serafim, ressaltou que o novo portal vai apresentar com mais facilidade os servi\u00e7os mais acessados pela pr\u00f3pria popula\u00e7\u00e3o. \u201cEssa nova tecnologia, que estamos adotando na prefeitura, faz os primeiros \u00edcones serem aqueles que s\u00e3o os mais buscados pelas pessoas. N\u00f3s estamos invertendo uma l\u00f3gica antiga, que era de usar o site da prefeitura para publicidade e promo\u00e7\u00e3o pessoal. Isso n\u00e3o vai mais acontecer, por determina\u00e7\u00e3o do prefeito. Estamos fazendo uma economia gigantesca, pois antes t\u00ednhamos 50 sites com necessidade de atualiza\u00e7\u00e3o e 50 processos de manuten\u00e7\u00e3o. Agora, com um \u00fanico site temos um processo de defesa melhor para todas as secretarias\u201d.<\/p>\n\n\n\n<p><strong>Servi\u00e7os<\/strong><\/p>\n\n\n\n<p>Um dos servi\u00e7os mais buscados pela popula\u00e7\u00e3o \u00e9 a procura de vagas na rede municipal de ensino. Com o novo portal o acesso est\u00e1 facilitado e a busca ser\u00e1 mais r\u00e1pida e segura. \u201cO portal da Semed estava defasado h\u00e1 15 anos e agora estamos vivendo algo novo. \u00c9 um momento maravilhoso para ser lan\u00e7ado, porque estamos retornando \u00e0s aulas e temos muita procura de vagas de creche e escolas. O prefeito David est\u00e1 mostrando que essa gest\u00e3o pensa de forma humanit\u00e1ria no cidad\u00e3o e nos servidores\u201d, afirmou a secret\u00e1ria da Semed, Dulce Almeida.<\/p>\n\n\n\n<p>O secret\u00e1rio da Semef, Cl\u00e9cio Freire, lembrou que os cidad\u00e3os podem ter acesso \u00e0s guias de pagamento do IPTU 2023, que ser\u00e1 lan\u00e7ado ainda neste m\u00eas de janeiro.<\/p>\n\n\n\n<p>\u201cEsse portal traz uma proposta inovadora, facilitando a comunica\u00e7\u00e3o da Semef com os contribuintes. Ainda em janeiro n\u00f3s estaremos lan\u00e7ando o IPTU 2023. Os contribuintes n\u00e3o precisam esperar o carn\u00ea chegar em casa, basta acessar o portal para baixar a guia e providenciar o pagamento em cota \u00fanica. Quem fizer isso, vai estar concorrendo a pr\u00eamios de autom\u00f3vel e dinheiro\u201d, disse o secret\u00e1rio.<\/p>\n\n\n\n<p><strong>Novidade<\/strong><\/p>\n\n\n\n<p>Al\u00e9m de disponibilizar diversos servi\u00e7os nas \u00e1reas de educa\u00e7\u00e3o, sa\u00fade, infraestrutura, finan\u00e7as, com alvar\u00e1 e IPTU, entre outros, o portal traz como uma das novidades o acesso \u00e0s c\u00e2meras de seguran\u00e7a do Centro de Coopera\u00e7\u00e3o da Cidade (CCC).<\/p>\n\n\n\n<p>\u201cO site da prefeitura \u00e9 um site de servi\u00e7os. Nada mais justo que mostrarmos ao cidad\u00e3o algumas c\u00e2meras em tempo real, que ser\u00e3o alternadas em locais diferentes de acordo com o tempo. Nosso objetivo \u00e9 facilitar a vida da popula\u00e7\u00e3o\u201d, pontuou Sandro Diz, superintendente do CCC.<\/p>\n\n\n\n<p><strong>&#8212; &#8212; &#8212;<\/strong><\/p>\n\n\n\n<p><strong>Texto<\/strong>&nbsp;&#8211; Asafe Augusto\/ Semcom<\/p>\n\n\n\n<p><strong>Fotos<\/strong>&nbsp;&#8211; Jo\u00e3o Viana e&nbsp;Dhyeizo Lemos \/ Semcom<\/p>\n\n\n\n<p><strong>Dispon\u00edveis em<\/strong>&nbsp;&#8211;&nbsp;<a href=\"https:\/\/flic.kr\/s\/aHBqjApypP\" target=\"_blank\" rel=\"noreferrer noopener\">https:\/\/flic.kr\/s\/aHBqjApypP<\/a><\/p>\n","protected":false},"excerpt":{"rendered":"","protected":false},"author":25,"featured_media":208046,"comment_status":"closed","ping_status":"closed","sticky":false,"template":"","format":"standard","meta":{"footnotes":""},"categories":[67],"tags":[68,35,69,70,71],"acf":[],"yoast_head":"<!-- This site is optimized with the Yoast SEO plugin v23.0 - https:\/\/yoast.com\/wordpress\/plugins\/seo\/ -->\n<title>Prefeito David Almeida lan\u00e7a novo portal de servi\u00e7os do munic\u00edpio<\/title>\n<meta name=\"description\" content=\"Focado na seguran\u00e7a e modernidade, o prefeito de Manaus, David Almeida, e o titular da Secretaria Municipal de Comunica\u00e7\u00e3o (Semcom), Israel\" \/>\n<meta name=\"robots\" content=\"index, follow, max-snippet:-1, max-image-preview:large, max-video-preview:-1\" \/>\n<link rel=\"canonical\" href=\"https:\/\/www.manaus.am.gov.br\/semcom\/prefeito-david-almeida-lanca-novo-portal-de-servicos-do-municipio\/\" \/>\n<meta property=\"og:locale\" content=\"pt_BR\" \/>\n<meta property=\"og:type\" content=\"article\" \/>\n<meta property=\"og:title\" content=\"Prefeito David Almeida lan\u00e7a novo portal de servi\u00e7os do munic\u00edpio\" \/>\n<meta property=\"og:description\" content=\"Focado na seguran\u00e7a e modernidade, o prefeito de Manaus, David Almeida, e o titular da Secretaria Municipal de Comunica\u00e7\u00e3o (Semcom), Israel\" \/>\n<meta property=\"og:url\" content=\"https:\/\/www.manaus.am.gov.br\/semcom\/prefeito-david-almeida-lanca-novo-portal-de-servicos-do-municipio\/\" \/>\n<meta property=\"og:site_name\" content=\"SEMCOM\" \/>\n<meta property=\"article:published_time\" content=\"2023-01-25T17:16:57+00:00\" \/>\n<meta property=\"article:modified_time\" content=\"2023-02-10T14:13:36+00:00\" \/>\n<meta property=\"og:image\" content=\"https:\/\/www.manaus.am.gov.br\/semcom\/wp-content\/uploads\/sites\/5\/2023\/01\/52648998993_71a287b0e2_k.jpg\" \/>\n\t<meta property=\"og:image:width\" content=\"2047\" \/>\n\t<meta property=\"og:image:height\" content=\"1365\" \/>\n\t<meta property=\"og:image:type\" content=\"image\/jpeg\" \/>\n<meta name=\"author\" content=\"Maur\u00edcio Freire\" \/>\n<meta name=\"twitter:card\" content=\"summary_large_image\" \/>\n<meta name=\"twitter:label1\" content=\"Written by\" \/>\n\t<meta name=\"twitter:data1\" content=\"Maur\u00edcio Freire\" \/>\n\t<meta name=\"twitter:label2\" content=\"Est. reading time\" \/>\n\t<meta name=\"twitter:data2\" content=\"5 minutos\" \/>\n<script type=\"application\/ld+json\" class=\"yoast-schema-graph\">{\"@context\":\"https:\/\/schema.org\",\"@graph\":[{\"@type\":\"WebPage\",\"@id\":\"https:\/\/www.manaus.am.gov.br\/semcom\/prefeito-david-almeida-lanca-novo-portal-de-servicos-do-municipio\/\",\"url\":\"https:\/\/www.manaus.am.gov.br\/semcom\/prefeito-david-almeida-lanca-novo-portal-de-servicos-do-municipio\/\",\"name\":\"Prefeito David Almeida lan\u00e7a novo portal de servi\u00e7os do munic\u00edpio\",\"isPartOf\":{\"@id\":\"https:\/\/www.manaus.am.gov.br\/semcom\/#website\"},\"primaryImageOfPage\":{\"@id\":\"https:\/\/www.manaus.am.gov.br\/semcom\/prefeito-david-almeida-lanca-novo-portal-de-servicos-do-municipio\/#primaryimage\"},\"image\":{\"@id\":\"https:\/\/www.manaus.am.gov.br\/semcom\/prefeito-david-almeida-lanca-novo-portal-de-servicos-do-municipio\/#primaryimage\"},\"thumbnailUrl\":\"https:\/\/www.manaus.am.gov.br\/semcom\/wp-content\/uploads\/sites\/5\/2023\/01\/52648998993_71a287b0e2_k.jpg\",\"datePublished\":\"2023-01-25T17:16:57+00:00\",\"dateModified\":\"2023-02-10T14:13:36+00:00\",\"author\":{\"@id\":\"https:\/\/www.manaus.am.gov.br\/semcom\/#\/schema\/person\/587989a23a463cde5618e6a028977a9a\"},\"description\":\"Focado na seguran\u00e7a e modernidade, o prefeito de Manaus, David Almeida, e o titular da Secretaria Municipal de Comunica\u00e7\u00e3o (Semcom), Israel\",\"inLanguage\":\"pt-BR\",\"potentialAction\":[{\"@type\":\"ReadAction\",\"target\":[\"https:\/\/www.manaus.am.gov.br\/semcom\/prefeito-david-almeida-lanca-novo-portal-de-servicos-do-municipio\/\"]}]},{\"@type\":\"ImageObject\",\"inLanguage\":\"pt-BR\",\"@id\":\"https:\/\/www.manaus.am.gov.br\/semcom\/prefeito-david-almeida-lanca-novo-portal-de-servicos-do-municipio\/#primaryimage\",\"url\":\"https:\/\/www.manaus.am.gov.br\/semcom\/wp-content\/uploads\/sites\/5\/2023\/01\/52648998993_71a287b0e2_k.jpg\",\"contentUrl\":\"https:\/\/www.manaus.am.gov.br\/semcom\/wp-content\/uploads\/sites\/5\/2023\/01\/52648998993_71a287b0e2_k.jpg\",\"width\":2047,\"height\":1365},{\"@type\":\"WebSite\",\"@id\":\"https:\/\/www.manaus.am.gov.br\/semcom\/#website\",\"url\":\"https:\/\/www.manaus.am.gov.br\/semcom\/\",\"name\":\"SEMCOM\",\"description\":\"Secretaria Municipal de Comunica\u00e7\u00e3o\",\"potentialAction\":[{\"@type\":\"SearchAction\",\"target\":{\"@type\":\"EntryPoint\",\"urlTemplate\":\"https:\/\/www.manaus.am.gov.br\/semcom\/?s={search_term_string}\"},\"query-input\":\"required name=search_term_string\"}],\"inLanguage\":\"pt-BR\"},{\"@type\":\"Person\",\"@id\":\"https:\/\/www.manaus.am.gov.br\/semcom\/#\/schema\/person\/587989a23a463cde5618e6a028977a9a\",\"name\":\"Maur\u00edcio Freire\",\"image\":{\"@type\":\"ImageObject\",\"inLanguage\":\"pt-BR\",\"@id\":\"https:\/\/www.manaus.am.gov.br\/semcom\/#\/schema\/person\/image\/\",\"url\":\"https:\/\/secure.gravatar.com\/avatar\/dc1481799a1f75c733ac3b2634cd6749?s=96&d=mm&r=g\",\"contentUrl\":\"https:\/\/secure.gravatar.com\/avatar\/dc1481799a1f75c733ac3b2634cd6749?s=96&d=mm&r=g\",\"caption\":\"Maur\u00edcio Freire\"}}]}<\/script>\n<!-- \/ Yoast SEO plugin. -->","yoast_head_json":{"title":"Prefeito David Almeida lan\u00e7a novo portal de servi\u00e7os do munic\u00edpio","description":"Focado na seguran\u00e7a e modernidade, o prefeito de Manaus, David Almeida, e o titular da Secretaria Municipal de Comunica\u00e7\u00e3o (Semcom), Israel","robots":{"index":"index","follow":"follow","max-snippet":"max-snippet:-1","max-image-preview":"max-image-preview:large","max-video-preview":"max-video-preview:-1"},"canonical":"https:\/\/www.manaus.am.gov.br\/semcom\/prefeito-david-almeida-lanca-novo-portal-de-servicos-do-municipio\/","og_locale":"pt_BR","og_type":"article","og_title":"Prefeito David Almeida lan\u00e7a novo portal de servi\u00e7os do munic\u00edpio","og_description":"Focado na seguran\u00e7a e modernidade, o prefeito de Manaus, David Almeida, e o titular da Secretaria Municipal de Comunica\u00e7\u00e3o (Semcom), Israel","og_url":"https:\/\/www.manaus.am.gov.br\/semcom\/prefeito-david-almeida-lanca-novo-portal-de-servicos-do-municipio\/","og_site_name":"SEMCOM","article_published_time":"2023-01-25T17:16:57+00:00","article_modified_time":"2023-02-10T14:13:36+00:00","og_image":[{"width":2047,"height":1365,"url":"https:\/\/www.manaus.am.gov.br\/semcom\/wp-content\/uploads\/sites\/5\/2023\/01\/52648998993_71a287b0e2_k.jpg","type":"image\/jpeg"}],"author":"Maur\u00edcio Freire","twitter_card":"summary_large_image","twitter_misc":{"Written by":"Maur\u00edcio Freire","Est. reading time":"5 minutos"},"schema":{"@context":"https:\/\/schema.org","@graph":[{"@type":"WebPage","@id":"https:\/\/www.manaus.am.gov.br\/semcom\/prefeito-david-almeida-lanca-novo-portal-de-servicos-do-municipio\/","url":"https:\/\/www.manaus.am.gov.br\/semcom\/prefeito-david-almeida-lanca-novo-portal-de-servicos-do-municipio\/","name":"Prefeito David Almeida lan\u00e7a novo portal de servi\u00e7os do munic\u00edpio","isPartOf":{"@id":"https:\/\/www.manaus.am.gov.br\/semcom\/#website"},"primaryImageOfPage":{"@id":"https:\/\/www.manaus.am.gov.br\/semcom\/prefeito-david-almeida-lanca-novo-portal-de-servicos-do-municipio\/#primaryimage"},"image":{"@id":"https:\/\/www.manaus.am.gov.br\/semcom\/prefeito-david-almeida-lanca-novo-portal-de-servicos-do-municipio\/#primaryimage"},"thumbnailUrl":"https:\/\/www.manaus.am.gov.br\/semcom\/wp-content\/uploads\/sites\/5\/2023\/01\/52648998993_71a287b0e2_k.jpg","datePublished":"2023-01-25T17:16:57+00:00","dateModified":"2023-02-10T14:13:36+00:00","author":{"@id":"https:\/\/www.manaus.am.gov.br\/semcom\/#\/schema\/person\/587989a23a463cde5618e6a028977a9a"},"description":"Focado na seguran\u00e7a e modernidade, o prefeito de Manaus, David Almeida, e o titular da Secretaria Municipal de Comunica\u00e7\u00e3o (Semcom), Israel","inLanguage":"pt-BR","potentialAction":[{"@type":"ReadAction","target":["https:\/\/www.manaus.am.gov.br\/semcom\/prefeito-david-almeida-lanca-novo-portal-de-servicos-do-municipio\/"]}]},{"@type":"ImageObject","inLanguage":"pt-BR","@id":"https:\/\/www.manaus.am.gov.br\/semcom\/prefeito-david-almeida-lanca-novo-portal-de-servicos-do-municipio\/#primaryimage","url":"https:\/\/www.manaus.am.gov.br\/semcom\/wp-content\/uploads\/sites\/5\/2023\/01\/52648998993_71a287b0e2_k.jpg","contentUrl":"https:\/\/www.manaus.am.gov.br\/semcom\/wp-content\/uploads\/sites\/5\/2023\/01\/52648998993_71a287b0e2_k.jpg","width":2047,"height":1365},{"@type":"WebSite","@id":"https:\/\/www.manaus.am.gov.br\/semcom\/#website","url":"https:\/\/www.manaus.am.gov.br\/semcom\/","name":"SEMCOM","description":"Secretaria Municipal de Comunica\u00e7\u00e3o","potentialAction":[{"@type":"SearchAction","target":{"@type":"EntryPoint","urlTemplate":"https:\/\/www.manaus.am.gov.br\/semcom\/?s={search_term_string}"},"query-input":"required name=search_term_string"}],"inLanguage":"pt-BR"},{"@type":"Person","@id":"https:\/\/www.manaus.am.gov.br\/semcom\/#\/schema\/person\/587989a23a463cde5618e6a028977a9a","name":"Maur\u00edcio Freire","image":{"@type":"ImageObject","inLanguage":"pt-BR","@id":"https:\/\/www.manaus.am.gov.br\/semcom\/#\/schema\/person\/image\/","url":"https:\/\/secure.gravatar.com\/avatar\/dc1481799a1f75c733ac3b2634cd6749?s=96&d=mm&r=g","contentUrl":"https:\/\/secure.gravatar.com\/avatar\/dc1481799a1f75c733ac3b2634cd6749?s=96&d=mm&r=g","caption":"Maur\u00edcio Freire"}}]}},"_links":{"self":[{"href":"https:\/\/www.manaus.am.gov.br\/semcom\/wp-json\/wp\/v2\/posts\/208043"}],"collection":[{"href":"https:\/\/www.manaus.am.gov.br\/semcom\/wp-json\/wp\/v2\/posts"}],"about":[{"href":"https:\/\/www.manaus.am.gov.br\/semcom\/wp-json\/wp\/v2\/types\/post"}],"author":[{"embeddable":true,"href":"https:\/\/www.manaus.am.gov.br\/semcom\/wp-json\/wp\/v2\/users\/25"}],"replies":[{"embeddable":true,"href":"https:\/\/www.manaus.am.gov.br\/semcom\/wp-json\/wp\/v2\/comments?post=208043"}],"version-history":[{"count":1,"href":"https:\/\/www.manaus.am.gov.br\/semcom\/wp-json\/wp\/v2\/posts\/208043\/revisions"}],"predecessor-version":[{"id":208045,"href":"https:\/\/www.manaus.am.gov.br\/semcom\/wp-json\/wp\/v2\/posts\/208043\/revisions\/208045"}],"wp:featuredmedia":[{"embeddable":true,"href":"https:\/\/www.manaus.am.gov.br\/semcom\/wp-json\/wp\/v2\/media\/208046"}],"wp:attachment":[{"href":"https:\/\/www.manaus.am.gov.br\/semcom\/wp-json\/wp\/v2\/media?parent=208043"}],"wp:term":[{"taxonomy":"category","embeddable":true,"href":"https:\/\/www.manaus.am.gov.br\/semcom\/wp-json\/wp\/v2\/categories?post=208043"},{"taxonomy":"post_tag","embeddable":true,"href":"https:\/\/www.manaus.am.gov.br\/semcom\/wp-json\/wp\/v2\/tags?post=208043"}],"curies":[{"name":"wp","href":"https:\/\/api.w.org\/{rel}","templated":true}]}}